{"id":7622,"date":"2010-10-25T00:00:00","date_gmt":"2006-11-06T00:00:00","guid":{"rendered":"https:\/\/intervius.com\/index.html\/?p=7622"},"modified":"2006-11-06T00:00:00","modified_gmt":"2006-11-06T00:00:00","slug":"Jose_Samano7622","status":"publish","type":"post","link":"https:\/\/intervius.com\/index.html\/Jose_Samano7622\/","title":{"rendered":"Jos\u00e9 S\u00e1mano"},"content":{"rendered":"<p>Pregunta.- Te pregunto por la opini\u00f3n que tienes sobre Khedira, nunca me fij\u00e9 en este jugador en el Mundial, y los primeros partidos me parecieron absolutamente desastrosos, s\u00f3lo daba pases sencillos de costado y sin movimiento, pero vi los dos \u00faltimos partidos de Alemania y me pareci\u00f3 otro jugador, m\u00e1s r\u00e1pido y \u00e1gil, con m\u00e1s juego y conducci\u00f3n. Todo quedo confirmado cuando lo observe en el gran partido que realiz\u00f3 con el M\u00e1laga, se desplego f\u00edsica, t\u00e9cnica y t\u00e1cticamente como un jugador de enorme proyecci<\/p>\n<p>Respuesta.- Buenas tardes a todos y gracias una semana m\u00e1s. Khedira me dio motivos durante el Mundial para fijarme en \u00e9l. Me pareci\u00f3 un llegador interesante con gran carrocer\u00eda f\u00edsica. Dir\u00eda que un Javi Mart\u00ednez. En la Alemania de L\u00f6w se intercalaba muy bien el papel con Schweinsteiger y en el Madrid le ha costado m\u00e1s saber su rol al lado de Xabi Alonso. El crecimiento del equipo le ha hecho un favor y, aunque debe sincronizarse mejor, me parece que est\u00e1 muy por encima de los dos Diarra y de Gago.<\/p>\n<p>P.- Que le parece que los medios de comunicaci\u00f3n deportiva de Catalunya repitan la frase que el madrid compite con la cartera mientras el Barca compite con la cantera. Sobre todo si se tiene en cuenta que el Barcelona fue el club que a\u00f1os atras tambi\u00e9n a golpe de talonario compr\u00f3 a jugadores como Rivaldo, Kluivert, Koeman, Petit, Overmars, Romario, etc, parece que ahora que tienen una buena etapa en su cantera olvidan aquellas temporadas de compras de craks. Saludos desde Guatemala. <\/p>\n<p>R.- Un saludo para los guatemaltecos. La frase obedece a la era Guardiola, en la que la productividad de la cantera ha sido primordial, en tiempos de sequ\u00eda en el Madrid. Es cierto que en el pasado ha sido la inversa (recuerde la Quinta del Buitre, por ejemplo, frente a un Bar\u00e7a siempre en el rastrillo de turno). Es cuesti\u00f3n de ciclos.<\/p>\n<p>P.- Hola, Sr S\u00e1mano. Por favor, podr\u00eda decirnos, por separado, qu\u00e9 opini\u00f3n le merecen sus colegas Santi Segurola y Ram\u00f3n Trecet?<\/p>\n<p>R.- Encantado. Con Santi he tenido la inmensa fortuna de trabajar y aprender junto a \u00e9l y, adem\u00e1s, gozo de su amistad desde hace muchos a\u00f1os. Por tanto, vaya por delante que no soy objetivo, pero me parece una referencia ineludible del periodismo espa\u00f1ol (no solo el deportivo), alguien capaz de crear un modelo dir\u00eda que &#8220;antisistema&#8221;. No tengo el placer de haber trabajado con Trecet, pero le tengo una gran admiraci\u00f3n desde hace muchos a\u00f1os, me parece alguien al que apasiona de verdad su trabajo y que bajo ese eco estruendoso que desprende hay muchos conocimientos. Otro referente. <\/p>\n<p>P.- buenas tardes don jose, no le parece que cada vez es mas complicado jugar en el barcelona si haber pasado por la masia, incluso villa parece mediocre.<\/p>\n<p>R.- El Bar\u00e7a es una sinf\u00f3nica y haber pasado por la cantera ayuda mucho. Pero no tengo dudas sobre Villa, salvo descifrar qu\u00e9 meiga le ha puesto en la diana:\u00a1Lleva ocho remates al poste, entre partidos con el Bar\u00e7a y la selecci\u00f3n este a\u00f1o!<\/p>\n<p>P.- Nunca le ponen en las listas de los grandes, pero pocos futbolistas me han resultado tan agradables de ver como dennis bergkamp \u00bfD\u00f3nde hubiese llegado sin fobia a volar?<\/p>\n<p>R.- Me encandilaba tanto como a usted, pero me parec\u00eda demasiado delicado para estos asuntos del f\u00fatbol. Me quedo con su versi\u00f3n del Arsenal, donde encontr\u00f3 un sal\u00f3n de estar.<\/p>\n<p>P.- Hola buenas, \u00bfA que escuder\u00eda le son favorables los \u00faltimos dos cirtuitos del mundial de F\u00f3rmula 1? Muchas gracias.<\/p>\n<p>R.- No soy un experto en F-1, pero me parece que m\u00e1s que a una escuder\u00eda, los circuitos que restan son favorables a Alonso, que ya se proclam\u00f3 alguna vez campe\u00f3n en Brasil. Si Ferrari, lo que dudo, no se enreda y comete alguna inesperada negligencia, creo que en Corea el asturiano no solo ha pillado el liderato, sino que ha desmoralizado a sus adversarios de Red Bull.<\/p>\n<p>P.- Sobre Racing y Zaragoza:Toda la temporada ensayando el mismo equipo y sistema, y contra los \u00fanicos frente a los que no deber\u00edas hacer experimentos, los hacen.\u00bfpor qu\u00e9? 5 defensas, embotellar al rival, defender a 40 metros del \u00e1rea contra delanteros rapid\u00edsimos y fenomenales pasadores&#8230; \u00bfMejor perder dignamente con tus armas a que te metan 6 travistiendo al equipo o 2 pudi\u00e9ndote meter otros 6? Yo lo prefiero<\/p>\n<p>R.- No se puede decir mejor. El caso del Racing a\u00fan me parece m\u00e1s sangrante. Le\u00ed una entrevista a Portugal d\u00edas antes hablando de cu\u00e1nto le gusta el f\u00fatbol de toque. Llega a Madrid, se arruga de mala manera, sus defensas parecen haberse conocido en el autob\u00fas, le meten seis y se larga tan campante. Ser\u00e1 de los que piensen que esa no es su Liga, pero habr\u00eda que recordarle que el Racing es una instituci\u00f3n con muchas, muchas d\u00e9cadas de vuelo y que sus aficionados no merecen un castigo semejante, otra cosa es que el equipo pierda con dignidad ante todo un Real Madrid. En cuanto al Zaragoza, me parece que desde su \u00faltimo descenso, con una gran plantilla por cierto, ha perdido naturalidad y ahora es un club sin br\u00fajula.<\/p>\n<p>P.- \u00bfExistir\u00e1 alguna posibilidad de hacer hueco en la cuadratura del c\u00edrculo a Kak\u00e1 cuando se recupere de la lesi\u00f3n viendo el resultado de los cuatro magn\u00edficos?<\/p>\n<p>R.- Kak\u00e1, basti\u00f3n del florentinismo m\u00e1s genuino, tendr\u00e1 un v\u00eda crucis por delante. \u00d6zil es un presente brillante; Canales, un futuro inmediato.<\/p>\n<p>P.- En la charla de la semana pasada, adem\u00e1s de no contestar nada a la pregunta 1, una frase tuya, &#8220;A veces a los periodistas les resulta imposible ejercer de polic\u00edas.&#8221; , me inquiet\u00f3 much\u00edsimo. Nadie piensa que los periodistas daban ejercer de polic\u00edas. \u00bfPodr\u00eda aclar\u00e1rnoslo y adem\u00e1s por qu\u00e9 no dices, &#8220;A los periodistas nos resulta imposible&#8230;..&#8221; . \u00bfEres period\u00edsta o no?<\/p>\n<p>R.- Lamento no haber contestado a esa pregunto a la que alude y no recuerdo. Tenga en cuenta que entran muchas y el tiempo no es ilimitado, intento hacer la mejor selecci\u00f3n posible. Dicho lo cual, me refer\u00eda a que donde no llega la polic\u00eda es dif\u00edcil que lo hagamos los periodistas a trav\u00e9s de una investigaci\u00f3n individual, m\u00e1xime cuando pienso que en este pa\u00eds el dopaje a\u00fan no se toma tan en serio como se debiera. <\/p>\n<p>P.- \u00bfCree usted que Sandro Rosell hizo lo que debia al votar en blanco en la Asamblea de Compromisarios? Yo personalmente creo que hizo bien al no decantarse por ninguna opci\u00f3n y ser neutral, ademas expuso claramente las r\u00e1zones para votar Si o NO<\/p>\n<p>R.- Para m\u00ed tir\u00f3 la piedra y escondi\u00f3 la mano. Fue Pilatos y no midi\u00f3 el coste que pueda tener para la instituci\u00f3n. Si tantas pruebas tiene deb\u00eda acudir de inmediato a los tribunales, no provocar una fractura entre los compromisarios. <\/p>\n<p>P.- Buenas tardes Jos\u00e9. Mi pregunta es por el Real Zaragoza. Estos \u00faltimos a\u00f1os el club pasa por una situaci\u00f3n cr\u00edtica y est\u00e1 al borde de la desaparici\u00f3n. No hay dinero para fichar y el club no se parece en nada a lo que ha sido a lo largo de sus casi 80 a\u00f1os de historia. \u00bfQu\u00e9 soluciones y medidas cree que deber\u00eda tomar el club para seguir existiendo?<\/p>\n<p>R.- Bucear en b\u00fasqueda de chicos como Ander Herrera y olvidarse de ese mercado secundario al que ha acudido, casos de Sinama, Contini, Lanzaro, etc&#8230; En su caso, el club necesita fortalecer lazos y la historia reciente recuerda que se fue a segunda con Diego Milito, Aimar, Ayala, Zapater, C\u00e9sar, Dalessandro, Oliveira&#8230;<\/p>\n<p>P.- \u00bf Qu\u00e9 noticia deportiva le ha impactado m\u00e1s este fin de semana?<\/p>\n<p>R.- Sin duda, el desplome de Miguel Garc\u00eda, el chico del Salamanca. Afortunadamente funcionaron los protocolos. El pasaso reciente (Feher, Puerta, Jarque, De la Red, Sergio S\u00e1nchez)&#8230;<\/p>\n<p>P.- Hola Jos\u00e9, \u00bfa qui\u00e9n le van a dar el bal\u00f3n de oro, a Xavi por crear un estilo, a Iker por su trayectoria, a Iniesta por su magia o a Sneider por los t\u00edtulos ganados? muchas gracias por estas entrevistas.<\/p>\n<p>R.- No tengo ni idea de a qui\u00e9n se lo dar\u00e1n. Si yo votara: 1. Xavi, 2. Iker, 3. Messi.<\/p>\n<p>P.- Jos\u00e9, explicanos la forma de jugar del Moudrid, \u00bfque grandes diferencias hay con el Barcelona? \u00bfal no abusar de la posesi\u00f3n gana m\u00e1s en verticalidad? o es que simplemente los jugadores son muy buenos y est\u00e1n en gracia?<\/p>\n<p>R.- El Madrid se ha convertido en un equipo huracanado, pero no de esos a los que les puede el v\u00e9rtigo. Juega a una velocidad superior a la de cualquiera, pero que sus jugadores dominan a la perfecci\u00f3n. Adem\u00e1s, es un grupo muy, pero que muy solidario. Defiende en todo el campo y mete el turbo con una voracidad extraordinaria. En el Bar\u00e7a el gui\u00f3n se mantiene, pero luce menos porque Villa est\u00e1 temporalmente gripado, Xavi lastimado y a Pedro, por ejemplo, se le ha parado el reloj. Dicho esto, que nadie olvide que ha tenido el mejor arranque de su historia fuera del Camp Nou y que ha ganado en campos tan complicados como San Mam\u00e9s y el Calder\u00f3n. Y, desde luego, este a\u00f1o parece que el Real Madrid a\u00fan le exigir\u00e1 m\u00e1s, porque, adem\u00e1s de discutirle en la clasificaci\u00f3n, parece que el equipo de Mourinho podr\u00eda debatir tambi\u00e9n sobre el estilo de juego. Diferentes, desde luego, pero ambos atractivos.<\/p>\n<p>P.- \u00bfComo valoras la aportaci\u00f3n de Jos\u00e9 Francisco Molina a la posici\u00f3n de portero en los a\u00f1os 90 y primeros del siglo xxi\u00bf<\/p>\n<p>R.- Un adelantado (nunca mejor dicho) a su tiempo. Un gran portero y un buen tipo, serio, recto, atento a las vanguardias. Un porterazo que conoc\u00eda mejor que la mayor\u00eda su oficio y supo sacar provecho de estrategias avanzadas. Frente a \u00e9l, a la mayor\u00eda de delanteros las porter\u00edas les resultaban cajas de cerillas.<\/p>\n<p>P.- Hoy Carlos Arribas carga contra algunos estamentos de la UCI, por la desorganizaci\u00f3n que precisamente impera en ciertos aspectos de esta organizaci\u00f3n. Pero, pese a errores como el de Pellizoti, solo un 2% de ciclistas pasa a ser sospechoso. \u00bfEs el pasaporte biol\u00f3gico la soluci\u00f3n? Mi creencia es que s\u00ed. \u00bfQu\u00e9 piensa usted, Pepe? Un abrazo<\/p>\n<p>R.- El pasaporte siempre me pareci\u00f3 un avance que podr\u00eda resultar eficaz, pero me temo que bajo el manto de estos rectores de la UCI, un exceso de tolerancia en algunos sectores y con los vicios que perduran en el pelot\u00f3n, al ciclismo se le auguran a\u00f1os en el fango. No logro entender por qu\u00e9 enrevesados intereses no hay una trasparente y firme posici\u00f3n com\u00fan, un arrepentimiento general y una correcci\u00f3n inmediata de tan malos h\u00e1bitos. <\/p>\n<p>P.- Creo que ning\u00fan delantero centro va a funcionar en el Bar\u00e7a como lo hizo (y a\u00fan lo har\u00eda) Etoo. \u00bfGrave error de Guardiola?<\/p>\n<p>R.- &#8230; O gran acierto con Messi, que se ha destapado desde la positiza posici\u00f3n de ariete como goleador sublime que admite comparaci\u00f3n con los m\u00e1s grandes. \u00c9l es el gran goleador del Bar\u00e7a y los dem\u00e1s deben adaptarse. Como dije en otra respuesta, por ahora lo de Villa solo me parece mal fario y su contribuci\u00f3n al juego es infinitamente superior a la mostrada por Ibrahimovic la pasada temporada.<\/p>\n<p>P.- Hoy juegan la Real Sociedad y el Deportivo de la Coru\u00f1a. \u00bfC\u00f3mo ves a la real despu\u00e9s de su ascenso desde Segunda?<\/p>\n<p>R.- La Real me encant\u00f3 en su derrota con el Madrid, me pareci\u00f3 un equipo entregado, s\u00f3lido y con despuntes interesantes de Zurrutuza y algunos de Griezman. Luego se ha desinflado un poco y ya sabe que si no pone la misma energ\u00eda tambi\u00e9n ante los de su cuerda lo pasar\u00e1 muy mal. <\/p>\n<p>P.- Jos\u00e9, suger\u00ed que el Barsa podr\u00eda estar agotando su modelo futbol\u00edstico, y ofreciste s\u00f3lidos argumentos en contra. Ahora, reordeno las ideas y te cuento mi percepci\u00f3n: p\u00e9rdida del entusiasmo en la cancha; preocupaci\u00f3n, que no concentraci\u00f3n; accionar de alto nivel en destellos y mucho juego mecanizado, casi de aburrimiento. Si fuese sic\u00f3logo, dir\u00eda que estan enfermos del alma. \u00bfEstaremos viendo un distanciamiento entre Guardiola y sus hombres o acaso s\u00f3lo es un virus temporal?<\/p>\n<p>R.- Su an\u00e1lisis merece mucho detenimiento, pero hasta llegar al diagn\u00f3stico final creo que hay que esperar a que regrese Xavi y Villa recupere el cent\u00edmetro que le estrella ante los postes. Pedro no es, por ahora, el del curso pasado, a Mascherano se le espera y Thiago puede explotar cualquier d\u00eda. Hay que dar algo m\u00e1s de tiempo a un equipo al que hasta la fecha nunca le falt\u00f3 el alma. La saturaci\u00f3n de muchos de sus futbolistas requiere que los que llegan por detr\u00e1s les den aire.<\/p>\n<p>P.- Ayer vi algo grav\u00edsimo en el Villareal-Atletico de Madrid, se ve clarisimo en la TV que el arbitro ve el penalty al Kun y pita el descanso. Cosas como esta adulteran la competici\u00f3n. La liga ser\u00e1 cosa de dos por decreto&#8230; \u00bfNo pierde cr\u00e9dito la competici\u00f3n con estas cosas?<\/p>\n<p>R.- Nunca he cre\u00eddo ni creer\u00e9 en las conspiraciones arbitrales, sino en que algunos son malos, muy malos \u00e1rbitros y lo peor es que muchas veces cuando les azota la conciencia haber cometido un posible error a\u00fan se equivocan m\u00e1s. Lo del Kun me pareci\u00f3 penalti, como tantos otros que esta jornada o la siguiente no pitar\u00e1n. Pero nada me ha parecido m\u00e1s grave esta jornada que un se\u00f1or apellidado Miranda Torres prolongara el partido de Salamanca seis o siete minutos con un jugador infartado en el hospital y un 0-3 en el marcador. \u00a1\u00a1\u00a1Incre\u00edble!!!!! Por mucho que \u00e9l puede apelar al dichoso reglamento. Mal vamos si en esta vida para algunos un reglamento deportivo est\u00e1 por encima de todo, absolutamente todo.<\/p>\n<p>P.- Hola Jos\u00e9. Esta liga no va a ser aburrida, pero \u00bfno crees que los que ten\u00edan que dar juego se est\u00e1n descolgando demasiado pronto? Gracias y salud a todos.<\/p>\n<p>R.- Si no resiste el Villarreal, entra en barrena el Valencia y no espabila el Atl\u00e9tico&#8230; Pese a la distancia sideral con el Bar\u00e7a y el Madrid lo que me disgusta son las actitudes de algunos equipos cuando se miden a ellos con una derrota de antemano y sin ruborizarse: Racing, Zaragoza, Osasuna y Deportivo en el Bernab\u00e9u&#8230;<\/p>\n<p>P.- Buenas tardes S\u00e1mano!!! \u00bfVe mejor al Real Madrid que al Barcelona a largo plazo? \u00bfCree que Di Mar\u00eda apunta a crack o ya es un crack? \u00bfQu\u00e9 opciones de titular tendr\u00eda Fernando Llorente en este Madrid? Muchas gracias y un saludo.<\/p>\n<p>R.- A Di Mar\u00eda le veo con un inmenso potencial, se ha ganado a la grada de Chamart\u00edn y tiene todo el amparo de Morrinho. Eso s\u00ed, frente al Milan me pareci\u00f3 algo atormentado. Tiene gran talento y su entrega es conmovedora. Hay que ver hasta d\u00f3nde le da el dep\u00f3sito. Llorente me seduce en casi todo, pero no le veo por delante de Higua\u00edn en este Madrid que juega como un ferrari.<\/p>\n<p>P.- Buenas Jos\u00e9. El a\u00f1o pasado se crucific\u00f3 a Pellegrini por lo de Alcorc\u00f3n. Este a\u00f1o Mourinho ya se ha encargado de dejar claro que si pasa algo, ser\u00e1 culpa de los jugadores (ser\u00e1n ellos los crucificados ha dicho). \u00bfNo te parece tener una jeta incre\u00edble?<\/p>\n<p>R.- Siento discrepar. Creo que esta vez, Mou ha lanzado un aviso para evitar males mayores como los de Alcorc\u00f3n. Su ambici\u00f3n le precede y el Madrid no puede permitirse otro patinazo semejante.<\/p>\n","protected":false},"excerpt":{"rendered":"<p>El redactor Jefe de Deportes de EL PA\u00cdS, Jos\u00e9 S\u00e1mano, ha charlado con los lectores sobre la jornada de Liga, as\u00ed como del resto de la actualidad deportiva.<br \/>\n ARCHIVO DE ENTREVISTAS:<br \/>\n &#8211; 18 de octubre<br \/>\n &#8211; 4 de octubre<br \/>\n &#8211; 27 de septiembre &#8211; 20 de septiembre<br \/>\n&#8211; 13 de septiembre &#8211; 30 de agosto<\/p>\n","protected":false},"author":1,"featured_media":0,"comment_status":"open","ping_status":"open","sticky":false,"template":"","format":"standard","meta":{"footnotes":""},"categories":[],"tags":[],"class_list":["post-7622","post","type-post","status-publish","format-standard","hentry"],"_links":{"self":[{"href":"https:\/\/intervius.com\/index.html\/wp-json\/wp\/v2\/posts\/7622","targetHints":{"allow":["GET"]}}],"collection":[{"href":"https:\/\/intervius.com\/index.html\/wp-json\/wp\/v2\/posts"}],"about":[{"href":"https:\/\/intervius.com\/index.html\/wp-json\/wp\/v2\/types\/post"}],"author":[{"embeddable":true,"href":"https:\/\/intervius.com\/index.html\/wp-json\/wp\/v2\/users\/1"}],"replies":[{"embeddable":true,"href":"https:\/\/intervius.com\/index.html\/wp-json\/wp\/v2\/comments?post=7622"}],"version-history":[{"count":0,"href":"https:\/\/intervius.com\/index.html\/wp-json\/wp\/v2\/posts\/7622\/revisions"}],"wp:attachment":[{"href":"https:\/\/intervius.com\/index.html\/wp-json\/wp\/v2\/media?parent=7622"}],"wp:term":[{"taxonomy":"category","embeddable":true,"href":"https:\/\/intervius.com\/index.html\/wp-json\/wp\/v2\/categories?post=7622"},{"taxonomy":"post_tag","embeddable":true,"href":"https:\/\/intervius.com\/index.html\/wp-json\/wp\/v2\/tags?post=7622"}],"curies":[{"name":"wp","href":"https:\/\/api.w.org\/{rel}","templated":true}]}}