{"id":7612,"date":"2010-10-20T00:00:00","date_gmt":"2006-11-06T00:00:00","guid":{"rendered":"https:\/\/intervius.com\/index.html\/?p=7612"},"modified":"2006-11-06T00:00:00","modified_gmt":"2006-11-06T00:00:00","slug":"Luis_Aizpeolea_y_Anabel_Diez7612","status":"publish","type":"post","link":"https:\/\/intervius.com\/index.html\/Luis_Aizpeolea_y_Anabel_Diez7612\/","title":{"rendered":"Luis Aizpeolea y Anabel D\u00edez"},"content":{"rendered":"<p>Pregunta.- \u00bfC\u00f3mo interpret\u00e1is la salida de Leire Paj\u00edn de la secretar\u00eda de Organizaci\u00f3n (no tan sorprendente) y que su sucesor sea Marcelino Iglesias (sorpresa, al menos para m\u00ed)?<\/p>\n<p>Respuesta.- Luis Rodr\u00edguez Aizpeolea: Zapatero ha sacado a Paj\u00edn de la secretar\u00eda de Organizaci\u00f3n del PSOE porque se estaba quemando y la ha rescatado con un ministerio de gesti\u00f3n como Sanidad y Asuntos Sociales. Paj\u00edn demostr\u00f3 ser buena gestora en la primera legislatura como secreatria de Estado de Cooperaci\u00f3n. Iglesias es un hombre de confianza de Zapatero, que ha mostrado capacidad de entendemiento pol\u00edtico en las tres legislaturas como presidente de Arag\u00f3n. <\/p>\n<p>P.- Queridos Luis y Anabel; \u00bfRealmente cre\u00e9is que con esta crisis de Gobierno se podr\u00e1 frenar la ca\u00edda de voto? Y para Luis m\u00e1s concretamente: \u00bfEs posible de verdad un escenario de final de ETA con un Gobierno como este con un corto recorrido de legislatura?<\/p>\n<p>R.- L. R. A: Habr\u00e1 que verlo. Pero puede ser porque, al menos, va a suscitar el entusiasmo en las filas socialistas y la recuperaci\u00f3n de la sinton\u00eda con un sector del electorado que ped\u00eda un cambio de Gobierno con la presencia de pesos pesados. Este a\u00f1o y medio van a pasar cosas muy importantes en el Pa\u00eds Vasco, en la direcci\u00f3n del final de ETA. No me atrevo a decir que vamos a ver el final del todo, pero s\u00ed creo que en este a\u00f1o y medio va a quedar muy perfilado. <\/p>\n<p>P.- Tras su ascenso, \u00bfse perfila Rubalcaba como candidato del PSOE a las pr\u00f3ximas elecciones?<\/p>\n<p>R.- L. R. A: Es evidente que es el hombre fuerte de este Gobierno. Pero para ser el candidato, antes tendr\u00e1 que decir Zapatero que no se quiere presentar, y eso va a depender de c\u00f3mo pintan las cosas de aqu\u00ed a las elecciones municipales de mayo. Si Zapatero no se presentara, es evidente que Rubalcaba tiene muchos boletos. <\/p>\n<p>P.- \u00bfEs cierto que algunos ministros se han enterado en directo de sus &#8220;despidos&#8221;? \u00bfSi es cierto, cu\u00e1l es vuestra opini\u00f3n al respecto?<\/p>\n<p>R.- L. R. A: Se enteraron ayer por la noche. Al mismo tiempo que los nombrados. Zapatero siempre hace las remodelaciones de ese modo, con muy poca antelaci\u00f3n. <\/p>\n<p>P.- Hola. \u00bfPor qu\u00e9 creen que se ha mantenido la vicepresidencia tercera? Gracias.<\/p>\n<p>R.- L. R. A: Porque Zapatero valora a Manuel Chaves. Ha desempe\u00f1ado un papel muy importante en la negociaci\u00f3n de los Presupuestos. Lo ha desempe\u00f1ado tambi\u00e9n en la reforma laboral, y su experiencia le resulta muy \u00fatil a Zapatero. Por cierto, le ha dado m\u00e1s competencias al a\u00f1adir a su funci\u00f3n de Pol\u00edtica Territorial la Funci\u00f3n P\u00fablica. <\/p>\n<p>P.- Para Luis Aizpeolea \u00bfEl reforzamiento de Rubalcaba y la entrada de J\u00e1uregui tienen mucho que ver con los nuevos tiempos que se avecinan en Euskadi? <\/p>\n<p>R.- L. R. A: Es un factor que cuenta. Estamos en la etapa terminal de ETA y Zapatero ha sabido rodearse de dos aut\u00e9nticos expertos en la materia. Rublacaba ya estaba en Interior, pero ahora est\u00e1 reforzado, y J\u00e1uregui aportar\u00e1 unos matices pol\u00edticos muy necesarios en la nueva etapa por la que va a entrar Euskadi. <\/p>\n<p>P.- \u00bfNo piensan ustedes que J\u00e1uregui viene a ayudar a la consolidaci\u00f3n del pacto con el PNV y a controlar la gesti\u00f3n de los delegados del Gobierno? \u00bfQu\u00e9 hay tras este movimiento?<\/p>\n<p>R.- L. R. A: No. El control de los delegados del Gobierno corresponde a Chaves. J\u00e1uregui coordinar\u00e1 el Consejo de Ministros, la relaci\u00f3n del Gobierno con el Parlamento, y aportar\u00e1 a Zapatero su visi\u00f3n de Euskadi en un momento clave. <\/p>\n<p>P.- \u00bfPor qu\u00e9 cre\u00e9is que Pepe Bono se ha quedado fuera de la remodelaci\u00f3n? \u00bfYa no pinta nada?<\/p>\n<p>R.- L. R. A: Bono tuvo su momento en el Gobierno como ministro de Defensa y se fue por discrepancias. Zapatero le ofreci\u00f3 un cargo institucional, la presidencia del Congreso, pero en clave interna pinta poco. <\/p>\n<p>P.- Las palabras medidas de Zapatero diciendo que la izquierda abertzale ha dado pasos insuficientes pero que se tendr\u00e1n en cuenta, \u00bfqu\u00e9 significan? \u00bfQu\u00e9 m\u00e1s tienen que hacer Batasuna o ETA para que d\u00e9 un paso el Gobierno? Sinceramente, que digan el abandono total es pol\u00edtica ficci\u00f3n, \u00bfque ocurrir\u00e1 si ETA declara una tregua permanente y verificable?<\/p>\n<p>R.- L. R. A: Me parece interesante su observaci\u00f3n. Zapatero hoy ha dado un paso m\u00e1s en el reconocimiento del esfuerzo que est\u00e1 haciendo la izquierda abertzale porque acabe la violencia de ETA. Si ETA da ese paso, el Gobierno tendr\u00e1 que matizar su discurso y adaptarlo a la nueva situaci\u00f3n. Creo que Zapatero lo har\u00e1. Ah\u00ed puede desempe\u00f1ar un papel J\u00e1uregui, y el propio Rubalcaba. <\/p>\n<p>P.- \u00bfCreen que la salida de la se\u00f1ora De la Vega sea para salvaguardarla, como dicen, en clave sucesoria?<\/p>\n<p>R.- L. R. A. La se\u00f1ora de la Vega ya ha cumplido su papel. Se va al Consejo de Estado. No est\u00e1 en clave sucesoria. Tuvo una buena primera legislatura. Pero en esta segunda su papel como portavoz y coordinadora del Gobierno hab\u00eda quedado muy devaluado.<\/p>\n<p>P.- \u00bfY Garmendia? Que pr\u00e1cticamente anunci\u00f3 su salida&#8230;<\/p>\n<p>R.- Anabel D\u00edez: La verdad es que nunca fue cierto que Cristina Garmendia quisiera abandonar el Gobierno. Fue una especie que corri\u00f3, sin fundamento.<\/p>\n<p>P.- \u00bfCreen que el se\u00f1or Zapatero es consciente de que si se presenta a la reelecci\u00f3n el fiasco estar\u00e1 servido y que la \u00fanica forma de tratar de evitarlo es con otro candidato a la presidencia?<\/p>\n<p>R.- A.D: Yo creo que a\u00fan no hay respuesta a la clave de la sucesi\u00f3n. Primero, con Rubalcaba y J\u00e1uregui se quiere dar un impulso al Gobierno, que ahora est\u00e1 14 puntos por debajo del PP. Despu\u00e9s, si los sondeos indican que Zapatero levanta un rechazo rotundo, \u00e9l mismo facilitar\u00e1 la sucesi\u00f3n. Puede ser Rubalcaba o no.<\/p>\n<p>P.- \u00bfCu\u00e1l es vuestra quiniela para suceder a Zapatero acorde con este cambio de Gobierno? (Si \u00e9l no se presentase)<\/p>\n<p>R.- A. D: Como he dicho en otra pregunta anterior, primero Zapatero quiere salir del hoyo y, despu\u00e9s, ya ver\u00e1 si se presenta \u00e9l mismo. Ahora bien, si decidiera no presentarse, Rubalcaba est\u00e1 muy bien situado. <\/p>\n<p>P.- \u00bfC\u00f3mo valor\u00e1is la falta de paridad del nuevo Gobierno? <\/p>\n<p>R.- A. D: Se ve que la crisis econ\u00f3mica se lleva por delante promesas y algunos principios. Mal que la paridad haya sucumbido y mal que el Ministerio de Igualdad pase a ser Secretar\u00eda del Estado.<\/p>\n<p>P.- Hola, Luis y Anabel: \u00bfNo os parece esta remodelaci\u00f3n del Gobierno un haraquiri de cara a las pr\u00f3ximas elecciones generales? Han ca\u00eddo las dos \u00faltimas caras que ven\u00edan de la primera etapa &#8220;social&#8221; de ZP. Tenemos una nueva ministra de Exteriores, defenestrada en la Comunidad de Madrid, un ministro de Trabajo que estaba en contra de la reforma laboral el 29-S, y Rosa Aguilar, cuya tendencia de izquierdas se va perdiendo d\u00eda a d\u00eda.<\/p>\n<p>R.- A. D: Carlos, visto as\u00ed como lo expones podr\u00eda darte la raz\u00f3n, pero creo que hay algunos matices. El Gobierno est\u00e1 electoralmente a 14 puntos del PP y Zapatero ha querido poner en el tim\u00f3n a personas muy experimentadas que han demostrado tener una coraza impermeable a las situaciones de crisis. Estos son Rubalcaba y J\u00e1uregui. La pol\u00edtica social est\u00e1 entre par\u00e9ntesis por los recortes y, por tanto, las personas que la encarnaban han salido. Por otra parte, Trinidad Jim\u00e9nez ha perdido frente a Tom\u00e1s G\u00f3mez, pero los ciudadanos la mantienen en muy buena consideraci\u00f3n.<\/p>\n<p>P.- \u00bfC\u00f3mo afectar\u00e1 a la reforma laboral la entrada de Valeriano G\u00f3mez, quien se manifest\u00f3 en contra de esta hace tan solo un mes? \u00bfRectificar\u00e1 su posici\u00f3n ante esta reforma el se\u00f1or G\u00f3mez o ser\u00e1 el Gobierno quien suavice la suya? Gracias<\/p>\n<p>R.- A. D: La reforma laboral sigue su curso porque incluso cuando se hizo la huelga ya estaba aprobada en el Parlamento. Ahora hay que desarrollarla: varios reglamentos y 15 encomiendas. En este terreno es en el que Valeriano G\u00f3mez tiene que demostrar sus dotes dialogantes ya que ese desarrollo lo quiere hacer con los sindicatos. Es verdad que aspectos importantes no se cambiar\u00e1n, como las causas de despido, pero s\u00ed la negociaci\u00f3n colectiva y otros asuntos no menores. Valeriano G\u00f3mez va a ser la cara dialogante y el ministro que ponga en primer plano las pol\u00edticas activas para crear empleo.<\/p>\n<p>P.- Todo indica que Moratinos ha sido el gran perdedor en esta remodelaci\u00f3n. \u00bfConsideran que ha sido una v\u00edctima colateral de la &#8220;promoci\u00f3n&#8221; de Jim\u00e9nez o hay otros motivos? \u00bfD\u00f3nde lo colocan en el futuro? <\/p>\n<p>R.- A. D: Bueno, Miguel \u00c1ngel Moratinos lleva seis a\u00f1os y medio en el Gobierno y alcanza el r\u00e9cord de permanencia de un ministro de Exteriores. No hay razones de fondo para quitarle salvo que Zapatero quer\u00eda hacer ministra a Leire Paj\u00edn y Sanidad e Igualdad le parec\u00edan los m\u00e1s id\u00f3neos. Claro, no quer\u00eda dejar fuera a Trinidad Jim\u00e9nez, quien, por otra parte, toda su vida ha estado vinculada a la pol\u00edtica internacional, y los expertos coinciden en que hizo una buena gesti\u00f3n en la Secretar\u00eda de Estado para Iberoam\u00e9rica. Pero s\u00ed, Moratinos ha ca\u00eddo por causas ajenas a su gesti\u00f3n.<\/p>\n<p>P.- Educaci\u00f3n y Cultura son dos ministerios que no cambian. La acci\u00f3n de sus titulares (Gabilondo y Sinde) es m\u00e1s bien gris y desapercibida. \u00bfNo creen que tambi\u00e9n tocaba imprimir un nuevo impulso y nuevas caras, sobre todo a Educaci\u00f3n? <\/p>\n<p>R.- A. D: Creo que hay una diferencia evidente entre Educaci\u00f3n y Cultura. El ministro Gabilondo lo est\u00e1 haciendo bien, seg\u00fan todos los actores educativos. Sus esfuerzos por hacer un pacto con el PP por la educaci\u00f3n fracasaron porque los populares, finalmente, no quisieron sellar nada por escrito. Ahora bien, todo el material acumulado en la negociaci\u00f3n de meses se va a incorporar a trav\u00e9s de reglamentos. Es decir, no hay foto de acuerdos en educaci\u00f3n, pero el trabajo de Gabilondo ah\u00ed queda. <\/p>\n<p>P.- \u00bfEs posible que el PSOE remonte en solo un a\u00f1o y medio la actual situaci\u00f3n en las encuestas? \u00bfEsta remodelaci\u00f3n va en la l\u00ednea correcta para iniciar esa remontada?<\/p>\n<p>R.- A. D: En el PSOE dicen que con este cambio se afronta mucho mejor &#8220;la segunda parte del partido&#8221;, y aunque a\u00fan lo est\u00e1n perdiendo creen que es posible remontar. <\/p>\n<p>P.- Que el nuevo secretario de Organizaci\u00f3n socialista sea un experto en pilotar sucesiones (presidi\u00f3 el congreso del PSOE que eligi\u00f3 a Zapatero)&#8230; \u00bfquiere decir algo? <\/p>\n<p>R.- A. D: Yo creo que es una casualidad. Marcelino Iglesias ten\u00eda previsto dedicarse a la pol\u00edtica nacional a partir de mayo, pero Zapatero le ha pedido que se encargue del partido. <\/p>\n","protected":false},"excerpt":{"rendered":"<p>El presidente Zapatero ha realizado una profunda remodelaci\u00f3n de Gobierno: Alfredo P\u00e9rez Rubalcaba es el nuevo hombre fuerte, y entran en el Ejecutivo Ram\u00f3n J\u00e1uregui (Presidencia), Valeriano G\u00f3mez (Trabajo), Leire Paj\u00edn (Sanidad) y Rosa Aguilar (Medio ambiente), novedades. Los periodistas de EL PA\u00cdS Luis Aizpeolea y Anabel D\u00edez han charlado con los lectores sobre estos cambios y han analizado sus consecuencias pol\u00edticas.<br \/>\nFoto: Gorka Lejarcegi<\/p>\n","protected":false},"author":1,"featured_media":0,"comment_status":"open","ping_status":"open","sticky":false,"template":"","format":"standard","meta":{"footnotes":""},"categories":[],"tags":[],"class_list":["post-7612","post","type-post","status-publish","format-standard","hentry"],"_links":{"self":[{"href":"https:\/\/intervius.com\/index.html\/wp-json\/wp\/v2\/posts\/7612","targetHints":{"allow":["GET"]}}],"collection":[{"href":"https:\/\/intervius.com\/index.html\/wp-json\/wp\/v2\/posts"}],"about":[{"href":"https:\/\/intervius.com\/index.html\/wp-json\/wp\/v2\/types\/post"}],"author":[{"embeddable":true,"href":"https:\/\/intervius.com\/index.html\/wp-json\/wp\/v2\/users\/1"}],"replies":[{"embeddable":true,"href":"https:\/\/intervius.com\/index.html\/wp-json\/wp\/v2\/comments?post=7612"}],"version-history":[{"count":0,"href":"https:\/\/intervius.com\/index.html\/wp-json\/wp\/v2\/posts\/7612\/revisions"}],"wp:attachment":[{"href":"https:\/\/intervius.com\/index.html\/wp-json\/wp\/v2\/media?parent=7612"}],"wp:term":[{"taxonomy":"category","embeddable":true,"href":"https:\/\/intervius.com\/index.html\/wp-json\/wp\/v2\/categories?post=7612"},{"taxonomy":"post_tag","embeddable":true,"href":"https:\/\/intervius.com\/index.html\/wp-json\/wp\/v2\/tags?post=7612"}],"curies":[{"name":"wp","href":"https:\/\/api.w.org\/{rel}","templated":true}]}}