{"id":7599,"date":"2009-06-02T00:00:00","date_gmt":"2006-11-06T00:00:00","guid":{"rendered":"https:\/\/intervius.com\/index.html\/?p=7599"},"modified":"2006-11-06T00:00:00","modified_gmt":"2006-11-06T00:00:00","slug":"Luis_de_Grandes7599","status":"publish","type":"post","link":"https:\/\/intervius.com\/index.html\/Luis_de_Grandes7599\/","title":{"rendered":"Luis de Grandes"},"content":{"rendered":"<p>Pregunta.- \u00bfQu\u00e9 Europa quiere su partido?<\/p>\n<p>Respuesta.- Hola Nuria. Gracias por tu pregunta. Nosotros queremos una Europa pr\u00f3spera, libre y cohesionada. Nuestro proyecto para conseguirlo pasa por la apuesta por una mayor integraci\u00f3n europea, que gire en torno a las personas y a garantizar su bienestar social, una Europa comprometida con nuestros agricultores, ganaderos y pescadores, que sea solidaria y que impulse pol\u00edticas de seguridad, justicia e inmigraci\u00f3n al servicio de la libertad y la convivencia de los europeos.<\/p>\n<p>P.- Buenos d\u00edas se\u00f1or de Grandes. Me gustar\u00eda saber cual es la postura de su partido en el tema de la Pol\u00edtica Agraria Comun Europea, y en concreto sobre las subvenciones a los agricultores y ganaderos europeos. <\/p>\n<p>R.- Hola Alex. Abogamos por el mantenimiento de una PAC fuerte, mas all\u00e1 del 2013. Rechazaremos cualquier intento de renacionalizaci\u00f3n de esta pol\u00edtica y nos opondremos a toda pretensi\u00f3n de cofinanciaci\u00f3n de las ayudas directas. Es necesario garantizar que los fondos destinados al sector no sufran recortes. Si al desarrollo rural pero no a costa de los fondos para los agricultores.<\/p>\n<p>P.- \u00bfQu\u00e9 le dir\u00eda usted a una joven que ha decidido no votar porque se ha casando de escuchar reproches y ninguna propuesta en todo lo que llevamos de campa\u00f1a?<\/p>\n<p>R.- Sinceramente no se trata de nuestro caso. Hemos procurado rendir cuentas de lo que hemos hecho en Europa, como es l\u00f3gico hemos valorado la actuaci\u00f3n de unos y otros, y entre ello la mala gesti\u00f3n del gobierno Zapatero, que ha negociado con debilidad y hemos perdido una ingente cantidad de fondos, pero a su vez hemos presentado y estamos defendiendo un programa concreto para que en el marco europeo se puedan defender los intereses espa\u00f1oles.<\/p>\n<p>P.- Buenos d\u00edas, se\u00f1or De Grandes \u00bfQu\u00e9 piensa un pol\u00edtico cuando se aprueba con un 42% de los votos una Constitucion Europea? \u00bfno le parece un fracaso? \u00bfqu\u00e9 est\u00e1n haciendo mal para que esto ocurra?<\/p>\n<p>R.- Todos tenemos responsabilidad en el desconocimiento de Europa. Los pol\u00edticos primero, pero los medios de comunicaci\u00f3n tambi\u00e9n. La democracia es un r\u00e9gimen de opini\u00f3n p\u00fablica y si los medios ponen un muro de silencio por una supuesta falta de inter\u00e9s es dif\u00edcil que los espa\u00f1oles accedan al conocimiento de las cosas que les afectan en unos d\u00edas de campa\u00f1a. Hay que trabajar m\u00e1s por parte de todos en los momentos en los que no hay confrontaci\u00f3n y difundir responsablemente todo lo que nos jugamos en Europa.<\/p>\n<p>P.- El Parlamento Europeo tiene una importante labor legislativa, que influye en un 80% en la legislaci\u00f3n nacional. Es, por tanto, el \u00f3rgano legislativo m\u00e1s importante, m\u00e1s a\u00fan que los Parlamento nacionales o auton\u00f3micos. \u00bfPor qu\u00e9 entonces, la campa\u00f1a se desarrolla a un nivel nacional?\u00bfPor qu\u00e9 no se ha escuchado ninguna propuesta europea?<\/p>\n<p>R.- No es nuestro caso, creo. El PP presenta un programa extenso y detallado con propuestas concretas que pasan por soluciones de \u00e1mbito europeo, nacionales y regionales. Por el contrario no hemos encontrado la misma actitud en el partido socialista, que se ha limitado a publicar un manifiesto lleno de generalidades y sin ning\u00fan compromiso. Parece que no quiere salirse de un gui\u00f3n com\u00fan del Partido Socialismo Europeo.<\/p>\n<p>P.- \u00bfVolver\u00e1 el PP en el Parlamento Europeo a votar en contra de regular los para\u00edsos fiscales y el secreto bancario? <\/p>\n<p>R.- No hemos votado en contra de eso. Estamos en contra de los para\u00edsos fiscales y reclamamos transparencia y un mercado interior en el que sea posible la competitividad.<\/p>\n<p>P.- Buenos d\u00edas: \u00bfcree que los matrimonios entre personas del mismo sexo podr\u00edan tener en europa una directiva com\u00fan para garantizar sus derechos en todos los paises de la Uni\u00f3n?. Gracias<\/p>\n<p>R.- Grcias por tu pregunta Fran. El derecho civil no es competencia comunitaria y constituye un error intentar trasladar las responsabilidades nacionales a temas que tenemos que afrontar cada Estado desde su singularidad en el marco de su ordenamiento jur\u00eddico propio.<\/p>\n<p>P.- Hola, me gustar\u00eda saber su opini\u00f3n sobre los ultimos acontecimientos en torno a la distribuci\u00f3n de archivos entre usuarios (P2P) que han ocurrido en Europa y que pueden suponer una p\u00e9rdida total de derechos por parte de los usuarios. Tambi\u00e9n querr\u00eda conocer sii tienen como objetivo modificar la ley de Propiedad Intelectual, eliminando el abusivo el canon de la SGAE que existe sobre los soportes fisicos. Muchas gracias<\/p>\n<p>R.- Europa est\u00e1 en pleno debate sobre este asunto. Nuestra postura es en contra del canon digital y en contra de que por ley se corte el acceso a la red de quienes hagan descargas de contenidos protegidos por copyright. Creemos que es necesario un amplio debate con todos los implicados -creadores, usuarios, operadores, proveedores de servicios, etc\u00e9tera- para fijar un nuevo marco que sea respetado por todos.<\/p>\n<p>P.- Buenos d\u00edas, se\u00f1or De Grandes, \u00bfCu\u00e1l va ser la pol\u00edtica del Partido Popular en el Parlamento Europeo con respecto a las constantes violaciones de los Derechos Humanos que comete Marruecos contra la poblaci\u00f3n civil sahara en el Sahara Occidental? y \u00bfCu\u00e1l ser\u00e1 la posutura de su partido en cuanto al conflicto de Sahara Occidental? <\/p>\n<p>R.- Buenos d\u00edas. Desde el Parlamento Europeo seguimos muy de cerca lo que pasa en el Sahara Occidental. Es m\u00e1s, en esta legislatura hemos enviado dos delegaciones a esa zona, una de ellas, por primera vez, autorizada por Marruecos y que presidi\u00f3 mi colega Carlos Iturg\u00e1iz. Vamos a seguir encima de este asunto para que se resuelva el contencioso conforme a las directrices marcadas en la ONU.<\/p>\n<p>P.- Hola, me gustar\u00eda qu\u00e9 opina de la Agenda de Lisboa y si cree que Zapatero est\u00e1 cumpliendo con esos objetivos<\/p>\n<p>R.- Hola Arturo. A la vista est\u00e1 y basta que mires el \u00faltimo informe de la Comisi\u00f3n Europea, que Espa\u00f1a no ha cumplido ninguno de los supuestos de la Agenda de Lisboa, ni en empleo, ni en competitividad. Tampoco hubi\u00e9ramos cumplido los objetivos aunque no hubiera habido crisis. La presidencia sueca, que comienza el 1 de julio, va a comenzar a hacer nuevas propuestas para ver la manera de lograr esos objetivos. <\/p>\n<p>P.- \u00bfCu\u00e1l es su opinion sobre el absentismo previsto para los proximos comicios? \u00bfno cree que hay una falta de conocimiento de la poblaci\u00f3n espanola sobre la UE y la importancia e incidencia que la misma posee sobre tantos aspectos de nuestra vida?<\/p>\n<p>R.- Hola Elisa. Creo que ya he respondido a un par de preguntas parecidas. El 90 por ciento de lo que hacemos cada d\u00eda est\u00e1 regulado de una manera u otra desde Bruselas, no s\u00f3lo el euro con el que pagas el metro o el autob\u00fas para ir a trabajar sino el tama\u00f1o del envase de la leche que te pones en el desayuno o la calidad de la misma. A veces son tantas las cosas que se deciden en Bruselas que, de hecho, la Comisi\u00f3n Europea debe justificar en cada caso el por qu\u00e9 hace falta una propuesta en concreto antes de presentar su contenido.<\/p>\n<p>P.- \u00bfQu\u00e9 cree que pasar\u00eda si Izquierda Internacionalista tuviese representaci\u00f3n en el parlamento europeo? \u00bfSer\u00eda Democr\u00e1tico?<\/p>\n<p>R.- Hola Ines. Ser\u00eda democr\u00e1tico pero ser\u00eda la vuelta de ETA al Parlamento Europeo y ser\u00eda la vuelta de una posici\u00f3n no democr\u00e1tica a un parlamento democr\u00e1tico. Los parlamentos deben albergar todo tipo de posici\u00f3n pol\u00edtica siempre que no haya opciones que usan la violencia y la extorsi\u00f3n como medio de acci\u00f3n pol\u00edtica. Eso no debe tener sitio en un \u00e1mbito democr\u00e1tico.<\/p>\n<p>P.- \u00bfPor qu\u00e9 su partido est\u00e1 a favor del ingreso de Turqu\u00eda en la UE? \u00bfNo cree que los argumentos de la CDU alemana, compa\u00f1era de grupo parlamentario, son de peso?<\/p>\n<p>R.- Nosotros hemos estado en una posici\u00f3n favorable, como Espa\u00f1a en su conjunto y en ello coincidimos socialistas y populares. Creemos que Turqu\u00eda merece una atenci\u00f3n y una respuesta al papel innegablemente positivo que ha tenido con su presencia en la OTAN y a su deseo inequ\u00edvoco de formar parte de la UE. En cualquier caso, en lo personal, me atrevo a emitir un juicio favorable a la reflexi\u00f3n franco-alemana en orden a que seguramente una relaci\u00f3n privilegiada pudiera ser para Turqu\u00eda m\u00e1s favorable que una espera &#8220;sine die&#8221; que nadie sabe si va ser posible culminar. <\/p>\n<p>P.- Buenos d\u00edas. Me gustar\u00eda saber si se negociar\u00e1 el salario m\u00ednimo interporfesional a niveles europeos. Gracias<\/p>\n<p>R.- Ni se puede ni se debe, eso es competencia de cada pa\u00eds en el \u00e1mbito de la subsidiariedad.<\/p>\n<p>P.- Hola buenos dias Luis. \u00bfConsiderar\u00eda un fracaso si no ganan estas elecciones? y, por otro lado, \u00bfc\u00f3mo interpretar\u00eda una victoria electoral en los mismos comicios? Muchas gracias y un saludo desde Valencia. <\/p>\n<p>R.- Hola Javier. No espero el fracaso, espero el \u00e9xito sin perjuicio de entender que estas elecciones tienen un valor en si mismas y me gustar\u00eda que fueran un toque de atenci\u00f3n a la pol\u00edtica de Zapatero para que cambie un rumbo que esta resultando muy negativo para todos los espa\u00f1oles.<\/p>\n<p>P.- Buenos, d\u00edas, mi pregunta es qu\u00e9 propuestas tomar\u00eda su partido con el Plan Bolonia en la educaci\u00f3n. \u00bfEst\u00e1n a favor o en contra?<\/p>\n<p>R.- Hola Ivan. Estamos a favor, creemos que el plan Bolonia adolece de un defecto que critican y comparten mucha gente joven: falta de transparencia en relaci\u00f3n con el alcance y consecuencias del mismo. Yo le aseguro que una educaci\u00f3n homologada para todos los europeos presenta un futuro infinitamente mejor y m\u00e1s ambicioso para cualquier joven. En el mundo actual es inevitable la movilidad y los conocimientos incluidos los idiomas deben ser un bagaje capaz de que uno pueda ser capaz de trabajar en cualquier lado de la Uni\u00f3n.<\/p>\n<p>P.- Hola, buenos d\u00edas. \u00bfCu\u00e1l es la postura del Partido Popular ante el Tratado de Lisboa? \u00bfNo es cierto que, de aprobarse, Espa\u00f1a perder\u00eda representaci\u00f3n en el Consejo? Muchas gracias por su tiempo. <\/p>\n<p>R.- Hola Eduardo. Es sabido que en el Tratado de Niza, negociado por Aznar, elegimos tener m\u00e1s peso en el Consejo. Lisboa debe devolvernos mayor peso en el Parlamento Europeo. Estamos a favor de ambos.<\/p>\n<p>P.- \u00bfPor qu\u00e9 se critica el uso de un avion para asistir a actos de partido y no el uso de coches oficiales y escoltas para asistir a los mismos cargos? \u00bfCu\u00e1l es el gasto &#8220;\u00e9tico&#8221; en euros, seg\u00fan el PP, para poder justificar el uso de un coche oficial y no el de un avi\u00f3n Falcon?<\/p>\n<p>R.- La cuant\u00eda del coste de un avii\u00f3n Falcon casi no conviene ni decirla para que los espa\u00f1oles no se asusten del nivel de dispendio que significa utilizar este medio para un fin privado. Ojala hubiera utilizado el Falcon el se\u00f1or Zapatero para acudir a la cumbre del Empleo de Paraga en la que perdi\u00f3 por no comparecencia. <\/p>\n<p>P.- \u00bfAceptar\u00eda su partido una ley del aborto en la que se tenga obligaci\u00f3n de informar a los padres de las menores de 18 acerca de la situaci\u00f3n aunque la decisi\u00f3n final fuera de la mujer si tiene 16 o m\u00e1s a\u00f1os? \u00bfQu\u00e9 postura sobre esta cuesti\u00f3n van a defender en Europa?<\/p>\n<p>R.- Esta propuesta de la posibilidad de abortar a una ni\u00f1a de 16 a\u00f1os sin permiso paterno es, por un lado, rechazada por una gran mayor\u00eda de espa\u00f1oles y, de otro lado, es una artima\u00f1a para, dej\u00e1ndola caer en su momento, mantener la propuesta en su conjunto. Nuestra posici\u00f3n es la de aceptar la vigente ley que considera el aborto un delito con la excepci\u00f3n de tres supuestos. Esta ley qued\u00f3 as\u00ed despu\u00e9s de pasar por el Tribunal Constitucional y creemos que no es necesario su modificaci\u00f3n. El PSOE esta proponiendo un proyecto de ley que no comprometi\u00f3 en su programa electoral y adem\u00e1s cambia lo que es un delito para configurarlo como un derecho, lo que a nuestro juicio es inaceptable.<\/p>\n","protected":false},"excerpt":{"rendered":"<p>Despu\u00e9s de ser uno de los diputados m\u00e1s veteranos del Congreso, Luis de Grandes se encuentra ahora en plena campa\u00f1a electoral europea. El europarlamentario concurre como n\u00famero 2 en la lista del PP al Parlamento de Bruselas. De Grandes ha charlado con los lectores sobre los comicios del 7 de junio. <\/p>\n","protected":false},"author":1,"featured_media":0,"comment_status":"open","ping_status":"open","sticky":false,"template":"","format":"standard","meta":{"footnotes":""},"categories":[],"tags":[],"class_list":["post-7599","post","type-post","status-publish","format-standard","hentry"],"_links":{"self":[{"href":"https:\/\/intervius.com\/index.html\/wp-json\/wp\/v2\/posts\/7599","targetHints":{"allow":["GET"]}}],"collection":[{"href":"https:\/\/intervius.com\/index.html\/wp-json\/wp\/v2\/posts"}],"about":[{"href":"https:\/\/intervius.com\/index.html\/wp-json\/wp\/v2\/types\/post"}],"author":[{"embeddable":true,"href":"https:\/\/intervius.com\/index.html\/wp-json\/wp\/v2\/users\/1"}],"replies":[{"embeddable":true,"href":"https:\/\/intervius.com\/index.html\/wp-json\/wp\/v2\/comments?post=7599"}],"version-history":[{"count":0,"href":"https:\/\/intervius.com\/index.html\/wp-json\/wp\/v2\/posts\/7599\/revisions"}],"wp:attachment":[{"href":"https:\/\/intervius.com\/index.html\/wp-json\/wp\/v2\/media?parent=7599"}],"wp:term":[{"taxonomy":"category","embeddable":true,"href":"https:\/\/intervius.com\/index.html\/wp-json\/wp\/v2\/categories?post=7599"},{"taxonomy":"post_tag","embeddable":true,"href":"https:\/\/intervius.com\/index.html\/wp-json\/wp\/v2\/tags?post=7599"}],"curies":[{"name":"wp","href":"https:\/\/api.w.org\/{rel}","templated":true}]}}