{"id":7571,"date":"2010-10-11T00:00:00","date_gmt":"2006-11-06T00:00:00","guid":{"rendered":"https:\/\/intervius.com\/index.html\/?p=7571"},"modified":"2006-11-06T00:00:00","modified_gmt":"2006-11-06T00:00:00","slug":"Juan_Mora7571","status":"publish","type":"post","link":"https:\/\/intervius.com\/index.html\/Juan_Mora7571\/","title":{"rendered":"Juan Mora"},"content":{"rendered":"<p>Pregunta.- Hola buenos d\u00edas, despu\u00e9s de lo conocido estos d\u00edas \u00bfSe sigue creyendo la historia del solomillo para 8? Un saludo<\/p>\n<p>Respuesta.- Lo de creer o no creer es cuesti\u00f3n personal de cada uno y, por tanto, carece de importancia en un asunto tan trascendental como \u00e9ste. Lo importante es que en el an\u00e1lisis de Contador se ha detectado clembuterol. Cuantas cosas se han contado despu\u00e9s son meras hip\u00f3tesis para explicar su presencia. \u00c9l dice que fue debido a la carne. El problema es que lo tiene que demostrar, porque su presunci\u00f3n de inocencia no existe al haber dado positivo al clembuterol.<\/p>\n<p>P.- Fant\u00e1sticos los 3 t\u00edtulos en motociclismo. \u00a1Enhorabuena! Pero ahora&#8230; \u00bfalguien nos cuenta qu\u00e9 pasa con el motociclismo de velocidad? 4 Grandes Premios son en Espa\u00f1a, no hay ni un piloto brit\u00e1nico, ni un alem\u00e1n, nadie del este, ni holandeses, apenas hay astralianos, no hay americanos, ni se recuerda a un brasile\u00f1o, nadie aparece desde Italia, la n\u00f3mina de japoneses es rid\u00edcula.. \u00bfes que nadie corre en moto? \u00bfhay otros campeonatos?<\/p>\n<p>R.- Pues s\u00ed, parece que esto es un problema. Mas prefiero verlo desde un aspecto positivo: hay una generaci\u00f3n tan buena que nuestros pilotos arrasan, como suced\u00eda con los italianos hasta hace poco. Pero no cabe duda de que esta superioridad no es buena, porque hace perder el inter\u00e9s hacia las motos en otros pa\u00edses. Aqu\u00ed se est\u00e1n haciendo las cosas muy bien en las motos, hay una buena promoci\u00f3n y ah\u00ed est\u00e1n los resultados. Pero, s\u00ed, \u00a1nos estamos pasando!<\/p>\n<p>P.- Hola Juan, me han parecido esclarecedoras las declaraciones de Marga Fullana, admitiendo que tom\u00f3 sustancias prohibidas. \u00bfno crees que a menudo desde el mundo del ciclismo profesional se desv\u00eda la responsabilidad hacia los m\u00e9dicos, dando una imagen de los ciclistas como inocentes cobayas ajenas a la labor de los m\u00e9dicos? Con estas declaraciones parece claro que el ciclista tambi\u00e9n se las sabe apa\u00f1ar solo. Un saludo desde Ezcaray<\/p>\n<p>R.- \u00a1Por lo menos hay alguien que lo reconoce! Pero s\u00ed que sigue habiendo un problema: saber c\u00f3mo esas sustancias prohibidas han llegado hasta ella. Estamos hablando de un delito, y nos creemos que el dopaje lo es, como contempla el C\u00f3digo Penal, o seguiremos dando esa imagen de laxitud. Nos dicen que los deportistas est\u00e1n cantando, pero a\u00fan no s\u00e9 de ning\u00fan gur\u00fa que haya sido procesado.<\/p>\n<p>P.- Hola Juan, viendo las declaraciones de Alonso parece que firmar\u00eda quedar 3\u00ba todos los grandes premios que restan, incluso por detr\u00e1s de los Redbull..qu\u00e9 satisfecho est\u00e1 de su carrera en Jap\u00f3n. Me pregunt\u00f3: \u00bfsu objetivo es el t\u00edtulo o distanciar a Massa y Hamilton?<\/p>\n<p>R.- No me cabe la menor duda de que su objetivo es ganar el Mundial. Alonso tiene la suficiente ambici\u00f3n como para no caer en la trama de las batallas menores. Otra cosa es que aun siendo tercero en las carreras que restan todav\u00eda podr\u00eda ganar el t\u00edtulo, dependiendo de los pilotos que entrasen por delante de \u00e9l, y en este caso que se repartiran las victorias Massa y Hamilton le vendr\u00eda muy bien.<\/p>\n<p>P.- Hola Juan, me parece que en el caso Contador se est\u00e1 dando la vuelta a la sart\u00e9n..Pasados los primeros desaires provocados por el patrioterismo m\u00e1s sectario, creo que la opini\u00f3n p\u00fablica empieza a darse cuenta de la gravedad del asunto. Y las coletillas &#8220;todos se dopan&#8221;, &#8220;si con tan poco no puede mejorar&#8221;..empiezan a oler a pretextos..Por no hablar del papel de las instituciones haciendo homenajes..Espero que si luego se confirma el positivo, los responsables dimitan o por lo menos, que rindan cuentas.<\/p>\n<p>R.- Es un momento delicado \u00e9ste de Contador. Habr\u00eda que mantener mucha prudencia porque, no lo olvidemos, Contador est\u00e1 ahora mismo suspendido. Hacerle homenajes, darle premios, etc, no beneficia nuestra imagen. Para bien o para mal, son momentos para estar callados y aguardar acontecimientos. \u00bfQue queremos que Contador salga indemne? Por supuesto. El silencio no significa no estar con \u00e9l. Ahora mismo pronunciarse sobre su inocencia o su culpabilidad es cuesti\u00f3n de fe, y ya sabemos los desastres que la fe ha causado en la historia del mundo. Esperemos.<\/p>\n<p>P.- Hola Juan, \u00bfque opinas de la Caja M\u00e1gica? \u00bfmejor que Vistalegre?<\/p>\n<p>R.- Pues yo creo que no. Las plazas de toros ofrecen una visi\u00f3n perfecta desde todos los \u00e1ngulos y la Caja M\u00e1gica, en ese aspecto, ofrece graves deficiencias. Luego est\u00e1 la barriada. Carabanchel tiene poblaci\u00f3n y ambiente. San Ferm\u00edn a\u00fan tiene que cre\u00e1rselo.<\/p>\n<p>P.- Si este a\u00f1o el RM no gana nada en baloncesto, lo que es muy probable, \u00bfcorre peligro la secci\u00f3n?<\/p>\n<p>R.- En absoluto. No ha habido ning\u00fan presidente en el Madrid que haya sido capaz de pasar a la historia como el que cerrara la secci\u00f3n de baloncesto, y me consta que no por falta de ganas precisamente. Florentino tuvo la oportunidad en su momento y no lo hizo. Ahora tampoco lo va a hacer.<\/p>\n<p>P.- Hola Juan, \u00bfno crees que la opci\u00f3n de suprimir los play offs e instaurar una liga regular para recuperar la ilusi\u00f3n por la ACB es un poco simplista? \u00bfpor qu\u00e9 esa aversi\u00f3n hacia un sistema de est\u00e1 implantado mayoritariamente en toda Europa y Am\u00e9rica? <\/p>\n<p>R.- Los ejemplos de Europa y Am\u00e9rica no me valen. Am\u00e9rica es como es y all\u00ed tambi\u00e9n triunfan el b\u00e9isbol y el rugby americano. Es otra cultura. Por lo que respecta a Europa, tampoco veo que ning\u00fan pa\u00eds est\u00e9 encantado con los playoff. \u00bfY por qu\u00e9 digo que no a los playoff? Por su propia salvaci\u00f3n. Nos estamos cargando el inter\u00e9s de la Liga regular, que son muchos meses de competici\u00f3n. \u00bfTe digo las audiencias en TVE de esta Liga? 334.000 el Madrid-Estudiantes, 224.000 el Unicaja-Baskonia, 117.000 el Gran Canaria-CAI y 98.000 el Manresa-Bilbao. \u00bfT\u00fa crees que con estas cifras vamos a tener patrocinadores y anunciantes? Pues est\u00e1s viendo que cada a\u00f1o, menos. Estamos matando la Liga con partidos en los que da igual ganar que perder.<\/p>\n<p>P.- Hola Juan, por qu\u00e9 no premiar al primero de la liga ACB con acceso directo a semifinales? El resto de equipos, del segundo al s\u00e9ptimo, se enfrentar\u00edan 2\u00ba-7\u00ba, 3\u00ba-6\u00ba, y 4\u00ba-5\u00ba. De este modo se premiar\u00eda la labor del primero, m\u00e1s all\u00e1 del tibio factor cancha de la actualidad. Otra opci\u00f3n ser\u00eda que fuera directamente finalista, pero el par\u00f3n podr\u00eda ser contraproducente. \u00bfves factible alguna medida parecida, que no implique la supresi\u00f3n de los play-offs?<\/p>\n<p>R.- Se me hace dif\u00edcil imaginar una soluci\u00f3n, porque los playoff quitan m\u00e1s que dan. Si es que los mismos playoff tienen un inter\u00e9s muy reducido. Al que es de M\u00e1laga, poco le interesa un Baskonia-Barcelona, por ejemplo. Lo bueno de las ligas es que los resultados est\u00e9n interrelacionados y quien sea de M\u00e1laga se ponga como una moto por haber ganado al Baskonia uno de los dos partidos en los que se enfrentar\u00e1n y que quiz\u00e1 resulten decisivos para la resoluci\u00f3n de la Liga. Y si no hubiera playoff, pongo otro ejemplo: \u00a1c\u00f3mo estar\u00edan los de M\u00e1laga que despu\u00e9s de haber ganado al Baskonia ve\u00edan al d\u00eda siguiente pasarlas canutas al Barcelona en M\u00e1laga! Pero como ahora todo da igual, pues el inter\u00e9s se reduce una barbaridad.<\/p>\n<p>P.- Hola juan, si tuvieras que elegir a uno de estos atletas, cu\u00e1l ser\u00eda: El Guerrouj, Bekele, Gebrasilase?<\/p>\n<p>R.- Dif\u00edcil lo pones, pero como hay que pronunciarse, all\u00e1 va: Me quedo con Gebrselassie. Un tipo que despu\u00e9s de haber corrido los 1.500 en 3.33 es capaz de hacer, aunque sea muchos a\u00f1os despu\u00e9s, la marat\u00f3n en menos de 2.04, creo que es para quitarse el sombrero.<\/p>\n<p>P.- \u00bfComo ves al Caja Laboral este a\u00f1o, ganador de la ACB,pero aora no ha empezado con buen pie, eso quiere decir algo o es solo un mal inicio?<\/p>\n<p>R.- Dej\u00e9moslo en un mal inicio, porque el Baskonia ha demostrado ya unas cuantas veces, sobre todo con Ivanovic, que es capaz de dar la vuelta a la tortilla en cualquier momento. Con el tiempo, este equipo y este entrenador se han hecho merecedores a un cr\u00e9dito pr\u00e1cticamente ilimitado.<\/p>\n<p>P.- piensa que el fuenlabrada de baloncesto tiene alguna posibilidad despues de su gran comienzo de llegar a los playoffs?<\/p>\n<p>R.- \u00a1Uff! Ser\u00eda una haza\u00f1a. El Fuenla lo est\u00e1 pasando realmente mal, porque no tiene patrocinadores. La situaci\u00f3n se puede volver en cualquier momento muy complicada. De momento es de celebrar que lleve dos partidos, dos victorias, pero la primera vuelta es muy larga.<\/p>\n<p>P.- despues de ver llenazos en la champions de balonmano en vezsprem , kolding , kiel , manheim , montpellier , celje , hamburgo , shatsausen y hasta en presov que pierde siempre me da pena ver el desangelado ambiente en el palau .<\/p>\n<p>R.- Espa\u00f1a, en el balonmano, no es Alemania. La \u00fanica ciudad donde se puede vivir un gran ambiente es Ciudad Real o, en ocasiones muy puntuales, cualquier otra, pero s\u00f3lo cuando el equipo est\u00e9 a punto de conseguir algo muy importante.<\/p>\n","protected":false},"excerpt":{"rendered":"<p>Porque el deporte va m\u00e1s all\u00e1 del f\u00fatbol, Juan Mora, subdirector del diario AS, ha charlado con los internautas sobre las diversas disciplinas deportivas al margen del f\u00fatbol.<\/p>\n","protected":false},"author":1,"featured_media":0,"comment_status":"open","ping_status":"open","sticky":false,"template":"","format":"standard","meta":{"footnotes":""},"categories":[],"tags":[],"class_list":["post-7571","post","type-post","status-publish","format-standard","hentry"],"_links":{"self":[{"href":"https:\/\/intervius.com\/index.html\/wp-json\/wp\/v2\/posts\/7571","targetHints":{"allow":["GET"]}}],"collection":[{"href":"https:\/\/intervius.com\/index.html\/wp-json\/wp\/v2\/posts"}],"about":[{"href":"https:\/\/intervius.com\/index.html\/wp-json\/wp\/v2\/types\/post"}],"author":[{"embeddable":true,"href":"https:\/\/intervius.com\/index.html\/wp-json\/wp\/v2\/users\/1"}],"replies":[{"embeddable":true,"href":"https:\/\/intervius.com\/index.html\/wp-json\/wp\/v2\/comments?post=7571"}],"version-history":[{"count":0,"href":"https:\/\/intervius.com\/index.html\/wp-json\/wp\/v2\/posts\/7571\/revisions"}],"wp:attachment":[{"href":"https:\/\/intervius.com\/index.html\/wp-json\/wp\/v2\/media?parent=7571"}],"wp:term":[{"taxonomy":"category","embeddable":true,"href":"https:\/\/intervius.com\/index.html\/wp-json\/wp\/v2\/categories?post=7571"},{"taxonomy":"post_tag","embeddable":true,"href":"https:\/\/intervius.com\/index.html\/wp-json\/wp\/v2\/tags?post=7571"}],"curies":[{"name":"wp","href":"https:\/\/api.w.org\/{rel}","templated":true}]}}