{"id":7563,"date":"2009-06-02T00:00:00","date_gmt":"2006-11-06T00:00:00","guid":{"rendered":"https:\/\/intervius.com\/index.html\/?p=7563"},"modified":"2006-11-06T00:00:00","modified_gmt":"2006-11-06T00:00:00","slug":"Inako_Diaz_Guerra7563","status":"publish","type":"post","link":"https:\/\/intervius.com\/index.html\/Inako_Diaz_Guerra7563\/","title":{"rendered":"I\u00f1ako D\u00edaz Guerra"},"content":{"rendered":"<p>Pregunta.- Hola I\u00f1ako, varias cosas: Abel? Raul Garcia? Extremos o enganche? El \u00faltimo Wilco? The Soundtrack of our lives? Tenemos gustos muy parecidos, un abrazo<\/p>\n<p>Respuesta.- Abel seguir\u00e1, Ra\u00fal Garc\u00eda tambi\u00e9n. Ambos se lo han ganado en el tramo final de temporada, ahora les toca disipar dudas sobre si este nivel va a ser un punto de partida para seguir mejorando o es su tope. Creo que ambos pueden funcionar a largo plazo. Con un buen mediocentro, extremos. Con un doble pivote de zoquetes, enganche. El pr\u00f3ximo de Wilco sale el d\u00eda 30, en la web he escuchado algo pero suena regular y prefiero escucharlo como merece. Espero con la impaciencia de las grandes ocasiones. Soundtrack me gustan, pero no los he escuchado tanto como debiera y como mis amigos me insisten. <\/p>\n<p>P.- Saludos crack! mi pregunta va por el mismo lado de la semana pasada: \u00bfHabr\u00e1 cerebro? \u00bfDe qu\u00e9 nivel? Nos olvidamos de superclases como Silva \u00bfno? \u00bflos tiros van m\u00e1s por Arteta, DAgostino,o Meriem? Gracias de antemano<\/p>\n<p>R.- Me pregunt\u00e1is cosas que no puedo saber y si os dijera nombres os enga\u00f1ar\u00eda. Depende de muchos factores, de lo que vendan y lo que saquen por ellos, de lo que dicte el mercado, de las ofertas de los dem\u00e1s clubes a los jugadores que intereses&#8230; El caso Silva es claro. Era el preferido, pero con Madrid, Liverpool y Bar\u00e7a en la puja, el Atleti est\u00e1 fuera. Arteta siempre suena y nunca viene porque el cuerpo t\u00e9cnico del club duda de que sea capaz de tirar de un equipo desde el mediocentro, le ven m\u00e1s partiendo desde la banda con dos pivotes por detr\u00e1s. Yo coincido. Es un buen futbolista, pero no me llena. DAgostino y Meriem est\u00e1n en las listas, pero yo a\u00fan espero un futbolista de un nivel superior<\/p>\n<p>P.- Grande I\u00f1ako! \u00bfComo ves a Pacheco como tercer delantero para el a\u00f1o que viene?<\/p>\n<p>R.- El tercer delantero ser\u00e1 Sinama y me parece bien. Pachecho y Borja ser\u00e1n los delanteros del filial y entrenar\u00e1n a menudo con el primer equipo. Tienen 16 a\u00f1os y a\u00fan ni siquiera han militado en el filial. Paso a paso.<\/p>\n<p>P.- Cree que Forlan se marchara al Barcelona?<\/p>\n<p>R.- Si logran vender a Etoo, es muy probable<\/p>\n<p>P.- \u00bfSueles jugar al f\u00fatbol (bien)? \u00bfEn que posici\u00f3n? \u00bfTe mola el neorrealismo italiano? Ya sabes; Fellini, La dolce vita, El ladr\u00f3n de bicicletas, Amarcord&#8230; Un saludo de un gaditano colchonero que te anima a que acabes Publicidad, seguro que lo haces antes que yo.<\/p>\n<p>R.- Pachangueaba al f\u00fatbol hasta que me romp\u00ed la rodilla. Un nueve tipo Salinas: muy malo, pero con gol. Mi deporte es el baloncesto. No especialmente. De Fellini s\u00f3lo me gusta La Dolce Vita, pero no se si considerarlo parte del neorrealismo. Me encantan El ladr\u00f3n de bicicletas. El Gatopardo y Rocco y sus hermanos Me parece q ya es muy tarde para acabar Publicidad, si ya me costaba sentarme delante de los apuntes cuando era mi obligaci\u00f3n, por devoci\u00f3n ni te cuento&#8230;<\/p>\n<p>P.- Buenas, I\u00f1ako. Sin perder de vista el fichaje de un medio creador con m\u00e1s proyecci\u00f3n de futuro, \u00bfDe la Pe\u00f1a podr\u00eda ser un buen refuerzo? Al seguir Abel \u00bfBanega tiene sus d\u00edas contados? Una \u00faltima \u00bfhas le\u00eddo &#8220;Entre los v\u00e1ndalos&#8221;, de Bill Bufford?. Un saludo. <\/p>\n<p>R.- No veo a De la Pe\u00f1a ya en el Atleti. Hace 3 o 4 a\u00f1os, tal vez, pero ahora ya no. Ser\u00eda como Ibagaza: un partido bueno y cinco desesperantes. S\u00ed, Banega, salvo que lo regale el Vaencia, se larga. No lo he le\u00eddo. Me lo apunto.<\/p>\n<p>P.- Hola Crack. Qu\u00e9 te parece el descenso del Betis?? Crees que el Atleti deber\u00eda intentar pescar algo de ahi, o con s\u00f3lo Juanito tenemos? Qu\u00e9 te parecer\u00edan las incorporaciones de Sergio Garc\u00eda, Oliveira, Mehmet Aurelio o Arzu??Ah, Luis ha sido destituido, podr\u00eda llegar al organigrama del Atleti?<\/p>\n<p>R.- Lo del Betis ha sido inexplicable a simple vista y por plantilla. Pero no si se ve que lleva mal gestionado a\u00f1os y a\u00f1os y un club mal gestionado durante mucho tiempo lo acaba pagando tenga los jugadores que tenga. Ya le pas\u00f3 al Atleti. Me gusta Mehmet Aurelio bastante, pero no tanto como para que el refuerzo del centro del campo sea \u00e9l. Oliveira nunca ha sido santo de mi devoci\u00f3n: delantero chup\u00f3n que triunfa en equipos medios. Sergio Garc\u00eda me sirve para hacer plantilla, sobre todo si se va Maxi. No creo que Luis y los Gil vuelvan a trabajar juntos. Aunque esta misma frase ya ha sido pronunciada muchas veces antes y&#8230;<\/p>\n<p>P.- Buenos dias. \u00bfqu\u00e9 te parecer\u00eda una liga con topes salariales y presupuestos m\u00e1ximos por equipo? No crees que habr\u00eda m\u00e1s igualdad entre equipos, por lo tanto m\u00e1s espect\u00e1culo &#8230; estilo NBA \u00bfQu\u00e9 puntos negativos tendr\u00eda? &#8230; \u00bfque har\u00edas con los 36 millones que nos dar\u00e1n por Forlan? <\/p>\n<p>R.- En realidad los topes salariales tampoco igualan tant\u00edsimo. Si te fijas en la NBA, al final las franquicias mal gestionadas como los Clippers o los Warriors casi siempre est\u00e1n abajo y las bien gestionadas como Lakers o Spurs rara vez pasan muchos a\u00f1os en el hoyo. Adem\u00e1s, el tope salarial es relativo. Puedes superarlo si pagas una multa proporcional a cuanto te pases. Por lo tanto, los m\u00e1s ricos, como los Knicks o los Lakers, superan el tope sin mucho problema mientras los humildes no. As\u00ed que la diferencia de clases sigue existiendo. En realidad, lo que m\u00e1s iguala en la NBA no es el tope salarial, es el draft, que los peores elijan a los mejores j\u00f3venes. Lo que s\u00ed solucionar\u00eda el tope salarial es el disparate de gasto de los clubes que amenaza con llevar a la quiebra a casi todo el f\u00fatbol espa\u00f1ol. Pagar 15 por Negredo y gastar los 21 restantes en un centrocampista realmente bueno<\/p>\n<p>P.- hola i\u00f1ako buenos dias, me gustaria saber que a sido de david del prado, aquel joven jugador de la cantera que destaco tanto en en el torneo de brunete y de la generacion de molinero, prometia muxo y le perdido la pista<\/p>\n<p>R.- Desapareci\u00f3 mucho antes de llegar como tantos otros. Tuvo lesiones y se estanc\u00f3, creo recordar.<\/p>\n<p>P.- qu\u00e9 te parece el duelo howard-gasol en la final de la nba? podr\u00eda aspirar a algo (pasar la liguilla de champions, ser quintos) el atleti sin forl\u00e1n?<\/p>\n<p>R.- Me gusta mucho m\u00e1s esta final que si hubieran pasado los Cavs, un equipo que juega fatal al baloncesto, recordando la etapa negra post-Jordan en la que todos los equipos se creyeron que pod\u00edan ganar el anillo d\u00e1ndole la bola a su alero estrella y apart\u00e1ndose los otros cuatro para que jugara \u00e9l solo. Los Magic y los Lakers (cuando les da a gana) juegan realmente bien al baloncesto. El tema con Howard es cargarle de faltas, porque las hace como churros, y los Lakers deber\u00edan empezar los partidos con Gasol y Odom (mejor que Bynum) forzandole dentro a ver si la sacan un par en el primer cuarto. Creo que ganar\u00e1 Lakers 4-2, pero ya he subestimado dos veces antes a los MAgic, ante Boston y Cleveland, as\u00ed que ojito. Si se fuera Forl\u00e1n, depender\u00e1 de qui\u00e9n venga por \u00e9l. Por Torres llegaron Simao y el propio uruguayo. Si vuelve a hacerse un 2&#215;1 similar y se queda Ag\u00fcero, el equipo no tendr\u00eda por qu\u00e9 ser peor.<\/p>\n<p>P.- Hola! Dice Tomas Guasch que Pellerini quiere a Forl\u00e1n en el Madrid. Sabes algo o son mas rumores?? Dale un poco de vida al blog porfa&#8230;<\/p>\n<p>R.- Es cierto. El objetivo n\u00famero 1 del Madrid es Villa, pero si el Valencia no rebaja el precio, Forl\u00e1n les gusta tanto o m\u00e1s. Lo \u00fanico que les frena ligeramente es que es m\u00e1s mayor y que enturbiar\u00eda un poco las relaciones con el Atleti, pero no es en absoluto descartable. Conseguidme 30 horas al d\u00eda y actualizar\u00e9 m\u00e1s el blog. Mientras, ya sab\u00e9is, a trompicones<\/p>\n<p>P.- Hola maestro,\u00bfsigues pensando que Heitinga a sido el mejor fichaje y el peor assunsao?.Lo siento pero no estoy deacuerdo.Para mi assunsao a hecho lo que sabe y para lo que le ficharon.Un saludo<\/p>\n<p>R.- \u00bfHe escrito yo eso? Lo de Heitinga s\u00ed, pero lo de Assun\u00e7ao lo dudo, porque mientras todo el mundo le daba palos y le comparaba con Camacho yo creo haber defendido que, hoy por hoy y para ese puesto, es mejor que Camacho. Ha sido de lo mejor del Atleti este curso. Si me remites a la pretemporada, tal vez lo dijera, pero las cosas han cambiado mucho. Creo que Heitinga es un gran defensa con las rodillas hechas polvo. <\/p>\n<p>P.- \u00bfNo piensas que Sinama es el peor jugador de la plantilla del Atleti?, por lo que ha costado, no habiamos quedado con Manu del Moral, por ejemplo<\/p>\n<p>R.- No, es m\u00e1s creo que Sinama es un buen tercer delantero. Bastante mejor que Manu del Moral. Pero es muy dif\u00edcl ser el tercero detr\u00e1s de dos fen\u00f3menos como Kun y Forl\u00e1n. En la primera parte del campeonato cumpli\u00f3. Luego le han puesto de volante y hasta de lateral. Es injusto medirle en esas circunstancias.<\/p>\n<p>P.- Buenas I\u00f1ako. Qu\u00e9 crees que pasar\u00e1 con Abel?El hecho de que el Club quiera hacerle una oferta a la baja puede ser porque realmente quieran que se vaya?<\/p>\n<p>R.- Seguir\u00e1 seguro. Lo que pasa es que el Atleti va a entrar en una etapa de responsabilidad salarial m\u00e1xima y eso pasa por pagar en funci\u00f3n de objetivos. Es l\u00f3gico. Guardiola firm\u00f3 algo as\u00ed y no le ha ido mal.<\/p>\n<p>P.- Hola Crack!!! a ver si tu me explicas esto, llevo viendo desde hace tiempo que el presupuesto para el a\u00f1o que viene variar\u00e1 entre 60 y 120 mill. de ? dependiendo si hay champions o no, pero la champions no la aseguraremos (si lo hacemos&#8230;) hasta ultima semana de agosto, entonces??? si no lo hacemos echaran a 4 dias de empezar la liga a varios jugadores??? ficharian nuevos en caso de que se jugase en champions???<\/p>\n<p>R.- No, no. Ya va a ser de 120. Como Champions contaban quedar cuartos, lo que pase en la previa ya es otra historia, pero el presupuesto se decide antes. Ser\u00e1n 120.<\/p>\n<p>P.- \u00bfcuantos jugadores necesitariamos vender para subir la nomina a forlan y conseguir que se quedase? a quien subirias YA del filial?<\/p>\n<p>R.- Forl\u00e1n cobra bien, si se va no ser\u00e1 fundamentalmente por dinero, ser\u00e1 por t\u00edtulos. Si no fueras hincha, tuvieras 30 a\u00f1os y vieras que no has ganado t\u00edtulos colectivos m\u00e1s que en el United, donde casi no contabas, \u00bfd\u00f3nde preferir\u00edas jugar t\u00fa los 3 o 4 a\u00f1os de m\u00e1ximo nivel que te quedan, en el Atleti o en el Bar\u00e7a? Pues eso. <\/p>\n<p>P.- Hola fiera \u00bfa qui\u00e9n prefieres tu para la previa de la Champions? \u00bfcrees que tendriamos alguna opcion contra el Arsenal?<\/p>\n<p>R.- Habr\u00e1 que ver c\u00f3mo queda la plantilla del Atleti y la del Arsenal, porque si se van Cesc y Adebayor&#8230; Con las actuales, 50-50. A priori, de los que pueden ser, los mejores ser\u00edan Sporting, Celtic y Panathinaikos. Despu\u00e9s no me asustan demasiado Fiore, Stuttgart y Lyon. A evitar a toda costa, Arsenal y Shakthar.<\/p>\n<p>P.- ola i\u00f1ako!!! no te pareceria unos buenos fichajes joao moutinho para el centro y cazorla para la banda derecha?, todo esto vendiendo a maxi, que parece cada vez mas seguro. 1 saludo<\/p>\n<p>R.- Moutinho es, de los factibles, casi mi preferido para el mediocampo. Cazorla ser\u00eda estupendo para el sitio de MAxi, m\u00e1s pase, m\u00e1s visi\u00f3n, m\u00e1s juego, m\u00e1s desborde&#8230; pero no creo que el Villarreal lo venda, sinceramente.<\/p>\n<p>P.- Hola I\u00f1ako, \u00bf Recuerdas un final de temporada del Atleti ganando los \u00faltimos 6 partidos ? Te aseguro que hago memoria pero no recuerdo nada igual, \u00bf ser\u00e1 que ha cambiado algo ? \ud83d\ude42 Para que luego digan los listos que hay por ah\u00ed que jugar la previa de la Champios alarga la temporada y pasa factura al final, en fin&#8230;<\/p>\n<p>R.- Bueno, les recuerdo ganar tambi\u00e9n mil seguidos con Pepe Murcia para ahogarse luego. Esta temporada ha sido como tantas del Atleti, a tirones, un mes bueno, uno malo y as\u00ed. El reto es lograr de una vez completar una temporada m\u00e1s o menos constante.<\/p>\n<p>P.- Hola I\u00f1ako. Vista nuestra necesidad de jugadores de banda &#8230;\u00bf Qu\u00e9 te parece el brasile\u00f1o Andr\u00e9 Santos ? Lo que he visto suyo en Internet es una pasada, no entiendo c\u00f3mo sigue en el Corithians en lugar de en alg\u00fan grande de Europa&#8230;<\/p>\n<p>R.- No he visto a Andr\u00e9 Santos, la verdad. Pero s\u00ed vi grandes v\u00eddeos de Cl\u00e9ber Santana en internet. As\u00ed que si sigue all\u00ed, por algo ser\u00e1.<\/p>\n<p>P.- Hola I\u00f1ako, lei un titular hace unos d\u00edas que dec\u00eda que, si perd\u00eda el Madrid, el Atleti ser\u00eda el equipo que m\u00e1s puntos ha ganado desde la llegada de Abel, \u00bf sabes si esto es cierto ? \u00bf No te parece increible con los partidos tan nefastos que hemos llegado a ver ? Aunque hay que reconocer que el final se han puesto las pilas, l\u00e1stima que no lo hicieran antes&#8230;<\/p>\n<p>R.- S\u00ed, es cierto. ten\u00edan que perder el Madrid y el Mallorca y ganar el Atleti, cosa que sucedi\u00f3. Curriosamente, en medio de esa racha magn\u00edfica nos cayeron 5 en Santander. No hay manera de entender nada.<\/p>\n<p>P.- Hola I\u00f1ako que tal.\u00bfQue te parecer\u00eda el fichaje de Hernanes por el At.Madrid?No se si conocer\u00e1s a Maicosuel de Botafogo.Pero pienso que ser\u00eda el momento de ficharlo (es una m\u00e1quina)<\/p>\n<p>R.- Bueno, ante tantas preguntas sobre brasile\u00f1os voy a exponer una teor\u00eda controvertida: yo, salvo contadas excepciones, no fichar\u00eda brasile\u00f1os. Por cada uno que sale bien, tres son un timo. Y de esos que salen buenos, de cada 1 que rinde durante a\u00f1os, a 9 se les va la pinza antes. Adoro Brasil, he estado y conozco el pa\u00eds, yo ser\u00eda un brasile\u00f1o perfecto. Nunca me fichar\u00eda para nada. <\/p>\n<p>P.- Si yo digo que Douglas Costa ser\u00e1 el cerebro del equipo el a\u00f1o pr\u00f3ximo, me equivoco? Gracias, talento<\/p>\n<p>R.- Otro brasile\u00f1o. Es probable que te equivoques, pero ya he dicho antes que no pongo mi mano en el fuego por nombres propios a estas alturas porque no ser\u00eda periodista, ser\u00eda vidente de feria. Por cierto, Rob Gordon est\u00e1 muy bien, pero Rob Fleming mejor. Un abrazo.<\/p>\n<p>P.- Hola, queria preguntarte si se podria aprovechar el interes del Aston Villa en Jurado para traernos a Barry que me parece un jugador increible y por otra parte que te parecen Mark Noble (Wes Ham) y Hamsik (Napoles) como medio centros??<\/p>\n<p>R.- Barry lleva escrito Liverpool en la espalda desde hace dos a\u00f1os. La obsesi\u00f3n de Ben\u00edtes por \u00e9l es lo que le va a llevar a vender a Xabi para poder comprar a Barry. Hamsik me encanta. Noble no me dice mucho.<\/p>\n<p>P.- harias como yo,vender a Maxi subir a Keko y con el dinero que nos dieran fichar a un centrocampista organizador joven <\/p>\n<p>R.- Vender\u00eda a Maxi, subir\u00eda a Keko, pero comprar\u00eda otro de banda, porque no te puedes jugar el a\u00f1o a que un chico de 17 a\u00f1os que no ha debutado en Primera sea tu \u00fanica referencia en la banda.<\/p>\n<p>P.- Por que no se apuesta por Diego Costa como tercer delantero? Vi\u00e9ndole este a\u00f1o s\u00f3lo Forlan y el Kun son m\u00e1s talentosos que \u00e9l&#8230; Por que intuyo que no le vana dar ninguna bola&#8230;?<\/p>\n<p>R.- Porque tiene la cabeza tan ordenada como mi casa despu\u00e9s de una fiesta. O menos.<\/p>\n","protected":false},"excerpt":{"rendered":"<p>El redactor del Diario AS I\u00f1ako D\u00edaz-Guerra analiza cada semana la situaci\u00f3n del Atl\u00e9tico de Madrid. El periodista ha charlado con los lectores sobre toda la actualidad rojiblanca.<br \/>\nARCHIVO DE ENTREVISTAS:<\/p>\n<p>-26 de mayo -19 de mayo &#8211; 12 de mayo &#8211; 05 de mayo &#8211; 28 de abril &#8211; 21 de abril &#8211; 14 de abril &#8211; 07 de abril &#8211; 24 de marzo &#8211; 17 de marzo &#8211; 10 de marzo &#8211; 3 de marzo &#8211; 24 de febrero &#8211; 10 de febrero &#8211; 17 de febrero &#8211; 13 3 de enero &#8211; 2 3 de diciembre &#8211; 2 de diciembre &#8211; 25 de noviembre &#8211; 4 de noviembre &#8211; 18 de noviembre &#8211; 4 de noviembre &#8211; 11 de noviembre &#8211; 4 de noviembre &#8211; 24 de octubre &#8211; 7 de octubre &#8211; 30 de septiembre &#8211; 23 de septiembre &#8211; 16 de septiembre <\/p>\n","protected":false},"author":1,"featured_media":0,"comment_status":"open","ping_status":"open","sticky":false,"template":"","format":"standard","meta":{"footnotes":""},"categories":[],"tags":[],"class_list":["post-7563","post","type-post","status-publish","format-standard","hentry"],"_links":{"self":[{"href":"https:\/\/intervius.com\/index.html\/wp-json\/wp\/v2\/posts\/7563","targetHints":{"allow":["GET"]}}],"collection":[{"href":"https:\/\/intervius.com\/index.html\/wp-json\/wp\/v2\/posts"}],"about":[{"href":"https:\/\/intervius.com\/index.html\/wp-json\/wp\/v2\/types\/post"}],"author":[{"embeddable":true,"href":"https:\/\/intervius.com\/index.html\/wp-json\/wp\/v2\/users\/1"}],"replies":[{"embeddable":true,"href":"https:\/\/intervius.com\/index.html\/wp-json\/wp\/v2\/comments?post=7563"}],"version-history":[{"count":0,"href":"https:\/\/intervius.com\/index.html\/wp-json\/wp\/v2\/posts\/7563\/revisions"}],"wp:attachment":[{"href":"https:\/\/intervius.com\/index.html\/wp-json\/wp\/v2\/media?parent=7563"}],"wp:term":[{"taxonomy":"category","embeddable":true,"href":"https:\/\/intervius.com\/index.html\/wp-json\/wp\/v2\/categories?post=7563"},{"taxonomy":"post_tag","embeddable":true,"href":"https:\/\/intervius.com\/index.html\/wp-json\/wp\/v2\/tags?post=7563"}],"curies":[{"name":"wp","href":"https:\/\/api.w.org\/{rel}","templated":true}]}}