{"id":7561,"date":"2009-06-02T00:00:00","date_gmt":"2006-11-06T00:00:00","guid":{"rendered":"https:\/\/intervius.com\/index.html\/?p=7561"},"modified":"2006-11-06T00:00:00","modified_gmt":"2006-11-06T00:00:00","slug":"Tomas_Roncero7561","status":"publish","type":"post","link":"https:\/\/intervius.com\/index.html\/Tomas_Roncero7561\/","title":{"rendered":"Tom\u00e1s Roncero"},"content":{"rendered":"<p>Pregunta.- Hola Tom\u00e1s, hay algo que se me escapa, y es que labor tienen los directores deportivos en equipos como el Madrid, parece que a costa de ? todo se soluciona,no creo que haya que ser un genio para fijarse en Ronaldo, Villa, Ribery&#8230; , deber\u00edan contratar gente capaz de bucar fichajes como Mauro Silva , Bebeto, Stoichkov, Jankovic, Mijatovic, Kanout\u00e9, Luis Fabiano, Polsen&#8230; \u00bfQu\u00e9 opinas sobre esto?<\/p>\n<p>Respuesta.- No olvides que si viene Miguel Pardeza es para intentar explotar con mayor rentabilidad la cantera y para descubrir esos jugadores de menos impacto mediatico y que puedan resultar una estrella a medio plazo. Los cracks vienen solos, pero cada a\u00f1o hay que hacer uno o dos fichajes de riesgo y para eso est\u00e1 el director deportivo.<\/p>\n<p>P.- \u00bfSer\u00e1 Pellegrini el nuevo Del Bosque del Real Madrid?<\/p>\n<p>R.- Desde luego, es el m\u00e1s parecido, por su perfil humano y futbol\u00edstico desde el triste d\u00eda en que se decidi\u00f3 en el Real Madrid relevar al actual seleccionador. El chileno no busca portadas y es un hombre met\u00f3dico, que puede venirle muy bien al Madrid para recuperar su identidad y armonizar un equipo que igual va a hacer disfrutar al Bernab\u00e9u.<\/p>\n<p>P.- Hola Tomas,que opinas de la actitud del publico hacia Nadal en Roland Garros?<\/p>\n<p>R.- Lamentable. Es increible que despu\u00e9s de ganar 4 Roland Garros segudos y haberse dejado la piel en esa tierra batida, la afici\u00f3n francesa no haya sido capaz de tener un solo gesto de cari\u00f1o hacia \u00e9l. Pero el lado bueno ser\u00e1 que el pr\u00f3ximo Roland Garrois Nadal ir\u00e1 doblemente motivado y arropado por todos los espa\u00f1oles para que silencie a los franceses con un nuevo t\u00edtulo.<\/p>\n<p>P.- Buenas Tom\u00e1s,\u00bfqu\u00e9 canteranos del Madrid cre\u00e9 qu\u00e9 jugar\u00e1n varios minutos la pr\u00f3xima temporada?Porque desde Iker no juegan nada.Buena suerte supermadridista.<\/p>\n<p>R.- Gracias amigo. Considero de Negredo y Granero, al menos uno deber\u00eda quedarse en la primera plantilla. Adem\u00e1s, hay jugadores como Torres, Parejo o Javi Garc\u00eda que tambi\u00e9n tienen alguna opci\u00f3n de quedarse con Pellegrini. Lo que si te reconozco es que se echa en falta un jugador que empiece a marcar las diferencias de verdad. Ah\u00ed la labor de Pardeza, ser\u00e1 fundamental.<\/p>\n<p>P.- Hola Tomas&#8230; Teniendo en cuenta que son al menos 28 jugadores en la plantilla lo logico es que muchos jugadores entren en operaciones tipo dinero jugadores o algo por el estilo. Que operaciones crees que se podrian llevar a cabo de ese modo&#8230; Saludos desde Guatemala!!!<\/p>\n<p>R.- Es evidente que los holandeses pueden ser bisagra de m\u00e1s de un fichaje porque la mayor\u00eda siguen teniendo nombre en Europa. Van Nistelrooy, Huntelaar, Drenthe, Snjeider y Van der Vaart son jugadores apetecidos, sin olvidarnos de Robben, que sigue siendo de los mejores extremos europeos. Creo que al menos cuatro de ellos saldr\u00e1n y servir\u00e1n para abaratar ficharjes de m\u00e1s lustre.<\/p>\n<p>P.- Hola tomas eres el kaka del periodismo . \u00bfcomo ves la lucha por el ascenso ? \u00bfte gustaria que mi tenerife volviera a primera? un saludo crak<\/p>\n<p>R.- Gracias amigo canario. El Tenerife es el equipo que mejor f\u00fatbol ha hecho esta temporada en Segunda,. recuerdo un partido que perdi\u00f3 en Jerez, con una segunda parte memorable que me hizo recordar que el resultado no siempre es justo con el juego de un partido. Posiblemente este domingo sellar\u00e1n ante el Jerez el ascenso.<\/p>\n<p>P.- hola tomas \u00bfvolvera el himno del centenario al bernabeu? tu por cual te decantarias?<\/p>\n<p>R.- El himno del centenario es precioso y para determinados actos institucionales, es impecable. Pero sigo pensando que el himno de las mocitas madrile\u00f1as tiene un sabor especial y es el que mejor se identifica con los madridistas.<\/p>\n<p>P.- salud tomas \u00bfPellegrini que es ? \u00bfsegundo plato? o \u00bfpostre? <\/p>\n<p>R.- Si te metes en la cabeza de Jorge Valdano, es el primer plato con todos los honores. La apuesta de Valdano desde el primer d\u00eda era el chileno, pero Florentino prefer\u00eda a Wenger. Pero al final, tras varios descartes, es el Madrid el que sale ganando, porque Pellegrini me parece la opci\u00f3n m\u00e1s acertada, se mire por donde se mire.<\/p>\n<p>P.- Hola Tomas, desde El Salvador; soy Madridista de toda la vida y acepto la verdadera crisis que afecta al equipo, espero que Florentino mueva muchas cosas y le devuelva el verdadero rostro del mejor equipo del mundo, mi pregunta va encaminada hacia Ronaldo? crees que el fichaje sea adecuado? porque a mi en lo personal me pareceria mucho mas acertado traer a Ribery y a Kaka. Gracias. Saludos y Halamadrid!<\/p>\n<p>R.- Hala Madrid, amigo. Me parece que es compatible reunir a los tres, por muy caros que sean. Es evidente que Cristiano es un jugador con un impacto mediatico que le convierte en especial, pero para m\u00ed sigue siendo el actual Bal\u00f3n de Oro. Y en la final de Roma fue el \u00fanico que plant\u00f3 cara al Bar\u00e7a. No fichar a Cristiano ser\u00eda un error del que pronto nos dar\u00edamos cuenta.<\/p>\n<p>P.- \u00bfQu\u00e9 futuro pronosticas para Florentino al frente de &#8220;La Casa Blanca? Un saludo<\/p>\n<p>R.- Las segunda partes siempre conyevan un riesgo indiscutible. Pero conociendo a Florentino, estoy convencido que ha madurado y aprendido de sus propios errores y que ahora va a recuperar el terreno perdido y a conquistar la batalla m\u00e1s importante que se presenta ahora: recuperar la imagen y el prestigio extraviados a nivel institucional.<\/p>\n<p>P.- \u00bfConfias en Pelligrini para dominar la horda de galcaticos que puedan caer en chamartin?<\/p>\n<p>R.- S\u00ed, y tengo un ejemplo claro. Aunque algunos piensen que es un hombre d\u00f3cil y blandito, habr\u00e1 que recordarles que cuando lanz\u00f3 el pulso a Riquelme, al final fue la estrella la que hizo las maletas y \u00e9l sigui\u00f3 en el banquillo. Pellegrini muerde si es necesario, pero no necesita cacarearlo a trav\u00e9s de los medios. Tiene guante de seda, pero si hace falta saca a la luz su pu\u00f1o de hierro.<\/p>\n<p>P.- Hola Tomas, crees que Florentino podra traer a Iniesta, Messi o Etoo? como lo ves? espero con impaciencia que pueda, sino creo que el Madrid lo seguir\u00e1 teniendo igual de crudo que hasta ahora&#8230;.y no queremos que el Bar\u00e7a sea el mejor otra vez, no?<\/p>\n<p>R.- De Etoo olvidate porque \u00e9l solo se borr\u00f3 de cualquier posibilidad de volver por la falta de respecto a la instituci\u00f3n hace tres ligas. En cuanto a los otros dos, es indiscutible con tienen talla mundial, pero no tengo ytan claro que sea inteligente meter 150 millones de euros en la caja del enemigo por un s\u00f3lo futbolista. Por ese dinero puedes fichar cuatro o cinco de los buenos. \u00bfQui\u00e9n dijo miedo?<\/p>\n<p>P.- Buena genio, \u00bfQue poibilidades hay que el madrid fiche a forlan? Mi novia es Uruguaya e incondicional de diego y no soportaria que simpatizase con el barcelona (a pesar que se considera hicha merengue). Considero que seria un fichaje genial, m\u00e1s ahora que encima le ha robado a etoo sus &#8220;logros&#8221; personales y que pellegrini es entrenador blanco. Muchas gr\u00e1cias monstruo<\/p>\n<p>R.- Para mi ser\u00eda fant\u00e1stico. Es ahora miskmo el mejor delantero de Europa, y aunque tenga 30 a\u00f1os se nota que se cuida y que tiene cuerda para tres o cuatro temporadas m\u00e1s. Forl\u00e1n ser\u00eda barato porque la cl\u00e1usula no es demasiado elevada, y encima le amargar\u00edamos las vacaciones a Manolete. La idea me gusta&#8230;<\/p>\n<p>P.- Hola crack, \u00bfEs verdad lo de Buyo para la cantera? Si es as\u00ed \u00bfQu\u00e9 te parece? \u00bfY lo de Pardeza como director deportivo? Parece que la gente de Zaragoza habla bien de \u00e9l a pesar del descenso&#8230;.<\/p>\n<p>R.- De Pardeza es normal que hablen bien porque es un gran profesional y un tipo que sabe lo que quiere. En cuanto a Buyo me parecer\u00eda una apuesta interesante porque conoce perfectamente la cantera (tiene un hijo en las categor\u00edas inferiores que mete goles como churros) y creo que podr\u00eda aportar su entusiasmo madridista dado que es un vikingo de los de verdad.<\/p>\n<p>P.- Hola crack, quedamos pocos creyentes, esperemos que el nuevo Papa reuna m\u00e1s fieles, al grano: ya esta Pellegrini y lo clavasteis aunque otros se quieran subir al carro\u00bfvendr\u00e1n KK y Cristiano? yo con esos dos y Xabi Alonso me conformaba y cerraba el kiosko \u00bfque opinas?<\/p>\n<p>R.- Esos tres fichajes tiene que veinir si o si, porque le dar\u00edan al madrid un salto de calidad en el plano futbo\u00edstico indiscutible. pero ya que est\u00e1 Florentino y que sabemos que es capaz de fichajes de alto nivel, yo le pedir\u00eda algo m\u00e1s. Aparte de estos tres, es necesario que vengan al menos dos del trio formado por Silva, Villa o Ribery. Y si encima viniera Forl\u00e1n, ya ser\u00eda la ca\u00f1a<\/p>\n<p>P.- Hola Tom\u00e1s, eres un crack. \u00bfQu\u00e9 jugadores crees que fichar\u00e1 seguro para esta temporada Floren? Creo que Silva deber\u00eda ser imprescindible, es un jugador total, Iniesta II. Y que se dejen de Cristiano, que en cu\u00e1nto veas las fiestas espa\u00f1olas, dejar\u00e1 de centrarse en el campo.<\/p>\n<p>R.- Ser\u00eda muy importante reunir a Kaka y a Silva porque creo que juntos ser\u00edan el mejor ant\u00eddoto a la pareja Xavi e Iniesta, que sin duda ha sido la art\u00edfice del triplete. Una vez solventado el recuperar el control del bal\u00f3n, solo habr\u00eda que preocuparse en fichar a Cristiano. Tranquilo amigo, el portugu\u00e9s se saldr\u00e1 de nuevo, y buscar un delantero centro que asegure 25 goles por temporada.<\/p>\n<p>P.- Buenos d\u00edas , personalmente a quien prefieres a Kaka o a Cesc F\u00e1bregas? Crees que Negredo podr\u00eda ser delantero centro para el R.Madrid? , y Granero que opinas de \u00e9l?.Ser\u00e1 repescado? Un saludo<\/p>\n<p>R.- Kaka y Cesc son buen\u00edsimos los dos, y a favor del catal\u00e1n est\u00e1 su condici\u00f3n de espa\u00f1ol e integrante de esa Roja que nos tiene enamorados. pero si soy sincero creo que kak\u00e1 encajar\u00eda mejor porque en el Mil\u00e1n se estaba estancando y en el Bernab\u00e9u podr\u00eda vivir una segunda juventud. En cuanto a Negredo ser\u00eda un 9 de garant\u00edas para el banquillo, pero aun le veo un poco verde para ser titu\u00f1lar en el Madrid. y con Granero, me la jugaba y le recuperaba. El pirata sigue creciendo, y de hecho, salv\u00f3 del descenso al Getafe en Santader con un golazo.<\/p>\n<p>P.- No crees que es una verg\u00fcenza lo del Madrid de Baloncesto, que lo tienen abandonado. Creo que deber\u00eda fichar tambi\u00e9n a los mejores de Europa para el basket. \u00bfCrees que esta vez se tomar\u00e1n en serio el basket?<\/p>\n<p>R.- Una vez que pase el play off de esta semana con el Tau creo que Valdano y Florentino deber\u00edan sentarse seriamente para reconducir una secci\u00f3n que debe ser de nuevo el referente del baloncesto europeo. Me niego a avalar a aquellos que propugnan la eliminaci\u00f3n de la secci\u00f3n se\u00f1alando su escandaloso d\u00e9ficit anual. Florentino debe hacer un equipo competitivo que luche de verdad por la Euroliga, la ACB y la Copa: El Madrid sigue teniendo el mejor palmar\u00e9s eurpeo y es lamentable ver como se arrastran cuando llega la hora de la verdad. Hay que rodear de grandes jugadores a gente comprometida como Reyes, Bullock, Lllul y Hervelle.<\/p>\n","protected":false},"excerpt":{"rendered":"<p>El redactor jefe del Diario AS, Tom\u00e1s Roncero ha charlado con los lectores sobre la actualidad del Real Madrid. <\/p>\n<p>ARCHIVO DE ENTREVISTAS:<\/p>\n<p>26 de mayo &#8211; 19 de mayo &#8211; 12 de mayo &#8211; 5 de mayo &#8211; 28 de abril &#8211; 21 de abril &#8211; 14 de abril &#8211; 07 de abril &#8211; 31 de marzo &#8211; 25 de marzo &#8211; 17 de marzo &#8211; 24 de febrero &#8211; 17 de febrero &#8211; 10 de febrero &#8211; 2 de julio &#8211; 14 de junio <\/p>\n","protected":false},"author":1,"featured_media":0,"comment_status":"open","ping_status":"open","sticky":false,"template":"","format":"standard","meta":{"footnotes":""},"categories":[],"tags":[],"class_list":["post-7561","post","type-post","status-publish","format-standard","hentry"],"_links":{"self":[{"href":"https:\/\/intervius.com\/index.html\/wp-json\/wp\/v2\/posts\/7561","targetHints":{"allow":["GET"]}}],"collection":[{"href":"https:\/\/intervius.com\/index.html\/wp-json\/wp\/v2\/posts"}],"about":[{"href":"https:\/\/intervius.com\/index.html\/wp-json\/wp\/v2\/types\/post"}],"author":[{"embeddable":true,"href":"https:\/\/intervius.com\/index.html\/wp-json\/wp\/v2\/users\/1"}],"replies":[{"embeddable":true,"href":"https:\/\/intervius.com\/index.html\/wp-json\/wp\/v2\/comments?post=7561"}],"version-history":[{"count":0,"href":"https:\/\/intervius.com\/index.html\/wp-json\/wp\/v2\/posts\/7561\/revisions"}],"wp:attachment":[{"href":"https:\/\/intervius.com\/index.html\/wp-json\/wp\/v2\/media?parent=7561"}],"wp:term":[{"taxonomy":"category","embeddable":true,"href":"https:\/\/intervius.com\/index.html\/wp-json\/wp\/v2\/categories?post=7561"},{"taxonomy":"post_tag","embeddable":true,"href":"https:\/\/intervius.com\/index.html\/wp-json\/wp\/v2\/tags?post=7561"}],"curies":[{"name":"wp","href":"https:\/\/api.w.org\/{rel}","templated":true}]}}