{"id":7556,"date":"2009-06-01T00:00:00","date_gmt":"2006-11-06T00:00:00","guid":{"rendered":"https:\/\/intervius.com\/index.html\/?p=7556"},"modified":"2006-11-06T00:00:00","modified_gmt":"2006-11-06T00:00:00","slug":"Alfredo_Relano7556","status":"publish","type":"post","link":"https:\/\/intervius.com\/index.html\/Alfredo_Relano7556\/","title":{"rendered":"Alfredo Rela\u00f1o"},"content":{"rendered":"<p>Pregunta.- Hola Alfredo, no crees que el proyecto de Florentino es de un riesgo alt\u00edsimo teniendo en cuenta que las posibilidades de tener otra temporada en blanco son altas y m\u00e1s con los exitos del Barcelona \u00bf habr\u00e1 paciencia ?<\/p>\n<p>Respuesta.- Paciencia habr\u00e1, porque el prestigio de Florentino se mantiene incolume. en cuanto arriesgado, el f\u00edutbol siempre lo es. hace un a\u00f1o, casi con lso mismos jugadores, el Bar\u00e7a qued\u00f3 a 18 puntos del Madrid y su presidnete salv\u00f3 una moci\u00f3n de censura. No se puede anticipar.<\/p>\n<p>P.- \u00bfC\u00f3mo valora la derrota de Nadal en Roland Garros? \u00bfCree que podr\u00e1 afectar a esa mentalidad gandora que hace tan grande al manacor\u00ed? PD: Estoy alucinando como salen de las cloacas los cr\u00edticos a Nadal. Lo que me conforta es que han tenido que estar ah\u00ed ocultos todo el tiempo que nuestro tit\u00e1n ha arrasado por las canchas de tenis<\/p>\n<p>R.- Nadal perdi\u00f3 un paretido, eso es todo. Este rival le descentra algo, pienso yo, y quiz\u00e1 su firmeza mental no fue la misma ayer. Pero no creo que le afecte. Sinceramente, creo que Nadal seguir\u00e1 siendo el mismo.<\/p>\n<p>P.- Hola Alfredo mi pregunta es sobre Robinho \u00bfno crees que con la \u00fanica persona que pudiera volver Robinho al Madrid,ser\u00eda con Florentino?\u00bf\u00f3 ves m\u00e1s posibilidades de que acabe vistiendo de azulgrana,ya que le gusta mucho a Guardiola?<\/p>\n<p>R.- No creo que Robinho vuelva al f\u00fatbol espa\u00f1ol. me parece que est\u00e1 echado a perder. ha estado aqu\u00ed un tiempo, y solo ha hecho una buena primera vuelta: Del City se va un poco de mala manera: No se si Guardiola ser\u00eda capaz de recuperarle, ni si le interesa. Pero no lo creo.<\/p>\n<p>P.- Hola Alfredo. Cuando Florentino se refiere a cubrir el Bernab\u00e9u y a mejorarlo est\u00e9ticamente, \u00bfa qu\u00e9 se refiere? Adem\u00e1s de la cubierta va a tratar de darle un aspecto similar al del Allianz Arena de Munich o algo as\u00ed? Tambi\u00e9n le escuch\u00e9 en la campa\u00f1a electoral del 2004 que cubrir el Bernab\u00e9u no significaba limitarlo para futuras ampliaciones en el futuro, pero esto \u00faltimo s\u00ed que me parece imposible&#8230; Gracias y un saludo<\/p>\n<p>R.- Se refiere a eso, un techo transl\u00facido que lo salvaguarde de la lluvia y el viento pero no de la luz. Se que tambi\u00e9n quiere mejorar el aspecto de la gfachada, para darle un aire m\u00e1s moderno. En cuanto a sucesivas ampliaciones, no creo que lo tenga en mente. Si acaso, buscar m\u00e1s \u00f1ugares para palcos y m\u00e1s espacios de ocio o restauraci\u00f3n, siempre que la legislaci\u00f3n lo permita.<\/p>\n<p>P.- Hola Alfredo, \u00bfPorque crees que en la Champions el campe\u00f3n nunca repite t\u00edtulo?<\/p>\n<p>R.- Porque es muy dif\u00edcil ganarla, se requiere estar en estado de gracia dos a\u00f1os consecutivos, por encima de la mala suerte. Ya ve: este mismo Bar\u00e7a, rozando la perfecci\u00f3n casi ni llega al a final. Tiempo atr\u00e1s si se repet\u00edan, porque hab\u00eda menos calendario, el f\u00fatbol era menos exigente con los jugadores y los grandes equipos duraban m\u00e1s<\/p>\n<p>P.- Alfredo defineme en 5 adjetivos a Diego Forl\u00e1n,gracias crack!<\/p>\n<p>R.- Goleador, luchador, r\u00e1pido, inteligente y solidario.<\/p>\n<p>P.- Hola: el Madrid es el equpio del mundo que m\u00e1s medias puntas tiene y a mayor abundamineto ahora viene Kak\u00e1, \u00bfpero no cree usted que ni tiene laterales ni extremos ni organizador?<\/p>\n<p>R.- Supongo que tambi\u00e9n van a fichar un organizador (X. Alonso) extremos,(Cristiano y\/o Ribery) y alg\u00fan lateral. Lo de las medias puntas es verdad, pero pienso que dar\u00e1n la baja a m\u00e1s de uno.<\/p>\n<p>P.- Hola Sr.Rela\u00f1o. Vaya por delante mi respeto por c\u00f3mo ha tratado &#8220;As&#8221; los \u00e9xitos del Barcelona. Como debe ser. Lo cort\u00e9s no quita lo valiente y lo primero \u00e9s la informaci\u00f3n. Teniendo en cuenta q la columna vertebral del Bar\u00e7a son Vald\u00e9s, Puyol, Xavi, Messi e Iniesta y q excepto Puyol, los dem\u00e1s son bastante j\u00f3venes, piensa usted q a este Bar\u00e7a le queda cuerda para rato?. Un saludo y muchas gracias. <\/p>\n<p>R.- Lo pienso, pero tambi\u00e9n lo pensaba cuando ganaron la Champions, e hicieron dos a\u00f1os malos. El f\u00fatbol da sorpresas as\u00ed. Desde luego, el equipo es muy joven y muy bueno.<\/p>\n<p>P.- Buenas Don Alfredo, me encanta c\u00f3mo modera habitualmente sus comentarios de opini\u00f3n, que son acertados y sobre todo objetivos y neutrales. Es de agradecer entre tanto forofo period\u00edstico. Mi pregunta es sencilla. \u00bfPasar\u00e1 Florentino otra vez del basket? Porque en su presentaci\u00f3n s\u00f3lo dijo tres palabras y porque un colega vuestro le tir\u00f3 de la lengua. \u00bfC\u00f3mo puede olvidarse de un s\u00edmbolo para todos los espa\u00f1oles como el RM de baloncesto?<\/p>\n<p>R.- No es muy aficionado al basquet, pero creo que lo valora en la medida que le ha dado mucho prestigio al club, incluso ha sido la opci\u00f3n en los a\u00f1os malos del f\u00fatbol. La cuesti\u00f3n es que acierte con la persona que lo lleve.<\/p>\n<p>P.- Buenas Alfredo. Procurando ser objetivos y teniendo en cuenta calidad y logros, \u00bfel podio del Bal\u00f3n de Oro no deber\u00eda estar formado por Messi, Iniesta y Xavi? \u00bfPuede ocurrir?<\/p>\n<p>R.- No creo que ocurra eso, Cristiano Ronaldo tiene meritos para estar. Aunque pueden estar dos de esos (el fijo ser\u00eda Messi) y Cristiano. Pero queda todav\u00eda todo lo que se juegue de septiembre a diciembre, no lo olvide.<\/p>\n<p>P.- Hola Alfredo. D\u00e9jeme decirle que, para mi, usted es de lo mejor del periodismo deportivo. Mi pregunta es \u00bfen qu\u00e9 situaci\u00f3n quedara Raul en el nuevo Madrid de Florentino y Valdano. Muchas Gracias Alfredo.<\/p>\n<p>R.- En la misma que estaba. Seguir\u00e1 luchando contra el tiempo por una titularidad cada vez m\u00e1s discutida y dif\u00edcil. Me lo imagino empezando la temporada como ha acabado esta, como titular discutido.<\/p>\n<p>P.- Buenos d\u00edas, D. Alfredo. \u00bfDe verdad se pueden encontrar argumentos para defender este final de campa\u00f1a del Madrid?. Por muy decidida que est\u00e9 la liga o por mucha falta de motivaci\u00f3n que tenga, 5 derrotas seguidas ccuestan mucho de digerir a los aficionados. Por no hablar de los que se borran&#8230;<\/p>\n<p>R.- No me ha gustado nada, y adem\u00e1s ha ido a peor. Entend\u00ed la desilusi\u00f3n de los dos primeros partidos, pero esta desbandada final es impresentable. Incluso ha dejado en mal lugar a Juande, que deber\u00eda haber exigido m\u00e1s a los jugadores.<\/p>\n<p>P.- Hola Alfredo, llevo un tiempo escuchando de personajes muy variopintos(el ultimo ayer Angel Torres en el Larguero)que la competicion esta adulterada, por el tema de que hay muchos ekipos que ya no se juegan nada, y q hay q cambiar el calendario&#8230;pero a ninguno le escucho que diga c\u00f3mo se podr\u00eda solucionar, y es q yo no le veo soluci\u00f3n, si el Barca gana la liga con 4 jornadas de adelanto y el Madrid pasa de todo pq la mitad del ekipo se va a largar, no es culpa del calendario, o si?? Se te ocurre a ti alguna soluci\u00f3n?? Gracias por atenderme. Saludos<\/p>\n<p>R.- No, no tiene soluci\u00f3n. Es un viejo problema, consustancial al sistema del campeonato de liga, en el que algunos llegan sin nada que ganar ni perder. Las primas a terceros, por un mal camino, convierten en partidos \u00edntegros partidos que hubieran sido falseados<\/p>\n<p>P.- Buenos d\u00edas don Alfredo, acabo de leerle a Roncero en su art\u00edculo de AS que hoy Florentino nombrar\u00e1 a Buyo como responsable de cantera \u00bfEs eso cierto?Si es as\u00ed \u00bfQu\u00e9 te parece? Mejor que Ram\u00f3n Mart\u00ednez \u00bfno? Saludos y muchas gracias<\/p>\n<p>R.- Tom\u00e1s Roncero me asegura que es cierto, as\u00ed que le vamos a creer. No me parece descabellado<\/p>\n<p>P.- En mi opini\u00f3n Ibrahimovic deber\u00eda ser el principal objetivo de Florentino , junto con Xabi Alonso . \u00bf Crees que Kaka se puede comparar actualmente con Zlatan Ibrahimovic ?<\/p>\n<p>R.- Ibrahimovic es un fen\u00f3meno, posiblemente mejor que Kak\u00e1, que lleva dos a\u00f1os un poco p\u00e1lido. Ibrahimovic es un jugador complicado, muy proclive a las broncas. Las ha tenido en su selecci\u00f3n y en el Inter, y eso echa un poco para atr\u00e1s.<\/p>\n<p>P.- Buenos d\u00edas se\u00f1or Rela\u00f1o \u00bfcree usted que en el supuesto que el Real Madrid fichase a Villa podr\u00eda amortizar su coste (35-40 millones de euros) ya que tiene 28 a\u00f1os y le quedan como mucho dos a\u00f1os buenos y si a eso le a\u00f1adimos que est\u00e1 Ra\u00fal, no ser\u00eda much\u00edsimo mejor repescar a Negredo y contratar a Silva?<\/p>\n<p>R.- A lo primero, creo que le pueden quedar cuatro, no dos. Ahora, si me hace escoger, prefiero Silva m\u00e1s Negredo a Villa. Aunque Negredo en el Madrid ser\u00eda un jugador de complemento, un suplente con cierta actividad.<\/p>\n<p>P.- Buenos d\u00edas: Zidane y Valdano fueron dos figuras del f\u00fatbol, \u00bfpero cree usted que retirados y alejados del mercado futbol\u00edstico, conocen o saben qu\u00e9 jugadores buenos se mueven por el mundo?<\/p>\n<p>R.- Tendr\u00eda que estar dentro de ellos para estar seguro. Pero, para el tipo de jugadores que el Madrid necesita, posiblemente s\u00ed. Del gran f\u00fatbol si que est\u00e1n enterados: necesitar\u00e1n colaboradores que manejen mejor la capa intermedia de futbolistas.<\/p>\n<p>P.- Buenos d\u00edas , comienza el inico de un proyecto en el R.Madrid , tengo 35 a\u00f1os y s\u00f3lo recuerdo la \u00e9poca de la quinta del buitre como \u00e9poca de buen f\u00fatbol en el R.Madrid , si he visto buenos partidos cuando estaba Del Bosque,pero echo de menos un estilo pr\u00f3pio,de juego ofensivo no especulativo, que pudiese definir al R.Madrid , para ello a la hora de fichar considero fundamental buenos organizadores en el centro del campo,Cesc deber\u00eda ser una prioridad, me gustar\u00eda saber su opini\u00f3n sobre esto. Gracias<\/p>\n<p>R.- Pienso exactamente igual, eso lo necesita para reconstruir a un Real Madrid que ha dado tantos bandazos en los \u00faltimos a\u00f1os<\/p>\n<p>P.- Menuda jornada m\u00e1s intensa tuvimos ayer, con la pygna entre varios equipos por no descender. \u00bfA qu\u00e9 se cree que se debe, porcentualmente, el hecho que haya ca\u00eddo el m\u00e1s fuerte (te\u00f3ricamente)? &#8211; A los \u00e1rbitros, al poco compromiso de los jugadores, a la mala suerte, a la relajaci\u00f3n de los equipos que no se jugaban nada en las \u00faltimas jorndas<\/p>\n<p>R.- Esto \u00faltimo ha influido y ha favorecido a Osasuna. Pero en realidad se baja por 38 jornadas. El Betis ha estado demasiado confiado en la segudna vuelta, y cuando se ha visto ah\u00ed, se ha puesto muy nervioso. De todas maneras, un gol en cualquiera de los campos hubiera cambiado el nombre del descendido.<\/p>\n<p>P.- Sastre ha hecho un meritorio cuarto puesto en el Giro, parece que su puesta a punto va por buen camino&#8230; \u00bfQui\u00e9nes dir\u00eda, a d\u00eda de hoy, que pueden ser sus grandes rivales de cara a ganar el Tour de Francia?<\/p>\n<p>R.- Contador, desde luego, y tengo bastante curiosidad por ver como anda Armstrong, no ha estado mal en el Giro a pesar de ir tan corto de preparaci\u00f3n, y le habr\u00e1 servido de buena puesta a punto.<\/p>\n<p>P.- Cual es y cu\u00e1l debe ser el perfil ideal, que debe y deber\u00e1 cubrir un periodista deportivo exitoso.<\/p>\n<p>R.- En principio, lo mismo que cualquier periodista. Estar en sinton\u00eda con la sociedad, saber lo que le interesa a \u00e9sta. Y en la especificidad del deportivo, compartir las emociones que el deporte produce. El periodismo deportivo es, sobre todo, la transmisi\u00f3n de la emoci\u00f3n.<\/p>\n<p>P.- Hola Alfredo. Soy florentinista a muerte pero escuchando el otro d\u00eda el Larguero, \u00bfpor qu\u00e9 crees que le cuesta tanto admitir que se equivoc\u00f3 con Del Bosque o por qu\u00e9 no admite que descompens\u00f3 la plantilla con la salida de Makelele y fichando a Owen cuando el Madrid lo que necesitaba era un medio centro o incluso fichando a Beckham cuando ya estaba Figo y no ten\u00eda sitio en el equipo? \u00bfTanto le cuesta reconocer sus errores y hacer autocr\u00edtica? Eso s\u00ed, me alegro y mucho de su vuelta. <\/p>\n<p>R.- Comparto su visi\u00f3n. Me alegro de la vuelta y me preocupa su falta de autocr\u00edtica. Espero que, aunque no lo reconozca, por dentro si tenga claro que ha cometido errores en los que no debe volver a recaer. <\/p>\n","protected":false},"excerpt":{"rendered":"<p>El director del Diario As, Alfredo Rela\u00f1o ha charlado con los lectores sobre la actualidad futbol\u00edstica. <\/p>\n<p>ARCHIVO DE ENTREVISTAS:<\/p>\n<p>-25 de mayo &#8211; 18 de mayo &#8211; 11 de mayo &#8211; 4 de mayo &#8211; 27 de abril &#8211; 20 de abril &#8211; 13 de abril &#8211; 30 de marzo &#8211; 23 de marzo &#8211; 16 de marzo &#8211; 9 de marzo &#8211; 2 de marzo &#8211; 23 de febrero &#8211; 16 de febrero &#8211; 9 de febrero &#8211; 2 de febrero &#8211; 26 de enero &#8211; 19 de enero &#8211; 12 de enero &#8211; 15 de diciembre &#8211; 10 de diciembre &#8211; 1 de diciembre &#8211; 24 de noviembre &#8211; 17 de noviembre &#8211; 10 de noviembre &#8211; 7 de noviembre &#8211; 27 de octubre &#8211; 21 de octubre &#8211; 13 de octubre &#8211; 6 de octubre &#8211; 30 de septiembre &#8211; 22 de septiembre &#8211; 15 de septiembre &#8211; 8 de septiembre &#8211; 1 de septiembre <\/p>\n","protected":false},"author":1,"featured_media":0,"comment_status":"open","ping_status":"open","sticky":false,"template":"","format":"standard","meta":{"footnotes":""},"categories":[],"tags":[],"class_list":["post-7556","post","type-post","status-publish","format-standard","hentry"],"_links":{"self":[{"href":"https:\/\/intervius.com\/index.html\/wp-json\/wp\/v2\/posts\/7556","targetHints":{"allow":["GET"]}}],"collection":[{"href":"https:\/\/intervius.com\/index.html\/wp-json\/wp\/v2\/posts"}],"about":[{"href":"https:\/\/intervius.com\/index.html\/wp-json\/wp\/v2\/types\/post"}],"author":[{"embeddable":true,"href":"https:\/\/intervius.com\/index.html\/wp-json\/wp\/v2\/users\/1"}],"replies":[{"embeddable":true,"href":"https:\/\/intervius.com\/index.html\/wp-json\/wp\/v2\/comments?post=7556"}],"version-history":[{"count":0,"href":"https:\/\/intervius.com\/index.html\/wp-json\/wp\/v2\/posts\/7556\/revisions"}],"wp:attachment":[{"href":"https:\/\/intervius.com\/index.html\/wp-json\/wp\/v2\/media?parent=7556"}],"wp:term":[{"taxonomy":"category","embeddable":true,"href":"https:\/\/intervius.com\/index.html\/wp-json\/wp\/v2\/categories?post=7556"},{"taxonomy":"post_tag","embeddable":true,"href":"https:\/\/intervius.com\/index.html\/wp-json\/wp\/v2\/tags?post=7556"}],"curies":[{"name":"wp","href":"https:\/\/api.w.org\/{rel}","templated":true}]}}