{"id":7554,"date":"2009-06-02T00:00:00","date_gmt":"2006-11-06T00:00:00","guid":{"rendered":"https:\/\/intervius.com\/index.html\/?p=7554"},"modified":"2006-11-06T00:00:00","modified_gmt":"2006-11-06T00:00:00","slug":"Mela_Chercoles7554","status":"publish","type":"post","link":"https:\/\/intervius.com\/index.html\/Mela_Chercoles7554\/","title":{"rendered":"Mela Ch\u00e9rcoles"},"content":{"rendered":"<p>Pregunta.- Hola Mela, \u00bf Nos podias contar que sucedi\u00f3 entre un periodista Aussie y Jorge Lorenzo por el tema de la bandera de lorenzo\u00b4s land??<\/p>\n<p>Respuesta.- Hola a todos. Espero que disfrutarais tanto como yo de los carrerones de Italia. Vamos al l\u00edo. Sucedi\u00f3 durante la carrera de Jap\u00f3n, la primera que gan\u00f3 Lorenzo este a\u00f1o. Un periodista de una cadena de televisi\u00f3n critic\u00f3 a Lorenzo al anunciar lo que suceder\u00eda durante la vuelta de honor y se mof\u00f3 de \u00e9l al se\u00f1alar que a continuaci\u00f3n vendr\u00eda la clavada de la bandera de Lorenzos Landl, lo que, a su entender, no era m\u00e1s que una burda imitaci\u00f3n de Valentino Rossi. Esto lleg\u00f3 a o\u00eddos del servicio de prensa de Lorenzo y expresaron su queja ante los responsables de la cadena. \u00c9sta le pidi\u00f3 al periodista una disculpa y \u00e9ste se enroc\u00f3 alegando a la liberta de expresi\u00f3n. La historia es \u00e9sa a grandes rasgos.<\/p>\n<p>P.- Una pregunta r\u00e1pida Mela, d\u00f3nde les ves el a\u00f1o que viene a Lorenzo y Pedrosa? Honda y Ducati respectivamente o crees que seguiran donde est\u00e1n.<\/p>\n<p>R.- Yo creo que lo m\u00e1s normal es que ambos sigan donde est\u00e1n, uno en Yamaha y otro en Honda, pero esto puede dar muchas vueltas todav\u00eda. En Mugello se reunieron los representantes de Lorenzo con Lin Jarvis, de Yamaha, para empezar las negociaciones, y a\u00fan hay muchos asuntos que limar.<\/p>\n<p>P.- Que pasa Mela!!!..despu\u00e9s de la indignante &#8220;sanci\u00f3n y apercibimiento&#8221; a Simoncelli&#8230;qu\u00e9 va a tener que hacer \u00e9ste piloto para que se le sancione dura y ejemplarmente??..Es la direcci\u00f3n de carrera la misma en todos los circuitos??..no deber\u00eda de existir alg\u00fan comit\u00e9 de disciplina ajeno que opere de oficio en estos casos de reincidencia??&#8230;en f\u00edn, que hasta que no mate a alguien no se lo tomar\u00e1n en serio&#8230;Un abrazo y Vsssssssssssss<\/p>\n<p>R.- Estoy completamente de acuerdo contigo en todo lo que dices, sobre todo en lo de que hasta que no haya una desgracia parece que nadie le va a parar los pies a Simoncelli como se merece. La Direcci\u00f3n de Carrera la componen cuatro personas y es la misma en gran premio: Claude Denis por parte de la FIM, Paul Butler (IRTA), Javier Alonso (Dorna) y Franco Uncini (responable de la seguridad de los pilotos. En el AS de ma\u00f1ana publico declaraciones de Javier Alonso al respecto. Te lo recomiendo: P\u00e1gina 30.<\/p>\n<p>P.- Hola Mela. Espero que sigas escribiendo as\u00ed sobre esta pasi\u00f3n que nos une que es la moto. Bueno respecto a los pilotos espa\u00f1oles.. \u00bfcrees que cambiaran la norma de los novatos para el a\u00f1o que viene? \u00bfpodr\u00e0 Bautista obtar a una moto oficial? \u00bfser\u00e1 una de las punteras? \u00bfcrees que Honda cambiara a Dani por Jorge? \u00bfy Dani a ducati? gracias y animos a dani y jorge que sigua con el espectaculo..<\/p>\n<p>R.- Muchas preguntas. Me parece bien, pero habr\u00e1 que ir por partes. La norma por la que los novatos no podr\u00e1n debutar en MotoGP dentro de un equipo oficial va a ir para adelante. Es la forma que tiene Dorna de hacer m\u00e1s apetecibles para los patrocinadores los equipos sat\u00e9lites. En cuanto a Bautista, si ficha por Suzuki s\u00ed que podr\u00e1 debutar en una moto oficial porque con esta marca se va a hacer una excepci\u00f3n, bas\u00e1ndola en que es la \u00fanica marca, porque Kawasaki no cuenta, que no tiene equipo sat\u00e9lite. En cuanto a Honda y Pedrosa, creo que continuar\u00e1n juntos porque no les queda m\u00e1s remedio. Otra cosa es que una de las dos partes se acabe cansando de la otra, algo que tampoco me sorprender\u00eda. Lo que no me imagino en ning\u00fan caso es a Dani subido a una Ducati. <\/p>\n<p>P.- Hola Mela&#8230; Buen Mundial este 2009. Mi pregunta es sobre el asunto Dani Pedrosa&#8230; \u00bfPor qu\u00e9 crees que est\u00e0 teniendo tantas caidas? yo creo que a poco que tenga algo de m\u00e1s suerte estar\u00eda l\u00edder \u00bfPor qu\u00e8 Dani casi que no habla con los de tve? ni ha ido nuca a moto gp club? gracias y a seguir as\u00ed..y nos vemos en montmelo<\/p>\n<p>R.- Eso te lo tendr\u00edan que contestar mejor los compa\u00f1eros de TVE pero, por lo que yo s\u00e9, te puedo decir que Dani Pedrosa no tiene una buena relaci\u00f3n con Ernest Riveras, el narrador de las carreras, al que critic\u00f3 duramente en su columna de El Mundo del a\u00f1o pasado, tras su no carrera de Laguna Seca, porque Riveras hab\u00eda criticado con acierto la espant\u00e1 que Pedrosa dio del circuito sin comparecer ante los enviados especiales all\u00ed presentes. En cuanto a lo de que ser\u00eda l\u00edder con m\u00e1s suerte, s\u00f3lo te puedo decir que las ca\u00eddas forman parte de este deporte y que \u00e9l es un piloto de cristal, porque tiene m\u00e1s tendencia que otros a hacerse da\u00f1o.<\/p>\n<p>P.- hola mela, que tal fiera?, a ver si vas mas a menudo a las retransmisiones de tve que aportes algo en condiciones a sus comentarios, ahi va la pregunta, crees que lorenzo esta teniendo mas exito debido a la incertidumbre del tiempo en las carreras, porque las dos que han sido todo en seco no ha olido a rossi y solo ha podido quedar delante de el en las que ha sido un finde complicado, un saludo tio y enhorabuena por tu BOX34<\/p>\n<p>R.- Voy a la tele cada vez que me lo proponen y he de decirte que me lo paso pipa junto a Crivill\u00e9 y Ernest Riveras. Adem\u00e1s, en Jap\u00f3n tuve la suerte de que en ese MotoGP Club invitaron a Lorenzo y Bautista, por lo que puede hacer que se dieran la mano y firmaran la paz de Mugello de 2007. Respecto a tu pregunta, te recuerdo que la victoria de Lorenzo en Jap\u00f3n fue en una carrera que se disput\u00f3 en seco de principio a fin. Acu\u00e9rdate de la pasada que le peg\u00f3 en la frenada de la recta de atr\u00e1s. Los dos se midieron mano a mano y Rossi sac\u00f3 su pierna derecha m\u00e1s que nunca, pero no intimid\u00f3 al espa\u00f1ol. Y el pasado domingo, en Mugello, el final de la carrera se disput\u00f3 tambi\u00e9n en seco y mantuvo raya a Rossi. Es m\u00e1s, estaba m\u00e1s pendiente de coger a Stoner que de contener a Valentino. Estoy deseando ver el primer cuerpo a cuerpo entre ambos de principio a fin.<\/p>\n<p>P.- Hola amigo Mela!! grande Lorenzo demostrando que no es flor de 1 d\u00eda y que va a luchar por el campeonato!!! crees que esta derrota ha sido la m\u00e1s dolorosa para Rossi (sus 2 rivales luchando por la victoria por delante y en Italia)??? respecto a Pedrosa, desde aqu\u00ed le mando todos mis animos para su recuperaci\u00f3n, pero yo me pregunto si deber\u00eda desprenderse de Puig ya que creo que es un lastre para su carrera en la actualidad. Respecto de Simoncelli cuantas advertencias necesita para calmarse?? debemos esperar a que deje a algun compa\u00f1ero en una silla de ruedas o peor a\u00fan?? es vergonzoso!!! abrazos lorencistas<\/p>\n<p>R.- Ha sido una derrota doloros\u00edsima para Valentino, porque fue doble y, adem\u00e1s, Lorenzo le bati\u00f3 siendo su compa\u00f1ero de box, con las mismas armas y habiendo tenido una ca\u00edda en la vuelta de formaci\u00f3n de parrilla que para cualquier otro hubiera supuesto cargarse sus posibilidades de hacer una buena carrera. Lo que dices sobre Pedrosa y Puig es una opini\u00f3n que cada vez est\u00e1 m\u00e1s extendida en el paddock, aunque tambi\u00e9n te digo que es de bien nacido el ser agradecido y Pedrosa le debe much\u00edsimo a Puig. Lo de Simoncelli es el cuento de nunca acabarb y resulta una aut\u00e9ntica verg\u00fcenza que vaya a poder tomar parte en la cita de Montmel\u00f3, la misma que deber\u00eda ver desde casa por c\u00f3mo se comport\u00f3 con Bautista y, sobre todo, por ser tan reincidente. Ya ver\u00e1s como el d\u00eda que suba a MotoGP se achanta m\u00e1s. <\/p>\n<p>P.- Hola Mela, \u00bfQu\u00e9 le pas\u00f3 a Sergio Gadea en la carrera, es decir, saliendo delante y dem\u00e1s c\u00f3mo termin\u00f3 mal? Un saludo.<\/p>\n<p>R.- Problemas de motor arruinaron su carrera desde el principio. Not\u00f3 desde la vuelta de reconocimiento que el motor no sub\u00eda de vueltas y que se le ahogaba. Seg\u00fan fueron pasando las vueltas, fue a peor y lleg\u00f3 a par\u00e1rsele la moto en una chicane. Una l\u00e1stima porque hab\u00eda brillado durante los entrenamientos.<\/p>\n<p>P.- Hola Mela, \u00bfhabiendo Pedrosa corrido ya en Mugello con el hueso que tiene roto, por que est\u00e1 a\u00fan en duda su participaci\u00f3n para el GP de Catalunya? Un saludo.<\/p>\n<p>R.- Porque ya antes de la carrera de Mugello ten\u00eda dudas de si deb\u00eda tomar la salida o no. Lo hizo infiltrado y, como se pudo ver en carrera, estaba sufriendo una barbaridad para coger unos m\u00edseros puntos, porque se cay\u00f3 cuando rodaba el und\u00e9cimo, diez puestos m\u00e1s retrasados de lo que le vimos a la salida de la primera curva, donde se puso l\u00edder. De todos modos, ayer supo que la fractura no tiene desplazamiento y con reposo llegar\u00e1 a tiempo para la cita de casa, creo.<\/p>\n<p>P.- adios a dani pedrosa.\u00bfCrees que puede ser su ultimo a\u00f1o en honda? Si se va de Honda comenzara su deambular por la parrilla como Hayden o Nakano <\/p>\n<p>R.- Est\u00e1 claro que si se va de Honda no va a llegar como piloto n\u00famero uno ni a Yamaha ni a Ducati. Ya he dicho antes que creo que al final acabar\u00e1 qued\u00e1ndose donde est\u00e1, aunque tiene que ponerse las pilas para ganarse la renovaci\u00f3n, porque este es su cuarto a\u00f1o en el equipo oficial Honda, al que siempre se ha considerado el mejor del mundo, y el t\u00edtulo no acaba de llegar. Este a\u00f1o a\u00fan no lo tiene perdido, pero s\u00ed que muy cuesta arriba cuando s\u00f3lo han pasado cinco carreras. Lo digo porque en realidad tiene que recuperar 86 puntos, los 33 de Stoner, los 29 de Lorenzo y los 24 de Rossi. Son tres los que tienen que ir pinchando, y sin que \u00e9l lo haga ya&#8230;<\/p>\n<p>P.- Hola Mela, \u00bfcrees que Aprilia volver\u00e1 a Motogp?<\/p>\n<p>R.- De momento su idea es afianzarse en las Superbikes y empezar a vender motos en este campeonato como han hecho tantos a\u00f1os en el de 250cc y 125cc. El nuevo Moto2 no les interesa, porque ser\u00e1 mucho m\u00e1s econ\u00f3mico que el actual 250cc, donde llegaban a cobrar cerca de 1,2 millones las RSA oficiales. Un atraco.<\/p>\n<p>P.- Buenas tardes Mela,me gustar\u00eda opinara sobre si la envergadura de Simoncelli,si la cree determinante y es una ventaja adicional,en el cuerpo a cuerpo,para adelantar con contacto,como ocurre en muchas ocasiones,con este piloto(marrullero).Aparte sobre Bautista,que pronostica que har\u00e1 en moto Gp.Gracias<\/p>\n<p>R.- La envergadura no creo que sea una ventaja porque, aunque es cierto que tapa m\u00e1s hueco con saca la pierna en medio de una curva, esa misma pierna se recoge inmediatamente si una moto rival la quita del medio. Eso es para ser adelantado. Y en cuanto a la hora de adelantar, pasa antes la rueda delantera que el cuerpo del piloto. Su corpulencia no le beneficia en estos casos y, en realidad, deber\u00eda ser m\u00e1s un problema ser m\u00e1s pesado que sus rivales, porque puede perjudicarle a la hora de las aceleraciones y de conservar neum\u00e1ticos en las frenadas. En todo caso, es un aut\u00e9ntico marrullero. Es m\u00e1s, para m\u00ed es el piloto m\u00e1s sucio del mundo, sobre todo por reincidente.<\/p>\n<p>P.- Hola Mela! \u00bfPor qu\u00e9 los comisarios siguen sin atreverse a sancionar a Simoncelli despu\u00e9s de todas las barrabasadas que ha cometido en estos dos \u00faltimos a\u00f1os? \u00bfEs porque es italiano, porque es campe\u00f3n del mundo, porque es amigo de Rossi? Si no, no me lo explico&#8230;<\/p>\n<p>R.- Yo tampoco me lo explico. Lo \u00fanico que te puedo decir es el razonamiento que me ha dado Javier Alonso, de Direcci\u00f3n de Carrera. Dice que no cuentan las barrabasadas del a\u00f1o pasado y que la temporada la empiezan todos de cero, por lo que no se puede pedir una tarjeta roja por doble amarilla, la del pasado domingo y la del a\u00f1o pasado cuando tir\u00f3 en este mismo circuito de Mugello a Barber\u00e1 en plena recta.<\/p>\n<p>P.- Hola Mela,creo que la categoria moto gp le queda grande a Pedrosa y te pregunto no crees tu que a Pedrosa le llego su cuarto de hora y mi o otra pregunta es no crees tu que a Rossi ya le esta pegando el calendario ya que no le veo tanta agresividad en las carreras, gracias y viva Rossi<\/p>\n<p>R.- Est\u00e1 bien que acabes con un Viva Rossi porque me parec\u00eda que le quer\u00edas enterrar antes de tiempo. S\u00f3lo tiene 30 a\u00f1os. Hace unas temporadas \u00e9sa era la edad perfecta para ser campe\u00f3n del mundo de la clase reina. Lo que pasa es que te dejas llevar por los 22 a\u00f1os de Lorenzo y los 23 de Stoner. El futuro est\u00e1 claro que es de ellos, pero el presente lo comparten con Rossi y, si alguno de los dos logra batirle este a\u00f1o, firmar\u00e1 una gesta para la historia. En cuanto a Pedrosa, est\u00e1 claro que \u00e9ste tampoco es su a\u00f1o. Espero que se recupere para Montmel\u00f3 y all\u00ed pueda resurgir, porque es un circuito en el que el a\u00f1o pasado les dio un ba\u00f1o a toos.<\/p>\n<p>P.- hola otra vez Mela. Se le veia a Rossi ligeramente contrariado en la entrevista despues de carrera. se nota que Lorenzo esta ganando en solidez y que la Ducati va bien en circuitos que no le beneficiaban yo creo que las yamaha tambien daran guerra en los circuitos Ducati. Como valorarias la moral y posibilidades de los favoritos a ganar el titulo ahora mismo? gracias<\/p>\n<p>R.- Llevo diciendo desde la pretemporada que mi favorito n\u00famero uno al t\u00edtulo es Casey Stoner, y me ratifiqu\u00e9 de ello cuando, tras la carrera de Le Mans, estaba a s\u00f3lo un punto del liderato habiendo pasado por dos circuitos tan antip\u00e1ticos para \u00e9l como el de Jerez y Le Mans. Dicho esto, tambi\u00e9n es el que menos me apetece que gane, porque me parece bastante soberbio, sobre todo cuando las cosas le salen mal. Si tuviera que ofrecer porcentajes entre los favoritos, lo har\u00eda as\u00ed: 35% para Stoner; 30% para Lorenzo; 30% para Rossi; y 5% para Pedrosa, por si hay milagro.<\/p>\n<p>P.- Que te parece la actitud de Simoncelli, encima quej\u00e1ndose de que los espa\u00f1oles tienen trato de favor. Si subiera a GP, a lo mejor Rossi dejaba de ser tan amigo suyo, \u00bfno crees?<\/p>\n<p>R.- Estoy deseando verle enrolado en una refriega de MotoGP. Ah\u00ed le van a cortar las alas, si es que no prefiere irse antes a las Superbikes de la mano de Gilera. Recuerda c\u00f3mo fue el arranque de Toseland en Qatar el a\u00f1o pasado, pele\u00f3n a m\u00e1s no poder, y lo r\u00e1pido que le saltaron al cuello gallos como Capirossi. A Simoncelli, a d\u00eda de hoy, s\u00f3lo lo puede frenar en 250cc Barber\u00e1. Espero que deje de tener problemas tontos de una maldita vez, como que se le empa\u00f1e el casco, y pelee a partir de ahora siempre por el podio y las victorias. Simoncelli es al que m\u00e1s teme.<\/p>\n<p>P.- hola Mela, me encanta ver correr a Lorenzo en la pista, pero cuando se quita el casco para hablar&#8230; no me cuadran mucho sus modos y maneras, c\u00f3mo es cara a cara?<\/p>\n<p>R.- Es un chaval genial, te lo aseguro. Mira, Lorenzo no ha tenido una infancia normal. Fue criado y entrenado desde ni\u00f1o para ser campe\u00f3n del mundo. \u00c9l mismo reconoce que creci\u00f3 asilvestrado, dicho con cari\u00f1o. Ha sido con el paso de los a\u00f1os, especialmente los \u00faltimos, cuando ha empezado a pensar tambi\u00e9n en la gente de su alrededor, de su equipo, y a cultivarse como persona. Lee un mont\u00f3n de libros de autoayuda y biograf\u00edas de grandes personajes para intentar aprender de ellos. En 2006, el a\u00f1o de su primer t\u00edtulo, madur\u00f3 en dos semanas, entre Le Mans y Mugello, lo que otros en a\u00f1os. Es cierto que a veces le pierden sus ganas de filosofar, pero lo hace con la mejor de las intenciones. Lo m\u00e1s importante de todo, es que cada d\u00eda intenta ser mejor persona. As\u00ed es en el cara a cara. Lo juro.<\/p>\n<p>P.- que piensas de Julian simon y de sus posibles opciones de futuro<\/p>\n<p>R.- Estamos ante el pr\u00f3ximo campe\u00f3n del mundo de 125cc. En Mugello tuvo un problema con el motor de su Aprilia, porque se le disparaba la temperatura del radiador a los 90 grados, y no pudo pelear por el victoria con Smith de igual a igual por ese motivo. Como me dijo Aspar despu\u00e9s, tuvo la suerte del campe\u00f3n.<\/p>\n<p>P.- Hola Mela, creo que si finalmente el equipo sat\u00e9lite de Yamaha ficha a Simoncelli y Spies, con Lorenzo Y Rossi en el Oficial ser\u00e1 la marca a batir en los pr\u00f3ximos a\u00f1os. \u00bfqu\u00e9 debe hacer Honda para que esto no ocurra? Un saludo<\/p>\n<p>R.- Un mot\u00f3n con el que Pedrosa se sienta tan a gusto que pueda pilotar todas las carreras al cien por cien de sus posibilidades. El problema es que para eso suceda el piloto tiene que marcar el camino a seguir y Pedrosa no ha sido el mejor en ese sentido precisamente.<\/p>\n","protected":false},"excerpt":{"rendered":"<p>El enviado especial del Diario As a los grandes premios de Motociclismo, Mela Ch\u00e9rcoles, ha charlado con los lectores de AS.COM sobre el GP de Italia . <\/p>\n<p>ARCHIVO DE ENTREVISTAS:<\/p>\n<p>-GP de Francia &#8211; GP de Espa\u00f1a &#8211; GP de Jap\u00f3n &#8211; GP de Jap\u00f3n &#8211; GP de Jap\u00f3n &#8211; GP de Indian\u00e1polis &#8211; GP de San Marino &#8211; GP de la Rep\u00fablica Checa &#8211; GP de EEUU &#8211; GP de Holanda &#8211; GP de Catalunya &#8211; GP de Italia &#8211; GP de Francia &#8211; GP de China &#8211; GP de Portugal &#8211; GP de Espa\u00f1a &#8211; GP de Qatar <\/p>\n","protected":false},"author":1,"featured_media":0,"comment_status":"open","ping_status":"open","sticky":false,"template":"","format":"standard","meta":{"footnotes":""},"categories":[],"tags":[],"class_list":["post-7554","post","type-post","status-publish","format-standard","hentry"],"_links":{"self":[{"href":"https:\/\/intervius.com\/index.html\/wp-json\/wp\/v2\/posts\/7554","targetHints":{"allow":["GET"]}}],"collection":[{"href":"https:\/\/intervius.com\/index.html\/wp-json\/wp\/v2\/posts"}],"about":[{"href":"https:\/\/intervius.com\/index.html\/wp-json\/wp\/v2\/types\/post"}],"author":[{"embeddable":true,"href":"https:\/\/intervius.com\/index.html\/wp-json\/wp\/v2\/users\/1"}],"replies":[{"embeddable":true,"href":"https:\/\/intervius.com\/index.html\/wp-json\/wp\/v2\/comments?post=7554"}],"version-history":[{"count":0,"href":"https:\/\/intervius.com\/index.html\/wp-json\/wp\/v2\/posts\/7554\/revisions"}],"wp:attachment":[{"href":"https:\/\/intervius.com\/index.html\/wp-json\/wp\/v2\/media?parent=7554"}],"wp:term":[{"taxonomy":"category","embeddable":true,"href":"https:\/\/intervius.com\/index.html\/wp-json\/wp\/v2\/categories?post=7554"},{"taxonomy":"post_tag","embeddable":true,"href":"https:\/\/intervius.com\/index.html\/wp-json\/wp\/v2\/tags?post=7554"}],"curies":[{"name":"wp","href":"https:\/\/api.w.org\/{rel}","templated":true}]}}