{"id":7543,"date":"2009-06-05T00:00:00","date_gmt":"2006-11-06T00:00:00","guid":{"rendered":"https:\/\/intervius.com\/index.html\/?p=7543"},"modified":"2006-11-06T00:00:00","modified_gmt":"2006-11-06T00:00:00","slug":"Fernando_Valverde7543","status":"publish","type":"post","link":"https:\/\/intervius.com\/index.html\/Fernando_Valverde7543\/","title":{"rendered":"Fernando Valverde"},"content":{"rendered":"<p>Pregunta.- \u00bfQu\u00e9 tiene que hacer los libreros para sobrevivir en los proximos a\u00f1os enfrente de nuevos tecnologias como el Kindle? <\/p>\n<p>Respuesta.- En primer lugar, que no cunda el p\u00e1nico. El reto digital es una oportunidad para el sector del libro. Las respuestas han de ser sectoriales y deben buscar preservar desde los derechos de autor de los creadores, hasta los procesos de edici\u00f3n y venta de los libros. Es seguro que cambiar\u00e1n algunas cosas y se establecer\u00e1n nuevas relaciones en el nuevo entorno. Creo sinceramente que la ampliaci\u00f3n de lectores que los nuevos dispositivos de lectura ofrecen (no solo los e-book) es una noticia que tiene que alegrar a todos los que trabajamos con los libros. Los libreros, por otra parte han de organizarse para afrontar juntos, y en funci\u00f3n de intereses concretos, inversiones y estrategias que nos permitan competir en el nuevo entorno.<\/p>\n<p>P.- Hola desde Carolina del Norte. \u00bfQu\u00e9 hacen con los libros que no se venden? \u00bfLos devuelven a la casa editora? \u00bfLos donan? O \u00bflos venden por un precio risible? Muchas gracias.<\/p>\n<p>R.- La gran mayor\u00eda de libros que llegan a las librer\u00edas lo hacen con derecho a devoluci\u00f3n. Excepcionalmente, y en funci\u00f3n de determinados segmentos de mercado esta devoluci\u00f3n queda limitada a un porcentaje sobre las compras. Cada vez es m\u00e1s frecuente que las comerciales de las editoriales nos anticipen con bastante antelaci\u00f3n la producci\u00f3n futura, con lo que es posible que los libreros hagan sus pedidos de forma m\u00e1s ajustada, y esto permita a los editores ajustar tiradas. En cualquier caso las devoluciones son un problema muy serio en un sector que apenas pone l\u00edmite a lo que se edita.<\/p>\n<p>P.- \u00bfQu\u00e9 opina de la masificacion de libros en las libreria? Explico la pregunta: trabajo en una librer\u00eda y cuando hay un tema que gusta a los lectores las editoriales se encargan de quemarlo: por ejemplo, la novela historica o, lo \u00faltimo, la novela de vampiros. Yo ceo que hoy en d\u00eda la industria del libro est\u00e1 como la industria de pisos, hay demadiados para tan pocos. un saludo<\/p>\n<p>R.- Los demasiados libros son por una parte un problema para las librer\u00edas, pero sobre el que poco podemos decir. El oficio de Librero consiste en definitiva en &#8220;seleccionar&#8221;. Y hacerlo con un criterio de calidad literaria, de edici\u00f3n, etc, que nos permita diferenciarnos en nuestras librer\u00edas de la competencia. Sobre todo de la competencia de las &#8220;grandes superficies&#8221; donde no hay m\u00e1s selecci\u00f3n que el descuento que obtienen del editor y la oprtunidad demercado que ofrecen los best sellers.<\/p>\n<p>P.- \u00bfPor qu\u00e9 le concedieron el Premio Nacional de Fomento de la lectura?<\/p>\n<p>R.- Cegal (Confederaci\u00f3n espa\u00f1ola de gremios y asociaciones de libreros) viene desplegando desde hace ya una d\u00e9cada una labor para dar visibilidad al trabajo de los libreros espa\u00f1oles. Trabajo que empieza por valorar la labor de selecci\u00f3n, de oferta y de atenci\u00f3n a nuestros clientes, y que se contin\u00faa en muchas librer\u00edas con acciones de extensi\u00f3n cultural y de fomento de la lectura: presentaciones de libros, tertulias en las librer\u00edas, animaci\u00f3n con los lectores infantiles, etc. En 1999 creamos con ayuda de la Direcci\u00f3n general del Libro el Premio Librero Cultural que premia la labor de una librer\u00eda por su trayectoria en la animaci\u00f3n y el fomento lector<\/p>\n<p>P.- Recomi\u00e9ndeme un libro. \u00bfQu\u00e9 lee usted en estos momentos?<\/p>\n<p>R.- De los \u00faltimos libros que he le\u00eddo me atrevo a recomendar &#8220;Adi\u00f3s, Shanghai&#8221; de Angel Wagenstein, editado por Libros del Asteroide. Este autor tiene publicado en la misma editorial &#8220;El Pentateuco de Isaac&#8221;. Los dos libros exploran las atrocidades del r\u00e9gimen nazi en la segunda guerra mundial. Son expl\u00e9ndidos. Tambi\u00e9n recomiendo la segunda novela de Domingo Villar :&#8221;la playa de los ahogados&#8221;, editada por Siruela. Personajes muy bien trabajados, ambiente gallego y marinero y buenas dosis de humor. Por \u00faltimo, est\u00e1 a punto de aparecer &#8220;El hombre mojado no teme la lluvia&#8221; de Olga Rodr\u00edguez, periodista que cubri\u00f3 la guerra de Irak y que ya nos dej\u00f3 un hermoso libro entonces. Ahora vuelve para contarnos las historias que nadie cuenta, la vida cotidiana en tierras arrasadas y ocupadas. Estoy emocionado ley\u00e9ndolo<\/p>\n<p>P.- \u00bfQu\u00e9 opina de los best sellers?<\/p>\n<p>R.- La palabra best seller tiene entre las gentes de libros connotaciones negativas, asociadas a lo que se vende en grandes superficies, y a la mala calidad. Mucho de eso sin duda que hay. Pero no hay que olvidar lo magn\u00edficos best seller que son Cien a\u00f1os de Soledad o La Fiesta del Chivo por poner dos entre los much\u00edsimos ejemplos. <\/p>\n<p>P.- \u00bfEs verdad que el sector del libro est\u00e1 aguantando mejor la crisis que el resto? Saludos<\/p>\n<p>R.- En nuestro sector, sobre todo en el segmento de las librer\u00edas, nunca hubo grandes momentos de euforia de ventas. Es verdad que el libro demuestra una mayor resistencia pero este sector no se libra del mal momento econ\u00f3mico. Las librer\u00edas, seg\u00fan los estudios del observatorio de la librer\u00eda que realizamos desde finales de los 90, arrojan una rentabilidad que oscila entre 0 y 2,5 %. Cualquier merma en las ventas, hace que nos entre agua en la boca.<\/p>\n<p>P.- \u00bfQu\u00e9 fue de la figura de librero amigo de sus clientes y de aquellas charlas que se formaban en las librer\u00edas? \u00bfDestruyen las grandes superficies al peque\u00f1o librero?<\/p>\n<p>R.- Esa figura est\u00e1 m\u00e1s viva que nunca. Las librer\u00edas independientes siguen siendo preferentes en los barrios de las grandes ciudades y en los pueblos de nuestra geograf\u00eda. Es enorme la actividad cultural que se despliega desde ellas.<\/p>\n<p>P.- Nani un abrazo desde Vic\u00e1lvaro y mucha fuerza para la tarea <\/p>\n<p>R.- Gracias amigos. Los clientes son quienes mantienen nuestros &#8220;negocios&#8221;. Sois vosotros los que nos anim\u00e1is a continuar.<\/p>\n<p>P.- \u00bfQu\u00e9 opina del tratamiento que dan a los libros en las grandes superficies? En algunas los suelen colocar por editoriales, en vez de por g\u00e9neros y los\/as dependientes\/as parecen no haber abierto un libro en su vida. Pura mercanc\u00eda.<\/p>\n<p>R.- En las grandes superficies se &#8220;despachan&#8221; libros. Estoy seguro que en muchas de ellas hay estupendos lectores, pero ni son mayor\u00eda, ni est\u00e1n en ambientes que permitan seleccionar con criterio. Prima la rentabilidad del metro cuadrado. Lo m\u00e1s rentable en el segmento editorial suele ser lo de pero calidad.<\/p>\n<p>P.- \u00bfQu\u00e9 opina de las cafebrer\u00edas, librer\u00edas donde al mismo tiempo se puede comer, comprar pel\u00edculas, asistir a alg\u00fan recital de poemas o m\u00fasica, etc? \u00bfPueden ser la v\u00eda para la salvaci\u00f3n de muchas librer\u00edas?<\/p>\n<p>R.- Cualquier modelo de negocio viable ha de ser bienvenido. En Espa\u00f1a no hay muchos casos, aunque cada vez aparecen m\u00e1s intentos. Lo importante, a mi juicio, es saber si queremos poner una librer\u00eda que incorpore los servicios de hosteler\u00eda y de animaci\u00f3n como algo secundario, o sea lo segundo lo que acabe comi\u00e9ndose lo primero. Ser librero exige una enorme dedicaci\u00f3n para ofrecer servicios de calidad a los lectores.<\/p>\n<p>P.- Tengo una hija de 13 a\u00f1os, no es que lea, es que se bebe los libros. Al final ha tenido que cogerle el gusto a releer hasta seis veces los mismos porque yo no me puedo permitir m\u00e1s de dos o tres libros al mes. \u00bfNo hay alguna forma para que la literatura juvenil tenga unos precios m\u00e1s asequibles? Mientras no bajen los precios el \u00edndice de lectura de mi hija ser\u00e1 de 2-3 al m\u00e9s, pero no por gusto.<\/p>\n<p>R.- Celebro que tengas una hija as\u00ed. Yo creo, pero mi opini\u00f3n es interesada, que los libros no son caros. En el segmento de la literatura infantil y juvenil hay muchas colecciones en formatos de bolsillo a precios asequibles. En cualquier caso la red de bibliotecas es cada vez mejor en Espa\u00f1a, y pueden y deben cubrir situaciones como la que cuentas<\/p>\n<p>P.- \u00bfC\u00f3mo cree usted que se puede incrementar el \u00edndice de lectura?<\/p>\n<p>R.- Creo que Espa\u00f1a padece un problema secular. Los libros han estado poco presentes en nuestra historia moderna. No digamos el papel que ha ocupado la ciencia o la investigaci\u00f3n. Aunque se hacen enormes esfuerzos, los resultados no son los esperados. Para fomentar la lectura, deber\u00eda haber m\u00e1s gasto p\u00fablico en libros. Se deber\u00edan doblar los presupuestos de Investigaci\u00f3n y de Educaci\u00f3n, y ya nos gustar\u00eda ver a pol\u00edticos, agentes sociales, etc con libros en la mano de vez en cuando<\/p>\n<p>P.- Hola, Fernando, de librero a librero \u00bfQu\u00e9 papel tendremos en un futuro en el mundo del libro?<\/p>\n<p>R.- En el mundo de los libros palpables todav\u00eda vamos a dar mucha guerra. Lo digital, en la medida que el sector sea inteligente, ha de quedar integrado, al menos en una buena parte, en la misma cadena de valos que el libro representa. Se me antoja que tendremos que afrontar cambios y establecer estrategias conjuntas, entre los libreros, y por supuesto con el sector editorial. Mucho \u00e1nimo Rodrigo.<\/p>\n<p>P.- Buenas tardes, \u00bfQu\u00e9 opini\u00f3n le merece que se haya prohibido de forma expl\u00edcita la presencia del libro electr\u00f3nico en esta edici\u00f3n de la Feria del Libro de Madrid? \u00bfLo que no queremos ver no nos hace da\u00f1o o&#8230;?<\/p>\n<p>R.- La Feria del Libro no puede amparar lo que todav\u00eda no existe. En el momento presente se empiezan a vender en algunas librer\u00edas los &#8220;dispositivos de lectura&#8221;. Para entendernos: los cacharros. Tampoco la Feria permite vender tel\u00e9fonos m\u00f3viles, reproductores de DVD, etc. Los libros digitales son todav\u00eda una an\u00e9cdota en nuestro mercado. Estoy seguro que la Feria no se enfrentar\u00e1 a esta nueva realidad, cuando efectivamente sea realidad. En estos d\u00edas ha tenido lugar en la Feria un interesante encuentro, en tres jornadas, de expertos que han arrojado alguna luz sobre el futuro que viene. Que viene para quedarse, pero no para desplazar al papel.<\/p>\n<p>P.- \u00bfC\u00f3mo recibe usted las cr\u00edticas de quienes (la mayor\u00eda autores) consideran que las ferias de libros (como la de Madrid o de Sant Jordi) s\u00f3lo sirven para que libreros y editoriales se llenen los bolsillos y que no tienen nada que ver con la literatura?<\/p>\n<p>R.- Desgraciadamente no conozco a ning\u00fan librero que se llene los bolsillos en la Feria del Libro de Madrid. Tampoco ning\u00fan autor, y en el marco de la feria convivo con muchos, que se haya expresado de semejante manera. Los autores, incluso los que venden se maravillan de la fiesta popular que es esta feria, y comprueban lo que cuesta vender los libros.<\/p>\n<p>P.- \u00bfQu\u00e9 opina del sistema de pr\u00e9stamo de libros de ense\u00f1anza que est\u00e1 implantado en algunos centros escolares?, \u00bfde qu\u00e9 manera afecta al sector librero?<\/p>\n<p>R.- Tenemos tantos sistemas como Autonom\u00edas hay en Espa\u00f1a. Es bastante disparatado. Cegal es mayoritariamente partidaria de sistemas de co-pago, que permiten a los alumnos una relaci\u00f3n con los libros bien distinta a la que se establece sobre algo que nunca es tuyo. <\/p>\n","protected":false},"excerpt":{"rendered":"<p>. La Confederaci\u00f3n Espa\u00f1ola de Libreros est\u00e1 empe\u00f1ada en aumentar los \u00edndices de lectura en nuestro pa\u00eds. Esa labor le ha valido a la organizaci\u00f3n el Premio Nacional de Fomento de la Lectura. El presidente de esta confederaci\u00f3n, Fernando Valverde, ha charlado con los lectores sobre libros y literatura. <\/p>\n","protected":false},"author":1,"featured_media":0,"comment_status":"open","ping_status":"open","sticky":false,"template":"","format":"standard","meta":{"footnotes":""},"categories":[],"tags":[],"class_list":["post-7543","post","type-post","status-publish","format-standard","hentry"],"_links":{"self":[{"href":"https:\/\/intervius.com\/index.html\/wp-json\/wp\/v2\/posts\/7543","targetHints":{"allow":["GET"]}}],"collection":[{"href":"https:\/\/intervius.com\/index.html\/wp-json\/wp\/v2\/posts"}],"about":[{"href":"https:\/\/intervius.com\/index.html\/wp-json\/wp\/v2\/types\/post"}],"author":[{"embeddable":true,"href":"https:\/\/intervius.com\/index.html\/wp-json\/wp\/v2\/users\/1"}],"replies":[{"embeddable":true,"href":"https:\/\/intervius.com\/index.html\/wp-json\/wp\/v2\/comments?post=7543"}],"version-history":[{"count":0,"href":"https:\/\/intervius.com\/index.html\/wp-json\/wp\/v2\/posts\/7543\/revisions"}],"wp:attachment":[{"href":"https:\/\/intervius.com\/index.html\/wp-json\/wp\/v2\/media?parent=7543"}],"wp:term":[{"taxonomy":"category","embeddable":true,"href":"https:\/\/intervius.com\/index.html\/wp-json\/wp\/v2\/categories?post=7543"},{"taxonomy":"post_tag","embeddable":true,"href":"https:\/\/intervius.com\/index.html\/wp-json\/wp\/v2\/tags?post=7543"}],"curies":[{"name":"wp","href":"https:\/\/api.w.org\/{rel}","templated":true}]}}