{"id":7537,"date":"2010-10-06T00:00:00","date_gmt":"2006-11-06T00:00:00","guid":{"rendered":"https:\/\/intervius.com\/index.html\/?p=7537"},"modified":"2006-11-06T00:00:00","modified_gmt":"2006-11-06T00:00:00","slug":"Juanma_Trueba7537","status":"publish","type":"post","link":"https:\/\/intervius.com\/index.html\/Juanma_Trueba7537\/","title":{"rendered":"Juanma Trueba"},"content":{"rendered":"<p>Pregunta.- Juanma me encantan todas las virtudes( incluso los defectos) que se esconden bajo la sombra de tu pluma pero perdoname si me inclino m\u00e1s por preguntarte sobre tus intereses literarios. Yo prefiero los libros de historia, anteponiendolos a las novelas. \u00bfQu\u00e9 puedes aconsejarme? <\/p>\n<p>Respuesta.- A m\u00ed de historia me interesan cosas muy dispares. Despu\u00e9s de un viaje a M\u00e9xico qued\u00e9 fascinado por la figura de Hern\u00e1n Cort\u00e9s y todav\u00eda leo cuando cae en mi mano. Entre lo mejor, La conquista de M\u00e9xico, de Hugh Thomas. Ultimamente he le\u00eddo Tlaxcala, un interesante libro de Chema Buceta, hombre polifac\u00e9tico y, entre otras cosas, psic\u00f3logo deportivo (del Madrid de basket). Tambi\u00e9n me atrae la Guerra Civil espa\u00f1ola y la \u00e9poca de los Kennedy; de ese tiempo te recomiendo 1968. Pero no me tomes por un consejero muy de fiar.<\/p>\n<p>P.- Hola crack. Con el tema del doping en el ciclismo. No cree que ser\u00eda mejor legalizar parte de las sustancias? No digo que eso acabara con el doping (al final se toma para ganar) pero acabar\u00edamos con el farise\u00edsmo de que el tour se corre a 40 km\/h de media bajo un sol de justicia s\u00f3lo con agua del carmen. Y si no, veamos a los de la NBA o a Del Piero y aqu\u00ed nadie se rasga las vestiduras. Cuando digo legalizar parte, hablo de que la salud es lo primero, por supuesto. Gracias.<\/p>\n<p>R.- Rotundamente no. Legalizar ser\u00eda dar la raz\u00f3n a los tramposos y estimularlos a\u00fan m\u00e1s. Y es falso que el dopaje no tenga consecuencias sobre la salud. Todav\u00eda hay casos de futbolistas italianos con el mal de Gehring, que se relaciona directamente con el dopaje. Y no es posible desligar las historias de Pantani o Chava del dopaje y dem\u00e1s farmacopea. \u00bfY qu\u00e9 hacer con los j\u00f3venes? \u00bfTambi\u00e9n les permitimos transfusiones? Por favor&#8230; El ciclismo no necesita del dopaje, entre otras cosas, porque no tiene la exigencia de hacer una marca o batir un r\u00e9cord del mundo. Se puede ir m\u00e1s despacio y se pueden recorrer menos kil\u00f3metros. Sospecho que quienes est\u00e1n a favor de la barra libre se interesan m\u00e1s por el espect\u00e1culo que por las personas.<\/p>\n<p>P.- Muy buenas de nuevo Juanma! Vamos a la pregutas:\u00bfCom\u00f3 cr\u00f3nista de la vuelta como te sientes al saber tras el positivo de Mosquera (del caso Contador hasta que no se aclare no me mojo)que gran parte de la lucha y la \u00e9pica que narrabas, era falsa o al menos adulterada?\u00bfEs posible que alg\u00fan dia te decepcione tanto el ciclismo (m\u00e1s bien sus tramposos? que no lo sigas con inter\u00e9s? Por cierto hablando de cr\u00f3nias y si se puede preguntar&#8230;\u00bfPor qu\u00e9 este pasado fin de semana no hiciste la cr\u00f3nica del Madrid? y ahora las culturales: Me he fijado que la mayor\u00eda de las veces cuando una pel\u00edcula nos gusta, al gustarnos la historia el libro de esa peli nos suele gustar m\u00e1s\u00bfMe podr\u00edas decir tres pel\u00edculas que t ehayan gustado m\u00e1s en el cine que en el papel? Un saludo!!!<\/p>\n<p>R.- Muchas preguntas. Y dif\u00edciles. Sobre el ciclismo te dir\u00e9 que he tomado la decisi\u00f3n de no perder la ilusi\u00f3n. Cuesta explicarlo: me decepcionan los ciclistas, pero me siguen ilusionando las carreras. Y no estoy dispuesto a que me arrebaten eso. De modo que no finjo cuando escribo de bicis, disfruto real y c\u00e1ndidamente. Con respecto a las cr\u00f3nicas del Madrid la idea es que no las compagine los domingos con la contraportada. Y sobre las pelis&#8230; mmm. Creo que me sucede lo contrario, que me gustan los libros y me decepcionan las pel\u00edculas&#8230; Bueno, te dir\u00e9 una: Master y Commander me gust\u00f3 m\u00e1s que los libros que la inspiran.<\/p>\n<p>P.- Hola Juanma! Mucha gente saca conclusiones sobre el papel de la cantera con Mou debido al debut de Juan Carlos, en mi opini\u00f3n se esta exagerando (m\u00e1s que nada porque fue solo 1 partido y con 5-1) pero si he sacado otra conclusi\u00f3n muy positiva que Mou solo piensa en el bien del equipo y saca a quien mejor y m\u00e1s entregado ve. \u00bfNo crees que en esa situaci\u00f3n (o inclusa en marcado mucho m\u00e1s corto) Pelegrinni hubiese sacado a un jugador de la 1\u00ba plantilla solo para que tuviese buena cara (los 20 minutos qe le regalaba siempre a Raul son un ejemplo clar\u00edsimo? Yo sigo convencido que los dos primeros puestos van a ser para Madrid y Barca asique ahora t epido que te mojes&#8230;\u00bfEn qu\u00e9 posici\u00f3n crees que van a quedar el Valencia, Sevilla, Atletico de Madrid y Villareal? Ciao Juanma!<\/p>\n<p>R.- Bien. Me niego a formar parte del pelot\u00f3n de fusilamiento a Pellegrini. Lo critiqu\u00e9 en su d\u00eda, pero no estoy dispuesto a demonizarlo, como se ha hecho desde ciertos medios. No s\u00e9 qu\u00e9 hubiera hecho en la situaci\u00f3n que propones y tampoco creo que el debut de Juan Carlos nos diga mucho sobre las intenciones de Mourinho con la cantera. Tampoco est\u00e1 Ra\u00fal ahora para comparar actitudes. Y ahora, la quiniela: Tras Madrid-Bar\u00e7a, Valencia, Villarreal, Atl\u00e9tico y Sevilla. Por ejemplo.<\/p>\n<p>P.- Bien, parece que Mourinho ser\u00e1 el Rey y el Madird su obra magna. Sin saber muy bien cual es la definici\u00f3n de su estilo, tal vez acabe desplazando de nuestro imaginario colectivo europeo actual el tiqui-taca del Bar\u00e7a por la franquicia Mourinho. Pero le falta algo: estilo. O peor a\u00fan, su estilo es la mala educaci\u00f3n. En alguna parte he le\u00eddo que Guardiola es muy edulcorado, en alabanza a la vulgaridad del portugu\u00e9s. \u00bfQu\u00e9 opini\u00f3n tiene usted de ello, periodista al cual considero todo lo contrario qie es Mourinho?<\/p>\n<p>R.- Tenemos que diferenciar el trabajo de Mourinho de la actitud de Mourinho. Su trabajo ha sido ejemplar y es f\u00e1cil que lo siga siendo. Ahora bien, su actitud p\u00fablica deja mucho que desear. Y me niego a creer que ser una persona malencarada le ayude a desempe\u00f1ar su trabajo. Son cuestiones diferentes. El talento y la falta de modales no tienen por qu\u00e9 estar vinculados. La prueba es Guardiola, al que alabo sus gestos y sus palabras, aunque le intuyo un lado oscuro&#8230;<\/p>\n<p>P.- Hola Juanma, si en un futuro tuvieses que elegir a tu equipo para las elecciones del Real Madrid y tuvieran que ser ex jugadores madridistas \u00bfa quienes elegir\u00edas c\u00f3mo presidente, director deportivo, directar general y entrenador?<\/p>\n<p>R.- Divertida pregunta. Presidente: Del Bosque. Director deportivo: Camacho. Director general: Sanchis. Y entrenador: Ra\u00fal.<\/p>\n<p>P.- Hola. \u00bfte gusta ese juego tan vertical de apertura a banda (Xabi), desdoble de los laterales, i definici\u00f3n r\u00e1pida de los delanteros? a mi personalmente si. un saludo<\/p>\n<p>R.- Me gusta m\u00e1s c\u00f3mo lo planteas t\u00fa que como se suele desarrollar en el campo, excepci\u00f3n hecha del partido contra el Deportivo.<\/p>\n<p>P.- Buenas, \u00bfhecha de menos ver a Guti junto a Ozil,pases al hueco a Di Maria, etc.? un saludo<\/p>\n<p>R.- No echo de menos a Guti. Creo que su ciclo termin\u00f3, como el de Ra\u00fal, y era momento de dejar entrar aire fresco. Hubiera preferido, eso s\u00ed, que su papel lo hubiera desempe\u00f1ado un jugador espa\u00f1ol.<\/p>\n<p>P.- hola. \u00bf No considera que ese tira y afloja con Pepe puede ser hasta r\u00e1cano por parte del Real Madrid? un saludo<\/p>\n<p>R.- Creo que la racaner\u00eda no est\u00e1 entre las caracter\u00edsticas que puedan atribuirse al Real Madrid. Y no me parece mal en absoluto que el club ponga l\u00edmites salariales.<\/p>\n<p>P.- Hola. As\u00ed, sin vaselina, los tres principales favoritos para ganar la Champions son&#8230;<\/p>\n<p>R.- Sin vaselina es m\u00e1s dif\u00edcil, pero all\u00e1 va: Barcelona, Chelsea, Real Madrid.<\/p>\n<p>P.- Querido Juanma, \u00bfcu\u00e1nto estimas que falta para que se promulgue un decreto que considera delito decir que no te gusta c\u00f3mo juega el Bar\u00e7a, o incluso negar que se trata del \u00daNICO equipo que juega al f\u00fatbol? No s\u00e9 si compartes conmigo esta rebeld\u00eda ante la imposici\u00f3n por parte de todos los poderes f\u00e1cticos de esta especie de pensamiento \u00fanico. Es verdad que el Bar\u00e7a juega muy bonito, pero el hecho de que intenten imponerme esta idea como dogma de fe est\u00e1 empezando a sublevarme. \u00bfCompartes algo de estos sentimientos?<\/p>\n<p>R.- Respeto tu libertad para hartarte, pero no la comparto. Considero merecidos la mayor parte de los elogios que recibe el Barcelona, que son, por otro lado, los mismos elogios que merece la selecci\u00f3n espa\u00f1ola. Siento no ofrecerte mi hombro&#8230;<\/p>\n<p>P.- Hola Juanma. \u00bfNo es hora de que nos quitemos la venda de los ojos? las iniciales A.C. en la operaci\u00f3n Puerto, siempre en los equipos m\u00e1s sospechosos, con Manolo Saiz y Bruyneel, una tarjeta m\u00e9dica similar a la de Amstrong que le permite muchas cosas por su enfermedad, hacer contrarelojs como un especialista pero con el peso de un escalador&#8230; \u00bfHasta cuando vamos a ser condescendientes con nuestros casos de dopaje? \u00bfte extra\u00f1a despu\u00e9s de lo que hicimos con la investigaci\u00f3n de la Operaci\u00f3n Puerto, y lo que defendimos a Valverde, nos crean el paraiso del dopaje?<\/p>\n<p>R.- Es muy l\u00f3gico que el mundo sospeche de nosotros. Tanto hablamos del chauvinismo franc\u00e9s y en Espa\u00f1a estamos desarrollando algo muy parecido en lo referido a este tipo de situaciones. Antes que objetivos, somos populistas. Lo mejor es seguir esperando acontecimientos.<\/p>\n<p>P.- Muy buenas Juanma. Imagina que en los peri\u00f3dicos de los \u00faltimos diez d\u00edas, donde pone la palabra &#8220;Contador&#8221; ponemos las palabras &#8220;Andy Schleck&#8221;. \u00bfNos creer\u00edamos entonces lo del solomillo? La historia puede tener visos de realidad pero \u00bfa la UCI qu\u00e9 demonios le importa? Si hay una sustancia en la sangre que las normas dicen que no puede estar yo lo veo cristalino. En definitiva, \u00bfc\u00f3mo lo ves? Y una cosa: aunque la sanci\u00f3n sea de tres meses y apenas influya para 2011, \u00bfno crees que el Tour va a aprovechar para quitarle la victoria del 2010? En pureza, si te han sancionado por un positivo en mi carrera, no me queda otra que descalificarte. Gracias por tus comentarios, un saludo.<\/p>\n<p>R.- No me gusta nada el caso Contador, pero siento que debo ser prudente. Percibo, como t\u00fa, demasiados cabos sueltos. Lo \u00fanico que espero es que se act\u00fae con justicia y no con apa\u00f1os. Si es inocente, que lo sea sin mancha. Pero si es culpable no puede ser medio culpable ni castigado a medias. O todo o nada.<\/p>\n<p>P.- Hola juanma, crack. Me da la sensaci\u00f3n que a Contador lo han cogido con el carrito de los helados, ha tenido que salir al paso la asociaci\u00f3n de animales para decir que no ha habido ninguna intoxicaci\u00f3n por clembuterol en los \u00faltimos 20 a\u00f1os, que casualidad que hay una intoxicaci\u00f3n y encima en un ciclista si esa historia nos la cuenta Amstrong por ejemplo o un chino, le damos palos por todos los lados, me suena todo a otros casos, transfusi\u00f3n, d\u00eda de descanso (si se dopan los que sabemos de ciclismo, el d\u00eda de descanso lamentablemente es el d\u00eda &#8220;supuestamente ideal&#8221; para la autotransfusi\u00f3n de sangre), me da la sensaci\u00f3n que se veia superado por Andy,recordar que el d\u00eda siguiente de el d\u00eda de descanso era la etapa definitiva (tourmalet), no voy a juzgar a nadie pero ya he visto a Contador &#8220;muy cerca&#8221; del dopaje, (op. puerto, contenedor de jeringuillas de Astan\u00e1 en el Tour, 2009, Bruyneel y Sainz de directores) Dej\u00e9monos de gaitas y que lo empuren 2 a\u00f1os de suspensi\u00f3n. No quiero tramposos, no me gusta como cierta prensa deportiva actua de encubridora, me da pena que los periodistas digan eso de que &#8220;s\u00f3lo ha dado un poquito&#8221;, y aunque sean espa\u00f1oles que paguen. Con la actitud &#8220;esa prensa&#8221;, tampoco ayuda al ciclismo. \u00bfque titulares nos hubieramos encontrado si el positivo hubiera sido de Manzano?<\/p>\n<p>R.- Tu tesis se explica por s\u00ed misma y sospecho que la \u00faltima pregunta es ret\u00f3rica. De manera que no me queda mucho m\u00e1s que decir. S\u00f3lo esperar a que se pronuncie la justicia y confiar en que lo haga alto y claro.<\/p>\n","protected":false},"excerpt":{"rendered":"<p>El subdirector del Diario AS, Juanma Trueba ha analizado toda la actualidad del mundo del f\u00fatbol y el ciclismo.<\/p>\n","protected":false},"author":1,"featured_media":0,"comment_status":"open","ping_status":"open","sticky":false,"template":"","format":"standard","meta":{"footnotes":""},"categories":[],"tags":[],"class_list":["post-7537","post","type-post","status-publish","format-standard","hentry"],"_links":{"self":[{"href":"https:\/\/intervius.com\/index.html\/wp-json\/wp\/v2\/posts\/7537","targetHints":{"allow":["GET"]}}],"collection":[{"href":"https:\/\/intervius.com\/index.html\/wp-json\/wp\/v2\/posts"}],"about":[{"href":"https:\/\/intervius.com\/index.html\/wp-json\/wp\/v2\/types\/post"}],"author":[{"embeddable":true,"href":"https:\/\/intervius.com\/index.html\/wp-json\/wp\/v2\/users\/1"}],"replies":[{"embeddable":true,"href":"https:\/\/intervius.com\/index.html\/wp-json\/wp\/v2\/comments?post=7537"}],"version-history":[{"count":0,"href":"https:\/\/intervius.com\/index.html\/wp-json\/wp\/v2\/posts\/7537\/revisions"}],"wp:attachment":[{"href":"https:\/\/intervius.com\/index.html\/wp-json\/wp\/v2\/media?parent=7537"}],"wp:term":[{"taxonomy":"category","embeddable":true,"href":"https:\/\/intervius.com\/index.html\/wp-json\/wp\/v2\/categories?post=7537"},{"taxonomy":"post_tag","embeddable":true,"href":"https:\/\/intervius.com\/index.html\/wp-json\/wp\/v2\/tags?post=7537"}],"curies":[{"name":"wp","href":"https:\/\/api.w.org\/{rel}","templated":true}]}}