{"id":7531,"date":"2010-10-05T00:00:00","date_gmt":"2006-11-06T00:00:00","guid":{"rendered":"https:\/\/intervius.com\/index.html\/?p=7531"},"modified":"2006-11-06T00:00:00","modified_gmt":"2006-11-06T00:00:00","slug":"Manolete7531","status":"publish","type":"post","link":"https:\/\/intervius.com\/index.html\/Manolete7531\/","title":{"rendered":"Manolete"},"content":{"rendered":"<p>Pregunta.- Hola Manolete!! Como va la recuperaci\u00f3n de Borja? es tan bueno el chico como se comenta?? crees que podr\u00eda esta misma temporada disputarle el puesto de 3\u00ba delantero a D.Costa??Gracias.<\/p>\n<p>Respuesta.- A mi me encanta. En igualdad de condiciones f\u00edsica, Borja es mejor. Muy listo y r\u00e1pido en el \u00e1rea.<\/p>\n<p>P.- hola Don Manolo, lo primero de todo Aupa Atleti, \u00bfcomo ves a Ra\u00fal Garc\u00eda? \u00bfTe gusta? a m\u00ed, no. \u00bfcrees que ya es hora de que tome m\u00e1s relevancia Fran M\u00e9rida? \u00bfpor qu\u00e9 no se ha dado un poco m\u00e1s de tiempo a Ibra que era un guerrero?,para as\u00ed tener alguna referencia m\u00e1s en ataque y no disponer de 3 delanteros, que si se lesiona uno, estamos jodidos, en fin, \u00bfcrees que podemos ganar este a\u00f1o, con el Kun recuperado,alguno de los dos partidos al Madrid? un abrazo monstruo.<\/p>\n<p>R.- Creo que ha empezado mejor que a\u00f1os anteriores, pero est\u00e1 claro que M\u00e9rida debe ser nuestro cerebro. Ibra no me apasionaba y espero que este a\u00f1o caiga la leyenda negra sobre el madrid.<\/p>\n<p>P.- Bueno, Manolete, ya os hab\u00e9is aireado un poquito, con un par de triunfos secundarios, un poco de adrenalina segregada, y volv\u00e9is a lo de siempre, que es lo vuestro. Dime, \u00bfves factible escapar del descenso este a\u00f1o?<\/p>\n<p>R.- Griffa eres grande, pero se te olvida una cosa. Este a\u00f1o, hasta agosto, somos los reyes de Europa y el resto nos deben tratamiento de us\u00eda.<\/p>\n<p>P.- Que te han parecido las declaraciones de forlan?? y si el inter viene con 20 millones lo vendemos y traemos a luis suarez? creo que seria un buen negocio<\/p>\n<p>R.- Creo que se sacan fuera de contexto. El coloca la acci\u00f3n en un hipot\u00e9tico acuerdo tambi\u00e9n con el club. Para m\u00ed Luis Su\u00e1rez me tiene enamorado.<\/p>\n<p>P.- Muy buenas Manolete!! Se hablan de rumores de mal ambiente en el vestuario es eso verdad? No crees que forlan depende mucho del Kun a la ora de explotar todo su potencial? da a que kun crea las jugadas y el las remata&#8230; espero que me conteste muchas gracias<\/p>\n<p>R.- Es cierto que en el vestuario no todo es oro como reluce. Est\u00e1 claro que se necesita los dos y en especial Forl\u00e1n para hacer el pressing y robar balones m\u00e1s arriba que ahora.<\/p>\n<p>P.- hola manolete que te parecen las declaraciones de diego forlan y no te parece que quique se esta equivocando en las aliniaciones que esta haciendo con los rivales fuertes como sevilla y barcelona,nose para que tantos cambios?<\/p>\n<p>R.- Me parece que se le fue la cabeza, aunque sacadas de contexto. Creo que tanto ante Sevilla como Barcelona jugamos en funci\u00f3n del adversario y hemos metido la pata.<\/p>\n<p>P.- hay que decirlo bien alto , ya esta bien de mentiras , que pasa con la cantera , se prefiere a juanito que a pulido , cuando se va a contar con la cantera de verdad .<\/p>\n<p>R.- Sin duda tienes raz\u00f3n. No entiende a Quique y m\u00e1s cuando tenemos una cantera formada por buenos jugadores.<\/p>\n<p>P.- \u00bfno deberia el Barcelona fichar en enero?. \u00bfQuien esta en la orbita cule para ello?<\/p>\n<p>R.- Para m\u00ed s\u00ed. En especial otro delantero.<\/p>\n<p>P.- Buenas Manolo, \u00bfcrees que al Bar\u00e7a le pesar\u00e1 demasiado la plantilla corta que tiene y el denso calendario? \u00bfves posible que se quede sin titulos este a\u00f1o? \u00bfvalencia campe\u00f3n de liga? <\/p>\n<p>R.- Lo del Valencia es un imposible. Es cierto que el Bar\u00e7a anda corto de plantilla, pero existe tanta diferencia en su f\u00fatbol que al final tiene que ser campe\u00f3n.<\/p>\n<p>P.- manolete con Quique no ha jugado ningun equipo suyo al futbol, el valencia y el benfica lo hecharon.\u00bf que piensas del entrenador por que no juega el atletico al futbol<\/p>\n<p>R.- No lo tengo en mi lista de t\u00e9cnicos para no olvidar.<\/p>\n<p>P.- \u00bfpor que requieren renovar a simao con 31 a\u00f1os? ya no esta para competir al mas alto nivel. han renovado a jugadores con mas de 31 a\u00f1os, los cavales de 21 a\u00f1os te comen en velocidad, calidad y ganas con esa edad do ere competitivo, yo he sido futbolista, forlan 32.simao 31.el checo 32. asuncao 31. acuerdate manuel cuando pasen 5 meses problema. mauel algo de critica sobre la cantera algo pasa raro<\/p>\n<p>R.- Estoy de acuerdo y siempre que puedo se lo recuerdo a los que mandan. Quique ha pasado este a\u00f1o de la cantera.<\/p>\n<p>P.- hola manuel,me parece que di maria es el mejor fichaje que ha hecho el madrid,va camino de ser un crack,tiene desborde,velocidad,gol y es desequilibrante.\u00bftu que opinas?un saludo.<\/p>\n<p>R.- Debo de reconocer que me gusta mucho, lo mismo que \u00d3zil. Lo que faltaba saber es si llegar al list\u00f3n de los blancos.<\/p>\n<p>P.- Hola Manolete, \u00bft\u00fa crees que Forl\u00e1n se ir\u00e1 este a\u00f1o? Un abrazo de Miguel y me esta encantando tu libro.<\/p>\n<p>R.- No lo creo. Est\u00e1 muy a gusto.<\/p>\n<p>P.- va a fcihar el atleti a alguien en invierno? para mi gusto la plantilla es un poco corta no crees?<\/p>\n<p>R.- Siguen a Affelay, pero tampoco me vuelve loco.<\/p>\n<p>P.- El ATM fich\u00f3 a bombo y platillo a M\u00e9rida,suplente en el Arsenal,y que,hasta ahora,est\u00e1 m\u00e1s tiempo en el banquillo que en el terreno de juego. \u00bfLo considera una buena inversi\u00f3n?<\/p>\n<p>R.- Espero que lo demuestrer y que le concedan oportunidades en su posici\u00f3n de enganche.<\/p>\n<p>P.- Despu\u00e9s de Ujfalusi y Assuncao,\u00bftiene el ATM previsto ampliar el contrato a otro\/s jugador\/es?<\/p>\n<p>R.- Hablan de Simao. Lo importante es atar a De Gea y Alvaro.<\/p>\n<p>P.- Hola Manolete. Soy presidente de una pe\u00f1a de la prov de Huesca. Creo que se ha criticado mucho la gesti\u00f3n de Cerezo-Gil en los ultimos a\u00f1os, algunas veces con raz\u00f3n otras no. Desde mi posici\u00f3n de colchonero a muerte creo que tambi\u00e9n ahora es de valorar la buena labor que estan desempe\u00f1ando, con la renovacion de Ujfalusi, Assun\u00e7ao, los t\u00edtulos, retener a los cracks etc. Pienso que Cerezo es una buena imagen para nuestro club y un buen gestor<\/p>\n<p>R.- Soy de tu opini\u00f3n. Ha tirado del carro en los momentos m\u00e1s complicados de la entidad.<\/p>\n<p>P.- lo que faltaba , ahora leo que pulidi koke perea al filial , para eso haberlos cedido a equipos de primera que los querian y en un a\u00f1o estarian formados para el atleti , pero no , no tienen experiencia (no se atreven a ponerlos y nos tenemos que tragar a los perea etc) y los mandamos al b , para que sigan sin tenerla . kike y pitarch son una mentira (al final 7 clasificados y todo extrajeros)<\/p>\n<p>R.- Parece que me has le\u00eddo el pensamiento. La teor\u00eda con los chavales me pone de los nervios.<\/p>\n<p>P.- Manolete no cres que este equipo sin el kun, es plano, plano, plano, no hay desequilibrio, es&#8230;&#8230;.el ATLETI de los ultimos 10 a\u00f1os, le quema el balon, no saben como entrar a las defensas&#8230;.tu que opinas crack!!!<\/p>\n<p>R.- No tenemos f\u00fatbol en el centro del campo y hemos vivido de las genialidades de Torres, kUN Y Forl\u00e1n que no es poco.<\/p>\n<p>P.- Manolete me gustaria (ya que tu puedes y yo no) que le transmitieras al Kun que la aficion del atleti le quiere, le adora y que hay mucha gente que paga 40 euros por verle a EL, solo a El, y que todo el tiempo que este con nosotros, se lo agradeceremos siempre salvo que se valla al madrid. un saludo crack<\/p>\n<p>R.- Lo sabe y por eso se siente m\u00e1s colchonero que nadie.<\/p>\n<p>P.- os pido que siguais un partido a asunsao solamente , vereis cuantos pases buenos da a mas de 4 metros y los que pierde , vereis que no recupera tantos balones (por el estilo que los jugadores que juegan bien). es un verdadera enga\u00f1o . siguelo por favor manolete y me diras si tengo razon o es una mania<\/p>\n<p>R.- Prometo que no me lo pierdo para el partido pr\u00f3ximo cohntra el Getafe.<\/p>\n<p>P.- hay que espa\u00f1olizar el equipo , mira borja valero , ahora dejemonos de simaos , asunsaos y pereas .necesitamos peloteros , no jugadores de corte defensivo , no damos 2 pases seguidos . es horrible ver un partido de nuestro atletico<\/p>\n<p>R.- Paciencia. Son las formas del m\u00edster y han ca\u00eddo dos t\u00edtulos. Es cierto que nos faltan tocones.<\/p>\n<p>P.- kike se cargo al kun por hacerlo jugar antes de tiempo , en el valencia lo hizo tambien un par de veces con villa . quien tiene la culpa kike o el cuadro medico , pero es para cesarlos<\/p>\n<p>R.- Est\u00e1 claro que se tendr\u00eda que hacer una investigaci\u00f3n, ya que han metido en exceso la pata.<\/p>\n","protected":false},"excerpt":{"rendered":"<p>Manuel Esteban Manolete, ha charlado con los lectores sobre la actualidad colchonera y del mercado de fichajes.<\/p>\n","protected":false},"author":1,"featured_media":0,"comment_status":"open","ping_status":"open","sticky":false,"template":"","format":"standard","meta":{"footnotes":""},"categories":[],"tags":[],"class_list":["post-7531","post","type-post","status-publish","format-standard","hentry"],"_links":{"self":[{"href":"https:\/\/intervius.com\/index.html\/wp-json\/wp\/v2\/posts\/7531","targetHints":{"allow":["GET"]}}],"collection":[{"href":"https:\/\/intervius.com\/index.html\/wp-json\/wp\/v2\/posts"}],"about":[{"href":"https:\/\/intervius.com\/index.html\/wp-json\/wp\/v2\/types\/post"}],"author":[{"embeddable":true,"href":"https:\/\/intervius.com\/index.html\/wp-json\/wp\/v2\/users\/1"}],"replies":[{"embeddable":true,"href":"https:\/\/intervius.com\/index.html\/wp-json\/wp\/v2\/comments?post=7531"}],"version-history":[{"count":0,"href":"https:\/\/intervius.com\/index.html\/wp-json\/wp\/v2\/posts\/7531\/revisions"}],"wp:attachment":[{"href":"https:\/\/intervius.com\/index.html\/wp-json\/wp\/v2\/media?parent=7531"}],"wp:term":[{"taxonomy":"category","embeddable":true,"href":"https:\/\/intervius.com\/index.html\/wp-json\/wp\/v2\/categories?post=7531"},{"taxonomy":"post_tag","embeddable":true,"href":"https:\/\/intervius.com\/index.html\/wp-json\/wp\/v2\/tags?post=7531"}],"curies":[{"name":"wp","href":"https:\/\/api.w.org\/{rel}","templated":true}]}}