{"id":7528,"date":"2010-10-05T00:00:00","date_gmt":"2006-11-06T00:00:00","guid":{"rendered":"https:\/\/intervius.com\/index.html\/?p=7528"},"modified":"2006-11-06T00:00:00","modified_gmt":"2006-11-06T00:00:00","slug":"Maldini7528","status":"publish","type":"post","link":"https:\/\/intervius.com\/index.html\/Maldini7528\/","title":{"rendered":"Maldini"},"content":{"rendered":"<p>Pregunta.- cuando descubriste que te querias dedicar a esto del futbol?<\/p>\n<p>Respuesta.- Hola Emilio. Preguntarme cuando me empez\u00f3 a gustar el f\u00fatbol es como si me preguntas cuando empec\u00e9 a fijarme en las mujeres&#8230; No en serio, no te s\u00e9 decir, desde que tengo uso de raz\u00f3n. <\/p>\n<p>P.- Est\u00e1 claro que,al menos,en la Bundelisga el Bayern Munich no est\u00e1 pasando por su mejor momento. \u00bfEs s\u00f3lo por las bajas de Robben y Ribery,que juegan en una misma posici\u00f3n,o hay m\u00e1s causas?<\/p>\n<p>R.- Hola Francesco. No creo que sea solo las ausencias de Robben y Ribery (que por cierto jug\u00f3 las cinco primeras de las siete jornadas, no as\u00ed Robben que no juega desde el mundial). Hay m\u00e1s. El Bayern es el equipo menos goleador de toda la Bundesliga, y eso es tremendo. Van Gaal ha entrado en la din\u00e1mica de cambiar jugadores de sitio, lo hace con Kroos y Muller. Y no encuentra nadie que organice el juego. Y otra cosa, creo sinceramente que Olic y Gomes son delanteros sobrevalorados. <\/p>\n<p>P.- Hola Maldini, que tal? Desgraciadamente no pude ver el domingo el derby de Italia. He leido en varios medios que fue un mal partido. \u00bfA ti que te pareci\u00f3? Y podr\u00edas encontrar explicaci\u00f3n a lo que le sucede a Diego Milito? Un abrazo crack <\/p>\n<p>R.- Hola Otmar. No fue exactamente un partido malo, s\u00ed algo decepcionante para m\u00ed. El Inter tuvo que afrontarlo con dos chicos j\u00f3venes y sin vuelo en partidos de este nivel como Coutinho y Biabiany y lo not\u00f3 mucho. Luego entr\u00f3 Milito y se vio que no est\u00e1 bien. Tampoco Maicon, lejos del lateral agresivo que conocemos. La Juve anduvo mejor con la pelota que otras veces, creci\u00f3 algo Aquilani. Y me decepcion\u00f3 mucho el tramo final del Inter, que pareci\u00f3 no querer perder el punto que ten\u00eda antes que volcarse y arriesgar. Queda mucha liga, puede ser l\u00f3gico. <\/p>\n<p>P.- Hola crack mi pregunta es \u00bfPor que el Leicester City esta en la zona de abajo cuando es un equipo a priori para ascender?<\/p>\n<p>R.- Hombre Yuki. Revisando su plantilla tampoco parece que sea como para que tenga el ascenso garantizado&#8230;<\/p>\n<p>P.- Grande Maldonado! te escribo desde Venezuela nuevamente para saber tu opinion acerca de dos delanteros de mi pais qe juegan en el tuyo, me refiero a Salomon Rondon y Miku Fedor! y otra pregunta: no te parece qe la federacion de futbol de Venezuela se qeda &#8220;dormida&#8221; a la hora de llamar a jugadores con doble nacionalidad? cmo el caso Amorebieta..si sabes algo de eso me encantaria saber tu opinion! siempre te leo grande!<\/p>\n<p>R.- Hola Leo. Me gusta m\u00e1s Rond\u00f3n, potente, buen nueve, me encant\u00f3 en un sub-20 que se jug\u00f3 en Venezuela (lo recordar\u00e1s). Miku necesita jugar arriba, el jueves pasado hice en directo en Berna el Young Boys-Getafe. Michel puso a Miku cerca de la banda derecha y all\u00ed no rinde. Creo que Rond\u00f3n tiene m\u00e1s futuro. <\/p>\n<p>P.- Hola que te parece la nueva promesa nipona Takashi Usami? Lo ves dentro de poco jugando en el futbol europeo?<\/p>\n<p>R.- No le he visto lo suficiente a los 18 a\u00f1os como para pronunciarme, lo siento<\/p>\n<p>P.- Hola maldini. como cres que va a ser la temporada del liverpool mejorara algo<\/p>\n<p>R.- Mejorar mejorar\u00e1 seguro, peor es imposible. Pero yo ya me tem\u00eda algo similar con Hogson en el banquillo, francamente. Y tampoco tiene una plantilla como para considerarlo entre los que deben pelear el t\u00edtulo<\/p>\n<p>P.- Hola Julio! eres un crack!! \u00bfcomo ves la progresion de Marcelo? \u00bflo ves capaz de convertirse en uno de los mejores laterales izquierdos del mundo? \u00bfHay alguien que imprima mas potencia al balon golpeando con el interior por encima de Van Persie y sobretodo Drogba?<\/p>\n<p>R.- Para m\u00ed ya lo es. Marcelo ha recibido muchos palos en una corriente sin freno en la prensa espa\u00f1ola. Para m\u00ed exagerados. Ah\u00ed est\u00e1 la titularidad en el Real Madrid, lo fue con Pellegrini y ahora con Mourinho. Cierto que no es un defensor nato, pero para un equipo que lleve la iniciativa es perfecto. <\/p>\n<p>P.- Buenas, mi pregunta: \u00bfQue te parece este a\u00f1o el comienzo de la Serie A italiana? En mi opini\u00f3n esta muy interesante, dando grandes encuentros, goles y sorpresas. Sobre la Juve (mi equipo), creo que se esta mejorando jornada tras jornada aunque para mi se sigue fallando mucho en la presi\u00f3n de medio campo y la t\u00e1ctica defensiva. Somos un coladero&#8230;aunque el otro d\u00eda contra el Inter se jugo bien. Por otra parte me esta sorprendiendo agradablemente Krasic&#8230;en ocasiones veo a Nedved.<\/p>\n<p>R.- Hola Sergi. Interesante, s\u00ed. Mejorado el Milan (sobre todo cuando le dejan jugar a un ritmo lento), y eso la da m\u00e1s peso aun al torneo. Y no creo que el Inter se pasee como en otros campeonatos. Krasic por rendimiento es el mejor de la Juve ahora mismo. Del Neri juega un 4-4-2 claro, pero para las bandas en el mediocampo solo tiene a Krasic, nadie en la izquierda. Necesita fichar (y creo que fichar\u00e1 en invierno), un volante zurdo, si puede ser un extremo. Eso mejorar\u00e1 mucho a la Juve,. <\/p>\n<p>P.- He visto varios partidos del m.city y tengo la impresion de que mancini no le saca jugo a la enorme plantilla que tiene. Contra el n.castle alineo a de jong, barry, milner y yaya, casi todos medios de contencion. Yo creo que a.johnson deberia ser titular por la derecha y silva por la izda con barry milner y yaya en el medio o sentar a barry retrasar a adam al centro y meter a adebayor arriba y tevez de extremo. Que crees tu?<\/p>\n<p>R.- Sin duda, es tal cual como dices. Mucho medio de contenci\u00f3n que en un torneo de un nivel medio discreto como la Premier (es mi opini\u00f3n que por supuesto muchos no compartir\u00e9is) le va a costar perder puntos en partidos que deber\u00eda ganar. Creo que el City tiene plantilla para pelear por la Premier, pero no entrenador como para hacerlo. <\/p>\n<p>P.- \u00bfQu\u00e9 opinas de la selecci\u00f3n de Montenegro? Tiene alguna oportunidad de clasificarse para la proxima Eurocopa o el Mundial de 2014 con Jovetic y Vucinic?<\/p>\n<p>R.- Jovetic est\u00e1 lesionado, una pena. Tengo por aqu\u00ed el DVD de la reciente victoria de Montenegro en Bulgaria, esta semana tendr\u00e9 tiempo de verlo ya que llega jornada de selecciones. No te olvides de Milan Jovanovic y de Radomir Djalovic del Rijeka que est\u00e1 haciendo bastantes goles<\/p>\n<p>P.- fenomeno tu opinion sobre las 2 perlas del chelsea McEachran y Gael Kakuta??<\/p>\n<p>R.- Ambos tiene la similitud de que son zurdos. Y muy buenos ambos claro. McEachran arranca desde m\u00e1s atr\u00e1s, tiene buena conducci\u00f3n de bal\u00f3n. Va para jugador importante. Kakuta deber\u00eda jugar unos metros m\u00e1s arriba, quiz\u00e1 pegarse a una banda. Tengo ganas de ver a ambos juntos en un partido de primer nivel en la Premier. No tardar\u00e1 mucho en llegar. <\/p>\n<p>P.- Hola Maldini. Soy seguidor tuyo en twitter y tengo la sensaci\u00f3n de que nunca descansas de futbol!!! Ultimamente encuentro en los foros muchos detractores de \u00d6zil, sobretodo gente del Werder bremen que nos advierten que es un jugador mediocre y que ya nos daremos cuenta. Tu como seguidor de la Bundesliga, que le has visto m\u00e1s que nosotros (solo el mundial), que opini\u00f3n tienes de esto? crees que puede llegar a la categor\u00eda de crack o se quedar\u00e1 en un buen jugador intermitente? Un saludo y sigue twitteandonos tus impresiones<\/p>\n<p>R.- Hola Carlos, s\u00ed descanso de vez en cuando s\u00ed. Ozil es un gran jugador, yo no tengo dudas en ese sentido. Su \u00fanico defecto es la definici\u00f3n, no es un gran goleador, y a pesar del muy buen gol que marc\u00f3 al Depor es un futbolista que marca menos goles de los que deber\u00eda. Eso es algo reconocido por \u00e9l mismo como su gran defecto, que por supuesto puede pulir. Un abrazo.<\/p>\n<p>P.- Hola Julio crack, dime el orden en el que pondrias a estas jovenes promesas y cuales te parecen que llegaran a ser estrellas: neymar, hazard, elia, ganso y toivonen. Un saludo<\/p>\n<p>R.- De m\u00e1s a menos (no es f\u00e1cil). Neymar, Hazard, Ganso, Toivonen, Elia. Pero son jugadores muy distintos entre ellos. <\/p>\n<p>P.- Hola crack!! \u00bfQue opinas de de Jong? apaaete de ser un carnicero \u00bfDe verdad tiene nivel para el City, seleccion holandesa&#8230;?<\/p>\n<p>R.- Hola Altair. Es un mediocentro puramente defensivo, si se midiera m\u00e1s ser\u00eda mucho mejor. Pero va con su naturaleza, no creo que lo haga. Hemos conocido muchos futbolistas as\u00ed, incapaces de medirse. Amorebieta en Espa\u00f1a es un caso claro, y no lo digo por la expulsi\u00f3n el d\u00eda del Barcelona, es que no es capaz de medir lo que hace. Si lo hiciese ser\u00eda un fubtolista mucho mejor. <\/p>\n","protected":false},"excerpt":{"rendered":"<p>Maldini, experto en f\u00fatbol internacional, colaborador de AS y presentador de Digital + ha charlado con los internautas sobre el f\u00fatbol m\u00e1s all\u00e1 de nuestras fronteras.<\/p>\n","protected":false},"author":1,"featured_media":0,"comment_status":"open","ping_status":"open","sticky":false,"template":"","format":"standard","meta":{"footnotes":""},"categories":[],"tags":[],"class_list":["post-7528","post","type-post","status-publish","format-standard","hentry"],"_links":{"self":[{"href":"https:\/\/intervius.com\/index.html\/wp-json\/wp\/v2\/posts\/7528","targetHints":{"allow":["GET"]}}],"collection":[{"href":"https:\/\/intervius.com\/index.html\/wp-json\/wp\/v2\/posts"}],"about":[{"href":"https:\/\/intervius.com\/index.html\/wp-json\/wp\/v2\/types\/post"}],"author":[{"embeddable":true,"href":"https:\/\/intervius.com\/index.html\/wp-json\/wp\/v2\/users\/1"}],"replies":[{"embeddable":true,"href":"https:\/\/intervius.com\/index.html\/wp-json\/wp\/v2\/comments?post=7528"}],"version-history":[{"count":0,"href":"https:\/\/intervius.com\/index.html\/wp-json\/wp\/v2\/posts\/7528\/revisions"}],"wp:attachment":[{"href":"https:\/\/intervius.com\/index.html\/wp-json\/wp\/v2\/media?parent=7528"}],"wp:term":[{"taxonomy":"category","embeddable":true,"href":"https:\/\/intervius.com\/index.html\/wp-json\/wp\/v2\/categories?post=7528"},{"taxonomy":"post_tag","embeddable":true,"href":"https:\/\/intervius.com\/index.html\/wp-json\/wp\/v2\/tags?post=7528"}],"curies":[{"name":"wp","href":"https:\/\/api.w.org\/{rel}","templated":true}]}}