{"id":7523,"date":"2009-06-01T00:00:00","date_gmt":"2006-11-06T00:00:00","guid":{"rendered":"https:\/\/intervius.com\/index.html\/?p=7523"},"modified":"2006-11-06T00:00:00","modified_gmt":"2006-11-06T00:00:00","slug":"Javier_Irureta7523","status":"publish","type":"post","link":"https:\/\/intervius.com\/index.html\/Javier_Irureta7523\/","title":{"rendered":"Javier Irureta"},"content":{"rendered":"<p>Pregunta.- Ola m\u00edster, no crees uno de los \u00e9xito de Guardiola es una psicolog\u00eda deportiva insuperable? Yo no s\u00e9 de f\u00fatbol, pero lo que veo es que juegan muy bien y adem\u00e1s tienen muchas ganas todos, los mismos jugadores que con Rijkaard fracasaron&#8230; \u00bf puede ser que en el f\u00fatbol actual no se haga mucho caso a algo tan importante como la psicolog\u00eda del deportista? Gracias, y gracias por lo que has dado a este equipo y esta ciudad.<\/p>\n<p>Respuesta.- Es evidente que es uno de las nuevas patas que se unen a la t\u00e9cnica, f\u00edsica, t\u00e1ctica y m\u00e9dica. La psicolog\u00eda es una rama muy necesaria en el deporte moderno, porque las situaciones de tensi\u00f3n y ansiedad que requiere el deporte precisa de gente tenga esos conocimientos y que pueda ayudar a tener el mayor rendimiento. Yo creo que Guardiola ha acertado magn\u00edficamente con la direcci\u00f3n del equipo y ha sabido motivarlo, a un equipo falto en el \u00faltimo tiempo de esa motivaci\u00f3n, como la que pudo tener la temporada pasada. Pero tambi\u00e9n es verdad que la incorporaci\u00f3n de jugadores como Alves, Keita y Piqu\u00e9 han reforzado el juego y algunas cualidades del Barcelona anterior. Es un complemento al trabajo f\u00edsico y t\u00e9cnico y t\u00e1ctico que lo ha sabido aderezar magn\u00edficamente. <\/p>\n<p>P.- \u00bfCree que Forl\u00e1n y Ag\u00fcero abandonaran el Atl\u00e9tico de Madrid? \u00bfQue jugador le hace falta para lograr ese salto que pide el Kun para luchar por t\u00edtulos?<\/p>\n<p>R.- Un equipo grande no se hace si los buenos jugadores se cambian, en el Atl\u00e9tico estuvieron Abelardo, G\u00e1rate, Aragon\u00e9s&#8230; y con ellos ganaban ligas. Los equipos necesitan de buenos jugadores, y hay que mantenerlos. Es verdad que Forl\u00e1n y Ag\u00fcero son dos referencia, sobre todo Forl\u00e1n, es el goleador, se echa al equipo encima, es una referencia grand\u00edsima en el ataque del Atl\u00e9tico, y su p\u00e9rdida ser\u00eda una nueva b\u00fasqueda en el mercado, y un interrogante. Dando por supuesto que deber\u00edan continuar en el Atl\u00e9tico de Madrid, si quieren luchar por ah\u00ed arriba, habr\u00eda que reforzar en otras zonas, sobre todo en la zona defensiva, y quiz\u00e1 con alg\u00fan jugador en medio del campo. Hay muchos nombres, pero en este momento tampoco sabr\u00eda decirle cu\u00e1les ser\u00edan los m\u00e1s adecuados. Pero reforzando estas dos posiciones y manteniendo a los de arriba, ser\u00edan mucho mejores. <\/p>\n<p>P.- Buenos d\u00edas Jabo, \u00bfcrees que el Madrid ser\u00e1 competitivo el a\u00f1o que viene, o terminar\u00e1 siendo otro pufo? Gracias!<\/p>\n<p>R.- Este a\u00f1o ha habido una parte del campeonato que ha sido muy competitivo, la parte de Juande, es m\u00e1s, lleg\u00f3 a acercarse a un Barcelona grand\u00edsimo, el mejor equipo en mucho tiempo, a los 4 o 5 puntos, remont\u00f3 muchos puntos. Pero creo que el a\u00f1o que viene ser\u00e1n a\u00fan m\u00e1s competitivos, seguro que vendr\u00e1n 4, 5 o 6 jugadores, y en determinadas zonas el Madrid va a mejorar. Este a\u00f1o faltaba un jugador de banda, si viene Kaka o C.Ronaldo, o Silva o Villa&#8230; ser\u00e1 un grupo de jugadores muy interesante para complementar a los que hay, muchos son muy buenos, y otros van a quedar fuera, pero creo que va a quedar un equipo muy competitivo. <\/p>\n<p>P.- Hola Jabo, el bar\u00e7a acaba de completar una temporada que pasar\u00e1 a la historia. Tiene un entrenador reafirmado, una base de jugadores j\u00f3venes y de la casa, la moral por las nubes&#8230; \u00bfqu\u00e9 puede salir mal para que no repitan una gran actuaci\u00f3n el a\u00f1o que viene?<\/p>\n<p>R.- La temporada igual se planifica de una manera, y luego pueden surgir muchas circunstancias, pero ya tienen un terreno ganado, un sistema y unos jugadores que se han adaptado a \u00e9l. Pero luego hay muchos factores, como las lesiones, que son un factor distorsionante, y otras veces, igual la falta de acierto o la mala suerte o la falta de esa dosis de suerte que pudo tener con el gol de Iniesta en Chelsea, o en la primera eliminatoria frente al Lyon anduvieron muy justos, o aquel gol al Shaktar Donest&#8230; Es decir, adem\u00e1s del f\u00fatbol magn\u00edfico, han tenido algo de suerte, y luego pueden estar lesiones, planificaci\u00f3n err\u00f3nea en alg\u00fan momento&#8230; puede hacer que se les ponga algo en contra, y quiz\u00e1 que otros equipos le metan m\u00e1s presi\u00f3n que este a\u00f1o. Es lo \u00fanico que puede distorsionar un poco el futuro del Bar\u00e7a.<\/p>\n<p>P.- \u00bfQu\u00e9 sabor de boca te deja esta liga? \u00bfqu\u00e9 balance har\u00edas?<\/p>\n<p>R.- Un sabor interesante, muy bueno, porque el campe\u00f3n de Liga al final ha ganado la Copa de Europa, ha habido una supremac\u00eda del Barcelona, un Madrid en media temporada muy interesante, Sevilla y Atl\u00e9tico vuelven a Liga de Campeones, en Europa vuelven los del a\u00f1o pasado, un Depor que ha estado bien, y todo muy bien, hasta la \u00faltima jornada, con la pena del descenso del Betis, y ha habido emoci\u00f3n hasta la \u00faltima jornada. Creo que la Liga ha estado bonita, interesante, y se mantiene con una espectacularidad muy alta. Sigue compitiendo con la inglesa en el nivel m\u00e1s alto europeo. <\/p>\n<p>P.- Hola Javier, \u00bfqu\u00e9 opciones crees que tenemos de llevarnos el europeo sub 21 ahora en Junio? \u00bfqui\u00e9nes pueden ser los pilares de esa selecci\u00f3n? gracias, un saludo.<\/p>\n<p>R.- Espa\u00f1a siempre, y sobre todo en los \u00faltimos a\u00f1os, est\u00e1 siendo un referente en el f\u00fatbol base, y est\u00e1n surgiendo, desde la \u00e9poca de I\u00f1aki S\u00e1ez, con Ufarte, con el que estuve hace poco, han logrado muchos t\u00edtulos, y ah\u00ed est\u00e1n las opciones, la sub 21 seguro que tambi\u00e9n las tienen, de la mano del seleccionador va a estar ah\u00ed. En cuanto a jugadores, todav\u00eda hay que ver a qui\u00e9nes convoca, pero muchos de ellos est\u00e1n en Primera, y ya hubo jugadores que en esa categor\u00eda se est\u00e1n consolidando y van a dar d\u00edas de gloria. Seguro que, junto a Italia, Alemania e Inglaterra pueden ser campeones y luchar\u00e1n por conseguir ese t\u00edtulo. <\/p>\n<p>P.- Hola Javier, he vuelto a ver la final de Roma con tranquilidad y he descubierto algo que me pas\u00f3 inadvertido durante el partido. La &#8220;no presi\u00f3n&#8221; de los jugadores del Bar\u00e7a a los centrales del Manchester, y estos ten\u00edan muy poca calidad para hacer juego. Tambi\u00e9n que el Manchester hizo un gasto f\u00edsico con la presi\u00f3n los primeros 30 minutos enorme y que luego acus\u00f3 en exceso. \u00bfcrees que el duelo t\u00e1ctico lo gan\u00f3 Guardiloa por alinear a Piqu\u00e9 y Tour\u00e9 en la zaga para sacar el bal\u00f3n? <\/p>\n<p>R.- Puede ser una circunstancia m\u00e1s de la salida de bal\u00f3n de dos jugadores, Piqu\u00e9, con una salida muy correcta, muy limpia, y Tour\u00e9 que jug\u00f3 de central siendo un medio defensivo con una buena salida de bal\u00f3n. Eso influy\u00f3 en el primer gol, que descentr\u00f3 al Manchester. A partir de ah\u00ed, el Barcelona fue haciendo el juego, el estilo, el pase, la concentraci\u00f3n, las ayudas permanentes que se hac\u00edan en el juego, y eso ayudo mucho a hacer prevalecer el estilo de juego del Barcelona. Ferdinand y Vidic, los centrales del Manchester, son muy buenos, pero en el primer gol hubo una circunstancia, que fue que Messi jugara por el centro, Etoo en la derecha, y Evra estaba algo adelantado, y Etoo aprovech\u00f3 la circunstancia, regate\u00f3 y marc\u00f3. Creo que ese cambio t\u00e1ctico s\u00ed que ayud\u00f3 un poco a encontrarse mejor el Bar\u00e7a en el toque, con Etoo abierto, y Messi jugando como un delantero centro falso, viniendo a juntarse tanto con Iniesta como con Xavi. <\/p>\n<p>P.- Hola Jabo, creo que entre el equipo titular del Barcelona que jug\u00f3 el a\u00f1o pasado en el Bernab\u00e9u y el del 6-2 s\u00f3lo hab\u00eda dos jugadores diferentes. \u00bfC\u00f3mo interpreta este hecho? \u00bfQu\u00e9 es lo que ha cambiado en el Bar\u00e7a?<\/p>\n<p>R.- Creo que la situaci\u00f3n del a\u00f1o pasado y este son muy diferentes, an\u00edmica y psicol\u00f3gicamente, ahora est\u00e1n m\u00e1s convencidos en el juego, la actitud, el comportamiento, el compromiso, se les ve\u00eda mucho m\u00e1s unidos, pero tambi\u00e9n, aunque no sean m\u00e1s que dos jugadores, a veces pueden arrastrar al equipo, y estos dos jugadores, eran Alves y Piqu\u00e9, han contagiado de optimismo, unos con su juego, otros con su plus de t\u00e9cnica, las penetraciones o la profundidad que tiene Alves es dif\u00edcil encontrarla en otro lateral, y tambi\u00e9n la salida as\u00e9ptica y con visi\u00f3n de Piqu\u00e9. Han venido a complementar y a ayudar much\u00edsimo, es distinto Alves que Zambrota, por ejemplo. <\/p>\n<p>P.- \u00bfQu\u00e9 jugadores del Athletic cree que han hecho una gran campa\u00f1a? \u00bfse llevar\u00eda a alguno a la copa Confederaciones?<\/p>\n<p>R.- Llorente se ha consolidado ah\u00ed y es la referencia ofensiva del Athletic, ha hecho bastantes, ha hecho m\u00e1s de 13, que en un equipo como el Athletic est\u00e1 bien, Javi Mart\u00ednez e Iraola tambi\u00e9n. De ir alguno puede ir Llorente, si lo ha llevado Del Bosque antes, puede volver a hacerlo, y estos dos que digo tambi\u00e9n son interesantes. Luego hay otros como Iraizoz, Amorebieta, Orb\u00e1iz&#8230; son jugadores para el futuro. <\/p>\n<p>P.- Tanto va el c\u00e1ntaro a la fuente, que al final el Betis est\u00e1 en Segunda. \u00bfSe lo ve\u00eda venir?<\/p>\n<p>R.- No por la forma de juego, porque el Betis es un equipo que ten\u00eda una plantilla interesante, con contrataci\u00f3n de bastantes jugadores, y con un estilo de juego entretenido y como muy interesante para el espectador, pero era un estilo un poco inseguro, porque un equipo que no gana m\u00e1s que 4 partidos en casa es dif\u00edcil que siga ah\u00ed, pero creo que el Betis ha bajado por una trayectoria en estos \u00faltimos a\u00f1os, una forma de hacer las cosas que no son las m\u00e1s convenientes en el f\u00fatbol actual, se ha quedado un poco caducas algunas normas, o unas formas de actuaci\u00f3n que, en \u00faltima instancia, son las que est\u00e1n da\u00f1ando la trayectoria del equipo, y sobre todo el componente humano que tiene este club. A\u00fan as\u00ed, ha estado a un solo gol de librarse, con todo lo que tiene de tr\u00e1gico esta situaci\u00f3n. Espero y deseo, por su afici\u00f3n, que est\u00e9n lo m\u00e1s rapidamente posible en primera. <\/p>\n<p>P.- \u00bfQu\u00e9 le pareci\u00f3 la final de la Champions? \u00bfQuiz\u00e1 demasiado f\u00e1cil?<\/p>\n<p>R.- Pens\u00e9 que iba a haber m\u00e1s igualdad, y tambi\u00e9n pens\u00e9 que el Manchester iba a ponerle m\u00e1s dificultades al Barcelona. Aunque tuvo un buen comienzo, se empez\u00f3 a derretir o a perder posibilidades desde ese primer gol. Cuando el Barcelona entr\u00f3 en la din\u00e1mica de un juego preciosista pero adem\u00e1s muy seguro, de pases cortos, el Manchester corri\u00f3 mucho y perdi\u00f3 confianza, y el tiempo tambi\u00e9n, la temperatura, hizo que mermase bastante el rendimiento de un equipo como el ingl\u00e9s, que sin bal\u00f3n se cansa bastante, y eso le pas\u00f3 factura. <\/p>\n<p>P.- \u00bfNo cree que la liga ha estado un poco desprestigiada porque faltan entrenadores en los equipos que entiendan c\u00f3mo ganar t\u00edtulos? Me refiero a gente como Del Bosque, Rafa Ben\u00edtez, Aragon\u00e9s o usted mismo&#8230;<\/p>\n<p>R.- No lo s\u00e9, nosotros s\u00ed hemos ganado la liga alguna vez, y eso puede faltar en equiops que todav\u00eda no lo han conseguido, pero tabmi\u00e9n ha logrado la liga un entrenador que no lo hab\u00eda hecho, y joven. Con entrenadores de los de mejor nivel, quiz\u00e1 la liga hubiese tenido m\u00e1s dificultad para el Barcelona, pero eso tambi\u00e9n quiz\u00e1 es tener una perspetiva del tiempo. Pero la liga ha sido merecida para el Bar\u00e7a, y no s\u00e9 si otro entrenador pudiese haber puesto m\u00e1s oposici\u00f3n&#8230; lo que han hecho Juande y Manolo Jim\u00e9nez ha estado muy bien, dentro del nivel de sus plantillas. <\/p>\n<p>P.- Despues de lo visto, \u00bfs\u00f3lo se puede combatir al Bar\u00e7a como lo hicieron el Madrid y el Chelsea en el Camp Nou, o sea, repartiendo estopa?<\/p>\n<p>R.- Yo creo que el Bar\u00e7a es un equipo al que hay que mantenerle mucha concentraci\u00f3n, tratar de quitarle la pelota, y luego tambi\u00e9n tiene dificultades a bal\u00f3n parado, c\u00f3rners&#8230; ha habido equipos que le han jugado muy bien, el Getafe, el Atl\u00e9tico de Madrid&#8230; ha ganado muchos partidos f\u00e1ciles, pero ha tenido tambi\u00e9n oposici\u00f3n en algunos partidos. Es verdad que en posesi\u00f3n nadie le ha ganado, y ese arma, desde luego, es dif\u00edcil, es complicado hacer gol sin tener la pelota, pero yo creo que este a\u00f1o, adem\u00e1s de todo lo hecho, le ha salido todo muy bien, en la Copa tuvo un penalti en la semifinal contra el mallorca, el partido del Chelsea&#8230; le ha salido todo de cara. Pero habr\u00e1 entrenadores que habr\u00e1n estudiado los puntos d\u00e9biles, y estando concentrados se pueden aprovechar los momentos de contraataque. <\/p>\n<p>P.- Javier, \u00bfme puedes definir en 3 palabras a Diego Forl\u00e1n?<\/p>\n<p>R.- Goleador, trabajador y l\u00edder para su equipo. Son tres palabras que definen bastante, porque no s\u00f3lo es goleador, sino que tambi\u00e9n es muy participativo, muy combativo, y eso le da un car\u00e1cter de l\u00edder, de referencia en el equipo. <\/p>\n<p>P.- Hola Jabo, todo apunta que Pellegrini ser\u00e1 el pr\u00f3ximo t\u00e9cnico del Madrid, t\u00e1cticamente utiliza un juego vistoso y de toque as\u00ed que el \u00fanico &#8220;problema&#8221; puede ser la gesti\u00f3n de una plantilla plagada de cracks \u00bftan dif\u00edcil resulta llevarlos? \u00bfes necesario cuidar tanto sus egos? Un abrazo!!<\/p>\n<p>R.- Pellegrini es un entrenador con muy buena formaci\u00f3n, educado, respetuoso, no ha tenido conflictos con nadie en sus 5 a\u00f1os en Espa\u00f1a, y ha sabido llevar muy bien la plantilla dle Villarreal, en la que tambi\u00e9n ha habido jugadores con mucho protagonismo, tuvo el conflicto con Riquelme y sali\u00f3 airoso, y creo que tiene un estilo de juego en el que trata de jugar el bal\u00f3n desde atr\u00e1s, con un 4-4-2, y pienso que puede hacer un buen trabajo en el Real Madrid. <\/p>\n<p>P.- Hola Javier, un centro del campo formado por Lass, Kaka; Silva y Cristiano, con 2 delanteros por delante \u00bflo ves compensado? \u00bfo todavia se habr\u00eda de poner m\u00e1s fuerza para equlibrarlo mas? gracias! <\/p>\n<p>R.- Para moverse en Espa\u00f1a, s\u00ed, es un centro del campo muy creativo, porque s\u00f3lo estar\u00eda Lass con m\u00e1s fuerza, aunque a C. Ronaldo no se le considera centro campista, ultiamente ha jugado hasta de delantero centro, ser\u00eda con Lass como recuperador nato, y Silva podr\u00eda marcar ah\u00ed un estilo de juego. Para andar por Espa\u00f1a, ser\u00eda un centro del campo muy bueno, pero en la competici\u00f3n europea hay equipos muy buena, y dejar s\u00f3lo un recuperador como Lass, ser\u00eda complejo. Estoy suponiendo que ser\u00eda un equipo muy ofensivo, y habr\u00eda que ver a los dos delanteros, si Villa y Ronaldo, u otro, ser\u00eda muy ofensivo, pero me parece un equipo muy ofensivo que podr\u00eda traer mucho espect\u00e1culo, pero podr\u00eda sufrir contra equipos muy buenos las consecuencias de no tener el bal\u00f3n. <\/p>\n<p>P.- Buenos d\u00edas M\u00edster. \u00bfNo cree usted que el Madrid con la reestructuraci\u00f3n que debe hacer, tendr\u00eda que apostar por un modelo arriesgado tipo 3-4-3? Usted que sabe de esto, \u00bfque opina? Gracias.<\/p>\n<p>R.- Yo lo que observo es que los dos finalistas de la Champions ha sido m\u00e1s con un 4-3-3 pr\u00e1cticamente, tanto Bar\u00e7a como Manchester, y creo que los equipos que quieren tener una posesi\u00f3n de bal\u00f3n y un dominio del juego est\u00e1n tratando de colocar 3 hombres en el medio pero por la parcela central, y veo m\u00e1s este sistema en estos pr\u00f3ximos a\u00f1os como un sistema m\u00e1s innovador que el 3-4-3. Es un sistema m\u00e1s seguro, pero creo que con el 3-4-3 refuerzas m\u00e1s la defensa, mientras que con 1-4-3-3 siempre tratas de dominar el juego con mediocampistas que tengan diferentes versiones y hacen que quieras adue\u00f1arte del juego. <\/p>\n<p>P.- \u00bfCree que se ha adulterado la competici\u00f3n cuando equipos como el Osasuna han ganado con esa facilidad al Madrid y al Barcelona? <\/p>\n<p>R.- La verdad es que ayer o\u00eda al presidente del Getafe y hablaba de que habr\u00eda que copiar otras f\u00f3rmulas de la liga inglesa, como los sorteos, que suelen hacer otras cosas, para que ese tipo de partidos no modifiquen la condici\u00f3n del campeonato, porque equipos que por una u otra raz\u00f3n ya hab\u00edan conseguido los objetivos han tirado 2 o 3 partidos, y ah\u00ed se han beneficiado otros partidos. Es complejo pensar que pudieran haber conseguido esos puntos en otra fase del campeonato. Con esta liga, ha habido que se han sentido perjudicados, y otros beneficiados. Habr\u00eda que buscar una f\u00f3rmula para que los equipos no se viesen implicados en esa injusticia del sorteo, o c\u00f3mo se va llenando el propio calendario que se hace, ese a\u00f1o ha sido duro con 5 equipos de Champions seguidos, y ah\u00ed habr\u00eda que buscar otra f\u00f3rmula donde no se de esa circunstancia.<\/p>\n<p>P.- Sr. Iruretagoyena, si le pusieran ante Vd. la oportunidad de entrenar al Real Madrid, \u00bflo considerar\u00eda m\u00e1s una oportunidad y un regalo, o un marr\u00f3n?<\/p>\n<p>R.- Eso ser\u00eda una oportunidad impresionante. Con un presidente as\u00ed, que va a entrar pujante, con ambici\u00f3n y con gana de hacer y de desbancar al Barcelona, se atisba, desde mi punto de vista, un futuro cercano bastante interesante, y un entrenador no puede desaprovechar esa oportunidad. <\/p>\n<p>P.- Buenos dias Jabo. \u00bfNo crees que despu\u00e9s de la gran temporada que ha tenido Etoo con el Bar\u00e7a sea injusto q todavia no se le haya renovado? Es verdad, que se le dio la oportunidad este a\u00f1o y ha demostrado con creces q se merece seguir pues ha sido un ejemplo dentro y fuera del campo. Sinceramente creo que es una falta de respeto hacia \u00e9l que todavia no est\u00e9 claro si seguir\u00e1 o no. Gracias.<\/p>\n<p>R.- Yo creo que s\u00ed, este a\u00f1o ha tenido un comportamiento magn\u00edfico, y 30 goles, y fuera, en sus relaciones con la plantilla, se le ha visto liderando, en esos momentos antes del partido, dirige sus palabras al grupo, anima&#8230; ha sido un factor clave, tambi\u00e9n en la final de la Copa de Europa. Tiene un a\u00f1o m\u00e1s de contrato, y no creo que el Barcelona lo traspase, pero igual estar\u00e1n esperando hasta diciembre a ver el comportamiento del jugador dentro del campo para ofrecerle alg\u00fan a\u00f1o m\u00e1s.<\/p>\n<p>P.- Hola Jabo, al final salt\u00f3 la sorpresa y baj\u00f3 el betis, aunque lo siento por los andaluces&#8230; \u00bfqu\u00e9 jugadores de su actual plantilla pueden valer a equipos que luchen por estar en Europa el a\u00f1o que viene?<\/p>\n<p>R.- Hay bastantes, el Betis tiene una plantilla muy interesante, pero todo ese ambiente que se genera dentro no le ayuda, y esa forma de dirigir no es la m\u00e1s beneficiosa. Jugadores, algunos est\u00e1n en las selecciones de sus pa\u00edses, desde Eman\u00e1, Mar Gonz\u00e1lez, Juanito, Sergio Garc\u00eda, Edu, Oliveira&#8230; son interesantes para estar el a\u00f1o que viene en equipos que pueden competir por Europa. <\/p>\n<p>P.- Buenos dias, Creo que Lass Diarra combina mejor con Cesc que con Xavi Alonso, \u00bfque opina usted? Muchas gracias<\/p>\n<p>R.- Es posible, pero no es malo tampoco Xavi Alonso y Cesc. Estamos viendo que Diarra le dan como titular indiscutible, y ya sabes que en Am\u00e9rica dicen &#8220;dime qu\u00e9 medio centro tienes y te dir\u00e9 cu\u00e1l es tu estilo de juego&#8221;. El dar por supuesto que Lass Diarra es titular indiscutible es una forma de ver el f\u00fatbol de una manera determinada. Lass con Xavi Alonso son un buen complemento, pero hay m\u00e1s creatividad en un medio campo con Lass y Cesc. Y m\u00e1s todav\u00eda en uno con Xavi Alonso y Cesc. <\/p>\n<p>P.- \u00bfNos puede contar algo de su futuro? \u00bfTiene alguna oferta para entrenar el a\u00f1o que viene?<\/p>\n<p>R.- Alguna s\u00ed tengo, pero es dif\u00edcil que pueda acceder a ella. Es un pa\u00eds alejado y un f\u00fatbol diferente. Vamos a esperar todav\u00eda. <\/p>\n","protected":false},"excerpt":{"rendered":"<p>Javier Irureta es un testigo de excepci\u00f3n del deporte rey. Ha pasado por los banquillos de equipos como el Racing de Santander, Athletic, Real Sociedad, Zaragoza, Celta, Real Oviedo o Betis, consiguiendo sus mayores logros con el Deportivo de La Coru\u00f1a, donde gan\u00f3 una Liga y una Copa. El t\u00e9cnico vasco ha charlado con los lectores sobre el final de Liga, la final de Champions, y la actualidad futbol\u00edstica.<br \/>\nARCHIVO DE ENTREVISTAS:<br \/>\n25 de mayo 18 de mayo<br \/>\n&#8211; 11 de mayo 4 de mayo<br \/>\n&#8211; 27 de abril &#8211; 20 de abril<br \/>\n13 de abril -6 de abril<br \/>\n30 de marzo 23 de marzo<br \/>\n16 de marzo &#8211; 9 de marzo<br \/>\n&#8211; 2 de marzo &#8211; 23 de febrero<br \/>\n&#8211; 16 de febrero &#8211; 9 de febrero<br \/>\n&#8211; 2 de febrero &#8211; 26 de enero<br \/>\n&#8211; 19 de enero &#8211; 12 de enero<br \/>\n&#8211; 5 de enero &#8211; 22 de diciembre &#8211;<br \/>\n15 de diciembre &#8211; 9 de diciembre<br \/>\n&#8211; 1 de diciembre &#8211; 24 de noviembre &#8211;<br \/>\n17 de noviembre &#8211; 10 de noviembre &#8211;<br \/>\n3 de noviembre &#8211; 27 de octubre &#8211;<br \/>\n20 de octubre &#8211; 13 de octubre &#8211;<br \/>\n6 de octubre &#8211; 29 de septiembre &#8211;<br \/>\n22 de septiembre &#8211; 15 de septiembre &#8211;<br \/>\n&#8211; 8 de septiembre &#8211; &#8211; 1 de septiembre<\/p>\n","protected":false},"author":1,"featured_media":0,"comment_status":"open","ping_status":"open","sticky":false,"template":"","format":"standard","meta":{"footnotes":""},"categories":[],"tags":[],"class_list":["post-7523","post","type-post","status-publish","format-standard","hentry"],"_links":{"self":[{"href":"https:\/\/intervius.com\/index.html\/wp-json\/wp\/v2\/posts\/7523","targetHints":{"allow":["GET"]}}],"collection":[{"href":"https:\/\/intervius.com\/index.html\/wp-json\/wp\/v2\/posts"}],"about":[{"href":"https:\/\/intervius.com\/index.html\/wp-json\/wp\/v2\/types\/post"}],"author":[{"embeddable":true,"href":"https:\/\/intervius.com\/index.html\/wp-json\/wp\/v2\/users\/1"}],"replies":[{"embeddable":true,"href":"https:\/\/intervius.com\/index.html\/wp-json\/wp\/v2\/comments?post=7523"}],"version-history":[{"count":0,"href":"https:\/\/intervius.com\/index.html\/wp-json\/wp\/v2\/posts\/7523\/revisions"}],"wp:attachment":[{"href":"https:\/\/intervius.com\/index.html\/wp-json\/wp\/v2\/media?parent=7523"}],"wp:term":[{"taxonomy":"category","embeddable":true,"href":"https:\/\/intervius.com\/index.html\/wp-json\/wp\/v2\/categories?post=7523"},{"taxonomy":"post_tag","embeddable":true,"href":"https:\/\/intervius.com\/index.html\/wp-json\/wp\/v2\/tags?post=7523"}],"curies":[{"name":"wp","href":"https:\/\/api.w.org\/{rel}","templated":true}]}}