{"id":7521,"date":"2010-10-06T00:00:00","date_gmt":"2006-11-06T00:00:00","guid":{"rendered":"https:\/\/intervius.com\/index.html\/?p=7521"},"modified":"2006-11-06T00:00:00","modified_gmt":"2006-11-06T00:00:00","slug":"Cesar_Luena7521","status":"publish","type":"post","link":"https:\/\/intervius.com\/index.html\/Cesar_Luena7521\/","title":{"rendered":"C\u00e9sar Luena"},"content":{"rendered":"<p>Pregunta.- \u00bfQu\u00e9 os parece la precarizaci\u00f3n que sufrimos los j\u00f3venes? \u00bfPor qu\u00e9 la reforma laboral del PSOE s\u00f3lo apuesta por abaratar el despido? \u00bfEso es lo que nos propon\u00e9is? <\/p>\n<p>Respuesta.- Hola Ani. La precarizaci\u00f3n de la que me hablas me parece injusta e insorpotable; por eso la reforma laboral que ha impulsado el gobierno trata de mejorar la calidad y la estabilidad del empleo de los j\u00f3venes con el objetivo de crear empleo indefinido para los j\u00f3venes a trav\u00e9s del fomento de los contratos de formaci\u00f3n, que tendr\u00e1n protecci\u00f3n por desempleo y su salario ser\u00e1 el m\u00ednimo interprofesional, y de la bonificaci\u00f3n de la contrataci\u00f3n de los j\u00f3venes, adem\u00e1s de la limitaci\u00f3n, para erradicar abusos, de los contratos en pr\u00e1cticas. <\/p>\n<p>P.- Hola C\u00e9sar, Primero gracias por responder a preguntas de j\u00f3venes en paro: \u00bfQu\u00e9 opciones puede ofrecer a un parado desde 2003 aparte del INEM, Infojobs y la ilegalidad? <\/p>\n<p>R.- Hola colega. Nuestra tarea, tambi\u00e9n generacionalmente, es luchar para cambiar el modelo de crecimiento actual y el mercado de trabajo dual e injusto que ha generado. Con un mercado laboral modernizado y con j\u00f3venes con preparaci\u00f3n como la tuya la nueva econom\u00eda ser\u00e1 una realidad. Adem\u00e1s, creo que la formaci\u00f3n continua es v\u00e1lida y a la larga da sus frutos. En ese sentido, te recuerdo que hay un programa de matr\u00edcula gratuita de m\u00e1steres para desempleados. La reforma que acaba de hacer el gobierno ser\u00e1 eficaz con la recuperaci\u00f3n econ\u00f3mica y la creaci\u00f3n de empleo facilitar\u00e1 que perfiles como el tuyo encajen en el nuevo modelo productivo. Mucha suerte<\/p>\n<p>P.- \u00bfPor qu\u00e9 no hac\u00e9is nada para evitar los abusos con los becarios? Llevo dos a\u00f1os as\u00ed y mi situaci\u00f3n no tiene visos de cambiar. \u00bfNo hab\u00e9is pensado en mandar la inspecci\u00f3n laboral a las empresas?<\/p>\n<p>R.- Hola \u00c1lvaro. Tienes mucha raz\u00f3n. Te comprendo. Mira, te cuento lo que hemos hecho con la reforma laboral. El contrato en pr\u00e1cticas es cierto que no se estaba usando para lo que estaba dise\u00f1ado, y se hab\u00eda convertido en un coladero de precariedad y de abusos. Hemos limitado su duraci\u00f3n a un periodo m\u00ednimo de seis meses y m\u00e1ximo de dos a\u00f1os y hemos dignificado el salario, para que no sea menor al 60 % en el primer a\u00f1o ni inferior al 75 % en el segundo. <\/p>\n<p>P.- \u00bfC\u00f3mo ves las propuestas de empleo joven que ayer present\u00f3 el PP?<\/p>\n<p>R.- Qu\u00e9 hay Sandra. Pues me parece que a la m\u00ednima se le ve el plumero. Y el plumero que tienen se llama CEOE, precariedad y recorte de derechos y de prestaciones. Ampliar el contrato de formaci\u00f3n a los 30 a\u00f1os, cuando el gobierno acaba de aprobar una reforma laboral dignificando y potenciando ese tipo de contrato, para rebajarlo y precarizarlo me parece una broma de mal gusto, sino fuera porque muestran de nuevo su nulo inter\u00e9s en aportar soluciones \u00fatiles a los problemas de los ciudadanos. Es lamentable, pero siguen pensando en las elecciones, no en las soluciones. Es decir, piensan m\u00e1s en su futuro que en el futuro de todos. Un saludo<\/p>\n<p>P.- Hola Cesar. \u00bfConsideras que JJSS tiene dentro del PSOE la participaci\u00f3n que le corresponder\u00eda? \u00bfCrees necesaria la presencia de mas gente joven en las candidaturas del partido? En puestos de salida, por supuesto.<\/p>\n<p>R.- Hola Coque. La participaci\u00f3n de las Juventudes en el Partido tiene dos v\u00edas. Una natural, y es que la gente joven va, vamos haci\u00e9ndonos paso en las esferas de participaci\u00f3n y responsabilidad del Partido gradualmente, y una formal, si me permites, y que se basa en establecer par\u00e1metros para que la gente joven del PSOE ocupe puestos de responsabilidad dentro del partido y en las instituciones. Echa un vistazo a los grupos parlamentarios y ver\u00e1s la diferencia de j\u00f3venes menores de 30 a\u00f1os entre nosotros y el PP, y comprobar\u00e1s que el papel de los j\u00f3venes en el PSOE es notable. <\/p>\n<p>P.- \u00bfNo les da verg\u00fcenza no haber hecho nada para cambiar el famoso &#8220;modelo productivo&#8221;? <\/p>\n<p>R.- Enrique, nos pesa, como pa\u00eds tambi\u00e9n, no haber hecho lo suficiente cuando correspond\u00eda. Durante cinco a\u00f1os, antes de la crisis, el Gobierno de Zapatero redujo el peso del sector inmobiliario, impuls\u00f3 nuevos sectores como el de las renovables, el socio sanitario, las TIC\u00b4S..etc, pero es cierto que no hicimos lo suficiente, porque nuestra exposici\u00f3n a la burbuja inmobiliaria era excesiva. En resumen, hicimos casi todo lo que pod\u00edamos en ese tiempo. Un saludo<\/p>\n<p>P.- \u00bfEsta usted a derogar la ley por la cual un diputado con trabajar 8 a\u00f1os tiene derecho a la pensi\u00f3n m\u00e1xima? \u00bfEst\u00e1 usted a favor a equipararse con el resto de trabajadores espa\u00f1oles, o prefieren continuar siendo una casta privilegiada? Gracias <\/p>\n<p>R.- Ning\u00fan responsable pol\u00edtico en las instituciones tiene privilegios, ni pertenece a una casta Natalia. Esa es mi opini\u00f3n. Somos ciudadanos corrientes que temporalmente ocupamos una posici\u00f3n p\u00fablica y que derivado de ella adquirimos unos derechos y unas obligaciones para el ejercicio de esa responsabilidad. <\/p>\n<p>P.- \u00bfQu\u00e9 propuesta tiene el PSOE para la mejora de la carrera investigadora en Espa\u00f1a? Durante el gobierno socialista las condiciones no han hecho m\u00e1s que empeorar en este sentido, \u00bfpor qu\u00e9?<\/p>\n<p>R.- Hola Mar\u00eda. No puedo compartir contigo la segunda afirmaci\u00f3n, porque el PSOE ha establecido dos a\u00f1os de contrato y dos a\u00f1os de seguridad social, adem\u00e1s de llevar adelante el estatuto del personal investigador en formaci\u00f3n, que ha dignificado, quiz\u00e1 no lo suficiente todav\u00eda, las condiciones laborales de los becarios de investigaci\u00f3n. Desde el 2004, se han contratado 16.000 doctores en diferentes programas p\u00fablicos. Actualmente, est\u00e1 debati\u00e9ndose la Ley de la Ciencia y de la Tecnolog\u00eda, que va establecer una carreara para los investigadores definida, con apoyo del sector p\u00fablico y que potenciar\u00e1 la movilidad internacional, el papel de los agentes privados y la inserci\u00f3n laboral. <\/p>\n<p>P.- Hola C\u00e9sar. En los pr\u00f3ximos a\u00f1os el PSOE se ver\u00e1 sometido a un cambio generacional y de liderazgo al agotarse el proyecto de la era Zapartero. \u00bfQu\u00e9 l\u00edneas de acci\u00f3n de futuro se presentan desde las juventudes socialistas frentre al proyecto de Zapatero para recuperar la confianza de los muchos electores tradicionales del PSOE que ahora estamos tan desencantados con las politicas neoliberales que se llevan a cabo desde el Gobierno?<\/p>\n<p>R.- Qu\u00e9 hay Javier. Todo el mundo sabe que no estamos en eso. En conjeturas sobre el futuro est\u00e1n en el PP. Rajoy porque quiere llegar al poder utilizando la crisis, y Gallard\u00f3n y Aguirre que est\u00e1n disput\u00e1ndose su silla. En el PSOE estamos trabajando para recuperar el crecimiento econ\u00f3mico cuanto antes, crear empleo, y para ello estamos desarrollando pol\u00edticas de austeridad p\u00fablica, como en todo el mundo, a la vez que impulsamos reformas y pol\u00edticas de cohesi\u00f3n social, algo que nada tiene que ver con pol\u00edticas neoliberales, como dices. Esas las hicieron Aznar y Bush. Y de ah\u00ed viene el problema precisamente. Gracias por tu pregunta.<\/p>\n<p>P.- Hola C\u00e9sar: Es conocida la tard\u00eda emancipaci\u00f3n de los j\u00f3venes espa\u00f1oles, en particular lastrada por los bajos salarios, precariedad en el empleo y el alto precio de la vivienda. \u00bfQu\u00e9 propone las Juventudes Socialistas en esta materia? \u00bfPor donde atacar el problema y c\u00f3mo?<\/p>\n<p>R.- Hola Pablo. Me alegra verte por aqu\u00ed. Mira, como ya he respondido antes sobre las reforma laboral, con la que se generar\u00e1 empleo estable y de calidad, vamos a hablar de vivienda. La pol\u00edtica del gobierno se ha significado, y as\u00ed lo hace en el actual plan de vivienda, por facilitar el acceso a la vivienda de los j\u00f3venes a trav\u00e9s de la promoci\u00f3n de la vivienda protegida, de la rehabilitaci\u00f3n y del alquiler. Con la renta b\u00e1sica de emancipaci\u00f3n m\u00e1s de 250.000 j\u00f3venes reciben 210 euros al mes para que su esfuerzo en emancipaci\u00f3n se reduzca en m\u00e1s de un 40 %. Un abrazo<\/p>\n<p>P.- Buenos d\u00edas, si de verdad apuestan por los contratos indefinidos, \u00bfpor qu\u00e9 no proh\u00edben los temporales? \u00bfY los &#8220;por obra&#8221;? Gracias.<\/p>\n<p>R.- Hola. Nosotros pensamos que el contrato indefinido es el m\u00e1s adecuado para el nuevo mercado de trabajo que se crear\u00e1 tras la crisis econ\u00f3mica. En todo caso, hay situaciones que requieren de contrataci\u00f3n temporal, por lo que no se puede prescindir de ellos; no obstante, la reforma laboral prev\u00e9 que la indemnizaci\u00f3n a la finalizaci\u00f3n del mismo sea mayor. Espero haberte aclarado las cosas. <\/p>\n<p>P.- C\u00e9sar, \u00bfC\u00f3mo una organizaci\u00f3n juvenil socialista, autodeclara de izquierda, puede apoyar y respaldar la reforma laboral que ha puesto en marcha Zapatero? \u00bfTom\u00e1steis nota de la huelga general?<\/p>\n<p>R.- Sobre la huelga, tengo que decirte que nadie ha respetado m\u00e1s que se celebre como nosotros, aunque no la compartamos. En relaci\u00f3n a la reforma Juan, nosotros pensamos que esta reforma y las pol\u00edticas que van a desarrollarse a partir de ella van a permitir que se genere empleo indefinido, que se adec\u00fae el contrato de formaci\u00f3n, con m\u00e1s derechos, como el de desempleo, y m\u00e1s salario, y que se limiten los contratos en pr\u00e1cticas. Adem\u00e1s, las bonificaciones por contrataci\u00f3n impulsar\u00e1n los contratos de j\u00f3venes. Creo honradamente que esta reforma sirve y ayuda, que protege a los j\u00f3venes trabajadores e incrementa sus oprtunidades en el mercado laboral. <\/p>\n<p>P.- \u00bfQu\u00e9 retos se plantean en pol\u00edtica educativa?<\/p>\n<p>R.- Hola Ana. Mira, los retos pasan por seguir mejorando nuestro sistema educativo, que ha evolucionado y mucho (nuestra generaci\u00f3n es prueba de ello) para alcanzar unas metas bastante definidas. Hay que aumentar las tasas de \u00e9xito educativo hasta un 85 % en las etapas obligatorias y postobligatorias en secundaria, debemos adquirir m\u00e1s competencias en lenguas extranjeras, para lo que hay ya un plan establecido, reformar para hacer m\u00e1s abierto y conectado con la empresa la Formaci\u00f3n Profesional y seguir modernizando la universidad para hacerla m\u00e1s internacional. Adem\u00e1s de seguir aumentando las oportunidades a trav\u00e9s de las becas, que siguen subiendo a pesar de la crisis, y de la financiaci\u00f3n p\u00fablica, lo contrario de lo que hace el PP donde gobierna. <\/p>\n<p>P.- C\u00e9sar, una anomal\u00eda: para acceder a pr\u00e1cticas en empresas (becario) tienes que no ser licenciado. Si eres licenciado el contrato que te pueden ofrecer es un contrato de pr\u00e1cticas (m\u00e1s caro que la beca y por tanto es una opci\u00f3n &#8220;menos preferida&#8221; por las empresas). Se traduce en que es m\u00e1s f\u00e1cil obtener pr\u00e1cticas y acceder por tanto a formaci\u00f3n laboral sin acabar la carrera que siendo licenciado \u00bfQu\u00e9 han hecho en el PSOE o en el Gobierno para acabar con esta anomal\u00eda? <\/p>\n<p>R.- Hola Piter. Para los graduados existe el contrato en pr\u00e1cticas, que ya he explicado en otras respuestas en qu\u00e9 lo hemos reformado. Y as\u00ed aseguramos que no se producir\u00e1n abusos ni se ofrecer\u00e1n a los graduados becas que sustituyen contrataci\u00f3n laboral. En eso estamos para acabar con lo que t\u00fa muy bien denominas anomal\u00edas. Un saludo<\/p>\n<p>P.- Los j\u00f3venes nos cansamos de ver como los pol\u00edticos os pas\u00e1is gran parte del tiempo criticando al adversario. \u00bfSer\u00edas capaz de hacer autocr\u00edtica y decir lo que piensas que peor ha hecho tu partido estos \u00faltimos cuatro a\u00f1os? Muchas gracias <\/p>\n<p>R.- Claro que s\u00ed Alberto. Fundamentalmente no vimos venir a tiempo la dimensi\u00f3n de la crisis actual. Creo que sab\u00edamos que las cosas estaban cambiando a peor, y actuamos en consecuencia, pero la magnitud de la crisis no nos sorprendi\u00f3, pero en un primer momento, s\u00ed es cierto que sobrepas\u00f3 nuestras previsiones. Tambi\u00e9n te dir\u00e9 que en algunas etapas de la pasada legislatura nos dejamos amedrentar quiz\u00e1 un poco m\u00e1s de lo necesario por la extrema derecha y por la jerarqu\u00eda eclesi\u00e1stica. <\/p>\n<p>P.- \u00bfCre\u00e9is que los j\u00f3venes ententemos vuestro idioma de pol\u00edticos? <\/p>\n<p>R.- Hola Jairo. Lo que pasa es que a veces hablamos para entendernos entre nosotros, y eso es un error. Todas los gremios tienen su jerga, y nuestro problema, y m\u00e1s en los j\u00f3venes, es no darnos cuenta de que hablamos para la sociedad, no para los adversarios pol\u00edticos. En cualquier caso, casi todos hemos tomado nota y en el debate p\u00fablico y social utilizamos un lenguaje com\u00fan, que es lo que somos al fin y al cabo, gente com\u00fan. Adem\u00e1s, los problemas y soluciones de la gente pueden y deben hablarse y tratarse con palabras e ideas entendibles y corrientes. <\/p>\n<p>P.- Soy un joven de madrid , y no he visto nunca a juventudes socialistas en la calle. La pol\u00edtica se hace en la calle y no en los despachos. \u00bfVan ha hacer algo en Madrid?<\/p>\n<p>R.- Hola madrile\u00f1o. La pol\u00edtica, en mi opini\u00f3n, se hace all\u00ed donde est\u00e1 la gente. En concreto en Madrid tenemos una organizaci\u00f3n muy activa y participativa, especialmente en las universidades, en las asociaciones juveniles y en las redes sociales. Creo que los j\u00f3venes madrile\u00f1os pueden estar satisfechos de una organizaci\u00f3n que le ofrece alternativas y soluciones a la pol\u00edtica rancia de Aguirre y derrochona de Gallard\u00f3n. De todas formas, si has encontrado alg\u00fan problema para contactar con ellos, no dudes en ponerte en contacto conmigo a trav\u00e9s de www.jse.org <\/p>\n<p>P.- Si usted el d\u00eda de ma\u00f1ana fuese presidente del gobierno, \u00bfCual ser\u00eda su primera iniciativa en llevar a cabo?<\/p>\n<p>R.- Hola Jejo. Vaya pregunta. En el actual contexto, porque no s\u00e9 que pasar\u00e1 el d\u00eda de ma\u00f1ana, impulsar\u00eda la reforma laboral para crear empleo para los j\u00f3venes. Es lo que va a hacer el presidente, de hecho. <\/p>\n<p>P.- \u00bfQu\u00e9 ideas sugiere ante la migraci\u00f3n forzada de los espa\u00f1oles con licenciaturas y doctorados?<\/p>\n<p>R.- Hola Conchi. La movilidad que se da actualmente con los j\u00f3venes espa\u00f1oles universitarios posibilitar\u00e1 que sean un caudal de experiencia y de excelencia cuando el nuevo horizonte econ\u00f3mico permita crear puestos de trabajo acordes a su preparaci\u00f3n. <\/p>\n","protected":false},"excerpt":{"rendered":"<p>Por primera vez, los problemas de los j\u00f3venes son protagonistas gracias a la serie (Pre)parados. \u00bfQu\u00e9 respuestas ofrecen a estas situaciones los pol\u00edticos. C\u00e9sar Luena, secretario de organizaci\u00f3n de Juventudes Socialistas, ha charlado con los lectores sobre las propuestas del PSOE en este sentido. <\/p>\n","protected":false},"author":1,"featured_media":0,"comment_status":"open","ping_status":"open","sticky":false,"template":"","format":"standard","meta":{"footnotes":""},"categories":[],"tags":[],"class_list":["post-7521","post","type-post","status-publish","format-standard","hentry"],"_links":{"self":[{"href":"https:\/\/intervius.com\/index.html\/wp-json\/wp\/v2\/posts\/7521","targetHints":{"allow":["GET"]}}],"collection":[{"href":"https:\/\/intervius.com\/index.html\/wp-json\/wp\/v2\/posts"}],"about":[{"href":"https:\/\/intervius.com\/index.html\/wp-json\/wp\/v2\/types\/post"}],"author":[{"embeddable":true,"href":"https:\/\/intervius.com\/index.html\/wp-json\/wp\/v2\/users\/1"}],"replies":[{"embeddable":true,"href":"https:\/\/intervius.com\/index.html\/wp-json\/wp\/v2\/comments?post=7521"}],"version-history":[{"count":0,"href":"https:\/\/intervius.com\/index.html\/wp-json\/wp\/v2\/posts\/7521\/revisions"}],"wp:attachment":[{"href":"https:\/\/intervius.com\/index.html\/wp-json\/wp\/v2\/media?parent=7521"}],"wp:term":[{"taxonomy":"category","embeddable":true,"href":"https:\/\/intervius.com\/index.html\/wp-json\/wp\/v2\/categories?post=7521"},{"taxonomy":"post_tag","embeddable":true,"href":"https:\/\/intervius.com\/index.html\/wp-json\/wp\/v2\/tags?post=7521"}],"curies":[{"name":"wp","href":"https:\/\/api.w.org\/{rel}","templated":true}]}}