{"id":7518,"date":"2010-10-06T00:00:00","date_gmt":"2006-11-06T00:00:00","guid":{"rendered":"https:\/\/intervius.com\/index.html\/?p=7518"},"modified":"2006-11-06T00:00:00","modified_gmt":"2006-11-06T00:00:00","slug":"Aaron_Sorkin7518","status":"publish","type":"post","link":"https:\/\/intervius.com\/index.html\/Aaron_Sorkin7518\/","title":{"rendered":"Aaron Sorkin"},"content":{"rendered":"<p>Pregunta.- \u00bfPor qu\u00e9 cree que su pel\u00edcula est\u00e1 creando tanta expectaci\u00f3n, trat\u00e1ndose de un tema tan conocido como el propio Facebook desde hace tantos a\u00f1os?<\/p>\n<p>Respuesta.- Gracias por la pregunta, pirraya. Me sorprende cuando cualquier cosa que escribo atrae la atenci\u00f3n de cualquiera fuera de mi familia, as\u00ed que por supuesto que estamos todos emocionados con la recepci\u00f3n de la acogida. <\/p>\n<p>P.- \u00bfQu\u00e9 prefieres, trabajar en el cine o en la televisi\u00f3n? \u00bfPor qu\u00e9? \u00bfNo crees que en estos momentos hay series de televisi\u00f3n mucho m\u00e1s interesantes que la mayor\u00eda de las pel\u00edculas de Hollywood? <\/p>\n<p>R.- MI gran amor es el teatro, mi coraz\u00f3n est\u00e1 con las obras de teatro. Pero me encantan tambi\u00e9n el cine y la televisi\u00f3n. Me siento afortunado de poder ejercer en los tres medios. Lo que tienes en el cine que no tienes en la televisi\u00f3n es tiempo. Cuando estoy haciendo una serie como El ala oeste de la Casa Blanca, tengo 8 d\u00edas para escribir y producir una pel\u00edcula de 48 minutos. Tengo mucho m\u00e1s tiempo con una pel\u00edcula, pero menos de inmediato. Con una pel\u00edcula, si escribo un chiste hoy, no voy a escuchar las risas hasta dentro de dos a\u00f1os. Con una serie de televisi\u00f3n, algo va a estar en la televisi\u00f3n dentro de seis semanas que hasta ahora no se me hab\u00eda ocurrido. <\/p>\n<p>P.- Hola. Gracias por contestar a las preguntas de los internautas. Ah\u00ed van varias: \u00bfTienes p\u00e1gina personal en facebook? \u00bfPor qu\u00e9? \u00bfSabes que hay p\u00e1ginas en facebook dedicadas a ti? \u00bfLas miras alguna vez? Gracias por tu trabajo<\/p>\n<p>R.- S\u00e9 que hay al menos cuatro otras personas que dicen que soy yo que est\u00e1n en Facebook. Si te piden dinero o salir contigo, diles que no. Por otro lado, si est\u00e1s libre para salir, ponte en contacto conmigo. <\/p>\n<p>P.- \u00bfConstituye esta pel\u00edcula una s\u00edntesis objetiva y precisa sobre la creaci\u00f3n de la mayor red social, o m\u00e1s bien a una campa\u00f1a de desprestigio hacia el propio Zuckerberg y lo que representa? <\/p>\n<p>R.- Splinter, es una excelente pregunta. La respuesta es que \u00a1ni una cosa ni la otra! La pel\u00edcula no es sobre Facebook, igual que don Quijote no es sobre molinos. La red social es una historia antigua de lealtad y la traici\u00f3n, amistad, envidia, poder social. Son historias que hemos contado durante millones de a\u00f1os, puesto con el tel\u00f3n de fondo de una invenci\u00f3n moderna. Mark Zuckerberg es un hombre brillante y talentoso. No tengo ning\u00fan deseo de atacarle de ninguna manera y porque era mi personaje central siento un cari\u00f1o hacia \u00e9l y un deseo de defenderle. <\/p>\n<p>P.- Soy un fan\u00e1tico del Ala Oeste (mi serie favorita de todos los tiempos) y Studio 60. \u00bfPara cu\u00e1ndo una nueva serie? \u00bfTienes ya algo entre manos?<\/p>\n<p>R.- Gracias, LCR. Estoy muy orgulloso de El ala oeste, y lo pas\u00e9 bomba haci\u00e9ndola. Tengo una nueva serie de televisi\u00f3n que va a salir pronto, y en cuanto me dejen anunciarlo, lo sabr\u00e1s. <\/p>\n<p>P.- Tanto su nombre como el de Fincher son sin\u00f3nimo de calidad, \u00bfc\u00f3mo ha sido el proceso de creaci\u00f3n de La red social?<\/p>\n<p>R.- Gracias, Javier. A primera vista, podr\u00eda parecer una combinaci\u00f3n rara de escritor y director. David es m\u00e1s conocido por ser un director sin par visual, mientras yo escribo de personas hablando en una habitaci\u00f3n. Pero a David le encant\u00f3 que fuera una historia contada a trav\u00e9s de di\u00e1logos, aport\u00f3 su estilo visual distintivo a ello adem\u00e1s de las magn\u00edficas interpretaciones que consigui\u00f3 por un reparto de gran talento y mont\u00f3 la pel\u00edcula como una pel\u00edcula de acci\u00f3n. He sido miuy afortunado de haber podido trabajar con grandes directores en mi carrera, pero no puedo imaginar ninguno haciendo un mejor trabajo que David Fincher con La red social. <\/p>\n<p>P.- Una de las cosas que m\u00e1s me gustaba tanto de Estudio 60 como del Ala Oeste era el movimiento. Los personajes siempre estaban en movimiento. \u00bfQu\u00e9 hay de esto en La red social?<\/p>\n<p>R.- Gracias, Miguel. El director de Estudio 60 y El ala oeste era Thomas Schlamme y, como digo, tengo tendencia a escribir sobre personajes hablando en una habitaci\u00f3n, por lo que tuvo que a\u00f1adir elementos visuales interesantes. Por tanto, en ambas series vas a ver gente andando muy r\u00e1pidamente en grandes decorados. <\/p>\n<p>P.- No me creo que escribiera el gui\u00f3n de El ala oeste&#8230; sin contar con un topo que trabajara en el gabinete del presidente. \u00bfDe verdad han salido de su cabeza todas esas situaciones, personajes, di\u00e1logos&#8230;?<\/p>\n<p>R.- Antonia, tuve un grupo de tutores, muchos de los cuales hab\u00edan trabajado en la Casa Blanca para diferentes presidentes. Escuch\u00e9 a ellos discutir sobre cualquier tema. Esas discusiones las convert\u00ed en an\u00e9cdotas para la serie, y las presentaba seg\u00fan mi estilo dram\u00e1tico personal. <\/p>\n","protected":false},"excerpt":{"rendered":"<p>La esperad\u00edsima pel\u00edcula La red social cuenta la historia de la creaci\u00f3n de Facebook y de su creador, Mark Zuckerberg. El filme, dirigido por David Fincher, figura ya en todas las quinielas para los Oscar. Uno de sus avales es contar con Aaron Sorkin como guionista. El creador y guionista de la serie El ala oeste de la Casa Blanca y de La red social ha charlado con los lectores sobre su \u00faltima pel\u00edcula y su carrera como guionista.<br \/>\nFoto: Gorka Lejarcegi<br \/>\nAvance de La red social<br \/>\n Escena de la pel\u00edcula<\/p>\n","protected":false},"author":1,"featured_media":0,"comment_status":"open","ping_status":"open","sticky":false,"template":"","format":"standard","meta":{"footnotes":""},"categories":[],"tags":[],"class_list":["post-7518","post","type-post","status-publish","format-standard","hentry"],"_links":{"self":[{"href":"https:\/\/intervius.com\/index.html\/wp-json\/wp\/v2\/posts\/7518","targetHints":{"allow":["GET"]}}],"collection":[{"href":"https:\/\/intervius.com\/index.html\/wp-json\/wp\/v2\/posts"}],"about":[{"href":"https:\/\/intervius.com\/index.html\/wp-json\/wp\/v2\/types\/post"}],"author":[{"embeddable":true,"href":"https:\/\/intervius.com\/index.html\/wp-json\/wp\/v2\/users\/1"}],"replies":[{"embeddable":true,"href":"https:\/\/intervius.com\/index.html\/wp-json\/wp\/v2\/comments?post=7518"}],"version-history":[{"count":0,"href":"https:\/\/intervius.com\/index.html\/wp-json\/wp\/v2\/posts\/7518\/revisions"}],"wp:attachment":[{"href":"https:\/\/intervius.com\/index.html\/wp-json\/wp\/v2\/media?parent=7518"}],"wp:term":[{"taxonomy":"category","embeddable":true,"href":"https:\/\/intervius.com\/index.html\/wp-json\/wp\/v2\/categories?post=7518"},{"taxonomy":"post_tag","embeddable":true,"href":"https:\/\/intervius.com\/index.html\/wp-json\/wp\/v2\/tags?post=7518"}],"curies":[{"name":"wp","href":"https:\/\/api.w.org\/{rel}","templated":true}]}}