{"id":7467,"date":"2009-05-27T00:00:00","date_gmt":"2006-11-06T00:00:00","guid":{"rendered":"https:\/\/intervius.com\/index.html\/?p=7467"},"modified":"2006-11-06T00:00:00","modified_gmt":"2006-11-06T00:00:00","slug":"Montserrat_Dominguez7467","status":"publish","type":"post","link":"https:\/\/intervius.com\/index.html\/Montserrat_Dominguez7467\/","title":{"rendered":"Montserrat Dom\u00ednguez"},"content":{"rendered":"<p>Pregunta.- En que medio te sientes mas comoda, en televisi\u00f2n o en la radio?<\/p>\n<p>Respuesta.- Hola Arys: me gustan los dos medios, aunque ahora estoy descubriendo y explorando la radio, y por tanto disfrutando de todo lo m\u00e1gico que tiene el micr\u00f3fono. Y francamente, tambi\u00e9n en liberador descansar de la tele&#8230; es un medio muy bestia.<\/p>\n<p>P.- Sigo su programa todos los fines de semana, la secci\u00f3n que sobre todas las dem\u00e1s intento no perderme ning\u00fan s\u00e1bado es el club de lectura. Me gustar\u00eda saber c\u00f3mo se hace la selecci\u00f3n de los libros y escritores que se comentan y se entrevistan en el programa. Enhorabuena Montse por su trayectora profesional. <\/p>\n<p>R.- Gracias por tus palabras, Roc\u00edo, \u00a1yo tambi\u00e9n soy fan del Club de Lectura! La secci\u00f3n la preparamos entre Oscar L\u00f3pez, Manu Ber\u00e1stegui, Antonio Nu\u00f1o y yo misma. Proponemos temas, autores, libros, y Antonio se encarga adem\u00e1s de buscar m\u00fasicas o cortes que lo acompa\u00f1en. Leemos todos los libros de los que hablamos, supongo que por esa raz\u00f3n el Club es especial&#8230;<\/p>\n<p>P.- Es un placer solamente que me leas para poder escuchar tu voz. Hace a\u00f1os que te sigo, eso s\u00ed, desde una hora menos porque soy de Canarias. Pero una vez tuve la oportunidad de encontrarte en el tren de Zaragoza a Madrid y no me atrev\u00ed a saludarte. Al margen de esto me encantar\u00eda saber \u00bfQu\u00e9 noticia has transmitido y que, personalmente, te haya causado satisfacci\u00f3n? \u00bfy qu\u00e9 noticia te ha causado lo contrario?. Muchas gracias y A vivir que con tu voz nos ayudas mucho. <\/p>\n<p>R.- Hola, Alejandro: sal\u00fadame cuando me veas, porque me encanta poner cara a quien me escucha&#8230;. Me preguntas por las noticias, y te dir\u00e9 que la \u00faltima que me dej\u00f3 muy buen cuerpo fue la toma de posesi\u00f3n de Obama como presidente de EEUU. Pero por desgracia, en esta profesi\u00f3n nos pasamos la vida contando noticias duras. Cualquiera en la que haya dolor, injusticia o muerte, me resulta dura de dar.<\/p>\n<p>P.- Solo quiero felicitarla. No voy a decir que est\u00e1 superando sus antecesore\/as, porque ser\u00eda ofender tan buenos profesionales. Pero si que es verdad que su estilo es especial. Y los temas que se tratan est\u00e1n a la altura y el tono de acuerdo con los horarios y d\u00edas de emisi\u00f3n. Espero &#8220;egoistamente&#8221; que no &#8220;escale&#8221; demasiado r\u00e1pido dentro de esta emisora&#8230;..Gracias<\/p>\n<p>R.- Gracias, Alfredo. Yo estoy feliz con el programa.<\/p>\n<p>P.- Hola: \u00bfNo cree que en muchas ocasiones los periodistas parecen los portavoces de los partidos pol\u00edticos? \u00bfNo ser\u00eda mejor una mayor neutralidad en la presentanci\u00f3n de las noticias y en los an\u00e1lisis que hacen de la actualidad pol\u00edtcia? Muchas gracias, un saludo<\/p>\n<p>R.- Te doy la raz\u00f3n en que dedicamos demasiado tiempo a hablar de los pol\u00edticos y de la pol\u00edtica en min\u00fascula. Y los an\u00e1lisis es imposible que sean neutrales: siempre lo haces desde determinada \u00f3ptica. Lo importante es que haya variedad y pluralidad. Un abrazo, Luis.<\/p>\n<p>P.- Me pongo tontorr\u00f3n con tu voz,por la ma\u00f1ana.\u00bfA parte de madrugar,que te molesta del formato de a vivir,que har\u00edas diferente?\u00bfSe te hace corto el programa<\/p>\n<p>R.- Me pones t\u00fa tontorrona con estas cosas que dices&#8230;. Y s\u00ed, ser\u00eda fant\u00e1stico si A Vivir empezara un par de horas m\u00e1s tarde, aunque es agradable saber que eres la primera para muchas personas por la ma\u00f1ana. Y s\u00ed, a veces necesitar\u00eda varias horas m\u00e1s para abordar todos los asuntos que surgen!<\/p>\n<p>P.- Me encanta el montaje con el que se inicia el programa los fines de semana. \u00bfQui\u00e9n lo hace? Felicitelo de verdad. Me parece, sencillamente, una obra de arte.<\/p>\n<p>R.- Gracias, Guzm\u00e1n; es nuestro peque\u00f1o regalo para los oyentes, y como casi todo, es un trabajo de equipo. Entre todos seleccionamos los sonidos de la semana, yo decido finalmente cu\u00e1les entran y en qu\u00e9 orden -\u00a1hay veces que el resumen tendr\u00eda que durar media hora!- y nuestro realizador, Juan Aranaz, se encarga de encajarlos en la m\u00fasica y sonidos de fondo que \u00e9l mismo busc\u00f3 para el resumen. Tambi\u00e9n me rega\u00f1a cuando los cortes son demasiado largos&#8230;<\/p>\n<p>P.- Supongo que no te gustar\u00e1 hablar de otros compa\u00f1eros, pero que te parece el funcionamiento de La Mirada tras tu paso&#8230;<\/p>\n<p>R.- Buena parte del equipo con el que trabaj\u00e9 en Tele 5 sigue en La Mirada Cr\u00edtica, lo cual es una garant\u00eda de calidad, y tengo mucho aprecio por Maria Teresa Campos, que es una gran profesional. L\u00f3gicamente, cada director\/a le da su toque personal, y lo importante para m\u00ed es que siga habiendo espacio en televisi\u00f3n para programas como La Mirada.<\/p>\n<p>P.- Hola Montserrat soy un joven periodista que se paso la carrera desayunando contigo, aprend\u00ed mucho con tu paso por la tele y era una gozada tu programa y tu forma de conducirlo, ahora con un poco de distancia respecto a la caja, \u00bfc\u00f3mo ves el tratamiento informativo en la tele matinal? Creo que uno de los principales fallos de algunos programas es contar con el mismo equipo de tertulianos se hable de lo que se hable. Un abrazo muy fuerte y muchas gracias por tu forma de trabajar<\/p>\n<p>R.- Hola Diego. Cuando trabajes una redacci\u00f3n te dar\u00e1s cuenta de que es imposible improvisar los programas, invitados y contertulios de un d\u00eda para otro, a pesar de el esfuerzo inmenso que se hace tanto en radio, tele y prensa para actualizar los contenidos. As\u00ed que un equipo de buenos contertulios, a los que se vayan incorporando especialistas, es fundamental si no quieres quedarte sola y en blanco en un estudio a las 8 de la ma\u00f1ana. Para m\u00ed lo realmente importante es la persona que modera, y que tiene que sacar lo mejor de sus contertulios e invitados. \u00a1Suerte en el oficio!<\/p>\n<p>P.- Montserrat, creo recordar una alusi\u00f3n tuya hace a\u00f1os al trabajo de Ryzard Kapuscinsky, \u00bfqu\u00e9 te parece su trabajo? No crees que esas reuniones con Garc\u00eda M\u00e1rquez con j\u00f3venes periodistas para hablar del Nuevo Periodismo deber\u00edan haber tenido m\u00e1s eco medi\u00e1tico y m\u00e1s continuidad. Un abrazo y no cambies, me encanta tu trabajo<\/p>\n<p>R.- Citas a dos maestros. Hay que volver a ellos siempre, siempre&#8230;<\/p>\n<p>P.- Hola, Montserrat. \u00bfC\u00f3mo se prepara un programa de radio como A vivir que son dos d\u00edas?<\/p>\n<p>R.- Empezamos los mi\u00e9rcoles con una reuni\u00f3n de todo el equipo en la que debatimos temas, entrevistados, enfoques, secciones&#8230;. Dise\u00f1amos el programa. El jueves descubrimos que es imposible, y vamos retocando y redise\u00f1ando, o incorporando cosas a\u00fan mejores. El viernes es la carrera contrarreloj para tener listos los guiones, los invitados, los traslados&#8230; Y siempre pendientes de la actualidad, que se empe\u00f1a en colarse por las rendijas de nuestra escaleta y nuestras mejores intenciones. Nunca hacemos el programa con el que so\u00f1amos: y a veces, sale mucho mejor \u00e1un. <\/p>\n<p>P.- Hola Montse! No me pierdo casi nunca sus tertulias. Lo \u00fanico contra produciente es la tertulia de los politicos: no cambian nunca. Un ejemplo: se cuenta y se sostiene que la oposici\u00f3n no debe presentar alternativas porque no tiene el poder. \u00bfSe debe votar a alguien que esconde sus cartas y esperar que les ense\u00f1e cuando este en el poder? \u00bfQu\u00e9 haceis yendo a las ruedas de prensa de politicos si no podeis preguntar?<\/p>\n<p>R.- Huy, cervecero, cu\u00e1ntas cosas. Empiezo por el final: NO las ruedas de prensa en las que no podemos preguntar. Son una verguenza, y deber\u00edamos dejar de ir. \u00bfVotar a quien esconde sus cartas? Una de las razones por las que creo que el periodismo es necesario es precisamente para desenmascarar a los impostores, en la pol\u00edtica, la sociedad o la vida. Y si quien aspira a gobernar es incapaz de explicar cu\u00e1l es su programa de gobierno, mal vamos&#8230;. Ah, y a m\u00ed me encanta la tertulia de pol\u00edticos, porque creo que todos los que participan (Madina, Lasalle, Jan\u00e9 y Barcos) son realmente buenos. <\/p>\n<p>P.- A cu\u00e1ntos colaboradores de Ruedo Ib\u00e9rico te has llevado a Vivir que son dos d\u00edas?<\/p>\n<p>R.- El m\u00e1s importante de todos, el subdirector: Marce Rodr\u00edguez, que lo fue de Ruedo y lo sigue siendo de A vivir que son dos d\u00edas. Y tengo la suerte de seguir contando con M\u00e0rius Carol, Ana Ca\u00f1il o Giles Tremlett en esta etapa en la SER&#8230;<\/p>\n<p>P.- hola montse, sigo el programa siempre que puedo, una pregunta como se te ocurri\u00f3 llevar al pastor es genial&#8230;?un beso.<\/p>\n<p>R.- Berkovic, estoy contigo: Eugenio es genial. Le hemos convencido para que venga a Soria este pr\u00f3ximo domingo, as\u00ed que no te lo pierdas. Eugenio llam\u00f3 al programa que hicimos para celebrar el 20 aniverario de A Vivir que son Dos d\u00edas: \u00e9l llam\u00f3 desde Robladillo para saludar a Fernando Delgado. Desde entonces sigue entrando en el programa cada fin de semana&#8230; y siempre aprendemos algo de \u00e9l.<\/p>\n<p>P.- Cu\u00e1l es el secreto de ser tan buen profesional<\/p>\n<p>R.- Gracias, Vero. Para ser buen profesional, en cualquier campo de la vida, hay que trabajar duro y no perder la ilusi\u00f3n y la pasi\u00f3n por lo que haces. No conozco otra f\u00f3rmula&#8230;<\/p>\n<p>P.- Como se puede entender que el programa que presentabas en Antena 3, &#8220;Los desayunos&#8221; desapareciera de la programaci\u00f3n.<\/p>\n<p>R.- Los directivos de la cadena entendieron que era mejor apostar por un formato diferente. Pero yo estoy muy contenta de Ruedo Ib\u00e9rico y del estilo que imprimimos con actualidad, informaci\u00f3n en directo, entrevistas y an\u00e1lisis. <\/p>\n<p>P.- En tus a\u00f1os de profesi\u00f3n, \u00bf has recibido presiones para no dar una noticia ? \u00bf en qu\u00e9 medio te has podido ejercer el Periodismo con m\u00e1s libertad ? Un saludo desde Pamplona.<\/p>\n<p>R.- Hola, Pablillo. Quiz\u00e1 te decepcione saber que nunca he tenido presiones de ese tipo, quiz\u00e1 el m\u00e9rito sea de los directores con los que he trabajado, que eran quienes paraban los golpes&#8230; En general, siempre he podido trabajar con libertad, reconozco que soy una afortunada. Pero s\u00ed, las presiones existen, aunque sean m\u00e1s sutiles, y no siempre se puede tratar un tema de la manera que a t\u00fa querr\u00edas. Saludos a Pamplona!<\/p>\n<p>P.- Felicidades por el programa. \u00bfQue sueles hacer el resto dela semana?<\/p>\n<p>R.- Mis fines de semana son los lunes y los martes, y me dedico a mis ni\u00f1os, mi casa, y mis libros: siempre me faltan horas. El mi\u00e9rcoles ya comienza la vor\u00e1gine de preparativos del programa&#8230;<\/p>\n<p>P.- Supongo que es una pregunta inc\u00f3moda, y no s\u00e9 si a ud. le ha ocurrido alguna vez. \u00bfPorque hay veces que el entrevistado se va &#8220;vivo&#8221;?, quiero decir y se le hacen preguntas vanales y no se les pregunta sobre temas interesantes de verdad.<\/p>\n<p>R.- Francisco, una siempre intenta acertar con las preguntas, pero es imposible que a t\u00ed ya m\u00ed, por ejemplo, nos interesen las mismas cosas de los mismos personajes; imag\u00ednate con el resto del mill\u00f3n ochocientos mil oyentes&#8230; as\u00ed que me fio de mi criterio, tratando de tocar los asuntos que creo que interesan a un mayor n\u00famero de personas. A\u00fan as\u00ed, hay veces que no aciertas con las preguntas, ni con el tono, t\u00fa estas mal, o el entrevistado est\u00e1 mal&#8230; y la entrevista no cuaja. Claro que me ha ocurrido, y es descorazonador, pero por eso cada directo es \u00fanico. Lo \u00fanico que cabe hacer es seguir trabajando para que la siguiente salga mejor.<\/p>\n<p>P.- en primer lugar te traslado mi alegr\u00eda por el hecho de que dirijas el programa. Desde que comenz\u00f3 creo recordar Concha Garc\u00eda Campoy para eres la que mejor ha llevado el programa. Sin peloteo. S\u00f3lo una curiosidad, al trabajar s\u00f3lo 2 d\u00edas me imagino que la calidad de vida ha de ser espectacular, no? esp s\u00ed, uno se pierde los fines de semana, pero que m\u00e1s da si gana gana 5 d\u00edas. Un saludo afectuoso.<\/p>\n<p>R.- Gracias, Txipo, \u00a1ojal\u00e1 trabajara s\u00f3lo dos d\u00edas a la semana!<\/p>\n<p>P.- Joe, mira que justo el otro d\u00eda puse telecinco y me acord\u00e9 de t\u00ed, me dije d\u00f3nde andar\u00e1 la buena de Montse&#8230; y te encuentro hoy aqu\u00ed de casualidad. \u00bfC\u00f3mo te va la vida, amiga? (Lo de amiga es que ya son a\u00f1os siguiendote) \u00bfC\u00f3mo definir\u00edas para alguien que nunca ha escuchado tu programa?<\/p>\n<p>R.- Amiga Josefina, qu\u00e9 gusto da saber que hay gente como t\u00fa que sigue ah\u00ed, a\u00f1o tras a\u00f1o&#8230; &#8220;A Vivir&#8221; es la mejor compa\u00f1\u00eda posible para esos d\u00edas del fin de semana, en los que el cuerpo te pide un buen caf\u00e9, un buen zumo, un poco de aire fresco, pocas preocupaciones, muchas inquietudes de las buenas, cien por cien de curiosidad por el mundo que nos rodea, un poquito de buena m\u00fasica y gente interesante con cosas interesantes que escuchar&#8230;<\/p>\n<p>P.- \u00a1Hola!\u00bfQu\u00e9 les dirias en este momento a los periodistas que est\u00e1n empezando su carrera laboral? \u00bfc\u00f3mo est\u00e1 el panorama?<\/p>\n<p>R.- El panorama, Pat, est\u00e1 francamente mal. No te voy a contar cuentos, pero me parece posiblemente de los momentos m\u00e1s delicados por los que atraviesa la profesi\u00f3n. Lo bueno: que estamos en los dolores de parto de un sistema nuevo que va a romper con el pasado, aunque a\u00fan no sabemos muy bien c\u00f3mo. Los que se incorporan ahora a la profesi\u00f3n ser\u00e1n quienes tengan de desarrollarlo&#8230; Pero el buen periodismo es, y seguir\u00e1 siendo, m\u00e1s necesario que nunca. Y los buenos periodistas tambi\u00e9n, no te quepa duda.<\/p>\n<p>P.- \u00bfEs necesaria una sensibilidad especial, personal y profesional, del conductor del programa para realizar un magazine como el suyo, o es m\u00e1s obra de todo el equipo que hay detr\u00e1s del micro? Enhorabuena de parte de un admirador.<\/p>\n<p>R.- Las dos cosas, Oscar, las dos cosas.<\/p>\n<p>P.- \u00bfQu\u00e9 cambiaste en el a vivir que heredaste de Angels barcelo? \u00bfEs dif\u00edcil coger un programa a mitad de temporada con un traje, por as\u00ed decirlo, que no era el tuyo?<\/p>\n<p>R.- Hered\u00e9 un programa estupendo, muy bien hecho, que como bien dices tienes que ajustar para que se acople a tu personalidad y tu visi\u00f3n del mundo. Hemos ido cambiando secciones y colaboradores, y manteniendo a otros viejos conocidos&#8230; Los cambios son permanentes porque nunca nos conformamos con lo que hay.<\/p>\n<p>P.- En los fines de semana no hay otro programa, con la equidad y calidad que el tuyo, enhorabuena, \u00bfrecuerdas alguna entrevista que te fuera particularmente dificil hacer, por lo peculiar del personaje en cuestion? Gracias y adelante con esa trayectoria.<\/p>\n<p>R.- Gracias, Juanfra.La entrevista m\u00e1s complicada es siempre la pr\u00f3xima, pero puestos a recordar alguna, te dir\u00e9 que me result\u00f3 un reto entrevistar a Juan Mars\u00e9, un personaje al que admiro profundamente, y que no se siente c\u00f3modo delante de un micro. <\/p>\n<p>P.- Buenos d\u00edas! En primer lugar, enhorabuena por su trabajo y su profesionalidad. La sigo desde su etapa en La mirada cr\u00edtica. Confieso que desde que se fue Vicente Vall\u00e9s (y desde que &#8220;colocaron&#8221; a su sustituta) he decidido pasarme a la radio. Y creo que siendo honestos la SER no tiene competencia. Je. Mi pregunta es: \u00bfEcha de menos la televisi\u00f3n? \u00bfTiene pensado volver o se vive mejor en la radio? Un saludo!<\/p>\n<p>R.- Me encanta la radio, todav\u00eda estoy en fase de exploradora del medio. Y Siena, si algo he aprendido en estos a\u00f1os, es que es imposible saber cu\u00e1l ser\u00e1 tu pr\u00f3ximo paso profesional, o el medio al que te dedicas. Me gusta escribir, me gusta hacer televisi\u00f3n, y la radio me apasiona. En realidad, me encanta mi profesi\u00f3n, as\u00ed que ir\u00e9 donde ella me lleve&#8230; \u00a1Me alegro que te hayas incorporado a la familia de la radio!<\/p>\n<p>P.- Primero mi admiraci\u00f3n personal por t\u00ed y por tu programa. Segundo,\u00bf C\u00f3mo se convence a Vicente Aranda para poder entrar en lo m\u00e1s Inntimo de su trabajo?. Me parece un gran director, pero una persona df\u00edcil de tratar. Un beso.<\/p>\n<p>R.- Le conoc\u00ed personalmente el pasado domingo, cuando hizo el primer cap\u00edtulo de Diario de un Rodaje. Es magn\u00e9tico, y para mi es un orgullo que haya aceptado escribir este cap\u00edtulo radiof\u00f3nico cada fin de semana&#8230;<\/p>\n","protected":false},"excerpt":{"rendered":"<p>Tras varios a\u00f1os ligada a la televisi\u00f3n en septiembre de 2007 fich\u00f3 como colaboradora especial de la Cadena SER y tras colaborar con Carles Francino sustituy\u00f3 a Angels Barcel\u00f3 al frente de &#8220;A vivir que son dos d\u00edas&#8221;, Montserrat ha charlado con los oyentes de su trayectoria y los detalles del programa.<\/p>\n","protected":false},"author":1,"featured_media":0,"comment_status":"open","ping_status":"open","sticky":false,"template":"","format":"standard","meta":{"footnotes":""},"categories":[],"tags":[],"class_list":["post-7467","post","type-post","status-publish","format-standard","hentry"],"_links":{"self":[{"href":"https:\/\/intervius.com\/index.html\/wp-json\/wp\/v2\/posts\/7467","targetHints":{"allow":["GET"]}}],"collection":[{"href":"https:\/\/intervius.com\/index.html\/wp-json\/wp\/v2\/posts"}],"about":[{"href":"https:\/\/intervius.com\/index.html\/wp-json\/wp\/v2\/types\/post"}],"author":[{"embeddable":true,"href":"https:\/\/intervius.com\/index.html\/wp-json\/wp\/v2\/users\/1"}],"replies":[{"embeddable":true,"href":"https:\/\/intervius.com\/index.html\/wp-json\/wp\/v2\/comments?post=7467"}],"version-history":[{"count":0,"href":"https:\/\/intervius.com\/index.html\/wp-json\/wp\/v2\/posts\/7467\/revisions"}],"wp:attachment":[{"href":"https:\/\/intervius.com\/index.html\/wp-json\/wp\/v2\/media?parent=7467"}],"wp:term":[{"taxonomy":"category","embeddable":true,"href":"https:\/\/intervius.com\/index.html\/wp-json\/wp\/v2\/categories?post=7467"},{"taxonomy":"post_tag","embeddable":true,"href":"https:\/\/intervius.com\/index.html\/wp-json\/wp\/v2\/tags?post=7467"}],"curies":[{"name":"wp","href":"https:\/\/api.w.org\/{rel}","templated":true}]}}