{"id":7452,"date":"2009-05-26T00:00:00","date_gmt":"2006-11-06T00:00:00","guid":{"rendered":"https:\/\/intervius.com\/index.html\/?p=7452"},"modified":"2006-11-06T00:00:00","modified_gmt":"2006-11-06T00:00:00","slug":"Maldini7452","status":"publish","type":"post","link":"https:\/\/intervius.com\/index.html\/Maldini7452\/","title":{"rendered":"Maldini"},"content":{"rendered":"<p>Pregunta.- Muy buenas Maldini,\u00bf Tu fichar\u00edas a Xabi para el Madrid? me explico, teniendo a Lass como medio defensivo creo que se necesita un jugador mas dinamico a su lado , como por ejemplo Cesc, con Xabi ver\u00eda un p\u00edvote sin ninguna profundidad, ya que la otra opci\u00f3n es poner de medio defensivo solamente a Xabi pero creo que no es un jugador para llevar solo el tim\u00f3n.Gracias<\/p>\n<p>Respuesta.- Desde luego que s\u00ed le fichar\u00eda sin dudarlo. Xabi Alonso me ha ido convenciendo poco a poco, ahora s\u00ed esta preparado para jugar en el Madrid. No es dar un salto en su carrera porque juega en el Liverpool que es un equipo igual de grande. <\/p>\n<p>P.- Hola Julio, espero tener suerte esta semana y me contestes, yo al igual que tu me gusta el Chelsea, me gustar\u00eda que un d\u00eda en Fiebre Maldini pusieseis un reportaje sobre Dennis Wise, jugador polemico pero que lo di\u00f3 todo por el Chelsea un saludo crack.<\/p>\n<p>R.- Lo haremos no te preocupes. Nos quedan solo dos programas para acabar la temporada, si no da tiempo esta lo hacemos la siguiente. Un abrazo crack<\/p>\n<p>P.- Hola Maldini, conoces a las dos perlas del futbol argentino? Hablo de Pastore y Defederico, juegan el el Huracan de Angel Cappa. Son la sensacion actualmente<\/p>\n<p>R.- S\u00ed, me gustan los dos bastante. De Federico tiene incluso m\u00e1s habilidad pero Pastore define en el \u00e1rea como pocos. No tardar\u00e1n en llegar a Europa.<\/p>\n<p>P.- \u00bfSi Guardiola pone a Keita y Tour\u00e9 de defensas no estar\u00eda debilitando el centro del campo y, a su vez, a defensa? \u00bfC\u00f3mo llega Ferdinand?<\/p>\n<p>R.- No creo que ponga a Keita de lateral izquierdo, la verdad. Ser\u00eda darle facilidades al rival. Es evidente que Guardiola no conf\u00eda en C\u00e1ceces pero hay que recordar que ha jugado mucho \u00faltimamente como lateral izquierdo en la selecci\u00f3n uruguaya. A m\u00ed me parece la mejor soluci\u00f3n.<\/p>\n<p>P.- Hola crack.\u00bfComo ves al hijo de zidane, que se llama Enzo y juega en las categorias inferiores?Yo lo he estado viendo y me recuerda en cosas a su padre.Tu que opinas?<\/p>\n<p>R.- La verdad es que no le he visto, pero seguro que el chaval sufrir\u00e1 la comparaci\u00f3n permanente con su padre. Y saldr\u00e1 perdiendo salvo que sea un fenomeno claro.<\/p>\n<p>P.- El Madrid parece que no encuentra entrenador \u00bfqu\u00e9 te parece Lucescu? El estilo de juego del Donetz me parece el de un grande.<\/p>\n<p>R.- Es un buen t\u00e9cnico con experiencia. Y s\u00ed es cierto que el Shakthar es un equipo al que le gusta tener el bal\u00f3n y posee los jugadores perfectos para ello. Pero no creo que se lo plantee el Real Madrid. Igual al final se impone la opci\u00f3n Laudrup, que personalmente no me convence. No me gustaba en el Spartak, bastante amarrete.<\/p>\n<p>P.- Hola Julio yo veo favorito al Bar\u00e7a, ya que por ejemplo va a haber una cosa buena. Henry conoce muy bien a este equipo y al lateral que le pongan yo creo que se lo merienda \u00bftu que crees?<\/p>\n<p>R.- Yo tambi\u00e9n veo favorito al Barcelona, espero un United cediendo la iniciativa y saliendo r\u00e1pido y con espacios. Es la \u00fanica forma de ganar al Barcelona. Pero el sufrimiento del Barca en las jugadas por arriba me preocupa. Le veo favorito pero por un margen muy peque\u00f1o.<\/p>\n<p>P.- Buenos dias Maldini.Crees que Ilsinho y Subotic serian jugadores interesantes para el Real Madrid?Gracias y saludos.<\/p>\n<p>R.- Subotic s\u00ed, sin duda. Es de los mejores centrales del momento. Ilsinho no creo que de el nivel para un proyecto como el del Real Madrid. En el Sao Paulo era lateral derecho, en el Shakthar le hemos visto en el mediocampo. Es un buen jugador sin m\u00e1s, creo yo. <\/p>\n<p>P.- Que pasa crack. \u00bfCual es para ti el mejor jugador del mundo Messi o Cristiano Ronaldo ? \u00bfCrees que el partido de ma\u00f1ana te podr\u00eda hacer cambiar de opini\u00f3n en funci\u00f3n de quien gane o quien haga un mejor partido individual?<\/p>\n<p>R.- Messi, y un solo partido no puede hacer cambiar esa opini\u00f3n por muy importante que sea. Es la trayectoria de meses o un par de a\u00f1os.<\/p>\n<p>P.- Hola crack que equipos de Europa se estan reforzando mejor hasta ahora de cara a la proxima temporada? gracias y un saludo<\/p>\n<p>R.- De momento ha habido pocos fichajes, si acaso el de Diego por la Juve (parece casi hecho) y el de Diego Milito por el Inter (gran fichaje). Est\u00e1 todo el mundo esperando que Florentino mueva ficha para relanzar el mercado, se mover\u00e1 todo mucho. Creo que el Barcelona vender\u00e1 a Etoo y dar\u00e1 el pelotazo con Forl\u00e1n, pero es simple intuici\u00f3n. <\/p>\n<p>P.- Hola Julio. Primero compartir contigo la alegria que supuso que no fuera nada grave lo de tu accidente. \u00bf qu\u00e9 jugadores recomendar\u00edas para el lateral izqdo. y para el medio organizador del Atletico ? Un saludo Julio<\/p>\n<p>R.- Gracias Lomasphx. Siempre comento lo de Lucas Bilglia para el mediocentro,el argentino del Anderlecht. En la banda izquierda y para un equipo que tiene que llevar la iniciativa un jugador tipo Juan del Flamengo me parece buena opci\u00f3n. <\/p>\n<p>P.- Hola crack. Lo primero enhorabuena por tu programa en el plus. De lo mejorcito en mucho tiempo. Mi pregunta es \u00bf cual de los dos estilos de juego es m\u00e1s de tu agrado? \u00bf el futbol control del barcelona o el futbol total del United?<\/p>\n<p>R.- Gracias Newport. Me gusta m\u00e1s el Barcelona, pero no creo que sea solo f\u00fatbol control. Es un futbol de velocidad, y adem\u00e1s con una gran agresividad para recuperar la pelota cerca del \u00e1rea rival. Esa es una de las claves de este Barcelona tan completo. <\/p>\n<p>P.- Hola Maldini! Soy un hincha del Mil\u00e1n y aprovechando el adi\u00f3s de Maldini, me gustaria conocer tu opini\u00f3n acerca del jugador que lo sustituir\u00e1(Thiago Silva) y saber tambi\u00e9n que opinas de Viudez.Gracias<\/p>\n<p>R.- Thiago Silva es central (yo considero que el mejor Maldini jug\u00f3 en el lateral aunque luego pas\u00f3 a central), un central que saca bien el bal\u00f3n, en Fluminense me llam\u00f3 pronto la atenci\u00f3n. Es muy poderoso f\u00edsicamente. Viudez es un armador que puede jugar cerca de los delanteros. En el sub 20 me gust\u00f3 mucho con Uruguay, pero necesita una cesi\u00f3n r\u00e1pida para empezar a jugar. El Milan de momento (y este Milan con tantos problemas mas) le queda demasiado grande. <\/p>\n<p>P.- \u00bfSer\u00edas partidario de poner limite presupuestario? Se premiar\u00eda as\u00ed al trabajo de cantera, que te parece crack<\/p>\n<p>R.- No, creo que debe ser un mercado libre. Aunque eso est\u00e1 cada vez alejando m\u00e1s a los m\u00e1s grandes del resto. <\/p>\n<p>P.- Buenas Segurola, \u00bf Est\u00e1 de acuerdo con Zidane ? \u00bf Ribery mejor que Ronaldo ? La obsesi\u00f3n de Zidane me empieza a preocupar, me huele a algo parecido a lo de Juande y Ra\u00fal, eso de que compartan agente me procupa.. \u00bf T\u00fa qu\u00e9 crees ?<\/p>\n<p>R.- Hola seradovi. No soy Segurola (un t\u00edo estupendo al que da gusto leer por cierto), pero te contesto igual. No creo que Ribery sea mejor que Ronaldo, aunque el franc\u00e9s est\u00e1 en un momento impresionante. <\/p>\n<p>P.- Hola Julio. qu\u00e9 tal?. \u00bf fichar\u00edas a Tevez para el Madrid ahora que tiene la pretensi\u00f3n de marcharse?\u00bfen caso afirmativo en qu\u00e9 posici\u00f3n lo colocarias?Gracias<\/p>\n<p>R.- Si, no lo dudar\u00eda. Tampoco si fuese Ferguson dudar\u00eda en cuanto a retenerle a toda costa. T\u00e9vez es espl\u00e9ndido, por trabajo, calidad y gol. Yo creo que ha rendido en el United m\u00e1s que Berbatov y es quien mejor juega junto a Rooney. Le pondr\u00eda de delantero, claro. <\/p>\n<p>P.- Hola Maldini. Te queria preguntar por 2 jugadores. Uno es Acquafresca, \u00bfcrees que puede irse ya al Inter o esta temporada debe quedarse en el Cagliari,o buscarse la vida en Genova? Y el otro es Marko Marin. \u00bfSeguira en el Borussia o ya le han echado el ojo? Gracias, eres un crack!<\/p>\n<p>R.- Ha tenido algunos altibajos, vamos a verle en la Euro sub-21 pero creo que aun no est\u00e1 para un grande. Marin tiene un talento indiscutible, otro que veremos en la sub-21 en el Europeo de Suecia. Supongo que se ir\u00e1 del Gladbach. <\/p>\n<p>P.- Hola profesor. \u00bfQu\u00e9 planteamiento crees que el tomara Pep Guardiola para la final de Roma y cual sera el de Ferguson para dicha final. \u00bfEsperas alguna sorpresa por parte de Pep en las posiciones de los jugadores?<\/p>\n<p>R.- El Barca tendr\u00e1 el bal\u00f3n y el United esperar\u00e1 a salir con espacios. Quiz\u00e1 el United meta a Rooney muy retrasado en la izquierda trabajando y Ronaldo solo en punta. Pero creo que T\u00e9vez debe jugar arriba con Ronaldo y Rooney. Ma\u00f1ana veremos. <\/p>\n<p>P.- \u00bfQu\u00e9 pasa crack? \u00bfqu\u00e9 tal est\u00e1s, recuperado del susto? Oye, una preguntita&#8230; \u00bfqu\u00e9 te ha parecido la temporada de la Fiorentina? sin saber que pasar\u00e1 el domingo yo creo que al final se ha repuesto muy bien de su mal inicio, aunque a principio de temporada se esperaba m\u00e1s no? muy bien Gilardino, bien Mutu?<\/p>\n<p>R.- Gracias, ya recuperado del susto con creces. Ha tenido altibajos la Fiore, que en un tramo de temporada arriesg\u00f3 demasiado con la defensa muy adelantada (le cost\u00f3 por ejemplo la derrota en casa ante el Lecce), pero si lo analizamos bien ha tenido m\u00e9rito. Vuelve a la Champions al menos en la previa si al final es cuarto por delante de la Roma. Y con Mutu sin jugar muchos partidos. <\/p>\n<p>P.- Hola Julio \u00bfque te pareceria un cambio Etoo-Ibraimovic? gracias<\/p>\n<p>R.- Bien, aunque no s\u00e9 si encajar\u00eda Ibra al estilo del Barcelona. Yo vender\u00eda Etoo y me iria a por Forl\u00e1n o Benzema. <\/p>\n<p>P.- Saludos Julio, con el Newcastle y el Boro descendidos, a qui\u00e9n pescar\u00edas para la liga espa\u00f1ola? Saludos emperador<\/p>\n<p>R.- Del Boro a Adam Johnson, Downing y Afonso Alves, que creo que meter\u00eda muchos goles aqu\u00ed. En el Nescastle espero que vuelvan a la liga espa\u00f1ola Coloccini y sobre todo el lateral Jos\u00e9 Enrique. <\/p>\n<p>P.- \u00bfqu\u00e9 jugadores del Valencia CF van a ir al Real Madrid? y sobre todo&#8230; \u00bfcrees que David Villa vestira de blanco la temporada que viene? Seg\u00fan t\u00fa,\u00bfqu\u00e9 porcentaje tiene de ir? Un saludo crack! Espero que David no vaya al madrid porque me muero, mi idolo en el equipo que odio&#8230; \u00a1qu\u00e9 horror! no,espero.<\/p>\n<p>R.- No lo s\u00e9 Andrea, creo que Villa tiene much\u00ecsimas opciones de quedarse en el Valencia a pesar de que no jugara la Champions y veremos si la UEFA. <\/p>\n<p>P.- Hola crack!! Solo un par de preguntas&#8230;Siempre dices que Ronado ha sido el mejor delantero de los ultimos 30 a\u00f1os, pero creo que te equivocas. Se que es muy dificil de decir, pero \u00bfno crees que ha sido el mejor delantero de la historia? (me refiero a delantero centro puro y sin contar a Pele). Y la segunda \u00bfQuien crees que ha sido mejor, Zizou o Ronaldo? Para mi, este ultimo, estuvo mas a\u00f1os en la elite, supero dos gravisimas lesiones y era un jugador decisivo e intimidaba mucho&#8230;\u00bftu que opinas?<\/p>\n<p>R.- No lo s\u00e9, no he visto por ejemplo a Fontaine, r\u00e9cord de goles en un mundial. Pero desde luego Ronaldo ha sido el mejor que he visto desde que se puede seguir el f\u00fatbol regularmente. Entre Zizou y Ronaldo (comparaci\u00f3n imposible) me quedo con el mejor Ronaldo. <\/p>\n<p>P.- Para el partido de la Champions yo de Guardiola jugar\u00eda con 3 defensas y poblar\u00eda el mediocampo, al estilo Cruyff, seguro que eso no lo espera Ferguson, ah y ser\u00edan Puyol, Piquer y Silvinho \u00bfqu\u00e9 opinas?<\/p>\n<p>R.- Hola Johan. Yo creo que no es buena idea cambiar el sistema justo en la final de Champions y ante un rival tan poderoso. <\/p>\n<p>P.- Hola Julito,soy un fan incondicional tuyo y me pareces el mejor.Ahi va mi pregunta:\u00bfNo crees que el fichaje del suizo Ilner por el Sevilla ser\u00eda genial?A mi este jugador me parece buen\u00edsimo,organiza bien el juego y la toca con las dos piernas. Saludos<\/p>\n<p>R.- Inler (lo he comentado muchas veces) me parece un fenomenal centrocampista, el gran acierto del Udinese. Es fuerte, maneja bien la pelota, tiene buen pase y un gran disparo. Yo le fichar\u00eda sin dudarlo, <\/p>\n<p>P.- buenas julio! me gustaria saber tu opinion de los dos futuros centrales de la &#8220;roja&#8221;: pique y albiol, y sobre cesc fabregas&#8230;.crees realmente que es uno de los mejores jugadores del mundo? un abrazo y muchas gracias<\/p>\n<p>R.- Pique va a ser pronto el mejor central espa\u00f1ol, adem\u00e1s tiene un gran desplazamiento de bal\u00f3n. Y s\u00ed creo que Fabregas est\u00e1 ya entre los mejores de mundo. Va a ser uno de los futbolistas espa\u00f1oles m\u00e1s importantes de la historia. <\/p>\n<p>P.- De peque\u00f1o vi un partido de la Francia de Platini y me qued\u00f3 grabado el fant\u00e1stico juego de un mediapunta llamado Larios \u00bfconociste a este jugador?\u00bfqu\u00e9 fue de \u00e9l?<\/p>\n<p>R.- Me acuerdo perfectamente de \u00e9l, ten\u00eda un gran despliegue f\u00edsico. Bueno por si no lo sab\u00edas es curioso porque fue apartado de la selecci\u00f3n francesa y aunque no qued\u00f3 del todo claro luego se supo que fue por un affaire con la mujer de Platini precisamente!!!!<\/p>\n","protected":false},"excerpt":{"rendered":"<p>El periodista experto en f\u00fatbol internacional vuelve a su cita semanal con los lectores. Maldini ha charlado con los lectores sobre la final de la Champions League entre Barcelona y Manchester United. <\/p>\n<p>ARCHIVO DE ENTREVISTAS:<\/p>\n<p>19 de mayo del 2009 &#8211; 12 de mayo del 2009 &#8211; 5 de mayo del 2009 &#8211; 28 de abril del 2009 &#8211; 21 de abril del 2009 &#8211; 14 de abril del 2009 &#8211; 7 de abril del 2009 &#8211; 31 de marzo del 2009 &#8211; 10 de marzo del 2009 &#8211; 3 de marzo del 2009 &#8211; 24 de febrero del 2009 &#8211; 17 de febrero del 2009 &#8211; 11 de febrero del 2009 &#8211; 3 de febrero del 2009 &#8211; 27 de enero del 2009 &#8211; 13 de agosto del 2008 &#8211; 28 de junio del 2008 &#8211; 6 de junio del 2008 <\/p>\n","protected":false},"author":1,"featured_media":0,"comment_status":"open","ping_status":"open","sticky":false,"template":"","format":"standard","meta":{"footnotes":""},"categories":[],"tags":[],"class_list":["post-7452","post","type-post","status-publish","format-standard","hentry"],"_links":{"self":[{"href":"https:\/\/intervius.com\/index.html\/wp-json\/wp\/v2\/posts\/7452","targetHints":{"allow":["GET"]}}],"collection":[{"href":"https:\/\/intervius.com\/index.html\/wp-json\/wp\/v2\/posts"}],"about":[{"href":"https:\/\/intervius.com\/index.html\/wp-json\/wp\/v2\/types\/post"}],"author":[{"embeddable":true,"href":"https:\/\/intervius.com\/index.html\/wp-json\/wp\/v2\/users\/1"}],"replies":[{"embeddable":true,"href":"https:\/\/intervius.com\/index.html\/wp-json\/wp\/v2\/comments?post=7452"}],"version-history":[{"count":0,"href":"https:\/\/intervius.com\/index.html\/wp-json\/wp\/v2\/posts\/7452\/revisions"}],"wp:attachment":[{"href":"https:\/\/intervius.com\/index.html\/wp-json\/wp\/v2\/media?parent=7452"}],"wp:term":[{"taxonomy":"category","embeddable":true,"href":"https:\/\/intervius.com\/index.html\/wp-json\/wp\/v2\/categories?post=7452"},{"taxonomy":"post_tag","embeddable":true,"href":"https:\/\/intervius.com\/index.html\/wp-json\/wp\/v2\/tags?post=7452"}],"curies":[{"name":"wp","href":"https:\/\/api.w.org\/{rel}","templated":true}]}}