{"id":7451,"date":"2010-09-30T00:00:00","date_gmt":"2006-11-06T00:00:00","guid":{"rendered":"https:\/\/intervius.com\/index.html\/?p=7451"},"modified":"2006-11-06T00:00:00","modified_gmt":"2006-11-06T00:00:00","slug":"Aaron_Thomas7451","status":"publish","type":"post","link":"https:\/\/intervius.com\/index.html\/Aaron_Thomas7451\/","title":{"rendered":"Aaron Thomas"},"content":{"rendered":"<p>Pregunta.- \u00bfEst\u00e1s enamorado de Espa\u00f1a?<\/p>\n<p>Respuesta.- S\u00ed, parece que s\u00ed. Ya son seis a\u00f1os y pico, ya es una relaci\u00f3n bastante larga. Espa\u00f1a y yo hemos pasado muchas cosas juntos, lo bueno y lo malo. Y sigo estando aqu\u00ed y no tengo ning\u00fan plan de irme. <\/p>\n<p>P.- Me encanta tu musica y por fin te podre ver en concierto el d\u00eda 7. \u00bfNos cantar\u00e1s alg\u00fan tema nuevo?<\/p>\n<p>R.- Estoy pensando en presentar unas canciones nuevas, aunque no est\u00e1n hechas todav\u00eda, a ver si puedo encontrar alguna letra para que est\u00e9n terminadas. Me gustar\u00eda presentar algo nuevo, de cualquier modo, voy a cantar unas canciones que no he cantado en mucho tiempo y unas versiones. Tengo unas cuantas sorpresas para esa fecha. <\/p>\n<p>P.- \u00bfQu\u00e9 opinas del nuevo fen\u00f3meno de Spotify? \u00bfc\u00f3mo ha cambiado eso el modelo de negocio del mundo de la m\u00fasica?<\/p>\n<p>R.- No soy ning\u00fan experto del negocio del mundo de la m\u00fasica, aunque lo veo como algo inevitable, el mercado ya ha cambiado mucho por la introducci\u00f3n de sitios como Spotify, iTunes&#8230; Por una parte, se baja la venta de discos, pero por otra, funciona muy bien para promocionar la m\u00fasica y que llegue a un p\u00fablico m\u00e1s amplio. El mundo ha cambiado mucho y tenemos que adaptarnos. <\/p>\n<p>P.- Hola Aaron, me gusta much\u00edsimo tu m\u00fasica. \u00bfQu\u00e9 es lo que m\u00e1s te gusta de Madrid? \u00bfQu\u00e9 ha hecho que un australiano se haya instalado en nuestra ciudad?<\/p>\n<p>R.- Lo que m\u00e1s me gusta de Madrid es la gente y la sinceridad que tiene, especialmente en los conciertos, como p\u00fablico. No esconde nada y tienen una forma de reaccionar que me parece bastante pura. Y estoy aqu\u00ed por razones personales. No voy a decir m\u00e1s, jaja. Gracias, Cristina. <\/p>\n<p>P.- \u00bfCu\u00e1l es tu \u00e1lbum favorito de 2010?<\/p>\n<p>R.- Elvis Perkins in dearland, creo que es de 2010, o al menos lo descubr\u00ed en 2010. Para m\u00ed es una joya, es la obra de un genio, aunque no es muy conocido, pero la m\u00fasica es una cosa rara, y espero que este disco llegue a m\u00e1s gente.<\/p>\n<p>P.- \u00bfQue le inspira a la hora de componer?<\/p>\n<p>R.- Emociones, normalmente empiezo a componer cuando estoy con algo que tiene que salir, puede ser frustraci\u00f3n, rabia, tristeza, alegr\u00eda&#8230; lo que sea, pero es una necesidad de que salgan esas emociones como terapia, lo veo como la \u00fanica manera de curarme, es el remedio para todo para m\u00ed. Gracias, Morgan. <\/p>\n<p>P.- \u00bf C\u00f3mo definir\u00edas tu \u00faltimo trabajo?<\/p>\n<p>R.- Gracias, Nuria, por la pregunta. Es un disco de detalles y emociones, sentimientos. Un disco muy trabajado en todos los sentidos, en las canciones y tambi\u00e9n en la producci\u00f3n. El objetivo con este disco era hacer algo sincero y bonito, y bueno de calidad. Y superar el disco anterior, la intenci\u00f3n era evolucionar y hacer todo lo posible para no repetir nada. <\/p>\n<p>P.- Qu\u00e9 tal Aaron&#8230;Empec\u00e9 a escucharte hace unos meses y sinceramente, me he bebido tu \u00faltimo disco. De hecho fui a verte a un concierto en el Buho. Muy muy original. Pero, \u00bfno has pensado irte a alg\u00fan lugar m\u00e1s anglosaj\u00f3n para mover tus canciones? No es ninguna cr\u00edtica, pero sabr\u00e1s que en Espa\u00f1a hay bastante limitaci\u00f3n musical y probablemente en sitios como Londres tengas much\u00edsimas m\u00e1s oportunidades. 1 abrazo y sigue haciendo lo que haces.<\/p>\n<p>R.- Muy buena pregunta, Dani, gracias. Desafortunadamente no pienso mucho en lo que es mejor para mi carrera ni en mis ambiciones musicales. Llegu\u00e9 aqu\u00ed hace seis a\u00f1os y pico por razones personales y pens\u00e9 que mientras estuviera aqu\u00ed ten\u00eda que hacer lo que siempre hac\u00eda, tocar m\u00fasica. No era ninguna estrategia, pero tienes toda la raz\u00f3n. Y realmente estoy bastante contento aqu\u00ed, a ver si alg\u00fan d\u00eda digo &#8220;ya est\u00e1, me voy, estoy no est\u00e1 funcionando&#8221;. Pero me importa m\u00e1s la vida que el \u00e9xito. Dicho esto, espero tener algo de \u00e9xito fuera de Espa\u00f1a tambi\u00e9n, el disco ya sali\u00f3 en Inglaterra, Francia y Australia, y me gustar\u00eda viajar a esos pa\u00edses para presentar mi m\u00fasica. <\/p>\n<p>P.- \u00bfCu\u00e1l es la canci\u00f3n que m\u00e1s le gusta a tu hija, de las del nuevo disco? \u00bfY alguna otra que no sea tuya?<\/p>\n<p>R.- Black umbrella. Le gusta mucho cualquier canci\u00f3n de los Wiggles. Old McDonald tambi\u00e9n es uno de sus temas favoritos, como todos los ni\u00f1os, imagino. Un beso. <\/p>\n<p>P.- Tocar en Sala Sol es todo un logro. \u00bfLo ves como que cada vez m\u00e1s la gente va empezando a descubrir tu m\u00fasica? Y otra cosa&#8211; \u00bfacojona? Nos vemos el 7<\/p>\n<p>R.- He tocado ah\u00ed un par de veces, e incluso en sitios m\u00e1s grandes, pero son los sitios m\u00e1s peque\u00f1os y las situaciones m\u00e1s \u00edntimas las que pueden darte miedo, m\u00e1s que los grandes. Tocar en Sala Sol, m\u00e1s que ser un logro, es un lujo, tiene buen ambiente y buena gente, y siempre me siento muy a gusto ah\u00ed. Espero que la gente s\u00ed que est\u00e9 empezando a descubrir mi m\u00fasica, son muchos a\u00f1os luchando para esto. Ol\u00e9, Eamon, gracias por tu pregunta. Un abrazo, dude. <\/p>\n<p>P.- Hola Aaron, por fin el 7 octubre en la sala sol, \u00bfqu\u00e9 sorpresas nos esperan? \u00bftocar\u00e1s con toda tu banda? qu\u00e9 ganas!! gracias por tu m\u00fasica, qu\u00e9 gran descubrimiento made of wood, enhorabuena y mucho \u00e9xito beatriz<\/p>\n<p>R.- Gracias, Beatriz. S\u00ed, por fin regreso a la Sala Sol tambi\u00e9n con muchas ganas. Sorpresas s\u00ed tengo, pero no puedo decir nada ahora para que sigan siendo sorpresa. Pero hemos trabajado mucho en c\u00f3mo representar un disco tan producido y creo que os va a gustar. Y s\u00ed, con toda la banda. Hasta entonces. <\/p>\n<p>P.- Me encanta el disco, enhorabuena! \u00bfc\u00f3mo te sientes rodando video clips? \u00bfte divierte&#8230; te incomoda&#8230;? Gracias<\/p>\n<p>R.- Lo veo fascinante, es un proceso muy complicado y para que salga una cosa muy peque\u00f1a hay mucho trabajo detr\u00e1s. Es mucho trabajo tambi\u00e9n para m\u00ed, son horas y horas repitiendo una cosa, y muchas horas haciendo nada, esperando, mientras que el resto de la gente hace su parte. Pero al final del todo, para m\u00ed es divertido, y por el momento solo he trabajado con un amigo, que es muy bueno, Alonso Lujan. Y compartir y crecer y aprender con \u00e9l es un placer, y con \u00e9l gan\u00e9 el Premio UFI al Mejor videoclip de MTV.<\/p>\n<p>P.- \u00bfQui\u00e9n va a ganar la Final, effin Collingwood o St Kilda?<\/p>\n<p>R.- Effin Collingwood for sure. The truth is, I have no idea mate. Go the crows??? gracias por la pregunta Skips<\/p>\n<p>P.- Hola Aaron, \u00bfcu\u00e1les son los artistas que seg\u00fan tu opini\u00f3n han influenciado tu manera de hacer m\u00fasica y cuales son los que escuchas ahora? Espa\u00f1oles y extranjeros. Ciao!<\/p>\n<p>R.- Las influencias siempre est\u00e1n cambiando mientras t\u00fa est\u00e1s cambiando. Veo mucho ahora a mi infancia y entiendo que tiene un papel muy importante en la formaci\u00f3n de c\u00f3mo soy como m\u00fasico. Artistas como Roy Orbison, el joven Elvis Presley, Ray Charles y Bo Diddley. Soy un fan de los grandes, son los artistas que me inspiran m\u00e1s. Para ser sincero, tengo que decir que soy un poco ignorante en el tema de la m\u00fasica espa\u00f1ola, escucho a los artistas que conozco personalmente, gente como Abraham Boba, Julio de la Rosa y Alondra Bentley. De fuera, soy bastante fan de The Swell Season ahora.<\/p>\n<p>P.- Me encanta el estilo de Black Umbrella, tiene ritmo un estilo y tu voz le da un toque especial. \u00bfC\u00f3mo has llegado hasta aqu\u00ed?<\/p>\n<p>R.- Despu\u00e9s de muchos a\u00f1os con solo un objetivo de ser bueno en lo que hago. Soy bastante cabezota, aunque todav\u00eda no he conseguido mucho \u00e9xito, sigo so\u00f1ando y sigo creyendo en m\u00ed mismo y la m\u00fasica que estoy creando, y creo que nunca voy a tirar la toalla. No s\u00e9 si soy bueno o no todav\u00eda, pero siempre quiero evolucionar y mejorar, y ser consciente de mis debilidades como m\u00fasico. Me siento muy agradecido de recibir comentarios como este, de gente como t\u00fa. Muchas gracias. <\/p>\n<p>P.- Hola Aaron enhorabuena por tu musica, \u00bfdesde cu\u00e1ndo te diste cuenta que lo tuyo era componer y cantar? gracias<\/p>\n<p>R.- Buena pregunta. Me di cuenta que quer\u00eda cantar cuando ten\u00eda 4 a\u00f1os, pero tard\u00e9 mucho en entender que iba a ser compositor tambi\u00e9n, y fue despu\u00e9s de escuchar el disco de Jeff Buckley, que se llama Grace, y el disco de Radiohead, OK Computer, por ser discos muy importantes en esa \u00e9poca. Me empujaron a intentar tambi\u00e9n componer algunos temas (horrorosos). Si me gusta una cosa, no quiero copiarla, pero quiero hacer algo para conseguir el respeto de la persona que hace lo que me gusta. Por eso compongo ahora, quiero ver alg\u00fan d\u00eda a Leonard Cohen en la audiencia de alg\u00fan concierto m\u00edo, soy bastante idealista, jaja<\/p>\n<p>P.- \u00bfTienes previsto tocar un tipo de m\u00fasica diferente en el futuro?<\/p>\n<p>R.- Tengo planes de hacer un disco de boleros. <\/p>\n<p>P.- \u00bfSe liga mucho siendo cantautor?<\/p>\n<p>R.- No, en absoluto. Gracias por tu pregunta. <\/p>\n","protected":false},"excerpt":{"rendered":"<p>El m\u00fasico Aaron Thomas estrena videoclip, Black Umbrella, que se enmarca en su \u00faltimo disco, Made of wood. Adem\u00e1s, el pr\u00f3ximo 7 de octubre actuar\u00e1 en Madrid, en la Sala Sol. Thomas ha charlado con los lectores sobre su \u00faltimo trabajo y su carrera musical.<br \/>\nFoto: Ricardo Guti\u00e9rrez <\/p>\n","protected":false},"author":1,"featured_media":0,"comment_status":"open","ping_status":"open","sticky":false,"template":"","format":"standard","meta":{"footnotes":""},"categories":[],"tags":[],"class_list":["post-7451","post","type-post","status-publish","format-standard","hentry"],"_links":{"self":[{"href":"https:\/\/intervius.com\/index.html\/wp-json\/wp\/v2\/posts\/7451","targetHints":{"allow":["GET"]}}],"collection":[{"href":"https:\/\/intervius.com\/index.html\/wp-json\/wp\/v2\/posts"}],"about":[{"href":"https:\/\/intervius.com\/index.html\/wp-json\/wp\/v2\/types\/post"}],"author":[{"embeddable":true,"href":"https:\/\/intervius.com\/index.html\/wp-json\/wp\/v2\/users\/1"}],"replies":[{"embeddable":true,"href":"https:\/\/intervius.com\/index.html\/wp-json\/wp\/v2\/comments?post=7451"}],"version-history":[{"count":0,"href":"https:\/\/intervius.com\/index.html\/wp-json\/wp\/v2\/posts\/7451\/revisions"}],"wp:attachment":[{"href":"https:\/\/intervius.com\/index.html\/wp-json\/wp\/v2\/media?parent=7451"}],"wp:term":[{"taxonomy":"category","embeddable":true,"href":"https:\/\/intervius.com\/index.html\/wp-json\/wp\/v2\/categories?post=7451"},{"taxonomy":"post_tag","embeddable":true,"href":"https:\/\/intervius.com\/index.html\/wp-json\/wp\/v2\/tags?post=7451"}],"curies":[{"name":"wp","href":"https:\/\/api.w.org\/{rel}","templated":true}]}}