{"id":7448,"date":"2010-09-22T00:00:00","date_gmt":"2006-11-06T00:00:00","guid":{"rendered":"https:\/\/intervius.com\/index.html\/?p=7448"},"modified":"2006-11-06T00:00:00","modified_gmt":"2006-11-06T00:00:00","slug":"Javier_Hoyos7448","status":"publish","type":"post","link":"https:\/\/intervius.com\/index.html\/Javier_Hoyos7448\/","title":{"rendered":"Javier Hoyos"},"content":{"rendered":"<p>Pregunta.- Javi crees que para terminar con la hegemonia del barsa se esta intentando desgastar al entrenador desde ciertos sitios o es solo envidia a muchos o a todos ya les gustaria tener ese pedazo entrenador.Un beso<\/p>\n<p>Respuesta.- Hola Marta, yo creo que a estas alturas al Bar\u00e7a s\u00f3lo se le puede desgastar si falla, es el mejor equipo ahora mismo. En cuanto a Pep, poner en duda su calidad es una broma pesada, un abrazo<\/p>\n<p>P.- Hola Javi, te escuchaba asiduamente a trav\u00e9s de Radio Bilbao, cuando te fuiste a Cantabria se te echaba en falta. Una duda que he tenido siempre, eres del Athletic o del Racing?? Y no me vale decir de ambos. <\/p>\n<p>R.- Hola Serendipia, pues lo siento mucho. Soy del Racing y socio y seguidor del Athletic desde finales de los 70. Yo entiendo que te cueste creerme, pero es as\u00ed. En mi entorno todo el mundo conoce que soy un enfermo de ambos equipos. No se lo diga a nadie. Un abrazo y sigue escuchando.<\/p>\n<p>P.- Me gusta el actual Carrusel, aunque quiz\u00e1 la primera hora de los s\u00e1bados deber\u00eda tener m\u00e1s debate, comentarios, como en la anterior etapa. La de hace dos semanas me pareci\u00f3 un poco sosa. Por cierto, me ha parecido que ahora hay menos publicidad. \u00bfEs cierto?. Muchas gracias y mucha suerte.<\/p>\n<p>R.- Hola Pituso, empiezo por el final, a estas alturas tenemos un 30% m\u00e1s de publicidad que el a\u00f1o pasado. Si tu tienes la sensaci\u00f3n de que es menos es que estamos haciendo las cosas bien. En cuanto a la primera hora ten en cuenta que hemos vivido el Mundobasket o La Vuelta, desde este s\u00e1bado dispondremos de tiempo para charlar y dem\u00e1s&#8230; Un abrazo<\/p>\n<p>P.- Hola Javi, soy Andrea, un oyente italiano desde Roma y aficionado de la AS Roma y del Bar\u00e7a.Felicitaniones por el nuevo Carrusel, tu es un crack de la radiofonia, yo quiero mucho vuestro modo de hacer radio.Una pregunta. Cual es tu pini\u00f2n sobre la liga italiana y su Claudio Ranieri, lentrenador de la Roma?Un abrazo <\/p>\n<p>R.- Hola Andrea, antes que nada gracias. El Calcio es un grand\u00edsimo campeonato que seguimos muy de cerca tambi\u00e9n con Maldini y Bruno. Ranieri hizo un gran papel en el Valencia, pero creo que la f\u00f3rmula de f\u00fatbol que propone no es f\u00e1cil que cale en todas las aficiones. Por cierto, c\u00f3mo me gusta Roma, tu ciudad es una maravilla, deberiamos hacer un Carrusel desde all\u00ed. Un abrazo.<\/p>\n<p>P.- Enhorabuena por el cambio que hab\u00e9is dado a Carrusel. Es lo que muchos esper\u00e1bamos de la Ser. Ritmo, buen humor y profesionalidad: Qu\u00e9 cualidades tan necesarias. Gran acierto el fichaje de Roncero. Agradecer\u00eda m\u00e1s protagonismo de este brillante periodista tambi\u00e9n en el programa de don Jos\u00e9 Mar\u00eda de la Morena. Si algo pasa, est\u00e1 la Ser.<\/p>\n<p>R.- Hola Paco, gracias por tu felicitaci\u00f3n. Creo que lo has definido bien, buscamos ritmo, buen rollo y por supuesto informaci\u00f3n. El gran Roncero es eso, grande aunque a veces su coraz\u00f3n blanco se sobre excita, por cierto le dir\u00e9 a Jos\u00e9 Ram\u00f3n tu idea. Un abrazo amigo<\/p>\n<p>P.- \u00bfPor que &#8220;Carrusel Deportivo&#8221; no emite en directo el partido de los lunes?<\/p>\n<p>R.- Hola Pere, un saludo de un ex habitante de Vilafortuny. Qu\u00e9 bien se vive por tu tierra.En cuanto a lo de los lunes, ten en cuenta la importancia de la informaci\u00f3n, de Hora 25. Yo creo que hay espacio para todos, adeu<\/p>\n<p>P.- Vamos Javier. A ver si me sorprendes. \u00bfQui\u00e9n est\u00e1 mejor? \u00bfCasillas o De Gea? (No te sientas presionado, jeje)<\/p>\n<p>R.- Hola. Me mojo. Casillas sigue al alt\u00edsimo nivel que viene mostrando desde casi una d\u00e9cada. De Gea acaba de llegar, eso s\u00ed, sorprendiendo a todos. Sinceramente creo que va a seguir creciendo, me parece, como portero, y como persona por lo que me cuentan, un diez. Estar\u00e1s de acuerdo conmigo en que Iker tambi\u00e9n lo es. A veces pienso que es m\u00e1s dif\u00edcil llegar que mantenerse, por eso, hoy, Iker. Un abrazo.<\/p>\n<p>P.- \u00bfCree usted que los tres equipos espa\u00f1oles en la Champions tienen posibilidades de poder superar la fase de grupos e incluso los octavos?<\/p>\n<p>R.- Hola Iv\u00e1n7. Por cierto mi n\u00famero preferido es el 7. Yo creo que los tres han comenzado muy bien. Estoy absolutamente convencido de su clasificaci\u00f3n tras la fase de grupos. A partir de ah\u00ed tu sabes que es una loter\u00eda, en la que influye la calidad, pero f\u00edjate las \u00fatimas temporadas del Madrid, o la eliminaci\u00f3n del Bar\u00e7a ante el Inter el a\u00f1o pasado. Un abrazo<\/p>\n<p>P.- \u00bfCree que Sergio Canales y Mesut \u00d6zil triunfar\u00e1n en el Real Madrid para derrocar al Bar\u00e7a?<\/p>\n<p>R.- Hola Jose29. Los dos son en mi opini\u00f3n las sorpresas m\u00e1s positivas de este comienzo de campa\u00f1a en el Madrid. Creo que \u00d6zil se va a convertir en santo y se\u00f1a de este equipo. Sergio est\u00e1 en la misma l\u00ednea, el problema es que son dos jugadores que ocupan un espacio y una labor similar y por ahora \u00d6zil va por delante. Quiz\u00e1 lo mejor que le pudiera pasar a este Madrid es dejar de jugar con dos mediocentros defensivos, a lo mejor eso le permitir\u00eda mucha m\u00e1s combinaci\u00f3n. En todo caso ese no es el estilo de su actual entrenador. Un abrazo. <\/p>\n<p>P.- Me parece que se esta exagerando un poco con la entrada recibida por Messi, es una entrada dura, en eso estoy e acuerdo, pero que se este barajando una suspension desde 4 a 10 pardidos&#8230;me parece algo exagerado, \u00bfser\u00e1 por Messi?<\/p>\n<p>R.- Hola Manu Caro, al final ya sabes que son dos partidos los que le han ca\u00eddo a Ujfalusi. Yo creo que la entrada fue muy dura, seguramente llevada de la impotencia. Aprovecho para responder a trav\u00e9s de t\u00ed lo que otros me preguntan, creo que la sanci\u00f3n deber\u00eda estar en la l\u00ednea de los partidos que se va a perder el lesionado. Un abrazo. <\/p>\n<p>P.- \u00bfQu\u00e9 opini\u00f3n le merece la situaci\u00f3n institucional del Betis?<\/p>\n<p>R.- Hola, la verdad es que me da verdadera pena, un hist\u00f3rico en esa situaci\u00f3n es siempre una desgracia. Me encantar\u00eda que se encuentre la soluci\u00f3n para superar una etapa que tiene al Betis y a sus aficionados tan fastidiados, me pongo en su lugar y no me gustar\u00eda. Un abrazo.<\/p>\n<p>P.- Habiendo pasado un tiempo \u00bfc\u00f3mo se encuentra en Carrusel, satisfecho o todavia puede mejorar?<\/p>\n<p>R.- Hola luis. Yo estoy contento, pero si la evoluci\u00f3n de Carrusel fuera un marat\u00f3n, creo que no hemos llegado ni a cumplir el primer kil\u00f3metro. Seguiremos trabajando y disfrutando. Un abrazo.<\/p>\n<p>P.- Buenas, se\u00f1or Hoyos. \u00bfTienen ya alg\u00fan indicio de c\u00f3mo est\u00e1 funcionando el programa? Suerte<\/p>\n<p>R.- Hola Oyente, tu sabes que el primer dato objetivo no llegar\u00e1 hasta final de a\u00f1o, diciembre, pero te dir\u00e9 una cosa, Juama, el resto de Carrusel y yo, hemos pasado de ser atropellados a que sean much\u00edsimas las personas que por diferentes d\u00edas no dan la enhorabuena, se reconozcan oyentes. Son s\u00f3lo p\u00e1lpitos, pero son muy buenos. Un abrazo.<\/p>\n<p>P.- Que pasa Javier! Se revalocir\u00e1 Ibra en el Milan? En tal caso, podr\u00eda el Bar\u00e7a venderlo al mejor postor en Junio, o lo tiene que vender al Milan por 24 kilos?Muchas gracias, y mucha suerte con esta nueva aventura!Saludos<\/p>\n<p>R.- Hola Manu, t\u00fa sabes que los acuerdos privados no son f\u00e1ciles de conocer en todas sus condiciones, pero hasta donde sabemos hay una opci\u00f3n de compra por esos 24 millones. Para el Bar\u00e7a est\u00e1 claro que eso ser\u00eda un flaco negocio en lo puramente econ\u00f3mico. Otra cosa es las razones que han llevado a Pep a desprenderse del sueco. Un abrazo.<\/p>\n<p>P.- Aunque s\u00e9 que sientes los colores del Athletic&#8230; \u00bfQu\u00e9 opinas de la Real? Yo creo que contra el Real Madrid hizo un partido muy serio. Veremos esta noche contra Osasuna. Me gusta Griezmann. \u00bfY a ti?<\/p>\n<p>R.- Hola Lau, la Real ha vuelto a Primera con su mejor cara. Juega, consigue resultados y nos permite disfrutar, es mucho m\u00e1s de lo que se le puede pedir. Cuando escribo ya ha ca\u00eddo ante Osasuna, pero incluso se adelant\u00f3 y estuvo a punto de dar la vuelta. Me encanta Griezmann, pero tambi\u00e9n Zurutuza, un abrazo y suerte. <\/p>\n<p>P.- Hola, Javier. \u00bfEscuchabas el Carrusel de Pago Gonz\u00e1lez? Un saludo y felicidades por tu programa<\/p>\n<p>R.- Hola Sergio, claro, de hecho durante a\u00f1os hice Carrusel tambi\u00e9n. Un abrazo y gracias por tu felicitaci\u00f3n.<\/p>\n<p>P.- Fant\u00e1stica la nueva animaci\u00f3n de Carrusel. Otro gran acierto del se\u00f1or Anido. A muchos nos encantar\u00eda que hablarais m\u00e1s de deportes minoritarios como el tenis de mesa y el ajedrez. Un abrazo<\/p>\n<p>R.- Hola, me alegro que te guste. En cuanto a lo de los otros deportes, entender\u00e1s que el f\u00fatbol es prioritario, pero en el nuevo Carrusel queremos seguir abriendo espacios a todos los \u00e9xitos y las competiciones deportivas espa\u00f1olas. Un abrazo<\/p>\n<p>P.- Hola Javier! \u00bfNo sientes presi\u00f3n (m\u00e1s de lo normal) para dirigir Carrusel despu\u00e9s de todas las movidas? \u00bfC\u00f3mo te relajas ante tal circunstancia (si fuera as\u00ed)? Saludos<\/p>\n<p>R.- Hola Andr\u00e9s de Ja\u00e9n. Presi\u00f3n no, pero responsabilidad s\u00ed, claro. En realidad para m\u00ed no es un estr\u00e9s, \u00bfte imaginas vivir haciendo aquello que te gusta? Eso nunca estresa, aunque a veces cansa porque mira que son horas de Carrusel. De todos modos, es muy agradecido comprobar que cada vez m\u00e1s entre vosotros, los oyentes, pasan de dar un margen de confianza a volver a ratificarla. Un abrazo.<\/p>\n<p>P.- Necesitamos m\u00e1s voces femeninas en Carrusel, por fin se termin\u00f3 con los chistes del a\u00f1o pasado y alguna barbaridad mejor no recordar, ahora la presencia femenina en estudio es una deuda, gracias y suerte<\/p>\n<p>R.- Hola Andrea, s\u00e9 que tengo esa deuda y la voy a cumplir. Puedes estar segura. Un abrazo.<\/p>\n<p>P.- Hola,me gustaria saber tu opinion si la a aficcion del madrid va ha aguatar este juego con solo ganar los partidos ya sabemos que es muy exigente.De momento no esta jugando a nada.Un saludo<\/p>\n<p>R.- Hola Mariano, a m\u00ed me parece muy dif\u00edcil. En otras ocasiones no ha bastado con el resultado. Es verdad que Mourinho debe disponer de tiempo para hacer su equipo, pero no es menos cierto que por ahora gana pero no ilusiona. Veremos. Un abrazo.<\/p>\n<p>P.- Hola Javier, buenas tardes. Soy Abonado del Real Madrid, ayer durante el partido estuve escuchando un buen rato vuestra retransmisi\u00f3n. Confieso que me qued\u00e9 extra\u00f1ad\u00edsimo del retardo que llev\u00e1bais sobre el partido real (aproximadamente 1 minuto). La pregunta es: \u00bfpor qu\u00e9 retardais la emisi\u00f3n? ES radio y no hay peligros de intromisi\u00f3n como en ta tele. \u00bfPOr qu\u00e9 se produce ese desfase entre lo que est\u00e1 ocurriendo en el terreno de juego yvuestra transmisi\u00f3n? Porque, vosotros estabaia all\u00ed? Gracias.<\/p>\n<p>R.- Hola Antonio, efectivamente est\u00e1bamos all\u00ed. Hace ya a\u00f1os que para ayudar a los que no siguen por la radio viendo la tele se hace ese leve retraso, es verdad que qui\u00e9n est\u00e1 en el campo lo percibe, pero creemos que no es un problema grave. Con todo tomo nota y lo volveremos a pensar. Un abrazo.<\/p>\n<p>P.- Hola Javi: En los primeros dias se podia ver por cadenaser.com el programa \u00bf Porque no lo haceis todos los dias ? Gracias<\/p>\n<p>R.- Hola Carlos, te puedes imaginar que ahora mismo traslado a la directora de la web tu aportaci\u00f3n, yo estoy de acuerdo contigo y no tengo ning\u00fan problema. Un abrazo.<\/p>\n<p>P.- Javier sigo notando que te falta naturalidad, en SER Aventurero s\u00ed la ten\u00edas, y 2\u00aa creo que debieras intervenir con m\u00e1s observaciones, hay veces que se producen pausas embarazosas, al igual que Celino, debiera intervenir aunque no le pregunteis, por lo demas desearos toda la suerte del mundo, os seguir\u00e9 oyendo.<\/p>\n<p>R.- Hola Gonzalbo10, te agradezco tu aportaci\u00f3n. Yo creo que ya voy logrando esa naturalidad, pero hay que seguir trabajando en ello, sobre todo porque s\u00f3lo lo que es natural, real, es cre\u00edble. En el caso de Celino, el problema es que la transmisi\u00f3n televisiva lleva un retraso tremendo en muchas ocasiones y eso le complica la vida. Un abrazo.<\/p>\n<p>P.- es solo un comentario. Este nuevo carrusel es un pelotazo. Seguid asi porque sois los mejores. Todo el deeporte, como siempre en la SER. Un abrazo Javier, y acuerdate un pokito del cadiz<\/p>\n<p>R.- Hola gaditano, gracias por tus \u00e1nimos, si tu supieras lo que me acuerdo del C\u00e1diz, esta misma semana he hablado con el gran Teo Vargas. Seguiremos, a ver si pronto volv\u00e9is. Un abrazo.<\/p>\n<p>P.- Enhorabuena por el programa. Javi crees que sigue y va seguir habiendo favores arbitrales a los grandes?. Quien creesa t\u00fa que va ganar la liga?. Seguir as\u00ed lo hac\u00e9is muy bien.<\/p>\n<p>R.- Hola roberto, Celino est\u00e1 empe\u00f1ado en contarme que no hay favores arbitrales. Yo no estoy de acuerdo, a lo mejor no son estrictamente favores, pero siempre es m\u00e1s f\u00e1cil pitar un penalti en contra del Racing que al Madrid o al Bar\u00e7a. Por cierto, uno de estos dos se lleva la Liga, que hoy por hoy me temo que sigue siendo cosa de dos, un abrazo.<\/p>\n<p>P.- Parece que molesta que el Valencia sea el l\u00edder. Hemos escuchado hasta la saciedad comentarios sobre el liderazgo del Atl\u00e9tico en la primera jornada y del Valencia se ha comentado de pasada. Hoy mismo la noticia es que el Madrid es el l\u00edder provisional. \u00bfLa prensa de \u00e1mbito nacional no podr\u00eda ser un poco m\u00e1s equilibrada?Saludos<\/p>\n<p>R.- Hola farnals, es increible el trabajo que est\u00e1n haciendo Emery y compa\u00f1\u00eda, yo desde luego no tengo ning\u00fan inter\u00e9s en ocultarlo. Espera a que acabe esta cuarta jornada: quiz\u00e1 sigamos hablando de un Valencia l\u00edder. Un abrazo.<\/p>\n<p>P.- \u00bfcomo es posible que excepto tres diarios asturianos, los dem\u00e1s medios (As, Marca, El Pa\u00eds TVE, Abc, El Mundo, Vuelta 10, Sport, etc, etc) hayan estado escribiendo &#8220;Cotobello&#8221; (etapa cicl\u00edsta de Asturias), cuando en relidad es Coto Bello? \u00bfQue es ignorancia o cabezoner\u00eda?<\/p>\n<p>R.- Hola Horacio, nosotros hemos llegado a pronunciarlo como si fuera italiano. Ya vacilamos en Carrusel con este asunto, a veces es realmente complicado acertar siempre y en todo. Pero tomo nota. Un abrazo.<\/p>\n<p>P.- El madrid con su nuevo equipo tiene la pelota, controla el partido, le tiran menos a Iker, pero aburre, crees que si sentaran a Cristiano y en su lugar jugara Pedro Leon la sitaucion cambiaria?<\/p>\n<p>R.- Hola Panagil, Cristiano tiene que jugar, pero no s\u00f3lo para \u00e9l. En cuanto al equipo, a d\u00eda de hoy no estoy de acuerdo en que siempre controle el partido. Lo que es claramente su juego, vertical y demoledor. Es lo que veo. En cuantro a Pedro Le\u00f3n, combina y se ofrece, tiene mucho futuro. Un abrazo<\/p>\n<p>P.- \u00bfSi tu fueras Guardiola te gustar\u00eda que a tu equipo le pitaran penalties a favor como el de ayer al Madrid? \u00bfCrees que hay formas de ganar menos sospechosas?<\/p>\n<p>R.- Hola Dicotomia, a todos los entrenadores supongo yo que les gusta que les piten penaltis a favor, incluso los dudosos. Tambi\u00e9n a Guardiola. Un abrazo.<\/p>\n","protected":false},"excerpt":{"rendered":"<p>El director de Carrusel ha charlado este mi\u00e9rcoles con los oyentes sobre la cuarta jornada de Liga. Ya puedes leer la entrevista completa<\/p>\n","protected":false},"author":1,"featured_media":0,"comment_status":"open","ping_status":"open","sticky":false,"template":"","format":"standard","meta":{"footnotes":""},"categories":[],"tags":[],"class_list":["post-7448","post","type-post","status-publish","format-standard","hentry"],"_links":{"self":[{"href":"https:\/\/intervius.com\/index.html\/wp-json\/wp\/v2\/posts\/7448","targetHints":{"allow":["GET"]}}],"collection":[{"href":"https:\/\/intervius.com\/index.html\/wp-json\/wp\/v2\/posts"}],"about":[{"href":"https:\/\/intervius.com\/index.html\/wp-json\/wp\/v2\/types\/post"}],"author":[{"embeddable":true,"href":"https:\/\/intervius.com\/index.html\/wp-json\/wp\/v2\/users\/1"}],"replies":[{"embeddable":true,"href":"https:\/\/intervius.com\/index.html\/wp-json\/wp\/v2\/comments?post=7448"}],"version-history":[{"count":0,"href":"https:\/\/intervius.com\/index.html\/wp-json\/wp\/v2\/posts\/7448\/revisions"}],"wp:attachment":[{"href":"https:\/\/intervius.com\/index.html\/wp-json\/wp\/v2\/media?parent=7448"}],"wp:term":[{"taxonomy":"category","embeddable":true,"href":"https:\/\/intervius.com\/index.html\/wp-json\/wp\/v2\/categories?post=7448"},{"taxonomy":"post_tag","embeddable":true,"href":"https:\/\/intervius.com\/index.html\/wp-json\/wp\/v2\/tags?post=7448"}],"curies":[{"name":"wp","href":"https:\/\/api.w.org\/{rel}","templated":true}]}}