{"id":7445,"date":"2010-09-22T00:00:00","date_gmt":"2006-11-06T00:00:00","guid":{"rendered":"https:\/\/intervius.com\/index.html\/?p=7445"},"modified":"2006-11-06T00:00:00","modified_gmt":"2006-11-06T00:00:00","slug":"Almudena_Grandes7445","status":"publish","type":"post","link":"https:\/\/intervius.com\/index.html\/Almudena_Grandes7445\/","title":{"rendered":"Almudena Grandes"},"content":{"rendered":"<p>Pregunta.- La felicito por la fortaleza para hurgar en el pasado y revolver en la basura, en la miseria. Es un ejercicio duro. \u00bfCree que Espa\u00f1a est\u00e1 reeditando la literatura comprometida? <\/p>\n<p>Respuesta.- Hola a todos. Siento mucho el retraso, pero contestar\u00e9 a todas las preguntas que pueda. Para Filomeno: es verdad que hurgar en un pasado tan dif\u00edcil como el de Espa\u00f1a puede resultar duro, pero creo que es importante, y no tanto para el presente, como para el futuro. Por otra parte, es verdad que la memoria como tema literario tiene mucho \u00e9xito \u00faltimamente, pero creo que la edad dorada de la lietartura comprometida de los a\u00f1os 30 es irrecuperable<\/p>\n<p>P.- Hola, Almudena.Tengo 23 a\u00f1os, le\u00ed &#8220;Malena%u2026&#8221; a los 18 y desde entonces no he dejado de leerte.Lo que m\u00e1s me impresiona son tus personajes, que muestran sus &#8220;entra\u00f1as&#8221; tal y como las sienten, sin tab\u00fas, lo que me hace identificarme con alguno de ellos.\u00bfNunca has temido que cierto p\u00fablico te tachara de &#8220;excesiva&#8221;?No por el sexo, sino por muchos sentimientos que otros no se atrever\u00edan a expresar.\u00bfHay alguna forma de hacerte llegar correspondencia?Por escribirte alguna cartita.Un abrazo enorme.<\/p>\n<p>R.- Soy consciente de que puedo ser tachada de excesiva, pero no me parece un mal adjetivo para un novelista. Muchas gracias por tu lealtad de a\u00f1os. Y claro que puedes escribirme, al peri\u00f3dico o a la editorial<\/p>\n<p>P.- Hola Almudena. Sales preciosa en la foto, que lo sepas. Al grano&#8230;\u00bfLe vas a meter mano en este proyecto a la Revoluci\u00f3n del 34 en Asturias? <\/p>\n<p>R.- Muchas gracias por el piropo. El protagonista masculino de &#8220;In\u00e9s y la alegr\u00eda&#8221;, un guerrillero cuyo nombre de guerra es Gal\u00e1n, es asturiano, y comienza su carrera de revolucionario en la revoluci\u00f3n del 34. De momento, esto es lo que hay. Quiz\u00e1s insista en el futuro algo m\u00e1s<\/p>\n<p>P.- Cada vez que leo un art\u00edculo suyo, o una entrevista, me siento muy reconfortada por sentir que hay gente con una visi\u00f3n de la vida compartida. De izquierdas, de justicia social. \u00bfCoincide conmigo en que el gran problema de este pa\u00eds es la educaci\u00f3n? \u00bfY el del mundo la avaricia? Salud<\/p>\n<p>R.- S\u00ed, estoy de acuerdo en que la educaci\u00f3n es quiz\u00e1s el problema estructural m\u00e1s grave de Espa\u00f1a. Ya lo dec\u00edan los republicanos del 31: &#8220;educaci\u00f3n, edicaci\u00f3n y educaci\u00f3n&#8221; como remedio para todos los problemas. Pero creo que hoy el mundo se est\u00e1 deslizando por una pendiente que lleva a un cambio de ciclo, que desembocar\u00e1 en un mundo peor del que tenemos ahora mismo. No soy optimista, creo que la sociedad del bienestar tiene los d\u00edas contados. Y la avaricia es, desde luego, culpable en gran medida, pero la izquierda tiene que aprender a ver el mundo de otra manera, tal y como es hoy, no como era hace un siglo<\/p>\n<p>P.- Gracias Almudena por hacerme disfrutar tanto con tus historias y por ayudar a conocer los posos de la Guerra Civil. Tu prosa me envuelve cuando leo. Me faltan 100 p\u00e1gs para terminar El coraz\u00f3n helado. Me gustan los libros &#8220;gordos&#8221;, pero \u00bfno crees que Coraz\u00f3n se pod\u00eda haber quedado en 800 en lugar de m\u00e1s de 1000? \u00bfPor qu\u00e9 no inclu\u00edste un \u00e1rbol geneal\u00f3gico de las familias, como el que circula en la red?<\/p>\n<p>R.- Si hubiera incluido un \u00e1rbol geneal\u00f3gico, todos los lectores habr\u00edan descubierto antes de empezar a leer el libro, que Alvaro Carri\u00f3n y Raquel Fern\u00e1ndez son de la misma familia. Y eso no tendr\u00eda gracia, \u00bfno? Por otra parte, es verdad que puede ser m\u00e1s dif\u00edcil leer sin demasiadas pistas, pero a m\u00ed, como lectora, me reconforta m\u00e1s, me mantiene m\u00e1s ligada a la historia. <\/p>\n<p>P.- Sobre la memoria historica, \u00bftambi\u00e9n eres partidaria de que se resuelvan aquellos crimenes cometidos no precisamente por los franquistas?<\/p>\n<p>R.- Todos los cr\u00edmenes cometidos en la retaguardia republicana est\u00e1n resueltos ya desde hace d\u00e9cadas. Durante los primeros a\u00f1os del franquismo se destinaron fondos, medios materiales y medidas legislativas de todo tipo para exhumar a las v\u00edctimas, enterrarlas dignamente y honrar su memoria. Lo siento, pero todas las v\u00edctimas cuya muerte sigue estando impune, son v\u00edctimas de la dictadura<\/p>\n<p>P.- \u00bfHas procurado al narrar los hechos ser lo mas imparcial posible? soy republicano pero no me gusta ver intencionalidad parcial al escritor<\/p>\n<p>R.- Yo no creo que un novelista deba ser neutral, ni imparcial. La objetividad, en s\u00ed misma, es m\u00e1s una intenci\u00f3n que un hecho. Escribir es mirar el mundo, y contar lo que se ha visto, y cada escritor filtra esa mirada con el contenido de su memoria. Dos personas distintas ven versiones distintas de la misma cosa, y eso no implica que sean deshonestos, o desleales. Yo he procurado ser honesta, no me interesa ser imparcial<\/p>\n<p>P.- Ayer termin\u00e9 de leer&#8221;In\u00e9s y la alegr\u00eda&#8221;y sinceramente me encant\u00f3, me parece una novelaza. No conoc\u00eda el episodio que relatas a pesar de interesarme un mont\u00f3n la estapa hist\u00f3rica que plasmas. \u00bfHay alg\u00fan libro de historia que trate, aunque sea en parte, la invasi\u00f3n de Ar\u00e1n? Saludos<\/p>\n<p>R.- Gracias por la velocidad, y por el aumentativo, me alegra mucho saber que te gusta tanto&#8230; Hay algunos libros, muy pocos, que cuentan la invasi\u00f3n. Entre ellos, los m\u00e1s interesantes para m\u00ed, aunque no sean monogr\u00e1ficos son el de Secundino Serrano &#8220;La \u00faltima gesta&#8221; y el de Francisco Moreno G\u00f3mez, &#8220;La resistencia armada contra Franco&#8221;. Tambi\u00e9n son interesantes las memorias de Manolo Azc\u00e1rate, &#8220;Derrotas y esperanzas&#8221;, y una biograf\u00eda de Monz\u00f3n de Manuel Martorell. Pero no hay mucho mas, no creas<\/p>\n<p>P.- Almudena, dada su enorme capacidad de producci\u00f3n y la calidad de la misma, \u00bfPorqu\u00e9 no se plantea una telenovela rio?, ser\u00eda el equivalente actual a los Episodios de don Benito. Exito seguro. <\/p>\n<p>R.- Yo no s\u00e9 escribir para la televisi\u00f3n. Seguramente, Gald\u00f3s habr\u00eda podido, pero yo no me atrevo. Me gusta lo de la fidelidad atl\u00e9tica, eso s\u00ed<\/p>\n<p>P.- Dec\u00eda mi profesora Ana Baquero que la quijotizaci\u00f3n era el proceso de transformaci\u00f3n que sufre el lector al leer algo, de tal forma que le llena de energ\u00eda para acometer diversas y sentidas acciones. Con &#8220;In\u00e9s y la alegr\u00eda&#8221; he experimentado completamente la felicidad que le embarga a esta voluntaria ejemplar. Este ejercicio de &#8220;intrahistoria&#8221; unamoniana, me ha emocionado sinceramente. Gracias de parte de un lector de esta aburrida democracia.<\/p>\n<p>R.- Gracias a ti. A m\u00ed s\u00ed que me emociona leer mensajes como este.<\/p>\n<p>P.- Enhorabuena por su obra literaria y suerte con este nuevo libro. Mi pregunta es la siguiente: al margen de cuestiones ideol\u00f3gicas, \u00bfno ser\u00eda posible encontrar historias que retratasen tambi\u00e9n la vida y el sufrimiento de las gentes que fueron v\u00edctimas, a\u00fan cuando formaron parte del lado vencedor en la Guerra Civil? Gracias.<\/p>\n<p>R.- En &#8220;El coraz\u00f3n helado&#8221; hab\u00eda un personaje, Eugenio S\u00e1nchez Delgado, que habia ganado la guerra y, unos a\u00f1os despu\u00e9s, habr\u00eda preferido perderla, hasta tal punto le decepcionaba el resultado. Claro que hubo casos semejantes. Muchos. Pero ninguno lo pas\u00f3 tan mal como las v\u00edctimas del lado perdedor<\/p>\n<p>P.- Almu, me parece una empresa mastod\u00f3ntica y ambiciosa. Te felicito por tu voluntad y arrojo. \u00bfNo tienes miedo a no acabarla o quedarte a la mitad?<\/p>\n<p>R.- Antes de anunciarla, lo viv\u00ed solamente como una gran suerte, un privilegio. A m\u00ed lo que me gusta es escribir, y este proyecto me garantiza trabajo hasta el 2017, m\u00e1s o menos&#8230; Ahora, despu\u00e9s de haberlo hecho p\u00fablico, es cierto que me da un poco de v\u00e9rtigo, pero me apetece mucho m\u00e1s del miedo que me da. Creo que cada uno sabe lo que es capaz de hacer, y yo creo que puedo hacer esto<\/p>\n<p>P.- Si Sanjurjo y Mola no hubieran muerto en la Guerra Civil en accidentes de aviaci\u00f3n, \u00bfComo se llamar\u00eda el r\u00e9gimen que alguno de ellos seguramente hubiera liderado? \u00bfSanjurjismo, Molismo? \u00bfHabr\u00edamos sido antisanjurjistas, antimolistas? Un abrazo y gracias por tus libros.<\/p>\n<p>R.- Franco estuvo en el poder tantos a\u00f1os, y se muri\u00f3 en la cama, porque tuvo siempre mucha suerte. Las muertes provindenciales que citas, junto con la ejecuci\u00f3n de Jos\u00e9 Antonio fueron el primero de sus golpes de suerte. Lo que planteas es historia-ficci\u00f3n, pero yo creo que Sanjurjo, que era mon\u00e1rquico de toda la vida y otro tipo de hombre, habr\u00eda restaurado la monarqu\u00eda enseguida. Mola era m\u00e1s complicado, pero tam\u00b4bi\u00e9n hab\u00eda ocupado cargos pol\u00edticos previamente. No s\u00e9, tengo la impresi\u00f3n de que nos quedamos con el peor<\/p>\n<p>P.- hola almudena!!! soy una seguidora tuya,desde los campamentos de refugiados sahrauis(argelia) me encantaria saber de que forma podria obtener tus libros. saludos<\/p>\n<p>R.- Pues mira, la verdad es que no lo s\u00e9, supongo que por Internet puedes pedirlos, pero aprovecho la ocas\u00ed\u00f3n para mandarte besos y muchos \u00e1nimos para todos los que estais all\u00ed<\/p>\n<p>P.- Buenas tardes Almudena.He disfrutado muchisimo con tu novela. \u00bfNo crees que en las librer\u00edas independientes tamb\u00eden se ten\u00eda que haber regalado el recetario que se regala en una gran superficie?. No entiendo esa distinci\u00f3n. Saludos cordiales<\/p>\n<p>R.- El mismo recetario que se regala ahora, y s\u00f3lo hasta noviembre, en una gran superficie, estar\u00e1 disponible en todas las librer\u00edas en Navidad, para que cada librero se lo regale a los clientes que lo quieran<\/p>\n<p>P.- Buenas tardes Almudena, supongo que esta pregunta no pasar\u00e1 la censura porque no pelotea tanto como las anteriores&#8230; \u00bfNo te parecen que tus libros son una mezcla de Isabel Allende con Henry Miller? \u00bfAspiras a ser la Miller para las mujeres? Porque eso ya se hizo hace mucho tiempo Muchas gracias<\/p>\n<p>R.- Por supuesto que ha pasado la censura. Y no, no me parece que mis libros sean una mezcla de Allende con Miller. De hecho, es la primera vez que escucho esta opini\u00f3n. Tampoco aspiro a ser Miller para las mujeres, Y por cierto, \u00bfHas le\u00eddo a Henry Miller?<\/p>\n<p>P.- Entiendo que le debi\u00f3 quedar el deseo de seguir explorando en nuestra guerra y postguerra, despu\u00e9s de su &#8220;coraz\u00f3n helado&#8221;, \u00bfcrree que puede a\u00f1adir algo m\u00e1s a su visi\u00f3n de nuestra historia? A m\u00ed me pareci\u00f3 tan redonda -es la novela suya que m\u00e1s me ha gustado- que m\u00e1s all\u00e1 de anecdotas puntuales. le confieso que me da un poco de pereza leer \u00e9sta&#8230; siento miedo a que me desilusione por lo que me gust\u00f3 la citada. gracias <\/p>\n<p>R.- Puedo comprender esa pereza, y la aprecio como afecto hacia El coraz\u00f3n&#8230;, pero creo que In\u00e9s no se le parece. No he vuelto a escribir sobre la guerra, tampoco sobre la memoria. Es un proyecto diferente aunque, por supuesto, no es obligatorio en absoluto leerla<\/p>\n<p>P.- Buenas tardes. Lo primero decirle que soy una gran fan de sus novelas, pero parece que se ceba usted sobremanera en la guerra civil espa\u00f1ola. Para cuando una de tem\u00e1tica m\u00e1s actual y que no sea bucear por millon\u00e9sima vez en este tema. \u00bfNo cree usted que sus lectores pueden cansarse? <\/p>\n<p>R.- In\u00e9s y la alegr\u00eda no es una novela sobre la guerra, sino sobre la posguerra. Supongo que algunos lectores puedan cansarse, pero yo empec\u00e9 escribiendo sobre una \u00e9poca que estaba muy cerca de mi vida, mucho m\u00e1s actual, y me cans\u00e9. Despu\u00e9s, descubr\u00ed que la historia de Espa\u00f1a en el siglo XX es un fil\u00f3n impresionante para un narrador, y me enganch\u00e9. Para m\u00ed, esto es semejante a una pasi\u00f3n. No me voy a parar a calcular el efecto que tenga en las ventas de mis libros. Creo que un escritor tiene que escribir los libros que el o ella siente que tiene que escribir, no lo que opinen los libreros o los editores<\/p>\n<p>P.- Aun no he leido el libro porque mi hija de 21 a\u00f1os se ha adelantado, la tienes conmovida. Ella pregunta \u00bfdonde esta la alegria?, Ayer dejo de leer en el metro porque el llanto no la dejaba ver&#8230;. Tiene ganas de terminar para que yo lo lea y comentar. Gracias por acercanos a la vida que pudo ser y que no fue posible<\/p>\n<p>R.- La alegr\u00eda est\u00e1 en la actitud de In\u00e9s, cuando roba un caballo, hace cinco kilos de rosquillas, y va al encuentro de los 4.000 pr\u00edncipes azules que han venido a salvarla&#8230; In\u00e9s es la alegr\u00eda, porque la mueve la f\u00e9, la esperanza, el convencimiento de que la Humanidad est\u00e1 esperando que ella la empuje. Es verdad que la historia de la invasi\u00f3n acaba mal, pero los comunistas espa\u00f1oles aguantaron tantos a\u00f1os de dictadura atrincher\u00e1ndose en la alegr\u00eda. Esa era su fuerza, y su consigna<\/p>\n<p>P.- \u00bfA qu\u00e9 responde semejante campa\u00f1a para promocionar el libro? \u00bfNo es demasiada responsabilidad ser tratada como la escritora actual m\u00e1s importante?<\/p>\n<p>R.- Yo no tengo ninguna autoridad sobre la manera en la que soy tratada. Tampoco soy yo quien decido la suerte o la desgracia de las campa\u00f1as de promoci\u00f3n de mis libros. Son los medios los que escogen<\/p>\n<p>P.- \u00bfIlusi\u00f3n o poder? \u00bfesfuerzo o pelotazo? \u00bfTom\u00e1s o Trini?<\/p>\n<p>R.- Tom\u00e1s ha tenido casi tres a\u00f1os para convertirse por su propio esfuerzo en un candidato popular, y hasta que salt\u00f3 el esc\u00e1ndalo de las primarias, no le conoc\u00eda nadie. \u00bfQu\u00e9 quieres que te diga? A m\u00ed me parece que lo mejor es que nos hubi\u00e9ramos ahorrado la pugna en el seno del PSOE de Madrid. Eso lo primero. Por lo dem\u00e1s. Trini es mejor candidata, en mi opini\u00f3n <\/p>\n","protected":false},"excerpt":{"rendered":"<p>La nueva novela de Almudena Grandes, In\u00e9s y la alegr\u00eda (Tusquets), es el primero de su nuevo proyecto narrativo, los Episodios de una Guerra Interminable, seis libros donde se mezclan historias reales e inventadas de la posguerra espa\u00f1ola. Almudena Grandes ha charlado con los lectores sobre su nueva novela.<br \/>\nP\u00e1gina web de Almudena Grandes<br \/>\nFoto: Ignacio Adeva<br \/>\n Cr\u00edtica del libro en Babelia<\/p>\n","protected":false},"author":1,"featured_media":0,"comment_status":"open","ping_status":"open","sticky":false,"template":"","format":"standard","meta":{"footnotes":""},"categories":[],"tags":[],"class_list":["post-7445","post","type-post","status-publish","format-standard","hentry"],"_links":{"self":[{"href":"https:\/\/intervius.com\/index.html\/wp-json\/wp\/v2\/posts\/7445","targetHints":{"allow":["GET"]}}],"collection":[{"href":"https:\/\/intervius.com\/index.html\/wp-json\/wp\/v2\/posts"}],"about":[{"href":"https:\/\/intervius.com\/index.html\/wp-json\/wp\/v2\/types\/post"}],"author":[{"embeddable":true,"href":"https:\/\/intervius.com\/index.html\/wp-json\/wp\/v2\/users\/1"}],"replies":[{"embeddable":true,"href":"https:\/\/intervius.com\/index.html\/wp-json\/wp\/v2\/comments?post=7445"}],"version-history":[{"count":0,"href":"https:\/\/intervius.com\/index.html\/wp-json\/wp\/v2\/posts\/7445\/revisions"}],"wp:attachment":[{"href":"https:\/\/intervius.com\/index.html\/wp-json\/wp\/v2\/media?parent=7445"}],"wp:term":[{"taxonomy":"category","embeddable":true,"href":"https:\/\/intervius.com\/index.html\/wp-json\/wp\/v2\/categories?post=7445"},{"taxonomy":"post_tag","embeddable":true,"href":"https:\/\/intervius.com\/index.html\/wp-json\/wp\/v2\/tags?post=7445"}],"curies":[{"name":"wp","href":"https:\/\/api.w.org\/{rel}","templated":true}]}}