{"id":7436,"date":"2010-09-21T00:00:00","date_gmt":"2006-11-06T00:00:00","guid":{"rendered":"https:\/\/intervius.com\/index.html\/?p=7436"},"modified":"2006-11-06T00:00:00","modified_gmt":"2006-11-06T00:00:00","slug":"Jesus_del_Pozo7436","status":"publish","type":"post","link":"https:\/\/intervius.com\/index.html\/Jesus_del_Pozo7436\/","title":{"rendered":"Jes\u00fas del Pozo"},"content":{"rendered":"<p>Pregunta.- \u00bfQu\u00e9 acogida percibi\u00f3 tras su desfile de este lunes? \u00bfHa quedado contento? <\/p>\n<p>Respuesta.- La percepci\u00f3n es muy confusa al principio. Creo que en general las cr\u00edticas han sido buenas y la gente sali\u00f3 muy contenta.<\/p>\n<p>P.- en Colombia hay un gran interes, avance y desarrollo en el mundo textil y de la moda \u00bf Es posible que Jesus del Pozo visite nuestro pais y presente sus dise\u00f1os y \u00faltima colecci\u00f3n en Medell\u00edn y Bogot\u00e1? esto ser\u00eda fenomenal! <\/p>\n<p>R.- Todo es posible pero no en un corto plazo. <\/p>\n<p>P.- Enhorabuena por su trabajo, soy fan de sus vestidos desde siempre. Mi pregunta es: \u00bfSe inspira en sus dise\u00f1os a la hora de dise\u00f1ar sus perfumes? \u00bfSon sus perfumes una continuaci\u00f3n de sus dise\u00f1os? Es que tambi\u00e9n me encantan.<\/p>\n<p>R.- Todo es una continuaci\u00f3n de todo y todo alimenta a todo. <\/p>\n<p>P.- \u00bfQu\u00e9 consejo dar\u00eda a una joven de bellas artes que sue\u00f1a con empezar en el mundo de la moda y que no se puede permitir pagar las mejores escuelas de dise\u00f1o? un saludo de una gran admiradora. Me ha encantado su colecci\u00f3n.<\/p>\n<p>R.- Lo m\u00e1s importante no es poder pagar las mejores escuelas sino tener verdadero talento, y despu\u00e9s del talento, talante.<\/p>\n<p>P.- Tuve la ocasi\u00f3n de ver en la pasarela como se exib\u00eda un frasco de perfume nuevo&#8230; \u00bfnos podr\u00eda decir algo de \u00e9l?<\/p>\n<p>R.- El nuevo perfume es \u00c1mbar, una fragancia que durante mucho tiempo quer\u00eda sacar puesto que el \u00e1mbar para mi es algo muy especial, tanto en materia como en nota olfativa y creo que nos ha salido un magn\u00edfico perfume que espero que lo puedan disfrutar.<\/p>\n<p>P.- En la \u00faltima boda a la que fui lleve uno de sus modelos y solo le puedo decir que me hizo sentir como una aut\u00e9ntica top model. \u00bfQu\u00e9 destacar\u00eda de su colecci\u00f3n para la pr\u00f3xima temporada de primavera\/verano? <\/p>\n<p>R.- Mil gracias porque seguro que eres una top model. Sigo intentando dar servicio a mi gente para intentar simplificarles la vida y hac\u00e9rsela un poco m\u00e1s agradable. En la \u00faltima colecci\u00f3n hay una tendencia m\u00e1s hacia la calle y espero que en ella encuentre cosas que seguro que le van a ir fant\u00e1stico.<\/p>\n<p>P.- Buenos d\u00edas. \u00bfCree que con frecuencia la moda se &#8220;olvida&#8221; de las personas que usan tallas que van m\u00e1s all\u00e1 de la 46? Muchas prendas de ropa de tallas grandes a precio m\u00e1s o menos asequible paracen malteles sin forma. \u00bfCrea usted ropa para todas las tallas? Muchas gracias.<\/p>\n<p>R.- Nosotros fabricamos hasta la talla 48 en muchos casos. Hay modelos que no es posible porque no quedar\u00edan bien en estas tallas, pero en todo lo que es posible lo hacemos. Me encantar\u00eda sacar una l\u00ednea de tallas especiales, pues desde luego no ser\u00edan manteles.<\/p>\n<p>P.- No soy &#8220;usuaria&#8221; habitual de sus creaciones, pero es mi modisto favorito. Mi pregunta, la pregunta que me hago en muchas ocasiones, es que si para una ocasi\u00f3n concreta y muy especial me interesara vestir una prenda suya, \u00bfpodr\u00eda acudir a su taller para que me atendiera personalmente? <\/p>\n<p>R.- Si el encargo es de alta costura s\u00ed. Estar\u00eda encantado de verla y saber para qu\u00e9 ocasi\u00f3n especial necesita el traje y conocerla un poco m\u00e1s para saber exactamente qu\u00e9 es lo que debemos hacer. Ser\u00e1 un placer.<\/p>\n<p>P.- \u00bfCree usted que Espa\u00f1a a d\u00eda de hoy le falta imaginaci\u00f3n en la moda?<\/p>\n<p>R.- Falta imaginaci\u00f3n y sobra imaginaci\u00f3n, pero no solo en la moda, en todo. <\/p>\n<p>P.- \u00bfQu\u00e9 opina usted que la Cibeles Madrid Fashion Week tenga un nivel muy bajo en comparaci\u00f3n de las otras plataformas mundiales de la moda? \u00bfQu\u00e9 le falta para mejorar?<\/p>\n<p>R.- No creo que haya tanta diferencia en el nivel, teniendo en cuenta que las anteriores pasarelas tienen muchos m\u00e1s a\u00f1os que nosotros y est\u00e1n respaldadas por grandes industrias. Aqu\u00ed lo que necesitamos es que la industria respalde las pasarelas, como lo hace en el resto de pa\u00edses. <\/p>\n<p>P.- Soy de Miami (Usa). \u00bfPor qu\u00e9 no estan en EEUU sus productos como Adolfo Dominguez o Zara o Desigual? Soy admirador de sus creaciones. <\/p>\n<p>R.- Me he dedicado a hacer un tipo de producto muy especializado, muy meticuloso, dif\u00edcilmente industrializable, pero ya estamos mucho m\u00e1s cerca de conseguirlo y espero que para el pr\u00f3ximo a\u00f1o se puedan encontrar en Estados Unidos no s\u00f3lamente los perfumes sino una buena gama de mis productos. <\/p>\n<p>P.- \u00bfQue le ha inspirado para realizar esta colecci\u00f3n?<\/p>\n<p>R.- No hay una inspiraci\u00f3n concreta. Mis colecciones son siempre un paso m\u00e1s de la anterior, pero si me tengo que quedar con una inspiraci\u00f3n, tengo que decir que las mujeres que me rodean, mujeres con una vida social y profesional muy intensa y mi deberes hacerles todo esto mucho m\u00e1s f\u00e1cil.<\/p>\n<p>P.- \u00bfQu\u00e9 es lo que busca en sus creaciones y perfumes?<\/p>\n<p>R.- Yo quiero mucho a la mujer y me encanta intentar disimular si existe alguna imperfecci\u00f3n y potenciar todo lo positivo. Tanto con mis creaciones como con mis perfumes lo que no me gusta es uniformar y es importante que cada persona aporte algo de su personalidad, por eso trato de hacer tanto la moda como los perfumes muy d\u00factiles y adaptables.<\/p>\n<p>P.- A medio plazo, \u00bfhay espacio para firmas que est\u00e9n en medio de Tom Ford y Zara? \u00bfVan a ser capaces de perdurar los grandes creadores espa\u00f1oles como usted tal como hacen las grandes casas francesas e italianas? <\/p>\n<p>R.- Espero que s\u00ed, y para eso estamos trabajando. Pero para esto tambi\u00e9n necesitamos que tanto el p\u00fablico como los grandes empresarios y los grandes proyectos financieros hagan su incursi\u00f3n en el mundo de la moda y se den cuenta de que es un gran negocio si se hace bien.<\/p>\n<p>P.- \u00bfCu\u00e1ntos a\u00f1os m\u00e1s estar\u00e1 usted dando guerra en la moda?<\/p>\n<p>R.- Mientras pueda. De momento tengo muchas ganas y mucha ilusi\u00f3n y la moda no es toda mi vida, pero si una parte muy importante de ella.<\/p>\n<p>P.- Buenos d\u00edas Sr. del Pozo. Muchas veces he oido que en tiempos de crisis econ\u00f3micas las tendencias en moda suelen ser colores oscuros y prendas m\u00e1s sobrias. Sin embargo durante estos dos a\u00f1os no se ha dado esa coincidencia ni parece que se valla a dar la pr\u00f3xima temporada. \u00bfHay alguna explicaci\u00f3n?<\/p>\n<p>R.- Estamos hartos de tristezas y queremos alegrar a la gente. Creo que lo necesitamos y espero conseguirlo. A mal tiempo buena cara.<\/p>\n<p>P.- Jes\u00fas, felicidades por su desfile de ayer. Le sigo desde hace a\u00f1os y me asombra que siga manteniendo una propuesta de la moda tan actualizada, y asumiendo riesgos.. \u00bfPuede explicarnos el secreto para entender tanto a la mujer de los ochenta como a la del 2010?<\/p>\n<p>R.- Vivir intensamente todo lo que me rodea y tener siempre los ojos muy abiertos. Gracias. <\/p>\n<p>P.- Buenos d\u00edas, \u00bfqu\u00e9 le dir\u00eda a una persona que tiene su carrera profesional bien definida en otro \u00e1mbito pero que le gustar\u00eda dedicarse al mundo de la moda? Muchas gracias.<\/p>\n<p>R.- Si realmente est\u00e1 convencida de que el mundo de la moda es su futuro, que se busque la vida. Que trabaje en el estudio de alg\u00fan dise\u00f1ador con el que se identifique y que intente aprender todo lo que pueda.<\/p>\n<p>P.- \u00bfCree que la moda espa\u00f1ola llegar\u00e1 alg\u00fan d\u00eda a estar al nivel de las pasarelas de Paris o Italia?\u00bfPor qu\u00e9 no viene la prensa extranjera?<\/p>\n<p>R.- Viene prensa extranjera, no toda la que quisi\u00e9ramos, pero cada vez conseguimos que vengan m\u00e1s y se interesen m\u00e1s. Todav\u00eda la propuesta de Madrid es mucho m\u00e1s peque\u00f1a que la de otros pa\u00edses, todos coincidimos en la misma \u00e9poca y es natural que se dosifique. <\/p>\n<p>P.- \u00bfHa llevado la Princesa Letizia alguno de sus vestidos? \u00bfSe ha puesto alguna vez en contacto con ella para que luzca sus creaciones? Creo que ser\u00edan un gran duo, como en su d\u00eda lo fue con Ana Bel\u00e9n.<\/p>\n<p>R.- Es dif\u00edcil vestir a dos personas de la Casa Real, como norma. <\/p>\n<p>P.- \u00bfQu\u00e9 queda o como evolucion\u00f3 lo que se llam\u00f3 moda de Espa\u00f1a?<\/p>\n<p>R.- Quedan nuestras ra\u00edces, nuestra cultura y un estilo de hacer moda que quiz\u00e1 no est\u00e9 en todas las colecciones pero tampoco en su momento estuvo en toda la pintura ni en toda la literatura. Sois vosotros los espectadores los que ten\u00e9is la obligaci\u00f3n de seleccionar con criterio. <\/p>\n<p>P.- Recientemente sali\u00f3 la noticia de que no hay uniformidad en las tallas entre tiendas y marcas y que eso puede causar problemas psicol\u00f3gicos a ciertas personas. \u00bfEst\u00e1 a favor de que los dise\u00f1adores y marcas tallen de la misma forma?<\/p>\n<p>R.- No es posible tallar nunca de la misma forma. Habr\u00eda que hacer nuevas tablas de tallaje y siempre tendr\u00edamos tres o cuatro tablas diferentes dependiendo del p\u00fablico al que va dirigida esa l\u00ednea. No es posible que una 44 para una l\u00ednea joven de una chica de 18 a\u00f1os tenga el mismo ancho de manga que la 44 para una se\u00f1ora de 50. Habr\u00e1 que hacer patronajes distintos dentro de la misma talla. Antiguamente esto se llamaban drops. <\/p>\n<p>P.- \u00bfEn cuantos pa\u00edses se venden sus perfumes? personalmente los he visto en China y en Argentina y me enorgullece ver en estos puntos tan lejanos productos de un dise\u00f1ador espa\u00f1ol.<\/p>\n<p>R.- No lo tengo muy claro, pues no me encargo de estos temas, pero creo que est\u00e1 alrededor de unos 140 pa\u00edses. Gracias por sentirse orgullosa. <\/p>\n<p>P.- Enhorabuena por la coleccion presentada, \u00bfqu\u00e9 ha sido lo mejor de Cibeles?<\/p>\n<p>R.- Gracias, pero no he visto nada m\u00e1s de Cibeles. Incluso no ha terminado. Esperemos que termine y lo podamos analizar, aunque es muy dif\u00edcil saber qu\u00e9 es lo mejor. Habr\u00e1 cosas buenas de unos y de otros, pero el nivel general cada a\u00f1o sube. <\/p>\n<p>P.- \u00bfPor qu\u00e9 sigue habiendo una brecha entre la alta costura y el ciudadano de a pie?<\/p>\n<p>R.- Por precio y por tiempo. El precio se multiplica casi por 100 y el tiempo tambi\u00e9n. Hay muchas pruebas y la vida actual no est\u00e1 adaptada para procesos tan lentos. Nos tenemos que limitar a la alta costura para momentos especiales.<\/p>\n<p>P.- \u00bfC\u00f3mo puede ser que una actividad tan elitista y minoritaria como la &#8220;moda&#8221; goce de tanta cobertura medi\u00e1tica?<\/p>\n<p>R.- Es muy espectacular y a la gente le interesa. Algo muy importante es que creo que re\u00fane condiciones que otras actividades no re\u00fanen, como es cultura y econom\u00eda. Al final todos nos tenemos que vestir. <\/p>\n<p>P.- \u00bfLe interesar\u00eda colaborar con grandes cadenas espa\u00f1olas, como Zara o Mango, al igual que hacen dise\u00f1adores internacionales con H&#038;M?<\/p>\n<p>R.- Nunca se puede decir s\u00ed totalmente, siempre depender\u00e1 de c\u00f3mo y de cu\u00e1ndo. Sobretodo de c\u00f3mo.<\/p>\n<p>P.- Tengo una boda cercana, y tengo dudas en el color del traje \u00bfqu\u00e9 color me recomendar\u00eda? es en oto\u00f1o la boda. Gracias.<\/p>\n<p>R.- Influye mucho el color de piel, de pelo&#8230; y no hay un color que pueda servir para todo el mundo. Pru\u00e9bate varios, y con el que te sientas mejor y m\u00e1s guapa, ese te pones. Pero nunca ni crudo ni negro para las bodas.<\/p>\n<p>P.- \u00bfHasta que punto se alimenta el pret a porter de las pasarelas?<\/p>\n<p>R.- Al cien por cien. Es como la comida r\u00e1pida de la alta cocina, pero depende del cocinero que las interpretaciones salgan bien o te da\u00f1en el est\u00f3mago. <\/p>\n<p>P.- Me gusta mucho el mundo de la moda y para mi eres un gran dise\u00f1ador, innovador y un referente en mi vida. Me dedico al mundo artistico y me gustar\u00eda saber como puedo lanzar una peque\u00f1a colecci\u00f3n que he creado, te agradeceria pudieras ayudarme o informarme. Muchas felicidades,Un placer poder hablar contigo.<\/p>\n<p>R.- Me gusta mucho el mundo de la moda y para mi eres un gran dise\u00f1ador, innovador y un referente en mi vida. Me dedico al mundo artistico y me gustar\u00eda saber como puedo lanzar una peque\u00f1a colecci\u00f3n que he creado, te agradeceria pudieras ayudarme o informarme. Muchas felicidades,Un placer poder hablar contigo.<\/p>\n<p>P.- \u00bfCu\u00e1les son los mercados que quiere usted conquistar a corto plazo?<\/p>\n<p>R.- En principio estamos trabajando fuerte para Estados Unidos, donde ya estamos con algunos productos. La alta costura ya la tenemos en China. Ahora tenemos que entrar con el pr\u00eat-\u00e0-porter, pero fundamentalmente lo que nos interesa son todos los pa\u00edses emergentes. <\/p>\n<p>P.- \u00bfEspa\u00f1a es potencia mundial en moda?<\/p>\n<p>R.- Espa\u00f1a es potencia mundial en dise\u00f1o. Para ser potencia mundial en moda necesitar\u00edamos tener una gran industria y sobretodo unos productos empresariales de nivel internacional. Los grandes grupos financieros tienen que entrar en la moda espa\u00f1ola. <\/p>\n<p>P.- Buenos d\u00edas, primero darle las gracias por su arte, Me encantan los dise\u00f1os por la elgencia que nos proporcionan, la frecura y el aire diferente, mi pregunta es \u00bfpiensa que esta originalidad falta en el vestuario masculino y si no ha pensado en hacer colecci\u00f3n para hombre?<\/p>\n<p>R.- Me encantar\u00eda hacer una colecci\u00f3n para hombres, pero es mucho m\u00e1s complicada de lo que parece. Detr\u00e1s de dise\u00f1ar una colecci\u00f3n es necesario tener una gran infraestructura empresarial y comercial para que las colecciones tengan \u00e9xito, y es lo m\u00e1s dif\u00edcil de conseguir. Pero yo sigo trat\u00e1ndolo. <\/p>\n<p>P.- Como dise\u00f1ador \u00bfque sue\u00f1o le queda por cumplir ?<\/p>\n<p>R.- Todos. Creo que no he hecho nada m\u00e1s que una peque\u00f1a parte de todo lo que es posible hacer. Cada nuevo proyecto es un placer y un sue\u00f1o m\u00e1s. Y m\u00e1s que aprender. <\/p>\n<p>P.- Hola, llevo diez a\u00f1os usando su colonia Adventure Quasar, pero he recibido noticias de que la retira del mercado. \u00bfEs esto cierto? y si es as\u00ed, \u00bfpodr\u00eda explicar el motivo?.Gracias de antemano.<\/p>\n<p>R.- No llevo mucho estos temas, pero no tengo noticias de que se vaya a retirar. Funciona muy bien. Acabamos de sacar un nuevo perfume masculino destinado para el mercado \u00e1rabe y esperamos trabajar en otros masculinos para los mercados occidentales, que espero que tambi\u00e9n pasen a formar parte de ti. <\/p>\n<p>P.- Hola Jes\u00fas, decirte que me gusta lo que haces y siempre he considerado que eres uno de los mejores dise\u00f1adores de este pa\u00eds, sobre todo porque nunca te has desviado de tus ideas. \u00bfCrees que hay mucho intrusismo en el mundo de la moda y que est\u00e1 est\u00e1 dirigida por las grandes empresas que no tienen mucha idea de moda pero si de ganar dinero?<\/p>\n<p>R.- S\u00ed, es cierto lo que dices, pero estas grandes industrias son necesarias para que los dise\u00f1adores sigamos trabajando, solo que quiz\u00e1 deber\u00edan de hacernos un poco m\u00e1s de caso. <\/p>\n<p>P.- \u00bfPor qu\u00e9 las personas con minusvalia tienen tan dif\u00edcil acceder a los tiendas de la gran parte de los dise\u00f1adores? Como persona con capacidad diferente e integrada , neccesito que se comprenda que todos tenemos actos y obligaciones sociales, amen de la vida diaria que tenemos derecho a poder ir a todos lados con libertad. Esperamos la solidaridad de todos a la vez que se cumple la ley de accesibilidad.atte Carmen Martinez dde Carrion<\/p>\n<p>R.- Estoy de acuerdo en que hay que facilitar el acceso a todas las personas, pero las dificultades de los locales en ciertas ciudades nos lo ponen dif\u00edcil. <\/p>\n","protected":false},"excerpt":{"rendered":"<p>Una amplia trayectoria en el mundo de la moda y m\u00faltiples reconocimientos avalan la carrera profesional del dise\u00f1ador Jes\u00fas del Pozo. En la Pasarela Cibeles Madrid Fashion Week ha mostrado su nueva colecci\u00f3n este lunes. Sobre ella y sobre las tendencias para la pr\u00f3xima temporada ha charlado con los lectores.<br \/>\nFoto: Samuel S\u00e1nchez<br \/>\n Especial sobre Cibeles Madrid Fashion Week<\/p>\n","protected":false},"author":1,"featured_media":0,"comment_status":"open","ping_status":"open","sticky":false,"template":"","format":"standard","meta":{"footnotes":""},"categories":[],"tags":[],"class_list":["post-7436","post","type-post","status-publish","format-standard","hentry"],"_links":{"self":[{"href":"https:\/\/intervius.com\/index.html\/wp-json\/wp\/v2\/posts\/7436","targetHints":{"allow":["GET"]}}],"collection":[{"href":"https:\/\/intervius.com\/index.html\/wp-json\/wp\/v2\/posts"}],"about":[{"href":"https:\/\/intervius.com\/index.html\/wp-json\/wp\/v2\/types\/post"}],"author":[{"embeddable":true,"href":"https:\/\/intervius.com\/index.html\/wp-json\/wp\/v2\/users\/1"}],"replies":[{"embeddable":true,"href":"https:\/\/intervius.com\/index.html\/wp-json\/wp\/v2\/comments?post=7436"}],"version-history":[{"count":0,"href":"https:\/\/intervius.com\/index.html\/wp-json\/wp\/v2\/posts\/7436\/revisions"}],"wp:attachment":[{"href":"https:\/\/intervius.com\/index.html\/wp-json\/wp\/v2\/media?parent=7436"}],"wp:term":[{"taxonomy":"category","embeddable":true,"href":"https:\/\/intervius.com\/index.html\/wp-json\/wp\/v2\/categories?post=7436"},{"taxonomy":"post_tag","embeddable":true,"href":"https:\/\/intervius.com\/index.html\/wp-json\/wp\/v2\/tags?post=7436"}],"curies":[{"name":"wp","href":"https:\/\/api.w.org\/{rel}","templated":true}]}}