{"id":7430,"date":"2010-09-22T00:00:00","date_gmt":"2006-11-06T00:00:00","guid":{"rendered":"https:\/\/intervius.com\/index.html\/?p=7430"},"modified":"2006-11-06T00:00:00","modified_gmt":"2006-11-06T00:00:00","slug":"Purificacion_Garcia7430","status":"publish","type":"post","link":"https:\/\/intervius.com\/index.html\/Purificacion_Garcia7430\/","title":{"rendered":"Purificaci\u00f3n Garc\u00eda"},"content":{"rendered":"<p>Pregunta.- Hola Purificaci\u00f3n, me gustar\u00eda saber por qu\u00e9 no desfilas en Cibeles \u00bfQuiz\u00e1s tu concepto de moda es m\u00e1s comercial que el de la pasarela?<\/p>\n<p>Respuesta.- Hola a todos!. Como algunos sab\u00e9is, durante muchos a\u00f1os present\u00e9 mis colecciones en pasarela y admiro enormemente a los dise\u00f1adores que contin\u00faan haci\u00e9ndolo, sin embargo la expansi\u00f3n de la marca conlleva unas necesidades a nivel productivo que nos impiden adaptarnos a las exigencias de las pasarelas. Adem\u00e1s pensamos que no hay mayor pasarela que nuestros escaparates!.<\/p>\n<p>P.- Creo que has vivido en varios pa\u00edses, entre ellos Uruguay \u00bfqu\u00e9 tipo de moda se est\u00e1 haciendo all\u00ed? Gracias!<\/p>\n<p>R.- Efectivamente mi carrera empez\u00f3 all\u00ed y es un pa\u00eds del que tengo fant\u00e1sticos recuerdos. Desafortunadamente no conozco la realidad actual de su mercado.<\/p>\n<p>P.- Hola, soy Carlos. El nombre de tu firma aparece en portales como eBay, conocidos por la venta en muchos casos de falsificaciones, \u00bfqu\u00e9 opinas de este tema?<\/p>\n<p>R.- Ciertamente el problema de las falsificaciones est\u00e1 afectando muy seriamente al mercado de la moda. Tras su aparente \u201cinocencia\u201d se esconden mafias que explotan a gente sin recursos, y enga\u00f1an a los consumidores que se sienten atra\u00eddos por este tipo de productos. En mi opini\u00f3n es muy importante que entre todos contribuyamos a perseguir y denunciar este tipo de comercio.<\/p>\n<p>P.- Enhorabuena por el proyecto Thinking of Dallipur, los bolsos solidarios con luz dentro. Me parecen una pasada. \u00bfCu\u00e1l es el compromiso de tu marca con la India a trav\u00e9s del proyecto?<\/p>\n<p>R.- Me alegra que me hagas esa pregunta. Este ha sido un proyecto fant\u00e1stico en el que hemos tenido la suerte de trabajar no solo con una gran artista como Alicia Framis, si no tambi\u00e9n con instituciones de la talla de LABoral Centro de Arte, y Manos Unidas, recientemente galardonada con el Premio Pr\u00edncipe de Asturias a la Cooperaci\u00f3n. Gracias a ellos podremos contribuir con la financiaci\u00f3n de un proyecto para apoyar a 50 aldeas en un \u00e1rea muy deprimida del estado de Chhttisgarh. En esta zona se ha demostrado que el poder de transformaci\u00f3n social se multiplica con la creaci\u00f3n de grupos de mujeres y de su agrupaci\u00f3n a su vez en una red de apoyo mayor. Las mujeres son formadas en distintos aspectos sociales y econ\u00f3micos y son las encargadas de hacer llegar estos conocimientos a toda la comunidad. La poblaci\u00f3n as\u00ed tiene acceso a educaci\u00f3n, formaci\u00f3n sanitaria, formaci\u00f3n en recursos para paliar los efectos de la sequ\u00eda\u2026todo ello, impulsa al crecimiento de estas poblaciones marginadas, a la concienciaci\u00f3n de sus capacidades y a la creaci\u00f3n de sistemas de ahorro. Ser\u00e1n beneficiarios directos un total de 4720 habitantes.<\/p>\n<p>P.- Dise\u00f1as para hombre y mujer, \u00bfqu\u00e9 falta a\u00fan por hacer en moda masculina para que sus ventas se equiparen a la femenina?. Gracias.<\/p>\n<p>R.- En los \u00faltimos a\u00f1os los hombres se han ido acercando poco a poco a las mujeres en su inter\u00e9s por la moda y las tendencias. A ello ha contribuido que muchos personajes p\u00fablicos de relevancia de todos los \u00e1mbitos se muestren m\u00e1s preocupados por su imagen. La democratizaci\u00f3n de la moda tambi\u00e9n ha ayudado en este sentido, ya que cada vez est\u00e1 m\u00e1s al alcance de todos adquirir ropa que a\u00fane dise\u00f1o y calidad. En nuestro caso la colecci\u00f3n de hombre ya se equipara a la de mujer y cada temporada gusta m\u00e1s!<\/p>\n<p>P.- Est\u00e1s en Facebook, Twitter \u00bfCual es tu relaci\u00f3n con las nuevas tecnolog\u00edas? \u00bfqu\u00e9 papel les otorgas como herramienta de comunicaci\u00f3n? <\/p>\n<p>R.- Con el avance de Internet y de las redes sociales se ha abierto esta nueva v\u00eda de comunicaci\u00f3n mucho m\u00e1s directa y con un target mucho m\u00e1s joven, con lo que se abre un nuevo mercado con un mundo de posibilidades. Estas dos herramientas nos permiten tener una comunicaci\u00f3n m\u00e1s \u00e1gil con nuestros clientes y ofrecerles informaci\u00f3n a tiempo real. De ello dan fe nuestros m\u00e1s de 5000 fans en Facebook!<\/p>\n<p>P.- Tras 8 ediciones ya del premio de fotograf\u00eda que lleva tu nombre, \u00bfqu\u00e9 fotos son las que m\u00e1s te han impresionado a lo largo de todos estos a\u00f1os?<\/p>\n<p>R.- Ser\u00eda muy dif\u00edcil elegir una, pero podr\u00eda citarte alguna de las que se han quedado en mi retina para siempre, por ejemplo la pieza De lo que no puedo hablar de Amparo Garrido, que muestra la imagen de un gorila en primer plano, cuya mirada podr\u00eda ser la de cualquier ser humano. O tambi\u00e9n la bell\u00edsima fotograf\u00eda de Carlos Irijalba que obtuvo el primer premio en la pasada edici\u00f3n titulada Un disparo en la Oscuridad, una obra creada a partir de una serie de fotograf\u00edas realizadas en el bosque de Irat\u00ed en Navarra en la que el fot\u00f3grafo contrastaba la oscuridad del bosque con la luz cegadora de un foco procedente de un campo de f\u00fatbol. Todo un contraste entre la civilizaci\u00f3n y la soledad de la naturaleza.<\/p>\n<p>P.- En la web de Purificaci\u00f3n Garc\u00eda hay una agenda muy interesante con recomendaciones de exposiciones, tiendas, caf\u00e9s del mundo \u00bfd\u00f3nde me aconsejar\u00edas viajar este oto\u00f1o? <\/p>\n<p>R.- Te recomiendo vivamente que visites Amberes en B\u00e9lgica, una de mis ciudades favoritas. All\u00ed se ubica una de las mejores escuelas de moda del mundo, y la creatividad de sus gentes se refleja en toda la ciudad: tiendas de moda, caf\u00e9s, galer\u00edas de arte,\u2026no debes perd\u00e9rtelo!!<\/p>\n<p>P.- En tus inicios montaste una empresa de importaci\u00f3n de pieles, y en tus colecciones siempre hay algo de piel. \u00bfQu\u00e9 les dir\u00edas a todos aquellos que hacen campa\u00f1a en contra del uso de la piel animal en la moda?<\/p>\n<p>R.- Yo respeto much\u00edsimo las opiniones de todos los sectores a este respecto, y considero que el uso de pieles se debe llevar a cabo con mucha responsabilidad y respetando los derechos de los animales, pero en todo caso la \u00faltima decisi\u00f3n corresponde al consumidor. <\/p>\n<p>P.- Espectacular la imagen de la campa\u00f1a de verano con la foto de Chema Madoz del foco y las perchas. \u00bfQu\u00e9 tienen en com\u00fan la moda y la fotograf\u00eda?<\/p>\n<p>R.- La moda le debe mucho a la fotograf\u00eda, ya que hasta no hace mucho tiempo los dise\u00f1adores solo dispon\u00edamos de la imagen fija para hacer llegar nuestras colecciones al mundo. Moda sin fotograf\u00eda ser\u00eda menos moda.<\/p>\n<p>P.- Creo que tienes puntos de venta en varias ciudades de Jap\u00f3n \u00bfc\u00f3mo son las clientas japonesas? \u00bfhay que adaptar la colecci\u00f3n en alg\u00fan caso por temas culturales?<\/p>\n<p>R.- Aunque s\u00ed en el pasado, actualmente no tenemos puntos de venta en Jap\u00f3n, es un mercado complicado y en este momento no es nuestra prioridad.<\/p>\n<p>P.- \u00bfPara cu\u00e1ndo una tienda Purificaci\u00f3n Garc\u00eda online? Gracias!<\/p>\n<p>R.- Ese es nuestro pr\u00f3ximo reto, que llegar\u00e1 muy pronto!<\/p>\n<p>P.- Me gustar\u00eda saber si t\u00fa misma intervienes en el dise\u00f1o y decoraci\u00f3n\/interiorismo de tus tiendas. \u00bfC\u00f3mo reflejan tus tiendas la imagen de marca?<\/p>\n<p>R.- Siempre me involucro en el interiorismo de las tiendas, que reflejan a la perfecci\u00f3n el esp\u00edritu de mis colecciones. Es cierto que hay unas caracter\u00edsticas comunes a todos nuestros espacios, pero \u00faltimamente estamos intentando adaptar las nuevas aperturas a las singularidades de cada zona o inmueble, haci\u00e9ndolo convivir con las peculiaridades de nuestra filosof\u00eda.<\/p>\n<p>P.- \u00bfC\u00f3mo te ha afectado la crisis? \u00bfLa soluci\u00f3n es producir fuera a m\u00e1s bajo coste?<\/p>\n<p>R.- Yo creo que la crisis ha contribuido a que los clientes compren con una mayor responsabilidad y sean m\u00e1s selectivos, pero eso no implica necesariamente menores niveles de venta, sino una compra m\u00e1s meditada. En cualquier caso es evidente que la crisis entendida como tal ha favorecido la necesidad de buscar nuevas soluciones para ser m\u00e1s creativos y competitivos, que no necesariamente pasa por producir en otros pa\u00edses a m\u00e1s bajo coste.<\/p>\n","protected":false},"excerpt":{"rendered":"<p>La dise\u00f1adora de renombre Purificaci\u00f3n Garc\u00eda ha charlado con nuestros lectores sobre las nuevas tendencias. \u00a1Consulta la entrevista!<\/p>\n","protected":false},"author":1,"featured_media":0,"comment_status":"open","ping_status":"open","sticky":false,"template":"","format":"standard","meta":{"footnotes":""},"categories":[],"tags":[],"class_list":["post-7430","post","type-post","status-publish","format-standard","hentry"],"_links":{"self":[{"href":"https:\/\/intervius.com\/index.html\/wp-json\/wp\/v2\/posts\/7430","targetHints":{"allow":["GET"]}}],"collection":[{"href":"https:\/\/intervius.com\/index.html\/wp-json\/wp\/v2\/posts"}],"about":[{"href":"https:\/\/intervius.com\/index.html\/wp-json\/wp\/v2\/types\/post"}],"author":[{"embeddable":true,"href":"https:\/\/intervius.com\/index.html\/wp-json\/wp\/v2\/users\/1"}],"replies":[{"embeddable":true,"href":"https:\/\/intervius.com\/index.html\/wp-json\/wp\/v2\/comments?post=7430"}],"version-history":[{"count":0,"href":"https:\/\/intervius.com\/index.html\/wp-json\/wp\/v2\/posts\/7430\/revisions"}],"wp:attachment":[{"href":"https:\/\/intervius.com\/index.html\/wp-json\/wp\/v2\/media?parent=7430"}],"wp:term":[{"taxonomy":"category","embeddable":true,"href":"https:\/\/intervius.com\/index.html\/wp-json\/wp\/v2\/categories?post=7430"},{"taxonomy":"post_tag","embeddable":true,"href":"https:\/\/intervius.com\/index.html\/wp-json\/wp\/v2\/tags?post=7430"}],"curies":[{"name":"wp","href":"https:\/\/api.w.org\/{rel}","templated":true}]}}