{"id":7423,"date":"2010-09-23T00:00:00","date_gmt":"2006-11-06T00:00:00","guid":{"rendered":"https:\/\/intervius.com\/index.html\/?p=7423"},"modified":"2006-11-06T00:00:00","modified_gmt":"2006-11-06T00:00:00","slug":"Juan_y_Damian7423","status":"publish","type":"post","link":"https:\/\/intervius.com\/index.html\/Juan_y_Damian7423\/","title":{"rendered":"Juan y Dami\u00e1n"},"content":{"rendered":"<p>Pregunta.- \u00bfExtra\u00f1ais a vuestros amigos de La Jara y Sedal?<\/p>\n<p>Respuesta.- La verdad es que s\u00ed, la Jara y Sedal es una maravilla llena de sorpresas y jabal\u00edses muertos!! Pero m\u00e1s nos echan de menos ellos que hace mucho que no tienen publicidad gr\u00e1tis!<\/p>\n<p>P.- \u00bfTe atrever\u00edas a dar un beso en la boca a Pablo Motos?<\/p>\n<p>R.- La pregunta no es si nos atrevemos o no\u2026 la pregunta es \u00bfHay alguna necesidad de hacer eso? No\u2026 pues ya est\u00e1! <\/p>\n<p>P.- Se nota que sois amigos desde hace mucho tiempo pero ser sineros \u00bfnunca hab\u00e9is tenido una discusi\u00f3n fuerte? Un besazo enorme, sois los mejores<\/p>\n<p>R.- En realidad nos odiamos a muerte, de hecho nunca olvidamos llevar al trabajo nuestras porras el\u00e9ctricas y la cadena de la moto\u2026 En serio: Pues claro que hemos tenido discusiones\u2026 estamos 12 horas al d\u00eda juntos! Pero nunca nos duran los enfados porque ya nos conocemos demasiado como para no saber cuando uno tiene el d\u00eda tonto.<\/p>\n<p>P.- \u00bfOs lleva mucho tiempo preparar cada programa? \u00bfCon cu\u00e1nta antelaci\u00f3n est\u00e1 todo listo? Las entrevistas a los invitados, las nius, la teletienda&#8230; Cuando termin\u00e1is el programa, \u00bfest\u00e1is hartos de ser graciosos y os pon\u00e9is serios o la maquina funciona todo el rato?<\/p>\n<p>R.- El programa se prepara a lo largo de todo el d\u00eda, desde por la ma\u00f1anita! Y se intenta llevar todo con la m\u00e1xima antelaci\u00f3n posible aunque muchas veces nos pilla el toro! Y cuando terminamos la verdad es que nos pueden pasar dos cosas: o que estemos agotados y no tengamos ganas de na\u2026 o que del cansancio nos entre la tonter\u00eda y no paremos de decir gilipolleces.<\/p>\n<p>P.- Algunos truquillos, para acabar donde abeis acabado? Saludos crecks<\/p>\n<p>R.- No te sabemos decir\u2026 \u00bfAlg\u00fan truco para acabar en un programa con dos hormigas que hablan, con experimentos, explosiones y un calvo que toca un piano gigante?&#8230; eh\u2026 \u00bf? A\u00fan as\u00ed, al igual que Super Rat\u00f3n, recomendamos estudiar y supermineralizaros.<\/p>\n<p>P.- Hola chicos, soy un fan de el hormiguero de 14 a\u00f1os, y me pregunto \u00bfporque hab\u00e9is dejado el quiosco? me gustaba muuuuucho! un saludo enorme chicos.<\/p>\n<p>R.- El quiosco nunca morir\u00e1, solo est\u00e1 en stand by\u2026 pero volver\u00e1!!!<\/p>\n<p>P.- Hola chicos, me llamo Patri y tengo 14 a\u00f1itos. Me encanta vuestra secci\u00f3n y reconozco que jam\u00e1s me la pierdo. Me parece que teneis much\u00edsima frescura y naturalidad y eso me llama mucho la atenci\u00f3n. \u00bfVosotros os conocias anteriormente? Quiero decir \u00bfAntes del Hormiguero? Porque pareceis amigos de toda la vida<\/p>\n<p>R.- La verdad es que somos amigos desde hace muchos a\u00f1os, nos conocimos en la Universidad\u2026 para que luego digan que la Universidad no sirve para nada!<\/p>\n<p>P.- \u00bfY lo de dejar el quiosco, c\u00f3mo ha sido?<\/p>\n<p>R.- Que no lo hemos dejado!!!<\/p>\n<p>P.- \u00a1Buenas pareja! Me encanta vuestra secci\u00f3n de teletienda, y sobre me re\u00ed mucho con el del water ese japones, el doblaje fue buen\u00edsimo. \u00bfCual de los productos de teletienda os ha gustado mas por ahora? Un saludo y a seguir as\u00ed<\/p>\n<p>R.- El v\u00e1ter con chorro a presi\u00f3n es muy bueno, te lo decimos por experiencia propia\u2026 tambi\u00e9n nos encanta el cintur\u00f3n cuchillo, siempre lo llevamos puesto!<\/p>\n<p>P.- Qui\u00e9n es Juan y qui\u00e9n es Damian !!!!? Nunca me aclaro -.-<\/p>\n<p>R.- Juan: Pelo largo Damian: Pelo corto\u2026 si con esto no te aclaras\u2026 lo siguiente\u2026 un oculista<\/p>\n<p>P.- Hola chicos!! Enhorabuena por todo lo que estais haciendo!! Una preguntita&#8230;\u00bfQui\u00e9n es mejor cocinero de vosotros dos? \u00bfOs atrever\u00edais a conquistar a alguien con alguno de vuestros platos o lo pensar\u00edais dos veces? Muchos besos a los dos y dos m\u00e1s a las hormigas de mi parte!!<\/p>\n<p>R.- Claramente Juan. El t\u00edo se lo curra en la cocina, y aunque no es un gran cocinero, s\u00ed que tiene sus especialidades, como el bocadillo de mejillones con patatas fritas de bolsa. Dami\u00e1n se decanta m\u00e1s por la Fanta con queso de bola holand\u00e9s, o la tostada con mantequilla y corn flakes<\/p>\n<p>P.- Hola \u00bfprobais todas las cosas que ense\u00f1ais en la teletienda?<\/p>\n<p>R.- Por supuesto! Nos hemos arrancado pelos con el depilador, nos hemos lavado el culo con el w\u00e1ter con chorro\u2026 lo que haga falta\u2026<\/p>\n<p>P.- Hola&#8230;yo os quiero decir que me llamo Pablo y que soy un gran seguidor del hormiguero y en especial de vuestra seccion&#8230;yo queria preguntaros,como os conocisteis?Y como pudistes saltar al mundo de la fama?Un abrazo muy fuerte.<\/p>\n<p>R.- Nos conocimos en la facultad. Juan era el m\u00e1s popular de la clase, y Dami\u00e1n estaba marginado dibujando comics por el fondo. Pero cuando nos conocimos, nos hicimos muy amigos, y nos marginamos los dos. Borrachos en un botell\u00f3n decidimos empezar a trabajar juntos, y estuvimos un a\u00f1o trabajando gratis, haciendo dibujitos de humor, y haciendo un programa de radio (Ajenjo y Cigarro en Radio Tentaci\u00f3n) Piedrahita nos recomend\u00f3 para hacer una prueba de gui\u00f3n para el Club de la Comedia, y a Pablo le gustamos. As\u00ed empezamos a trabajar.<\/p>\n<p>P.- De donde sacais los productos de la teletienda raros?<\/p>\n<p>R.- Pues vamos buscando por internet, y lo que mola lo pedimos. Lo malo es que a veces tarda en llegar, porque viene de Jap\u00f3n, o de Australia\u2026 Por suerte, en el equipo de producci\u00f3n del Hormiguero son todos unos m\u00e1quinas y lo consiguen todo.<\/p>\n<p>P.- \u00bfQue os gusta mas la radio o la tele? Os quiero guapos, sois muy divertidos.<\/p>\n<p>R.- La radio tiene algo muy guay, que es que tienes mucho tiempo, e improvisas mucho, pero en la tele no hay que madrugar, y eso es muuuuuy importante!! (Dami\u00e1n ya era famoso en los restaurantes de Gran V\u00eda porque se quedaba dormido en lo que ven\u00edan los caf\u00e9s) En general, se vive mejor en la tele. <\/p>\n<p>P.- \u00bfComo es Pablo Motos? Os queremos.<\/p>\n<p>R.- La primera vez que le vimos, llegaba haciendo derrapes en una silla de ruedas, y alucinamos. Desde entonces somos amigos, porque es un t\u00edo muy divertido, y es honrado a m\u00e1s no poder. Llevamos comiendo 9 a\u00f1os con \u00e9l todos los lunes y siempre tiene una an\u00e9cdota buena que contar. Cuando escriba una autobiograf\u00eda, vais a flipar! <\/p>\n<p>P.- Buenas! Os quer\u00eda hacer una pregunta que creo que nos encantar\u00e1 saber a todas&#8230; \u00bfQui\u00e9n liga m\u00e1s de los dos?<\/p>\n<p>R.- Pues liga mucho m\u00e1s Juan. Juan lleva 2 chicas ya, y Dami\u00e1n una. No se nos da mal\u2026<\/p>\n","protected":false},"excerpt":{"rendered":"<p>Los colaboradores m\u00e1s gamberros del Hormiguero han contestado a tus preguntas. Divi\u00e9rtete con la entrevista web<\/p>\n","protected":false},"author":1,"featured_media":0,"comment_status":"open","ping_status":"open","sticky":false,"template":"","format":"standard","meta":{"footnotes":""},"categories":[],"tags":[],"class_list":["post-7423","post","type-post","status-publish","format-standard","hentry"],"_links":{"self":[{"href":"https:\/\/intervius.com\/index.html\/wp-json\/wp\/v2\/posts\/7423","targetHints":{"allow":["GET"]}}],"collection":[{"href":"https:\/\/intervius.com\/index.html\/wp-json\/wp\/v2\/posts"}],"about":[{"href":"https:\/\/intervius.com\/index.html\/wp-json\/wp\/v2\/types\/post"}],"author":[{"embeddable":true,"href":"https:\/\/intervius.com\/index.html\/wp-json\/wp\/v2\/users\/1"}],"replies":[{"embeddable":true,"href":"https:\/\/intervius.com\/index.html\/wp-json\/wp\/v2\/comments?post=7423"}],"version-history":[{"count":0,"href":"https:\/\/intervius.com\/index.html\/wp-json\/wp\/v2\/posts\/7423\/revisions"}],"wp:attachment":[{"href":"https:\/\/intervius.com\/index.html\/wp-json\/wp\/v2\/media?parent=7423"}],"wp:term":[{"taxonomy":"category","embeddable":true,"href":"https:\/\/intervius.com\/index.html\/wp-json\/wp\/v2\/categories?post=7423"},{"taxonomy":"post_tag","embeddable":true,"href":"https:\/\/intervius.com\/index.html\/wp-json\/wp\/v2\/tags?post=7423"}],"curies":[{"name":"wp","href":"https:\/\/api.w.org\/{rel}","templated":true}]}}