{"id":7422,"date":"2009-05-25T00:00:00","date_gmt":"2006-11-06T00:00:00","guid":{"rendered":"https:\/\/intervius.com\/index.html\/?p=7422"},"modified":"2006-11-06T00:00:00","modified_gmt":"2006-11-06T00:00:00","slug":"Javier_Lalaguna7422","status":"publish","type":"post","link":"https:\/\/intervius.com\/index.html\/Javier_Lalaguna7422\/","title":{"rendered":"Javier Lalaguna"},"content":{"rendered":"<p>Pregunta.- Javier&#8230;acabo de ver el reportaje sobre los consejos a colegiados &#8220;El dentro y fuera de Coco&#8221;, \u00bfpero c\u00f3mo se os ocurren esas cosas? Me parece buen\u00ediisimo, sois los mejores con diferencia!! no hay otros deportes igual!!!<\/p>\n<p>Respuesta.- Estoy de acuerdo. Adem\u00e1s de Lama y Manu hay una redacci\u00f3n incre\u00edble. Edu Verdu lo vio desde el primer minuto y lo llev\u00f3 a cabo doblando hasta la voz.. Es la clave del programa la originalidad de los videos para tratar temas profundos.\u00bf Te imaginas un video serio de las pol\u00e9micas arbitrales?&#8230;qu\u00e9 rollo\u2026..un abrazo y gracias <\/p>\n<p>P.- \u00bfQui\u00e9n elige los temas que se van a tratar durante el informativo? \u00bfY el tratamiento que se les da? Muchas gracias, seguid as\u00ed, sois los mejores<\/p>\n<p>R.- Todos los d\u00edas, a eso de las tres y media, nos reunimos en un despacho para planificar la jornada siguiente a la espera de las ultimas horas que puedan cambiar el tiro de los videos\u2026 Lama, Manu, editores y periodistas suelen proponer los temas que suelen ser aprobados entre risas por algunos disparates que se proponen. Sobre todo Lama y Manu tienen la mente llena de ideas\u2026.Un saludo y gracias. <\/p>\n<p>P.- hola javier estoy cansado de escribir y de no recibir respuesta a ver si tu lo haces.bueno,ahin va,\u00bfpor que no hablais del xerez en cuatro?k pasa supongo k lo merecemos solo hablais d los mismos zaragoza,real,tenerife etc y a nosotros k nos den.pues ya esta bien ahi estamos primero desde hace muchas semanas y nada no pueden con nosotros echar un vistazo al minotauro de la ciudad de jerez,somos unicos.os pediria consideracion con todos no con unos pocos ya k somos un ekipo de primera para una ciudad de primera<\/p>\n<p>R.- Llevas toda la raz\u00f3n, hay veces que tanta liga de estrellas y champions no nos deja ver el resto. A partir de ahora el protagonismo lo coger\u00e1n el xerez , Tenerife y dem\u00e1s equipos que buscan la gloria de primera. Pero entender\u00e1s que cuando el barsa se juega la champions y el Madrid habla de fichajes es muy dif\u00edcil hacer hueco para mas. Ya te aseguro que el a\u00f1o que viene el xerez en primera sera bienvenido. Un abrazo y gracias. <\/p>\n<p>P.- como se os ocurrio optar por manolo, manu, juanma y nico porque creo que no podia estar mejor elegido, porque asi como en otras cadenas los de deportes son nos sosos con estos te lo pasas genial&#8230;gracias por hacer los mejores deportes de espa\u00f1a entera&#8230;<\/p>\n<p>R.- Muchisimas gracias a ti por seguirnos a diario y el fin de semana. Bueno es una pregunta que deber\u00edan responder nuestros directivos con Elena S\u00e1nchez a la cabeza. A ellos les corresponde el \u00e9xito de la decisi\u00f3n. Se apuesta por el deporte y eso que no es una cadena que tenga derechos adquiridos en los principales acontecimientos deportivos del a\u00f1o. Eso si cuando optamos a un Mundial o a una Eurocopa echamos el resto y sale bien\u2026un abrazo. <\/p>\n<p>P.- hola me llamo jorge y estoy encantado de que me responda alla va mi pregunta \u00bfpodrian dedicar una seccion aunque sea muy corta a su programa de cuatro pressing catch?<\/p>\n<p>R.- \u00bfTe refieres una secci\u00f3n en el informativo?, bueno ser\u00eda cuesti\u00f3n de plantearlo aunque es cierto que esta casa siempre ha apostado por ello aunque fuera en otro foro y con otro horario pero siempre ha estado presente en la programaci\u00f3n de cuatro\u2026un abrazo y gracias.<\/p>\n<p>P.- \u00bfpodrian poner mas videos en la seccion de deportes de paradas celebraciones de goles y goles tontos? gracias un saludo<\/p>\n<p>R.- Es cuesti\u00f3n de proponerlo pero, como dice el refr\u00e1n, lo bueno si breve dos veces bueno, pensamos que los lunes tras la jornada liguera es el mejor momento de poner en antena los mejores momentos de los partidos. Al menos de momento es seguro que es una secci\u00f3n que nos va a acompa\u00f1ar muchos a\u00f1os\u2026.un abrazo y gracias\u2026<\/p>\n<p>P.- HOLA JAVIER, SOY UN FOROFO DE LOS DEPORTES Y SOBRE TODO LA FORMA DE DAR LAS NOTICIAS DEPORTIVAS COMO LO HACEIS TU Y TU EQUIPO, POR CIERTO \u00bf QUE TAL RELACCION TIENES CON LOS MANOLOS ? SALIENDONOS UN POCO DEL TEMA DEPORTIVO CREO QUE ERES UN GRAN AFICIONADO A LA MUSICA Y QUE ERES MIEMBRO DE ALGUNA BANDA DE MUSICA ,ADELANTE , YO SOY UN AFICIONADO A LA MUSICA TAMBIEN ,ESTOY APRENDIENDO A TOCAR EL SAXOFON SALUOS AMALIO.<\/p>\n<p>R.- Muchas gracias Amalio y dale fuerte al saxo. La relaci\u00f3n personal con los Manolos es fenomenal. En el caso de Lama la amistad data de hace mas de 20 a\u00f1os y a Manu que lo conoc\u00ed en Cuatro hace cuatro a\u00f1os parece como si fuera de toda la vida\u2026Gracias por elegirnos. En efecto toco en la banda municipal de Navalcarnero y estoy en la banda del conservatorio profesional de Alcorc\u00f3n donde estudio tercer curso de tuba\u2026lo dicho gracias Amalio y un abrazo. <\/p>\n<p>P.- \u00bfQui\u00e9n te dificulta m\u00e1s el trabajo, Carre\u00f1o o Lama?<\/p>\n<p>R.- Qu\u00e9 va, para nada\u2026da gusto tener compa\u00f1eros como ellos y de verdad que hablo con conocimiento de causa. He trabajado en otros medios antes y el ambiente no era tan bueno como aqu\u00ed. <\/p>\n<p>P.- Javi!!! me encanta vueestro programa, y sobre todo la web!!! c\u00f3mo se os ocurri\u00f3 lo del &#8220;pique del d\u00eda&#8221;?? me parece una idea genial, deber\u00edais meterle mucha m\u00e1s ca\u00f1a&#8230;saludos desde palma de mallorca!!!<\/p>\n<p>R.- Qu\u00e9 maravilla Palma de Mallorca. El pique del d\u00eda es una idea de radio llevaba a la tele y que ha tenido, en efecto mucho \u00e9xito. Por supuesto que seguiremos porque la materia prima, los p\u00fagiles cada dia lo hacen mejor\u2026un abrazo.<\/p>\n<p>P.- Javier&#8230;tengo que decirte que me parece una estupenda idea que t\u00fa tambi\u00e9n te sometas a las preguntas de todos lo aficionados en internet, y que no sean s\u00f3lamente los presentadores!!! mucha gente se piensa que s\u00f3lo la gente que da la cara es la que prepara un programa, en el caso de deportes, \u00bfCu\u00e1ntas personas hay detr\u00e1s? Un saludo, espero verte m\u00e1s por ak\u00ed!!!<\/p>\n<p>R.- Muy agradecido. Yo tambi\u00e9n pienso igual pero prefiero que hablen los jefes\u2026ja, ja, ja\u2026 Pues s\u00ed, es verdad, detr\u00e1s de Manu y Lama hay un equipo de unas 30 personas repartidas entre redacci\u00f3n, producci\u00f3n, realizaci\u00f3n y documentaci\u00f3n. 30 personas que trabajan a diario y se rotan igualmente en la programaci\u00f3n del fin de semana. Adem\u00e1s de los editores que preparan todo el bruto de informaci\u00f3n que llega cada d\u00eda\u2026.en fin un mundo&#8230;pero maravilloso\u2026..gracias y un abrazo. <\/p>\n<p>P.- Muy buenas Javier!! soy una gran aficionada a vuestro programa, os veo en directo, y adem\u00e1s por internet. Hay mucha gente en la web que estamos super atentos a todo lo que hac\u00e9is, y solemos opinar y criticar desde nuestro punto de vista. Sin embargo nunca hac\u00e9is menci\u00f3n a la comunidad de deportes de cuatro en el informativo, \u00bfno crees que esa es una manera de despreciar el cari\u00f1o de los fans?<\/p>\n<p>R.- Te doy toda la raz\u00f3n pero mira, gracias a tu mensaje a partir de ahora haremos mas caso. La verdad en radio cada d\u00eda se hacen mas alusiones a la comunidad de Internet que la escucha, pero en el tele desconoc\u00eda el gran inter\u00e9s\u2026 Gracias por tu aportaci\u00f3n\u2026un abrazo.<\/p>\n<p>P.- \u00bfEs cierto que Manolo Lama no sabe utilizar el rat\u00f3n del pc?<\/p>\n<p>R.- Je,je\u2026Manolo Lama y las nuevas tecnolog\u00edas est\u00e1n re\u00f1idas. Es verdad, pero si te digo la verdad entre t\u00fa y yo no le hace falta\u2026<\/p>\n<p>P.- que presentador crees que es mas bueno, manolo lama o manu carre\u00f1o?<\/p>\n<p>R.- Je, je, je\u2026T\u00fa quieres que me coma el tigre\u2026Los dos forman un tandem fabuloso. Incre\u00edble. Son ingeniosos, tienen recursos humor\u00edsticos que les hace irrepetibles y eso que parec\u00eda todo inventado en la tele\u2026y encima son buena gente, que m\u00e1s podemos pedir\u2026..gracias y un saludo.<\/p>\n<p>P.- Buenas tardes Javier. \u00bfhay tan buen rollo en el informativo de Cuatro como da la impresi\u00f3n o es pura apariencia?. \u00bfPor qu\u00e9 no te dejan hacer a ti un d\u00eda un directo para que todos te podamos ver ? \u00bfA qu\u00e9 jugador te cargar\u00edas del Madrid?<\/p>\n<p>R.- Hola y gracias por tu pregunta. No tengas ninguna duda que el buen rollo que irradia la tele es tan real como el programa en s\u00ed. Y no solo entre Manu y Lama, sino entre Pulido y yo y en el resto de periodistas, realizadores y productores que conforman la redacci\u00f3n de deportes de cuatro. No hago pantalla porque mi labor es otra. Coordinar a la redacci\u00f3n, videos del programa, actos donde enviamos las c\u00e1maras , ultimas horas, etc, etc\u2026. Durante el Mundial y la Eurocopa hice plat\u00f3 algunos d\u00edas para resumir los partidos en el informativo de tarde pero insisto, mi cometido es otro y se disfruta igual. La tercera pregunta tiene miga. Mejor dej\u00e1rselo a Florentino aunque como ver\u00e1s cada dia que pasa alguno ya se va tirando de la moto en marcha. El debate Ra\u00fal-Guti tiene seguidores y detractores pero el problema del Madrid este a\u00f1o no han sido ellos. <\/p>\n<p>P.- \u00bfQu\u00e9 deporte te gusta m\u00e1s?<\/p>\n<p>R.- Que poco original voy a ser en mi respuesta\u2026.el f\u00fatbol, el f\u00fatbol y el f\u00fatbol y todas sus variedades y como eventos especiales me mola mucho seguir unos juegos ol\u00edmpicos. Es cuando sigues deportes minoritarios, pero que te dan alguna alegria en forma de medallas\u2026.un abrazo y gracias.<\/p>\n<p>P.- q de cierto hay en eso de que el madrid pagaria 120 millones por los jugadores del valencia villa, silva, mata y albiol?????<\/p>\n<p>R.- Hay de cierto que con Florentino todo es posible, que con la reestructuraci\u00f3n del equipo se busca espa\u00f1olizar la plantilla y que buscan los nombres que ya sonaron la temporada pasada junto a Xabi alonso y el resto de internacionales Kaka y CR7. Seguro que el Madrid va a por todos. Pero claro, corre el riesgo de morir en el intento. Lo del Valencia suena bien, pero ser\u00eda desmantelar a una plantilla aunque hayan anunciado que la situaci\u00f3n econ\u00f3mica hace necesaria la venta de jugadores del equipo che. <\/p>\n<p>P.- Hola Javier como soy Iran\u00ed me gustar\u00eda conocer tu opinion sobre el nivel de los 2 jugadores de Osasuna, y si les ves progresando en equipos mas competiitivos. Gracias Maryam S.<\/p>\n<p>R.- Hola Maryam y gracias por tu pregunta. Este a\u00f1o he tenido la oportunidad de hacer varios partidos de osasuna y dentro del desorden de equipo que ahora pelea por la permanencia tanto masoud como Nekounam apuntan buenas maneras. Masoud se ha convertido en el delantero del equipo navarro pero adem\u00e1s Nekounam ha marcado goles que pueden valer una temporada\u2026.un beso<\/p>\n<p>P.- Echas de menos la radio y el f\u00fatbol modesto de Madrid en el Carrusel\u00edn? Por qu\u00e9 desapareci\u00f3 el programa? EL LINCE<\/p>\n<p>R.- \u00a1Ya no recordaba la c\u00e9lebre frase\u00a1. No se qui\u00e9n eres, pero barrunto que me conoces bastante al menos como oyente. En los primeros a\u00f1os de tele, ech\u00e9 de menos la radio. Ahora francamente no, estoy muy a gusto en la tele y tengo la suerte de haber podido desempe\u00f1ar mi trabajo en los dos medios para poder compararlos. Respecto al lince no s\u00e9 que programa fue, ya no recuerdo. Hay una parte de mi historial laboral que es mejor olvidar. Un abrazo y gracias. <\/p>\n<p>P.- cuando se confimen los fichajes del real madrid y en caso de que no hallais acertado en alguno de los ya habeis dado como hechos, \u00bfrectificareis o simplemente lo dejareis correr?<\/p>\n<p>R.- \u00bfQu\u00e9 fichajes hemos dicho que no se hayan cumplido? Eso se lo tienes que decir a los peri\u00f3dicos deportivos que son los que llenan p\u00e1ginas de previsiones que no siempre se cumplen. En todo caso te respondo francamente: no tengas ninguna duda que rectificaremos siempre\u2026.un abrazo y gracias.<\/p>\n<p>P.- Hola Javier. Mi pregunta es la siguiente: \u00bfQu\u00e9 posiciones reforzar\u00edas en en Barcelona la pr\u00f3xima temporada para que mantenga e incluso suba su nivel actual? \u00bfQu\u00e9 jugadores piensas que ser\u00edan los m\u00e1s adecuados para cubrir las mismas? un saludo<\/p>\n<p>R.- No tengas duda que si el Barsa gana el triplete, sin duda habr\u00e1 dado con el mejor equipo de la historia y como reza el dicho lo que bien est\u00e1 no se mueve. Con la pol\u00edtica de cantera y la edad media de la plantilla que no supera los 24 a\u00f1os, te puedo asegurar Francisco, que hay equipo para rato. De todas formas se que Ribery podr\u00eda ser un buen refuerzo si finalmente no ficha por el Madrid. Tambi\u00e9n van a apostar fuerte por Forl\u00e1n\u2026ap\u00fantalo. <\/p>\n<p>P.- Queria que me comentaras el avance de contrato cerrado que habeis dado esta noche en los informativos acerca de Cristiano Ronaldo&#8230; 75 millones por 5 a\u00f1os??? No lo veo publicado en ningun sitio&#8230;. me podrias decir algo al respecto&#8230;. Gracias!!<\/p>\n<p>R.- En respuesta concreta a tu pregunta, es cierto el acuerdo y en todos sus par\u00e1metros, pero es un acuerdo que firm\u00f3 Ram\u00f3n Calder\u00f3n cuando era presidente. Ahora Florentino tendr\u00e1 que darle forma y ratificarlo cuando acceda a la presidencia. Se supone que lo har\u00e1 pero estamos en periodo electoral. Por eso y por la coincidencia del final de champions y liga, de momento est\u00e1 teniendo menos repercusi\u00f3n. \u2026Gracias y hasta siempre.<\/p>\n<p>P.- Hola. \u00bfEn qu\u00e9 consiste exactamente tu trabajo? Ole, ole y ole! Felicidades, porque sea cual sea lo estas haciendo muy bien. Sigue as\u00ed!<\/p>\n<p>R.- Muchas gracias. B\u00e1sicamente es una labor de coordinaci\u00f3n en los frentes de informaci\u00f3n de cada jornada. Desde las previsiones de actos deportivos a las entrevistas pactadas con los personajes relevantes para que \u201clos Manolos\u201d sepan lo que trae el d\u00eda. Y partir de ah\u00ed dar un orden a las im\u00e1genes, duraci\u00f3n de los videos que se preparan para el programa. En definitiva la confecci\u00f3n de la escaleta del programa. Tambi\u00e9n coordino el departamento de deportes en lo que concierte a equipos de trabajo para los diferentes programas de la semana. <\/p>\n<p>P.- Buenos d\u00edas, Javier; Me he enterado por un amigo que eres un gran m\u00fasico, un maestro de la Tuba, y que en unos d\u00edas formar\u00e1s parte de una orquesta magistral que dar\u00e1 un concierto ben\u00e9fico en Madrid. Podr\u00edas dar informaci\u00f3n del evento? !!Enhorabuena por tu trabajo en la Eurocopa\u00a1\u00a1 Me gustar\u00eda que tuvieras m\u00e1s minutos en pantalla. Un abrazo.<\/p>\n<p>R.- Gracias por tu felicitaci\u00f3n. Desde siempre tuve dos vocaciones, el periodismo y la m\u00fasica. En ambos casos he mantenido una relaci\u00f3n muy directa. En la actualidad compagino el trabajo y las clases en el conservatorio. La m\u00fasica siempre ser\u00e1 un hobby y el periodismo mi trabajo\u2026pd: colaborar\u00e9 con la orquesta de castilla la mancha el pr\u00f3ximo 5 de junio a las 19:30 en el auditorio nacional.<\/p>\n<p>P.- Hola Javier, viendo las elecciones en el Real Madrid y los comentarios que hay de fichajes de super estrellas anunciados, crees que el madrid del a\u00f1o que viene va a ser capaz de ganar t\u00edtulos importantes???viendo los reusltados dle Barcelona este a\u00f1o queda demostrado que hay que ser un equipo para ganar titulos y no detsacar s\u00f3lo unas cuantas figuras y eso empieza desde un entrendaro con total confianza dle club y mando para hacer y deshacer como crea conveniente. Creo que en el madrid en los ultimos a\u00f1os esto no ha sido as\u00ed y es parte de la mala imagen y resultados del club blanco. Gracias y saludos<\/p>\n<p>R.- El Real Madrid est\u00e1 sufriendo un cambio generacional por el que pasan los clubes. Son ciclos habituales en los grandes equipos. Sin ir m\u00e1s lejos el a\u00f1o pasado le hizo pasillo el barsa al Madrid y en menos de un a\u00f1o y con s\u00f3lo 3 caras nueves ha pegado un cambio incre\u00edble. Bien es cierto que el Madrid, a\u00fan ganando t\u00edtulos no juega bien, que en Champions ya no cuenta entre los grandes, pero con la reestructuraci\u00f3n que plantea Florentino y la llegada de jugadores nacionales, por supuesto que puede ganar t\u00edtulos. Un abrazo y gracias.<\/p>\n<p>P.- Alguna noticia te ha hecho tanta gracia que no has podido sostener la risa?<\/p>\n<p>R.- Ten en cuenta que los 33 minutos de programa diario se estructuran con noticias graciosas antes de los grandes videos de cada jornada. M\u00e1s que una noticia, me hace gracia la forma en la que Lama y Manu tratan esas otras im\u00e1genes diferentes de la jornada normalmente enviadas por nuestros amigos de Internet. No recuerdo ninguna en especial, durante el programa suelo estar cerrando las \u00faltimas horas de las \u00faltimas im\u00e1genes de entrenamientos, ruedas de prensa, etc\u2026.un abrazo.<\/p>\n<p>P.- hola javier no sabia que no admitiais preguntas en mayusculas por ello te la voy a reptir \u00bfcuando volveras a retransmitir partidos en directo? te sigo desde que estabas en la ser, telemadrid y ahora en la cuatro me es mas difil por el horario pero soy fan tuya.<\/p>\n<p>R.- Hola y gracias por ser \u201cfan mio\u201d. Sigo transmitiendo partidos en directo a trav\u00e9s del sistema de pago por visi\u00f3n (ppv) lo que sucede es que con las dificultades que estamos teniendo en la llamada \u201cguerra del f\u00fatbol\u201d, cada d\u00eda son menos los partidos que nos dejan trasmitir. <\/p>\n","protected":false},"excerpt":{"rendered":"<p>Javier Lalaguna, editor del informativo de deportes, ha respondido a tus preguntas \u00a1Entra y conoce lo que nos ha dicho!<\/p>\n","protected":false},"author":1,"featured_media":0,"comment_status":"open","ping_status":"open","sticky":false,"template":"","format":"standard","meta":{"footnotes":""},"categories":[],"tags":[],"class_list":["post-7422","post","type-post","status-publish","format-standard","hentry"],"_links":{"self":[{"href":"https:\/\/intervius.com\/index.html\/wp-json\/wp\/v2\/posts\/7422","targetHints":{"allow":["GET"]}}],"collection":[{"href":"https:\/\/intervius.com\/index.html\/wp-json\/wp\/v2\/posts"}],"about":[{"href":"https:\/\/intervius.com\/index.html\/wp-json\/wp\/v2\/types\/post"}],"author":[{"embeddable":true,"href":"https:\/\/intervius.com\/index.html\/wp-json\/wp\/v2\/users\/1"}],"replies":[{"embeddable":true,"href":"https:\/\/intervius.com\/index.html\/wp-json\/wp\/v2\/comments?post=7422"}],"version-history":[{"count":0,"href":"https:\/\/intervius.com\/index.html\/wp-json\/wp\/v2\/posts\/7422\/revisions"}],"wp:attachment":[{"href":"https:\/\/intervius.com\/index.html\/wp-json\/wp\/v2\/media?parent=7422"}],"wp:term":[{"taxonomy":"category","embeddable":true,"href":"https:\/\/intervius.com\/index.html\/wp-json\/wp\/v2\/categories?post=7422"},{"taxonomy":"post_tag","embeddable":true,"href":"https:\/\/intervius.com\/index.html\/wp-json\/wp\/v2\/tags?post=7422"}],"curies":[{"name":"wp","href":"https:\/\/api.w.org\/{rel}","templated":true}]}}