{"id":7417,"date":"2010-09-20T00:00:00","date_gmt":"2006-11-06T00:00:00","guid":{"rendered":"https:\/\/intervius.com\/index.html\/?p=7417"},"modified":"2006-11-06T00:00:00","modified_gmt":"2006-11-06T00:00:00","slug":"Jose_Samano7417","status":"publish","type":"post","link":"https:\/\/intervius.com\/index.html\/Jose_Samano7417\/","title":{"rendered":"Jos\u00e9 S\u00e1mano"},"content":{"rendered":"<p>Pregunta.- \u00bfNo te parece que por fin el ciclismo parece estar levantando cabeza\u00b4, con y sin Contador? \u00bfCoincides con la opini\u00f3n generalizada de que la Vuelta ha sido un \u00e9xito? Y enhorabuena por el seguimiento de su peri\u00f3dico de la Vuelta. Carlos Arribas es todo un maestro.<\/p>\n<p>Respuesta.- Hola a todos y muy buenas tardes. Efectivamente, creo que poco a poco el ciclismo se va recuperando. Lo achaco en una mayor concienciaci\u00f3n general sobre los tramposos y que se ha puesto el ventilador en marcha. El ciclismo solo puede regenerarse desde el ciclismo. La Vuelta me ha gustado, ha tenido mucha chispa y ha sido competida. Pero me hubiera gustado ver a Contador. Con Arribas tiene toda la raz\u00f3n, le trasladar\u00e9 su opini\u00f3n. Gracias en su nombre. <\/p>\n<p>P.- Hola Sr. S\u00e1mano, piensa usted que los \u00e1rbitros de \u00e1rea, como se les llama, aportaran mayores niveles de justicia all f\u00fatbol.<\/p>\n<p>R.- Creo a mayor n\u00famero de \u00e1rbitros, mayores enredos. Cualquier d\u00eda habr\u00e1 un plebiscito entre ellos. Por cierto, como suelo ser bastante cr\u00edtico con los \u00e1rbitros, aprovecho para felicitar a Fern\u00e1ndez Borbal\u00e1n por ver el atropello de Ujfalusi.<\/p>\n<p>P.- Buenas tardes, \u00bfqu\u00e9 es de Pedro Horillo? ha sido una perdida tremenda para esta vuelta.<\/p>\n<p>R.- No se preocupe, volver\u00e1, es uno de nuestros principales activos. Con la escasez de papel, Vuelta, f\u00fatbol, mundial de basket, Nadal en Nueva York, F-1, motos&#8230;<\/p>\n<p>P.- Echo falta en la prensa cierta equidad a la hora de adjetivar o calificar los lances de un partido, incluso, al determinar una posible sanci\u00f3n antes de que el juez decida. \u00bfNo cree usted que no ser\u00eda justo qe la sanci\u00f3n a Ujfalusi, por presiones externas, fuera muy dura mientras que la de Gurpegui a Ag\u00fcero no ha merecido sanci\u00f3n alguna?. <\/p>\n<p>R.- Es cierto que la prensa no es un\u00e1nime y todo lo que rodea a Bar\u00e7a y Madrid tiene mayor eco, es la vida misma. Dicho esto, hubiera sancionado a Gurpegi como a Ujfalusi. Y, por cierto, veo a\u00fan m\u00e1s hipocres\u00eda en algunos entrenadores que solo piden protecci\u00f3n y fair play para los suyos. El mismo que pidi\u00f3 tras la primera jornada protecci\u00f3n para CR, hoy mismo se ha negado a pedirla para Messi o cualquier otro. El mismo, por cierto, que tras las sacudidas de Del Horno a Messi (Chelsea-Bar\u00e7a, con Mou de t\u00e9cnico) dijo que el argentino haci\u00e1 &#8220;teatro del bueno&#8221;. Hay que proteger a todos. Fern\u00e1ndez Borbal\u00e1n fue justo al expulsar al checo y ahora Competici\u00f3n deber\u00eda actuar con contundencia.<\/p>\n<p>P.- El Madrid no acaba de dar espect\u00e1culo, salvo frente al Ajax que tampoco le hizo mucha resistencia. La Real, con un equipo reci\u00e9n ascendido se les cerr\u00f3 detr\u00e1s y las pasaron negras para ganarles. Cree usted que mejorar\u00e1n su juego a niveles de un equipo grande a medida que avance la liga<\/p>\n<p>R.- Creo que mejorar\u00e1 y mucho. Quiz\u00e1 nunca llegue a ser un equipo tan vistoso como el Bar\u00e7a, pero s\u00ed un equipo muy duro, contundente en las dos \u00e1reas y con grandes destellos. El mayor probelma que le veo en este momento es la ansiedad de CR. En Anoeta fue un absurdo mon\u00f3logo: \u00e9l quer\u00eda todo y todos aceptaron darle el bal\u00f3n, fuera o no conveniente. CR debe aprender que una cosa es ser el PRIMER solista y otra el \u00daNICO solista. Cuanto mejor sea el coro&#8230;<\/p>\n<p>P.- Ay\u00fademe, sr. S\u00e1mano, a hacer una alineaci\u00f3n hist\u00f3rica del Madrid: Casillas; Ramos, Hierro, Camacho; Redondo, Zidane, Puskas; Di Est\u00e9fano, Gento, Amancio; Ronaldo (Luis Nazario, claro). Habida cuenta de que quedan fuera R. Carlos, Pirri, Shuster, Hugo, la Quinta al completo, Juanito&#8230; \u00bfqu\u00e9 cambios har\u00eda usted? Gracias por su tiempo.<\/p>\n<p>R.- Es una pregunta complicad\u00edsima. Es cuesti\u00f3n de gustos, pero, a bote pronto, desde luego Roberto Carlos ha sido infinitamente superior a Camacho y pondr\u00eda a Pirri por delante de Redondo. Lo dem\u00e1s lo firmo.<\/p>\n<p>P.- Buenos dias maestro. Que opinion tienes de Sergi Roberto?? a mi me parece el gran tapado de la cantera del Barcelona. No tiene la fama que tiene Thiago Alcantara o J. Dos Santos o Muniesa, pero a mi me parece un pedazo de centrocampista, y eso todavia en edad juvenil. Cual es tu opinion sobre Muniesa. Por tu twitter no me ha quedado clara si te gusta o es que no te llena. Y ya puestos, que opinas de T. Alcantara y J. Dos Santos. Crees que llegaran a lo que apuntan?? Muchisimas gracias.<\/p>\n<p>R.- Siento contradecirle, pero no ha podido leer opini\u00f3n alguna en el twitter, porque nunca he estado en esa red social. Sergi Roberto me gusta, pero tengo especial predilecci\u00f3n por Thiago, me encanta su est\u00e9tica, otra cosa es que sepa convinarla con la eficacia. A Muniesa le est\u00e1n volviendo un poco loco, creo que debe definirse: lateral o central. En Dos Santos veo a un jugador con larga carrera en la elite, muy t\u00e1ctico, muy correcto en todo.<\/p>\n<p>P.- \u00bfDe verdad cree que el Atl. de Madrid estar\u00e1 arriba al final de temporada? \u00bfNo cree que tiene una plantilla corta en las bandas, el relevo de Tiago y en la delantera? Va a competir en tres competiciones, y en 2 de ellas ya se ha vistos (Aris y Bar\u00e7a) que o bien por el campo o por el rival, la temporada puede ser demasiado larga para ciertos jugadores. Gracias<\/p>\n<p>R.- No s\u00e9 d\u00f3nde podr\u00e1 llegar un equipo tan imprevisible como el Atl\u00e9tico, pero me parece que ha ganado mucho en actitud. Contra el Bar\u00e7a estuvo a mucha distancia, pero no le falt\u00f3 actitud para resistir (y De Gea, claro). Tiene, desde luego, una plantilla corta, y habr\u00e1 que ver qu\u00e9 tiene Quique en las inferiores. El curso pasado irrumpieron Dom\u00ednguez y De Gea, quiz\u00e1 haya m\u00e1s en el cesto. Eso dicen, al menos, en el club. Llegue d\u00f3nde llegue, le veo m\u00e1s cuajado que otras temporadas.<\/p>\n<p>P.- Hola sr.Samano, en Valencia existe un gran malestar con los medios de comunicacion, pues da la sensacion de que el Valencia no cuentan para nada, solo se habla de Real y Bar\u00e7a (normal) ,pero hasta ayer parecia que solo estaba lider el Atletico y que lo iba a ganar todo, y del Valencia que esta lider y ganado en Europa casi ni se comenta, a que se debe esto?<\/p>\n<p>R.- Hay una cierta atomizaci\u00f3n deportiva, como si solo el Real Madrid y el Bar\u00e7a fueran transauton\u00f3micos. Y reconozco que no debiera ser as\u00ed, pero su eco es imparable. No obstante, ma\u00f1ana mismo podr\u00e1 leer en EL PA\u00cdS un art\u00edculo sobre las virtudes de este nuevo Valencia. Si mantiene en alza ya ver\u00e1 c\u00f3mo su repercusi\u00f3n medi\u00e1tica aumentar\u00e1 de forma considerable.<\/p>\n<p>P.- Buenas tardes&#8230; Como supongo que todas las preguntas versar\u00e1n acerca de Mourinho, Ujfalusi y Messi, cambiar\u00e9 el tercio. \u00bfqu\u00e9 opini\u00f3n le merece que el Betis, en el estado de autodestrucci\u00f3n institucional en el que se encuentra, vaya primero, con cuatro victorias seguidas y 40000 personas en las gradas pasando un calor de justicia. Un placer leerle siempre<\/p>\n<p>R.- Me parece un milagro propio de un equipo habituado a los milagros. Le confieso un secretillo: desde mi infancia he tenido un apego muy especial al Betis y hasta tuve un juego con sus camisetas. Tres nombres propios tienen la culpa: L\u00f3pez, Cobo e Irizar, \u00eddolos en mi infancia torrelaveguense. Hace poco me emocion\u00f3 reencontrarme con L\u00f3pez (\u00bfrecueda L\u00f3pez-Alabanda-Carde\u00f1osa?) en Sevilla con motivo de un partido internacional.<\/p>\n<p>P.- Hola Jos\u00e9, enhorabuena por tu buen hacer period\u00edstico. Una pregunta no de actualidad, sino de nostalgia. \u00bfQu\u00e9 me puedes contar de G\u00e1rate, el excelente delantero del Atl\u00e9tico de Madrid? Yo le vi jugar de crio, y le tengo en los altares, pero hay tantos recuerdos de crio que revisitados de adulto palidecen, que me gustar\u00eda una opini\u00f3n externa. Gracias<\/p>\n<p>R.- Otra de nostalgia, me encanta. G\u00e1rate era un superclase, un tipo elegante, excelente rematador de cabeza y con las dos piernas, educado, noble&#8230; Uno de los m\u00e1s grandes que ha tenido el Atl\u00e9tico y el f\u00fatbol espa\u00f1ol. L\u00e1stima aquella maldita lesi\u00f3n que le retir\u00f3 de forma prematura. A\u00fan le recuerdo ca\u00eddo en el suelo con Schwarzenbeck camino de la porter\u00eda de Reina&#8230; <\/p>\n<p>P.- Hola, buenas tardes, \u00bfme podr\u00edas definir como jugador a Busquets? parec\u00eda una broma la definici\u00f3n que hizo Del Bosque, pero cada d\u00eda estoy m\u00e1s de acuerdo con \u00e9l y me parece el jugador m\u00e1s imprecescinndible del barcelona y la selecci\u00f3n. Gracias.<\/p>\n<p>R.- Como qued\u00f3 demostrado en el gran reportaje publicado el domingo en EL PA\u00cdS por Luis Mart\u00edn, Busquets es uno de esos futbolistas a los que nadie valora m\u00e1s que los propios futbolistas, compa\u00f1eros y rivales. No tiene tanto foco como los grandes estilistas, pero su conocimiento del juego es un alivio para todos. Piensa antes que los dem\u00e1s, acude a cada incendio antes de que lleguen las llamas, sabe jugar aceptablemente a un toque, protege a los defensas (fue el tercer central en el Calder\u00f3n) y auxilia a los &#8220;Xavis&#8221;, que se sienten protegidos. Tiene algo de canchero, como si hubiera aprendido el juego en la calle, como aquellos potreros. <\/p>\n<p>P.- &#8220;Hay que proteger a todos los jugadores, no s\u00f3lo a los mejores&#8221;. Hay que proteger a los jugadores de las declaraciones ESPELUZNANTES de otros jugadores y de los \u00e1rticulos SALVAJES (e interesados) de muchos periodistas. Ujfalusi entra al bal\u00f3n de frente. Es m\u00e1s, toca el bal\u00f3n. El golpe a Messi se produce cuando Ujfalusi &#8220;baja&#8221; la pierna al suelo &#8220;encontr\u00e1ndose&#8221; el tobillo de Messi por aut\u00e9ntica mala fortuna (para \u00e9l y para Messi) Tarjeta roja, correcto. Por favor, seamos ecu\u00e1nimes.<\/p>\n<p>R.- Todo jugador que lleva los tacos por delante sabe lo que hace y a qu\u00e9 se arriesga. \u00bfPor qu\u00e9 no un agarr\u00f3n o una zancadilla; o bien un golpe de cadera que hubiera tumbado al argentino? La entrada fue brutal y me llam\u00f3 la atenci\u00f3n, porque nunca hab\u00eda visto al checo (ni cuando era central de su pa\u00eds o en el calcio) entradas semejantes. Esa es mi opini\u00f3n. Y le aseguro que lo mismo dir\u00eda en una jugada similar con Piqu\u00e9, por ejemplo, acuchillando el tobillo de Forl\u00e1n.<\/p>\n<p>P.- Buenas tardes, Jos\u00e9. Va a ser interesante ver al Barcelona sin Messi. \u00bfQu\u00e9 variantes se te ocurren que puede hacer Pep? \u00bfJugar con Villa de delantero centro e Iniesta de extremo izquierdo, Bojan de delantero centro&#8230;? Es todo un reto para el equipo. Muchas gracias.<\/p>\n<p>R.- Frente al Sporting, ver\u00eda m\u00e1s probable que juegue Bojan e Iniesta se mantenga en el medio junto a Xavi y Busquets. Pero quiz\u00e1 Pep no haya olvidado el trompic\u00f3n ante el H\u00e9rcules, cuando Bojan fue titular y nada aport\u00f3.<\/p>\n<p>P.- Hola, Jos\u00e9. Un placer leerte cada semana. Sobre la entrada a Messi, \u00bfpor qu\u00e9 no se sanciona al jugador que lesiona con los d\u00edas de baja que est\u00e9 el jugador lesionado? \u00bfDe verdad que no hay manera de parar estas entradas escandalosas, lejos del \u00e1rea y yendo a hacer da\u00f1o? Gracias.<\/p>\n<p>R.- Es dif\u00edcil marcar una pauta de justicia deportiva porque a veces la intencionalidad no se percibe de forma tan clara. Pensemos que puede haber entradas mucho m\u00e1s leves y que por verdadero infortunio (unos tacos que se clavan m\u00e1s de la cuenta, una mal estado del c\u00e9sped que bloquea la rodilla, una mala ca\u00edda&#8230;) la lesi\u00f3n sea m\u00e1s compleja. Ujfalusi se emple\u00f3 con sa\u00f1a, arrastrado quiz\u00e1 por el fuego en las gradas, y Messi solo estar\u00e1 diez d\u00edas de baja.<\/p>\n<p>P.- Hola Pepe: leo en su peri\u00f3dico, respecto al affaire de Mourinho con la Federaci\u00f3n de su pa\u00eds, lo siguiente: &#8220;Siento l\u00e1stima&#8221;, dijo Mourinho [&#8230;] &#8220;Lo digo porque soy muy honesto&#8221;. \u00bfNo cree que Mourinho confunde honestidad con egolatr\u00eda hacia s\u00ed mismo, o con algo mucho peor? \u00bfCree que el Madrid acabar\u00e1 con el mito que Mou se ha labrado todos estos a\u00f1os? Cada vez que este t\u00edo abre la boca sube el pan.<\/p>\n<p>R.- Valoro much\u00edsimo al Mourinho entrenador, pero discrepo con su forma de ser. Del caso con Portugal lo que m\u00e1s me ha llamado la atenci\u00f3n es que se le pasara por la cabeza la posibilidad. Hay que creerse muy ESPECIAL para pensar que es posible. \u00bfSe imagina que hubiera hecho en caso de ser seleccionador si Pepe, Carvalho o CR tienen unas ligeras molestias? \u00bfLes hubiera convocado? \u00bfHubieran jugado el partido completo? \u00bfY de haberse lesionado? Dice que estar\u00e1 diez d\u00edas de &#8220;vacaciones&#8221;. \u00bfNo puede ver v\u00eddeos, mejorar t\u00e1cticamente con los no convocados, tener charlas con los t\u00e9cnicos de los filiales, acudir a partidos de cantera para estimular a los chavales, comentar asuntos de intendencia con Valdano o Florentino&#8230;?<\/p>\n<p>P.- No crees que el estado de ansiedad que parece Cristiano est\u00e1 perjudicando al Madrid. Crees que Mourinho le consiente demasiado, ya que en el principio de temporada est\u00e1 acentuando su nivel de indivudualismo con respecto a la temporada anterior<\/p>\n<p>R.- No s\u00e9 si tiene que ver o no con Mou, pero desde luego su hiperindividualismo est\u00e1 perjudicando al equipo y puede que acabe por abrir una brecha entre el jugador y la grada del Bernab\u00e9u. CR es buen\u00edsmo, y mejor lo ser\u00eda si se apoya en los dem\u00e1s. En Anoeta, hubo dos jugadas que yo recuerde, que \u00d6zil le dio la pelota y le tir\u00f3 un desmarque del que CR nada quiso saber. Con su ego\u00edsmo logr\u00f3 que Higua\u00edn tampoco apareciera, y al fin y al cabo es el goleador del equipo, el ariete al que habr\u00eda que buscar con m\u00e1s frecuencia. <\/p>\n<p>P.- \u00bfCree que al Real Madrid, como instituci\u00f3n y como equipo de una competici\u00f3n, le conviene que se est\u00e9 todo el santo d\u00eda hablando de Jos\u00e9 Mourinho? Empiezo a notar cierta crispaci\u00f3n y pesadumbre en el aficionado madridista ante El Real Mourinho. Como bien dijo usted, cuando te catalogas como el mejor del mundo se te exige desde el primer d\u00eda ser el mejor, pero de ah\u00ed a estar todo el d\u00eda en la picota puede ser contraproducente, no?? Gracias por su atenci\u00f3n<\/p>\n<p>R.- Tengo la sensaci\u00f3n de que a Mou se le han hecho demasiadas concesiones y quiz\u00e1 por ello el portugu\u00e9s no acabe de entender que la dimensi\u00f3n del Real Madrid le supera con creces, aqu\u00ed no tiene que ganar un t\u00edtulo por primera vez en 50 a\u00f1os (Chelsea) o una Copa de Europa tras 40 (Inter).<\/p>\n<p>P.- Hola, \u00bfqu\u00e9 opina de la pobre y triste imagen que est\u00e1 dando Ra\u00fal en Alemania?<\/p>\n<p>R.- Lo lamento por el aprecio que tengo por Ra\u00fal, pero me temo que ha ido al equipo equivocado. Ojal\u00e1 no cierre su carrera de forma tan triste.<\/p>\n<p>P.- hola, el otro d\u00eda titul\u00f3 una cr\u00f3nica &#8220;Magia en el Bernabeu&#8221;&#8230;&#8230;&#8230;&#8230;claro, as\u00ed es f\u00e1cil terminar con los adjetivos ya que el d\u00eda que de verdad la haya ya no podr\u00e1 titular como hubiera sido menester. De acuerdo que esto de escribir casi todos los d\u00edas debe ser un sinvivir&#8230;&#8230;&#8230;..Saludos sr. S\u00e1mano<\/p>\n<p>R.- S\u00ed, en parte es in sinvivir, pero creo que lo uno debe exigirse a s\u00ed mismo es honestidad. El partido ante el Ajax me pareci\u00f3 m\u00e1gico por el fabuloso repertorio que dej\u00f3 \u00d6zil y la intensidad del equipo. Cuando llegue otro partido m\u00e1gico, ya veremos qu\u00e9 nos sale. <\/p>\n<p>P.- Hola. Jos\u00e9. \u00bfCrees que el Villareal es un ejemplo a seguir por el resto de clubss espa\u00f1oles con su pol\u00edtica de cantera y poder evitar los traspasos abusivos que a los ciudadanos que sufrimos la crisis nos enrojecen?<\/p>\n<p>R.- S\u00ed, es un buen ejemplo. Y hay m\u00e1s. El Sporting y la Real est\u00e1n de vuelta a primera y con buenas actuaciones con su pol\u00edtica de otros tiempos. Fue el cambio de rumbo lo que les devolvi\u00f3 a Primera. Mire, el s\u00e1bado en Anoeta percib\u00ed un matrimonio fant\u00e1stico entre la afici\u00f3n realista y el equipo. \u00bfSer\u00eda igual en tiempos de Asper, Yaw, Demetradze, Cjevticanin, Brechet&#8230;?<\/p>\n<p>P.- Sr. S\u00e1mano, estamos a lunes y sin que todav\u00eda haya acabado la jornada de liga ya tenemos ma\u00f1ana la siguiente jornada. \u00bfNo le parece que est\u00e1n saturando demasiado al espectador medio? \u00bfCree que podr\u00eda ser contraproducente o todo lo contrario? Un saludo<\/p>\n<p>R.- No deja de asombrarme que el f\u00fatbol no acabe por ser devorado por sus propias barabaridades. Aqu\u00ed se aguanta todo. Hoy, nadie puede programarse un viaje a ver su equipo para dentro una semana, porque a\u00fan no se sabe a qu\u00e9 hora y qu\u00e9 d\u00eda jugar\u00e1. Se supone que es un gran espect\u00e1culo y resulta que tras una semana de estresante viaje de la selecci\u00f3n a Buenos Aires, los primeros equipos en jugar la segunda jornada fueron el Bar\u00e7a (el s\u00e1bado ante el H\u00e9rcules a las \u00a118.00! y el Madrid, ante Osasuna a las 20.00). Sin embargo, los que m\u00e1s descanso tuvieron fueron el Almer\u00eda y la Real, que sin apenas internacionales, jugaron el lunes. Todo es un disparate.<\/p>\n<p>P.- Buenas tardes y gracias: Desearia que algun periodista del mundo del deporte me pudiera explicar por que entre los 2 pilotos espa\u00f1oles que encabezan la clasificacion de motoGP, hay tanta diferencia de trato, no malo sino que de Dani pedrosa siempre se habla quede 1\u00ba o 10\u00ba y de Jorge Lorenzo solo se habla de el si gana y este a\u00f1o algo menos por que no se baja del podio, pero el a\u00f1o pasado, para los que no veiamos la carrera, si no hacia podio no se decia nada de el Gracias<\/p>\n<p>R.- No tengo la misma percepci\u00f3n que usted, ni mucho menos. M\u00e1s bien dir\u00eda que la locuacidad de Lorenzo tiene mayor eco que la timidez de Pedrosa.<\/p>\n<p>P.- Te perdonamos por el retraso. Saludos desde Torrelavega.<\/p>\n<p>R.- Hoy no me he retrasado, pero en esa plaza siempre fueron muy exigentes. \u00a1Qu\u00e9 alegr\u00eda ese golito de Cristian al Athletic B!<\/p>\n","protected":false},"excerpt":{"rendered":"<p>El redactor Jefe de Deportes de EL PA\u00cdS, Jos\u00e9 S\u00e1mano, ha charlado con los lectores sobre la jornada de Liga, as\u00ed como del resto de la actualidad deportiva.<br \/>\n ARCHIVO DE ENTREVISTAS:<br \/>\n 13 de septiembre &#8211; 30 de agosto<\/p>\n","protected":false},"author":1,"featured_media":0,"comment_status":"open","ping_status":"open","sticky":false,"template":"","format":"standard","meta":{"footnotes":""},"categories":[],"tags":[],"class_list":["post-7417","post","type-post","status-publish","format-standard","hentry"],"_links":{"self":[{"href":"https:\/\/intervius.com\/index.html\/wp-json\/wp\/v2\/posts\/7417","targetHints":{"allow":["GET"]}}],"collection":[{"href":"https:\/\/intervius.com\/index.html\/wp-json\/wp\/v2\/posts"}],"about":[{"href":"https:\/\/intervius.com\/index.html\/wp-json\/wp\/v2\/types\/post"}],"author":[{"embeddable":true,"href":"https:\/\/intervius.com\/index.html\/wp-json\/wp\/v2\/users\/1"}],"replies":[{"embeddable":true,"href":"https:\/\/intervius.com\/index.html\/wp-json\/wp\/v2\/comments?post=7417"}],"version-history":[{"count":0,"href":"https:\/\/intervius.com\/index.html\/wp-json\/wp\/v2\/posts\/7417\/revisions"}],"wp:attachment":[{"href":"https:\/\/intervius.com\/index.html\/wp-json\/wp\/v2\/media?parent=7417"}],"wp:term":[{"taxonomy":"category","embeddable":true,"href":"https:\/\/intervius.com\/index.html\/wp-json\/wp\/v2\/categories?post=7417"},{"taxonomy":"post_tag","embeddable":true,"href":"https:\/\/intervius.com\/index.html\/wp-json\/wp\/v2\/tags?post=7417"}],"curies":[{"name":"wp","href":"https:\/\/api.w.org\/{rel}","templated":true}]}}