{"id":7415,"date":"2010-09-17T00:00:00","date_gmt":"2006-11-06T00:00:00","guid":{"rendered":"https:\/\/intervius.com\/index.html\/?p=7415"},"modified":"2006-11-06T00:00:00","modified_gmt":"2006-11-06T00:00:00","slug":"Javier_G-_Matallanas7415","status":"publish","type":"post","link":"https:\/\/intervius.com\/index.html\/Javier_G-_Matallanas7415\/","title":{"rendered":"Javier G. Matallanas"},"content":{"rendered":"<p>Pregunta.- Hola Mata, \u00bfintervienes ahora en alguna radio? Estar\u00eda bien que salieses en el Larguero, que los que hablan del Atleti son todos del RMadrid y no tiene mucho inter\u00e9s.gracias!<\/p>\n<p>Respuesta.- Participo todos los lunes de tres a cuatro en el programa Onda Deportiva de Onda Cero, una tertulia que se hace desde el restaurante ORecanto que dirige Felix Jos\u00e9 Casillas y en la que tambi\u00e9n participan Alejandro Mori, Fernando Burgos, Alberto Romero Barbero y Luis Villarejo. Lo de El Larguero estar\u00eda bien, pero no se ha producido el ofrecimiento. <\/p>\n<p>P.- \u00bfpara cuando va a ir Reyes a la selecci\u00f3n? Para mi lleva un a\u00f1o mejor que Navas, Cazorla, Mata, Silva&#8230;\u00bfpor que Del Bosque no le lleva?<\/p>\n<p>R.- Reyes est\u00e1 haciendo m\u00e9ritos y creo que volver\u00e1. No creo que a Del Bosque le influya que juegue en el Atl\u00e9tico, seguro que no.<\/p>\n<p>P.- \u00bfque pasa realmente con Filipe Luis?No entiendo que Tiago est\u00e9 a punto y Filipe no. Que nos est\u00e1n enga\u00f1ando, que no nos enga\u00f1e, que nos digan la verdaad. <\/p>\n<p>R.- Seg\u00fan los t\u00e9cnicos no est\u00e1 en su mejor momento de forma y prefieren que se ponga a tope para que no pierda la cofianza. El futbolista se siente para jugar. Ir\u00e1 entrando poco a poco. No creo que nadie est\u00e9 mintiendo.<\/p>\n<p>P.- Hola Javier. Una pregunta. \u00bfCu\u00e1l era el club m\u00e1s rico del mundo por capitalizaci\u00f3n bursatil hace 4 a\u00f1os? Si no lo sabes te lo digo. EL MANCHESTER UNITED. Pues bien, este club, en los 2 \u00faltimos a\u00f1os, ha gastado en fichajes no m\u00e1s de 15 MM. de euros, y ha ingresado por la venta de CR7, 100 MM. \u00bfPor qu\u00e9 ocurre esto en Inglaterra? \u00bfQu\u00e9 pasa que Espa\u00f1a no est\u00e1 en crisis? No es normal el gasto que llevan haciendo estos 2 \u00faltimos a\u00f1os tanto Madrid como Barsa, a cuenta de unos contratos televisivos, que creo que no van a cobrar. El Barsa ya ha empezado a tener problemas de liquidez, y el Madrid, para junio, tendr\u00e1 que empezar a devolver el pr\u00e9stamo de la inversi\u00f3n del a\u00f1o pasado \u00bfC\u00f3mo lo ves? \u00bfPodr\u00e1n hacer frente a los pagos? \u00bfRenegociar\u00e1n la deuda? \u00bfPagar\u00e1n las televisiones?. Creo que mo dice ULI HOENESS, El Madrid pasar\u00e1 un crisis, que Dios sabe donde acabar\u00e1.<\/p>\n<p>R.- Y el United, con el ingreso por Cristiano Ronaldo segu\u00eda teniendo una deuda muy grande. El control del gasto en Espa\u00f1a apenas existe y mucho menos para los clubes de f\u00fatbol como Madrid y Bar\u00e7a. Yo tambi\u00e9n veo complicadas las econom\u00edas de Madrid y Bar\u00e7a, pero siempre han contado con las ayudas de las instituciones pol\u00edticas y bancarias. Veremos si dura eternamente. Y tambi\u00e9n hay que ver si cambian su modelo de sociedad, que en el Real Madrid ya est\u00e1n estudiando dejar de ser un club de f\u00fatbol.<\/p>\n<p>P.- Hola Mata- Ha sido una gran depci\u00f3n perder con el Aris- ?crees que se complican excesivamente las opciones de clasificaci\u00f3n para la soguiente fase de la Europa League?.un saludo y gracioas<\/p>\n<p>R.- Se complican, pero creo que el Atl\u00e9tico pasar\u00e1. No fue una derrota humillante, el equipo dio la cara y mereci\u00f3 como m\u00ednimo el empate.<\/p>\n<p>P.- Hola Javi, si te digo que el Zaragoza est\u00e1 tanteando a un jugador para el mercado invernal ya en el final de su carrera pero que ser\u00eda una aunt\u00e9ntica bomba \u00bfsabr\u00edas a qui\u00e9n me refiero?<\/p>\n<p>R.- No. Si est\u00e1 sin equipo podr\u00eda ser Baraja, por ejemplo. Pero no s\u00e9&#8230;<\/p>\n<p>P.- si todo sigue como hasta ahora&#8230;o sea&#8230;el liverpool en decadencia, Torres que no se termina de encontrar y el Atletico como una bala y al final de temporada en Champions&#8230;verias facctible su vuelta al Calderon para la proxima temporada??por so\u00f1ar que no quede<\/p>\n<p>R.- Para la pr\u00f3xima temporada a\u00fan es pronto. El Chelsea ofrecio 60 millones de euros al Liverpool por su traspaso y el Liverpool no le ha querido vender. Volver\u00e1, pero para la pr\u00f3xima temporada creo que no.<\/p>\n<p>P.- Al parecer,el sr.Aragon\u00e9s est\u00e1 muy enfadado por no haber podido entrenar a la selecci\u00f3n,\u00bfcon qui\u00e9n y por qu\u00e9,si repetidas veces manifest\u00f3 que no la seguir\u00eda entrenando despu\u00e9s de la Eurocopa de 2008?<\/p>\n<p>R.- Su cohabitaci\u00f3n con Fernando Hierro era imposible. Si llega a seguir, Hierro deber\u00eda haber dejado de ser el director deportivo y, adem\u00e1s, Del Bosque ya hab\u00eda alcanzado un compromiso antes de la Euro2008 para ser el seleccionador. Su continuidad era muy complicada porque la Federaci\u00f3n no quer\u00eda que siguiese.<\/p>\n<p>P.- \u00bfEs mucho so\u00f1ar con que el Bar\u00e7a pueda perder dos partidos seguidos en Liga?<\/p>\n<p>R.- Podr\u00eda ser, pero hace mucho que no sucede&#8230; Siempre se puede so\u00f1ar fuerte.<\/p>\n<p>P.- hola mata.\u00bfno te parece que ozil tiene unos detalles tecnicos como zidane y puede convertirse en uno de los mejores jugadores del mundo?un saludo.<\/p>\n<p>R.- Ozil es muy bueno. Si es regular, ser\u00e1 un grande.<\/p>\n<p>P.- javier me gustaria que pudieras hablar sobre la seleccion espa\u00f1ola femenina sub. 17 que esta jugando el mundial en trinidad tobago que recientemente se poclamaron campeonas de europa y que estan clasificadas en cuartos de final y jugaran con brasil este viernes llevan un mes concentradas y estan trabajando sensacionalmente es nuestra seleccion necesitan estos momentos todo el apoyo posible estan con una ilusion tremenda para poder pasar a las semifinales, ya consiguiero por primera vez en la historia pasar de ronda saludos<\/p>\n<p>R.- No las he visto jugar, pero me cuentan que tienen buen nivel. Ojal\u00e1 que pasen de ronda y hagan historia.<\/p>\n<p>P.- Buenos d\u00edas Javier. Una pregunta sobre la Juventus. \u00bfConsideras qu\u00e9 es un equipo en declive? \u00bfQu\u00e9 opinas de la AS Roma? \u00bfPiensas que el AC Mil\u00e1n es junto al Inter los mejores equipos de Italia? Gracias.<\/p>\n<p>R.- La pr\u00f3xima temporada ir\u00e1 remontando, porque comprar\u00e1 jugadores. Yo con la Roma no soy objetivo porque simpatizo con ese equipo desde peque\u00f1o, porque me gustaba mucho Bruno Conti. La Roma es un buen equipo, pero Milan e Inter son las dos mejores plantillas de Italia. No obstante, el Calcio debe mejorar.<\/p>\n<p>P.- Hola Javier \u00bftu crees que puede saltar la sorpresa en Anoeta y si el Barcelona sera superior al Atletico de Madrid?<\/p>\n<p>R.- La sorpresa puede saltar en cualquier campo, pero parece dif\u00edcil que el Madrid pierda. El Bar\u00e7a es superior al Atl\u00e9tico, como lo era las tres \u00faltimas temporadas, y perdi\u00f3 en el Calder\u00f3n. <\/p>\n<p>P.- Buenos d\u00edas Javier. Espero que esta sea una de las pocas preguntas que no versan sobre el Madrid. \u00a1Ya aburre tanta madriditis!. \u00bfQu\u00e9 grado de acierto le das a Garc\u00eda Pitarch por los \u00e9xitos recientes del Atl\u00e9tico de Madrid?, y sobre todo, como un t\u00e9cnico como Abel, que hab\u00eda sido portero antes que entrenador, no puede ver la categor\u00eda que tiene De Gea como portero, y es capaz de aceptar el fichaje de Asenjo y como segundo el de Roberto. <\/p>\n<p>R.- Abel no pint\u00f3 nada en el fichaje de Asenjo y estuvo a punto de poner a De Gea antes de despedirle. Si hubiera sido por Pitarch, De Gea no ser\u00eda portero del Atl\u00e9tico. El director deportivo le ten\u00eda de tercer portero del filial porque no quiso irse al Numancia y Las Palmas. Le bloqueo su salida al Wigan por no haberse querido ir a Numancia y Las Palmas. Y Santi Denia, en el partido que dirigi\u00f3 cuando echaron a Abel, puso de titular a De Gea contra el criterio del director deportivo. El porcentaje de Pitarch en los \u00e9xitos recientes es de un 5 por ciento, eso s\u00ed, en las fotos con la copa se pone como si fuera un futbolista, algo que no ha hecho ning\u00fan director deportivo del mundo.<\/p>\n<p>P.- buenos dias mata.yo estoy encantado con godin y assuncao,godin seguridad y tranquilidad y assuncao seco a snejider en la final de la supercopa me parece genial gracias<\/p>\n<p>R.- Son dos futbolistas muy buenos para el Atl\u00e9tico de Madrid, estoy de acuerdo.<\/p>\n<p>P.- hola mata.que opinion tienes del frente atletico sin ellos seria como un partido en el bernabeu exceptuando a los vandalicos el grupo genial en animacion y tifos<\/p>\n<p>R.- Dan color y ambiente al Calder\u00f3n. Siempre animan mucho, pero los radicales no deben tener cabida, prefiero que no animen a que acepten gente que piensa con faltas de ortograf\u00eda.<\/p>\n<p>P.- He leido que dudas que Del Bosque no lleve a Reyes por ser del Atleti&#8230; pero \u00bfTambi\u00e9n dudas que no tengan ni hayan tenido nivel para ir a la selecci\u00f3n cualquier jugador del atleti desde que est\u00e1 Del Bosque? \u00bfJurado, Dominguez, De Gea, Reyes, Antonio L\u00f3pez, &#8230;?<\/p>\n<p>R.- No dudo, digo que no es el motivo para no llevarle. Pero lo cierto es que no ha llevado a ninguno desde que es seleccionador, eso es un dato. Creo que a Juanito solo nada m\u00e1s fichar. Pero ir\u00e1n entrando, Dom\u00ednguez, De Gea y Reyes&#8230; En la Selecci\u00f3n es dif\u00edcil entrar, es un grupo hecho.<\/p>\n<p>P.- buenos dias matallanas.un peque\u00f1o comentario de un atletico socio hace 28 a\u00f1os y tengo 35 a\u00f1os, por fin una defensa seria?godin imperial perea muy bueno sin balon dominguez seguro y ujfa pedazo de lateral y felipe&#8230;..gracias<\/p>\n<p>R.- Coincido contigo. La defensa es de primer nivel mundial.<\/p>\n<p>P.- Buenos dias Javier. \u00bf Que opinas de la decision de busquets de ofrecerse a la sub21 para los partidos decisivos ?<\/p>\n<p>R.- Me parece una decisi\u00f3n formidable. Humildad, compromiso y responsabilidad. Sergi Busquets es un gran futbolista y a\u00fan le queda mucho margen de progresi\u00f3n.<\/p>\n<p>P.- Hola Javier. \u00bf Crees que Antonio Alvarez se comera los turrones en el Sevilla ?<\/p>\n<p>R.- Ojal\u00e1 sea as\u00ed. Por Alvarez y por mi amigo Luis Tevenet, que es su segundo.<\/p>\n<p>P.- Que futbolista del madrid triunfaria en el estilo del atleti y viceversa? Gracias Crack!!!<\/p>\n<p>R.- Sergio Ramos, Arbeloa (atl\u00e9tico de peque\u00f1o), Xabi Alonso, Albiol y Reyes (ya lo demostr\u00f3), Forl\u00e1n, Dom\u00ednguez (le echaron de la cantera blanca, buen ojo de los colaboradores de Ram\u00f3n Mart\u00ednez)&#8230; Hay muchos que encajar\u00edan en uno y otro equipo.<\/p>\n<p>P.- Buenos d\u00edas, Nadie duda que CR es uno de los mejores jugadores del mundo. \u00bfAlguien le podr\u00eda organizar unas convivencias junto a Rafel Nadal, a ver si se le pega algo de humildad y buenhacer a la estrella lusa? Gracias!<\/p>\n<p>R.- Los valores de Nadal son fabulosos para cualquier deportista.<\/p>\n<p>P.- Javier buenas ,\u00bfEste atletico tiene mejor cara que el que gano el doblete?&#8230;yo creo que si&#8230;soy madridista y se ve la continuidad de un tecnico y jugadores.Salu2<\/p>\n<p>R.- A\u00fan es pronto para comparar a este equipo con el del Doblete, queda la asignatura pendiente de la Liga. Un abrazo!<\/p>\n","protected":false},"excerpt":{"rendered":"<p>Javier G. Matallanas, adjunto a la direcci\u00f3n de AS, ha charlado con los lectores sobre la actualidad deportiva, con especial atenci\u00f3n a la actualidad del Atl\u00e9tico de Madrid y de la selecci\u00f3n.<\/p>\n","protected":false},"author":1,"featured_media":0,"comment_status":"open","ping_status":"open","sticky":false,"template":"","format":"standard","meta":{"footnotes":""},"categories":[],"tags":[],"class_list":["post-7415","post","type-post","status-publish","format-standard","hentry"],"_links":{"self":[{"href":"https:\/\/intervius.com\/index.html\/wp-json\/wp\/v2\/posts\/7415","targetHints":{"allow":["GET"]}}],"collection":[{"href":"https:\/\/intervius.com\/index.html\/wp-json\/wp\/v2\/posts"}],"about":[{"href":"https:\/\/intervius.com\/index.html\/wp-json\/wp\/v2\/types\/post"}],"author":[{"embeddable":true,"href":"https:\/\/intervius.com\/index.html\/wp-json\/wp\/v2\/users\/1"}],"replies":[{"embeddable":true,"href":"https:\/\/intervius.com\/index.html\/wp-json\/wp\/v2\/comments?post=7415"}],"version-history":[{"count":0,"href":"https:\/\/intervius.com\/index.html\/wp-json\/wp\/v2\/posts\/7415\/revisions"}],"wp:attachment":[{"href":"https:\/\/intervius.com\/index.html\/wp-json\/wp\/v2\/media?parent=7415"}],"wp:term":[{"taxonomy":"category","embeddable":true,"href":"https:\/\/intervius.com\/index.html\/wp-json\/wp\/v2\/categories?post=7415"},{"taxonomy":"post_tag","embeddable":true,"href":"https:\/\/intervius.com\/index.html\/wp-json\/wp\/v2\/tags?post=7415"}],"curies":[{"name":"wp","href":"https:\/\/api.w.org\/{rel}","templated":true}]}}