{"id":7409,"date":"2009-05-19T00:00:00","date_gmt":"2006-11-06T00:00:00","guid":{"rendered":"https:\/\/intervius.com\/index.html\/?p=7409"},"modified":"2006-11-06T00:00:00","modified_gmt":"2006-11-06T00:00:00","slug":"Patry7409","status":"publish","type":"post","link":"https:\/\/intervius.com\/index.html\/Patry7409\/","title":{"rendered":"Patry"},"content":{"rendered":"<p>Pregunta.- Que grupo ves ganador? besos<\/p>\n<p>Respuesta.- Voy defender a mi equipo, por supuesto, Diamond Crew. Pero veo al equipo de Viky muy fuerte.<\/p>\n<p>P.- \u00bfcomo te sientes despues de salir?<\/p>\n<p>R.- Estoy muy contenta, porque me han ofrecido un nueva oportunidad. He crecido como bailarina y he hecho grandes amigos. <\/p>\n<p>P.- \u00bfQue has sentido cuando has sabido que tenis que abandonar la escuela? Muchos besos guapa.<\/p>\n<p>R.- En parte muy triste, porque me para m\u00ed era una ilusi\u00f3n muy grande estar ah\u00ed dentro, pero tambi\u00e9n contenta, porque estaba lesionada y necesitaba recuperarme para poder seguir bailando.<\/p>\n<p>P.- Por cierto donde aprendiste a bailar?<\/p>\n<p>R.- Yo me saqu\u00e9 la carrera de jazz en una academia e Fuenlabrada, pero la academia es de Inglaterra y venia una examinadora de all\u00ed. Y tambi\u00e9n tengo la carrera de flamenco, que tambi\u00e9n la hice en Fuenlabrada.<\/p>\n<p>P.- cual es el recuerdos mas bonito y mas triste que te llevas de fama<\/p>\n<p>R.- El m\u00e1s bonito la despedida de mis compa\u00f1eros, que fue muy emocionante; y el m\u00e1s triste, el no poder bailar por lesi\u00f3n durante los \u00faltimos d\u00edas.<\/p>\n<p>P.- Cual es la coreograf\u00eda que mas te ha gustado bailar en grupo?<\/p>\n<p>R.- La de Funky de Gsus de Feedback, y la de presentaci\u00f3n que hicimos cuando empez\u00f3 el programa.<\/p>\n<p>P.- \u00bf Te esperabas que te expulsaran de la escuela? \u00bf Por que ?<\/p>\n<p>R.- Nunca te lo esperas, pero s\u00ed me lo imaginaba, porque no pod\u00eda bailar y defenderme.<\/p>\n<p>P.- Patry, eres una luchadora. En cuanto est\u00e9s recuperada f\u00edsica y emocionalmente \u00bfpelear\u00e1s por seguir en la danza? \u00bftienes algun proyecto inmnente ?<\/p>\n<p>R.- Muchas gracias!!!! Por supuesto que seguir\u00e9 peleando por la danza. De momento no tengo ning\u00fan proyecto, pero continuar\u00e9 ejerciendo de profesora en la escuela donde trabajo.<\/p>\n<p>P.- \u00bfQu\u00e9 experiencia como bailarina te ha aportado tu paso por la escuela de danza? Un beso guapa.<\/p>\n<p>R.- Una experiencia \u00fanica, me he demostrado a m\u00ed misma que soy capaz de hacer m\u00e1s cosas de las que pensaba.<\/p>\n<p>P.- oye patry:\u00bfte cae bien quique?<\/p>\n<p>R.- Quique es una gran persona. Para m\u00ed ha sido un apoyo muy fuerte, aunque en ocasiones ha sido muy duro como capit\u00e1n.<\/p>\n<p>P.- \u00bfEn q edicion de fama a bailar te has sentido m\u00e1s integrada? animo!<\/p>\n<p>R.- En Fama edici\u00f3n grupos, sin duda alguna, porque la gente se ha parado a conocerme y entienden que cada uno tiene su forma de ser, con sus defectos y sus virtudes.<\/p>\n<p>P.- te hubiera gustado estar en otro grupo????<\/p>\n<p>R.- No. Estaba muy a gusto en el m\u00edo, aunque s\u00ed me hubiese gustado trabajar con otras personas para intercambiar estilos e informaci\u00f3n<\/p>\n","protected":false},"excerpt":{"rendered":"<p>Pregunta.- Que grupo ves ganador? besos Respuesta.- Voy defender a mi equipo, por supuesto, Diamond Crew. Pero veo al equipo de Viky muy fuerte. P.- \u00bfcomo te sientes despues de salir? R.- Estoy muy contenta,<span class=\"theme-excerpt-more\"> [&#8230;] <a href=\"https:\/\/intervius.com\/index.html\/Patry7409\/\" title=\"Patry\">Read More<\/a><\/span><\/p>\n","protected":false},"author":1,"featured_media":0,"comment_status":"open","ping_status":"open","sticky":false,"template":"","format":"standard","meta":{"footnotes":""},"categories":[],"tags":[],"class_list":["post-7409","post","type-post","status-publish","format-standard","hentry"],"_links":{"self":[{"href":"https:\/\/intervius.com\/index.html\/wp-json\/wp\/v2\/posts\/7409","targetHints":{"allow":["GET"]}}],"collection":[{"href":"https:\/\/intervius.com\/index.html\/wp-json\/wp\/v2\/posts"}],"about":[{"href":"https:\/\/intervius.com\/index.html\/wp-json\/wp\/v2\/types\/post"}],"author":[{"embeddable":true,"href":"https:\/\/intervius.com\/index.html\/wp-json\/wp\/v2\/users\/1"}],"replies":[{"embeddable":true,"href":"https:\/\/intervius.com\/index.html\/wp-json\/wp\/v2\/comments?post=7409"}],"version-history":[{"count":0,"href":"https:\/\/intervius.com\/index.html\/wp-json\/wp\/v2\/posts\/7409\/revisions"}],"wp:attachment":[{"href":"https:\/\/intervius.com\/index.html\/wp-json\/wp\/v2\/media?parent=7409"}],"wp:term":[{"taxonomy":"category","embeddable":true,"href":"https:\/\/intervius.com\/index.html\/wp-json\/wp\/v2\/categories?post=7409"},{"taxonomy":"post_tag","embeddable":true,"href":"https:\/\/intervius.com\/index.html\/wp-json\/wp\/v2\/tags?post=7409"}],"curies":[{"name":"wp","href":"https:\/\/api.w.org\/{rel}","templated":true}]}}