{"id":7406,"date":"2009-05-25T00:00:00","date_gmt":"2006-11-06T00:00:00","guid":{"rendered":"https:\/\/intervius.com\/index.html\/?p=7406"},"modified":"2006-11-06T00:00:00","modified_gmt":"2006-11-06T00:00:00","slug":"Javier_Irureta7406","status":"publish","type":"post","link":"https:\/\/intervius.com\/index.html\/Javier_Irureta7406\/","title":{"rendered":"Javier Irureta"},"content":{"rendered":"<p>Pregunta.- \u00bfQui\u00e9n es el favorito para ganar la final de la Champions? \u00bfVes a alguno con ventaja?<\/p>\n<p>Respuesta.- Primero, son los dos mejores equipos de Europa y del mundo, han sido campeones en las dos ligas m\u00e1s importantes del viejo continente, y ambos con autoridad. Favorito, est\u00e1 igualado. Si el Barcelona logra manejar el partido y tener el bal\u00f3n, el Manchester tendr\u00e1 problemas. Pero, defensivamente, son muy fuertes, y van a jugar con velocidad, con Rooney y C. Ronaldo, que pueden hacer da\u00f1o a la defensa mermada del Bar\u00e7a. Yo creo que est\u00e1 al 50 por ciento, aunque con todos los respetos, si hay un poquito de favoritismo lo tiene el Manchester, por el factor experiencia. Pero est\u00e1 muy igualada la eliminatoria. <\/p>\n<p>P.- Hola Jabo, el Atleti ya acaricia la champions&#8230; En mi opini\u00f3n, ha sido m\u00e9rito de jugadores comprometido (Forl\u00e1n) y la irregularidad de sus rivales. Los criterios de Abel yo no los vi por ning\u00fan lado y no se si deber\u00eda continuar \u00bfEn que has notado t\u00fa la mano de Abel?<\/p>\n<p>R.- Es verdad que los jugadores se han comprometido en este tramo final, as\u00ed me ha parecido percibirlo, pero tampoco hay que desechar el trabajo de Abel. Ha influido, ha tratado de adelantar la l\u00ednea defensiva, creo que ha modificado algunos peque\u00f1os aspectos del equipo, y determinados jugadores han adquirido un mayor grado de confianza, antes no parec\u00eda que, con Aguirre, algunos tuvieran sus puestos muy seguro, y Abel les ha dado esa confianza. Pero creo que la modificaci\u00f3n mayor ha sido adelantar la l\u00ednea defensiva y tratar siempre de llevar la inicitiva y jugar con cierto contragolpe, en Bilbao se vio que dos goles vinieron producto de la velocidad de Forl\u00e1n. El compromiso de los jugadores, ante una situaci\u00f3n que se les estaba marchando, ha sido lo que m\u00e1s ha podido revolucionar al Atl\u00e9tico. <\/p>\n<p>P.- Hola Javier, \u00bfcrees que la actuaci\u00f3n del \u00e1rbitro en la semifinal del Bar\u00e7a-Chelsea va a pesar a favor del Manchester U. en la final?<\/p>\n<p>R.- Yo quiero creer que no, porque ser\u00eda muy injusto, pero no lo s\u00e9. No s\u00e9 si las organizaciones arbitrales, que son muy concentradas hacia s\u00ed mismas y muy proteccionistas, pueden hacer valer ese tipo de situaciones. Me da la impresi\u00f3n de que no, y desde luego, ser\u00eda muy duro que un arbitraje no le dejase al Bar\u00e7a ser campe\u00f3n de Europa por lo que sucedi\u00f3 en arbitrajes anteriores. Espero que no lo sea. <\/p>\n<p>P.- Buenos d\u00edas.\u00bfNo le parece que deber\u00eda haberse dado m\u00e1s oportunidades a los jugadores de la cantera del Madrid, ya no digo en la \u00faltima temporada, al menos, en los \u00faltmos 4 partidos, ya que estaba todo perdido, y pensando en la temporada que viene?<\/p>\n<p>R.- Es una opci\u00f3n muy v\u00e1lida, y ponerlo ah\u00ed en el escaparate, a jugadores como Parejo, Torres&#8230; tambi\u00e9n es verdad que hay otros equipos que tienen determinados objetivos, como puede ser la salvaci\u00f3n, y as\u00ed se estar\u00eda adulterando la competici\u00f3n. S\u00ed es verdad que era un buen momento para mostrar a los j\u00f3venes valores, pero tambi\u00e9n es verdad que un entrenador desea ganar y no adulterar la competici\u00f3n, no por el Madrid, sino por otros equipos que todav\u00eda no han resuleto su campeonato y pueden, con algunos resultados, hacer que otros equipos desciendan o entren en Champions, y esa es la parte m\u00e1s dura a la hora de decidir los entrenadores.<\/p>\n<p>P.- Hola sr Irureta. \u00bfHoy en d\u00eda sale rentable (esfuerzo-dinero gastado) ir a UEFA si no llegas a la final de la misma?<\/p>\n<p>R.- No tengo un conocimiento exhaustivo de los n\u00fameros, pero es verdad que, con la forma que tiene la UEFA actualmente, este a\u00f1o, por ejemplo, han llegado a la final dos equipos que hab\u00edan jugado Champions y hab\u00edan quedado terceros, Werder Bermen y Shaktar Doneskt. Si se llega a la final por esa v\u00eda, o iniciando desde el principio, probablemente sea rentable, no s\u00e9 si econ\u00f3micamente, pero s\u00ed deportivamente. Pero en el plano econ\u00f3mico es dif\u00edcil, son muchos partidos, muchos desplazamientos, y no se tienen grandes taquillas, es complicado. Pero el honor deportivo s\u00ed que merece el esfuerzo, si se consigue. <\/p>\n<p>P.- Hola Jabo, el sprint final de Forlan es incre\u00edble.. que manera de echarse el equipo a las espaldas!! \u00bfcrees que el buen momento del uruguayo est\u00e1 escondiendo la baja forma del Kun o Maxi?<\/p>\n<p>R.- El bueno momento de Forl\u00e1n est\u00e1 haciendo que el Atl\u00e9tico pueda optar a esa cuarta plaza. Ha sido su acierto de cara al gol muy decisivo en este tramo final. Es muy importante su acierto, pero tambi\u00e9n la ayuda del resto del equipo. Probablemente el Kun no est\u00e1 teniendo ese grado de eficacia, pero el d\u00eda pasado marc\u00f3 un gol importante en el Calder\u00f3n, frente al Valencia. Y Maxi tambi\u00e9n est\u00e1 teniendo un final de liga no tan acertado, pero es un jugador de mucho trabajo, un capit\u00e1n, y ayudan al equiop. El jugador clave y elemental en esta reacci\u00f3n final ha sido Diego Forl\u00e1n. <\/p>\n<p>P.- Javier, es una satisfacci\u00f3n plantearle culaquier tema, porque usted tiene la experiencia de ser protagonista del mundo del f\u00fatbol, y esto le da un plus a la hora de dar su opini\u00f3n. En este caso, la pregunta es si considera que puede ser problem\u00e1tico que el Madrid fiche dos o tres cracks consagrados, por aquello de demasiados gallos en un gallinero. Otra cosa es el Bar\u00e7a, donde sus figuras pr\u00e1cticamente se han hecho desde abajo, y no han sido contratadas a golpe de talonario. \u00bfC\u00f3mo repercute en el vestuario?, \u00bfqu\u00e9 papel juega el entrenador?<\/p>\n<p>R.- Dos o tres cracks, siempre que no sean muy egoc\u00e9ntricos, es bueno para un equipo, y ah\u00ed, la gesti\u00f3n del entrenador, es clave para obtener rendimiento y conjugar los intereses de todos los jugadores de una plantilla. Yo no tendr\u00eda ning\u00fan temor a que hubiese dos o tres cracks, siempre que tuviesen un concepto general del equipo que no jugasen en la misma posici\u00f3n, porque eso generar\u00eda problemas, y que tuviesen un pasado de buen comportamiento en sus equipos. Junto a eso, la figura del entrenador, para controlar todos esos egos y buscar esa aportaci\u00f3n al cuerpo del equipo, eso ser\u00eda positivo, siempre que se gestionase bien. <\/p>\n<p>P.- \u00bfCrees que el real Uni\u00f3n subir\u00e1 al final? \u00bfQu\u00e9 te parecen los dos que han subido ya a segunda?<\/p>\n<p>R.- Ayer vi el partido y fue una pena, pero el C\u00e1diz quiz\u00e1 haya hecho m\u00e1s m\u00e9ritos para subir a Segunda. El Real Uni\u00f3n no recibi\u00f3 goles, y ten\u00eda dos bajas que ven\u00edan de C\u00e1diz. La opci\u00f3n todav\u00eda est\u00e1 abierta, y espero que por esta otra v\u00eda pueda tener su posibilidad de ascender, ser\u00eda bueno, despu\u00e9s de tantas veces de intentarlo. Al Cartagena, no he visto la eliminatoria, pero he visto que ha pasado, y les mando mis felicitaciones, es un club que ha estado ah\u00ed a veces, y es un logro importante para una ciudad como Cartagena volver a Segunda. <\/p>\n<p>P.- \u00bfCu\u00e1l crees que ser\u00e1 el tercer equipo en descender?<\/p>\n<p>R.- Esa s\u00ed que es una pregunta dif\u00edcil, porque dependen todos de s\u00ed mismos. La clave va a ser el resultado entre Betis y Valladolid, los dos est\u00e1n involucrados en este descenso, y el que gane no tendr\u00e1 problemas, pero un empate podr\u00eda causarles problemas, pero en particular al Betis, que tiene que ganar o lo puede pasar mal. El Sporting juega contra un descencido, el Osasuna ante el Madrid, que no se jeuga nada, veo problemas en el Betis-Valladolid, y en que el Getafe no punt\u00fae en Santader. En ambos partidos, va a estar el descenso, porque creo que los otros dos van a ganar, creo que la cosa estar\u00e1 entre el partido del Sevilla y el de Santander. El Madrid est\u00e1 desmotivado, y tambi\u00e9n el Recre, que acaba de descender, y la marea de Gij\u00f3n ayudar\u00e1 mucho al equipo, as\u00ed que Sporting y Osasuna pueden irse f\u00e1cilmente a 43 puntos, por eso veo m\u00e1s dif\u00edcil el partido Betis -Valladolid y Rancing-Getafe. <\/p>\n<p>P.- Buenos Dias, \u00bfcrees que al barcelona le van a pasar factura las bajas que tiene para este partido? que te parece la posibilidad que se ha dicho de que keita juegue de lateral izquierdo?.saludos y gracias.<\/p>\n<p>R.- Es complicado, porque rehacer una defensa que estaba teniendo un buen rendimiento, sobre todo Alves, en sus agregaciones ofensivas, creo que va a ser muy dif\u00edcil, el Bar\u00e7a va a ser m\u00e1s d\u00e9bil en defensa, y de eso se puede aprovechar el Manchester, con Rooney y C. Ronaldo, y tambi\u00e9n T\u00e9vez o Park. Creo que va a ser el punto d\u00e9bil del Bar\u00e7a, y a ver qu\u00e9 rendimiento pueden dar Henry e Iniesta tras sus lesiones. Keita en el lateral, no s\u00e9, si juega de lateral izquierdo Ferguson va a poner a Ronaldo en banda derecha, y a T\u00e9vez de centro, y a Rooney en la izqueirda, y si no juega Keita, entonces igual pone a Park en la derecha y a Ronaldo de delantero centro. En este juego de ajedrez va a influir mucho el movimiento que haga Guardiola en cuanto a qui\u00e9n va a jugar de lateral izquierdo, y en funci\u00f3n de eso, Ferguson va a actuar, y puede ser importante ese movimiento de ajedrez. <\/p>\n<p>P.- Las bajas del Bar\u00e7a en defensa para la final de la Champions pueden ser un problema \u00bfdeber\u00eda el Bar\u00e7a jugar con s\u00f3lo 3 defensas (Puyol, Piqu\u00e9, C\u00e1ceres) y poblar el mediocampo (Xavi, Iniesta, Tour\u00e9, Keita? \u00bfjugando con la defensa adelantada a provocar el fuera de juego, es m\u00e1s f\u00e1cil hacerlo con 3 que con 4?<\/p>\n<p>R.- Es posible, pero jugar con una defensa adelantada frente a un jugadro tan veloz como C. Ronaldo es abrirle una puerta hacia el oro del gol para este jugador. Creo que habla de poner tres centrales, pero creo que la opci\u00f3n va a ser poner a Puyol de lateral y bajar a Tour\u00e9 al centro de la zaga, junto a Piqu\u00e9. Aunque quien mejor conoce el estado de forma del Bar\u00e7a es Guardiola, y esperemos que acierte en la decisi\u00f3n que tome. <\/p>\n<p>P.- \u00bfCrees que la ausencia de Fletcher en la final Bar\u00e7a-Manchester har\u00e1 que Messi se desplace al centro entre l\u00edneas como hizo en el Bernabeu?<\/p>\n<p>R.- El Manchester est\u00e1 jugando con tres medio campistas muy importantes, y Fletcher estaba haciendo un trabajo muy bueno, junto a Carrick y Anderson, y ahora jugaran o Giggs o Scholes, y ninguno de los dos es tan agresivo como Fletcher, y miran m\u00e1s adelante que hacia atr\u00e1s, sobre todo Giggs. Por momentos, una de las f\u00f3rmulas, porque Ebra en banda es muy r\u00e1pido, y puede tener una lucha equilibrada con Messi, y probablemente Messi intercambiar\u00e1 la posici\u00f3n con Etoo, o se ir\u00e1 hacia el centro, y podr\u00eda generar situaciones complicadas para el Manchester. Pero tambi\u00e9n es cierto que no se puede dejar a Ebra en su faceta ofensiva s\u00f3lo, porque sin tener calidad de cara al gol, puede suministrar ocasiones de gol a los hombres de arriba. Es posible que Messi haga esa doble funci\u00f3n de estar a veces en banda y a veces en el centro, como en el Bernab\u00e9u. <\/p>\n<p>P.- Javier, creo que eres un gran entrenador, de los mejores para m\u00ed. Soy aficionado al Bar\u00e7a y espero que la champions llegue y se consiga el triplete, pero pasa que mi idolo no esta en el Bar\u00e7a, sino en el Valencia, es David Villa. \u00bfCrees que tanto \u00e9l como Cesc F\u00e1bregar podr\u00edan vestir de azulgrana? \u00bfT\u00fa les ves hueco en el equipo? Un saludo<\/p>\n<p>R.- Evidentemente que s\u00ed, han sido campeones de Europa, tienen un nivel muy alto, claro que tendr\u00edan hueco, sobre todo pensando en que igual el a\u00f1o que viene el equipo puede acusar un segundo a\u00f1o jugando por el logro de todos los objetivos, como este a\u00f1o, y eso lo puede ir acusando el equipo. Villa y Cesc claro que tienen hueco, un medio campo con Xavi, Cesc e Iniesta es factible, ah\u00ed habr\u00eda mucho talento, pero el Barcelona tiene tambi\u00e9n jugadores para dar equilibrio a ese medio del campo, a ver qu\u00e9 determinaciones toman los dirigentes y el cuerpo t\u00e9cnico. <\/p>\n<p>P.- \u00bfC\u00f3mo pueden afectar a Etoo el hecho de que Diego Forl\u00e1n le empate y luego le supere en la lucha por el Pichichi? \u00bfPuede tener alguna repercusi\u00f3n que le haga distinto en la final de la Champions?<\/p>\n<p>R.- Espero que no, viendo sus declaraciones \u00e9l tiene la idea de que por encima de \u00e9l est\u00e1 el \u00e9xito en general, \u00e9l ha hecho muchos goles para el Bar\u00e7a, con los que ha sido campe\u00f3n de Liga, Copa y llegar a la final de la Champions. Pero tambi\u00e9n es verdad que un jugador, y el delantero siempre es ambicioso, hubiese deseado el Pichichi y la Bota de Oro, y algo puede afectarle, pero el trabajo que tenga el cuadro t\u00e9cnico con \u00e9l, digamos psicol\u00f3gico y an\u00edmico, le va a hacer rendir con absoluta tranquilidad y va a afrontar la final con todas sus ganas. <\/p>\n<p>P.- Soy un admirador del f\u00fatbol estilo Capello y creo que la protecci\u00f3n que se le otorga al f\u00fatbol de toque (el passing-game del Liverpool de los 90) desde todos los \u00e1mbitos en Espa\u00f1a es excesiva, ya que, involuntariamente se tiende a perjudicar el otro estilo de juego (por ejemplo el del Chelsea). \u00bfQue opina usted? Gracias por aquel D\u00e9por suyo de las rotaciones. En Coru\u00f1a se le recuerda con mucho cari\u00f1o. <\/p>\n<p>R.- El f\u00fatbol tiene la grandeza de que es bonito el que encamina a la victoria, y siempre satisface al aficionado. Puede ser m\u00e1s preciosista, m\u00e1s bello y hasta a veces m\u00e1s espectacular, un f\u00fatbol de m\u00e1s toque, m\u00e1s precisi\u00f3n, menos profundidad, para determinadas mentes y determinados ojos, y nunca se puede menospreciar el f\u00fatbol de un toque r\u00e1pido, de profundidad, de llegada a gol, que a veces se menosprecia en este pa\u00eds, diciendo, en vez de pase en profundiad, que &#8220;juegan al pelotazo&#8221;. Eso es denigrar un estilo de juego, y eso a veces es precioso, con un pase salvas muchas l\u00edneas de juego. Lo importante es lograr la victoria siempre con las caracter\u00edsticas de tus jugadores, y si tienes caracter\u00edsticas para un estilo de juego, el aficionado estar\u00e1 contento. <\/p>\n<p>P.- \u00bfCree que el a\u00f1o que viene la Liga se abrir\u00e1 a m\u00e1s de dos equipos? \u00bfTienen opciones Sevilla ,Villareal, Valencia, Depor o Atl\u00e9tico?<\/p>\n<p>R.- Es posible, depender\u00e1 mucho de la planificaci\u00f3n a principios de temporada, con la contrataci\u00f3n de jugadores importantes en estos clubs que ha mencionado. Es verdad que alg\u00fan equipo, el a\u00f1o pasado el Villarreal fue segundo, y se adelant\u00f3 al Bar\u00e7a, pero creo que Barcelona y Real Madrid van a seguir dominando, y no veo un equipo claro que se pueda interponer entre ellos, creo que seguir\u00e1n mandando la Liga el pr\u00f3ximo a\u00f1o, y no s\u00e9 si con la distancia y la diferencia de este a\u00f1o o con menos, me gustar\u00eda que hubiese uno o dos equipos m\u00e1s que pudiesen disputar la liga a estos dos, pero depender\u00e1 de que se mantengan y refuercen las plantillas.<\/p>\n<p>P.- Hola Javier, \u00bfqu\u00e9 importancia tiene el centro del campo en \u00e9xito de un equipo? \u00bfes la principal ventaja del Bar\u00e7a frente al Manchester?<\/p>\n<p>R.- Los dos equipos que llegan a la final le dan una gran importancia al medio del campo, y ambos juegan con tres jugadores por la zona central del medio del campo, y con hombres en banda que saben trabajar muy bien partiendo del medio del campo. Aunque se dice que se juegan 4-3-3, el Manchester, a veces, utiliza a Park en banda derecha, pero es un centrocampista, de ah\u00ed que los entrenadores busquen siempre dominar en el medio del campo para poder controlar el juego en el partido. Sin lugar a dudas, cada d\u00eda se est\u00e1 reforzando, y la lecci\u00f3n que nos dan estos dos equipos es que para ellos el centro del campo es el centro fundamental del juego. <\/p>\n<p>P.- La racha del Barsa, del Real, pero tambi\u00e9n hay un equipo que ha hecho un tramo final espectacular y con el agua al cuello que es m\u00e1s dif\u00edcil. Me refiero al Espanyol, que ha salvado la categor\u00eda. \u00bfM\u00e9rito de Pochettino?<\/p>\n<p>R.- En bastante, el m\u00e9rito corresponde a Pochettino, y tambi\u00e9n a la recuperaci\u00f3n de una serie de hombres que han estado en el final de temporada, Iv\u00e1n de la Pe\u00f1a, Luis Garc\u00eda, la contrataci\u00f3n de un jugador que les ha dado gol, Iv\u00e1n Alonso&#8230; el equipo ha mejorado defensivamente, Kameni ha estado mejor, la defensa ha sido m\u00e1s identificable&#8230; es labor de bastantes, pero sin la direcci\u00f3n de Pochettino no habr\u00eda sido factible esa reacci\u00f3n.<\/p>\n<p>P.- \u00bfQu\u00e9 piensas de una pareja Lass-Cesc (si viene) para el Madrid del a\u00f1o que viene? <\/p>\n<p>R.- Me parece bien, pero adem\u00e1s de eso, tendr\u00eda que tener m\u00e1s gente creativa, porque dar en un equipo toda la capacidad de talento a Cesc se queda un poco corta, los equipos grandes tienen m\u00e1s de un jugador con ese talento, Xavi e Iniesta en el Bar\u00e7a, por ejemplo, y dejar s\u00f3lo en Cesc todo el trabajo&#8230; no ser\u00eda suficiente, cualquier lesi\u00f3n o complicaci\u00f3n de este jugador deshar\u00eda el plan que pudiese tener el equipo en la forma de jugar. Me parece poco pensar s\u00f3lo en Cesc, creo que habr\u00eda que pensar tambi\u00e9n en Silva o en otra gente que pudiese jugar en el medio del campo para dominar los partidos con claridad. <\/p>\n<p>P.- Buenos d\u00edas Jabo. \u00bfQui\u00e9n es tu m\u00e1s firme candidato a bal\u00f3n de oro? \u00bfNo te parece injusto que Forl\u00e1n, por ser uruguayo, no tenga tantas oportunidades de hacer algo grande con su selecci\u00f3n como Messi, etc., a pesar de ser un jugador enorme, y eso le perjudique sobremanera?<\/p>\n<p>R.- Es verdad que los que est\u00e1n en selecciones digamos que optan a ser campeones tienen m\u00e1s opciones a ser Bal\u00f3n de Oro, pero Forl\u00e1n est\u00e1 haciendo una temporada que, desde luego, es digna de admiraci\u00f3n. Es injusto, pero es merecedor de este premio, y tendr\u00e1 sus opciones para \u00e9l. <\/p>\n<p>P.- Hola, \u00bfc\u00f3mo ves al Athletic para el a\u00f1o que viene en Europa y en cuatro competiciones? Yo creo que, con un buen entrador, puede afrontar las cuatro competiciones sin pasar luego miedo por el descenso. \u00bfY a qu\u00e9 jugadores fichar\u00edas para reforzar la plantilla?<\/p>\n<p>R.- Este a\u00f1o ha dado un paso hacia adelante, ha entrado en UEFA, y luego jugar\u00e1 Liga y Copa, son tres competiciones importantes, pero para eso necesita ampliar su plantilla, se est\u00e1 hablando de j\u00f3venes como San Jos\u00e9, del Liverpool. Ser\u00eda ampliar la plantilla pero no dar un salto de calidad, y con una competici\u00f3n m\u00e1s podr\u00eda ser complicado, pero a\u00fan y as\u00ed, si se hacen bien las cosas, el equipo puede estar en las tres competiciones con cierta holgura, y en eso residir\u00e1 la clave. <\/p>\n<p>P.- buenos dias Jabo! \u00bfQu\u00e9 te parece la millonada pagada por Cristiano Ronaldo?<\/p>\n<p>R.- Es mucho dinero, pero si los derechos de explotaci\u00f3n de su imagen van al 50 por ciento para el club, se pude ir con un jugador as\u00ed de medi\u00e1tico recuperando el dinero. Es un gran jugador, y si sigue al nivel que est\u00e1 rindiendo en el Manchester, aunque este a\u00f1o ha rendido menos que el anterior.. pero, si sigue as\u00ed, puede tener 5 o 7 a\u00f1os muy interesantes, por lo que el dinero ser\u00eda mucho, pero planificado en varias temporadas no ser\u00eda tanto. <\/p>\n<p>P.- hola, don javier iruretagoyena. \u00bfNo crees que se deberia de implantar ya, con caracter de urgencia el uso del video para las jugadas dudosas, como en el basquet? N puede ser que el error de un linier deje al Depor sin UEFA, como paso contra el Sevilla, con su gol en fuera de juego claro. Un saludo y que sepa que aqui aun quedamos muchos que nos acordamos de una forma muy grata de ti<\/p>\n<p>R.- Probablemente que s\u00ed, porque a veces todo el trabajo de una temporada se va por una jugada injusta, si el gol es manifiestamente ilegal, desde luego, no se puede tirar el objetivo de una temporada por eso. Yo no lo s\u00e9, porque es posible que Perrotti estuviese en fuera de juego cuando centra el jugador del Sevilla, pero es una pena, porque fue casi al final, y de una forma as\u00ed se perdi\u00f3 el partido. Pero la temporada del Depor ha sido muy interesante, y hay que mirar hacia adelante. <\/p>\n<p>P.- Buenos dias Mister. Antes que nada felicitarle por su excelente labor como entrenador. Ojala algun dia, pueda entrenar a la seleccion nacional de Venezuela. \u00bf Que opina del futbol que pr\u00e1ctica Arango ? \u00bf Estara listo para jugar en algun equipo grande Europeo ?<\/p>\n<p>R.- Arango es un gran jugador, tiene una zurda magn\u00edfica, ayer se comprob\u00f3 en el partido frente al Madrid, hizo un gol, estuvo muy cerca del segundo en las faltas, y sinceramente es un jugador que, cuando juega con libertad, maneja todos los recursos de cara al gol, con su golpeo, con su visi\u00f3n, con su talento. Est\u00e1 en estos momentos como para ser un segundo punta en cualquier equipo de primer nivel. Est\u00e1 en el Mallorca, que ha hecho una gran segunda vuelta, pero podr\u00eda dar el salto a otro equipo. <\/p>\n","protected":false},"excerpt":{"rendered":"<p>Javier Irureta es un testigo de excepci\u00f3n del deporte rey. Ha pasado por los banquillos de equipos como el Racing de Santander, Athletic, Real Sociedad, Zaragoza, Celta, Real Oviedo o Betis, consiguiendo sus mayores logros con el Deportivo de La Coru\u00f1a, donde gan\u00f3 una Liga y una Copa. El t\u00e9cnico vasco ha charlado con los lectores sobre la actualidad futbol\u00edstica.<br \/>\nARCHIVO DE ENTREVISTAS:<br \/>\n18 de mayo 11 de mayo 4 de mayo<br \/>\n&#8211; 27 de abril &#8211; 20 de abril<br \/>\n13 de abril -6 de abril<br \/>\n30 de marzo 23 de marzo<br \/>\n16 de marzo &#8211; 9 de marzo<br \/>\n&#8211; 2 de marzo &#8211; 23 de febrero<br \/>\n&#8211; 16 de febrero &#8211; 9 de febrero<br \/>\n&#8211; 2 de febrero &#8211; 26 de enero<br \/>\n&#8211; 19 de enero &#8211; 12 de enero<br \/>\n&#8211; 5 de enero &#8211; 22 de diciembre &#8211;<br \/>\n15 de diciembre &#8211; 9 de diciembre<br \/>\n&#8211; 1 de diciembre &#8211; 24 de noviembre &#8211;<br \/>\n17 de noviembre &#8211; 10 de noviembre &#8211;<br \/>\n3 de noviembre &#8211; 27 de octubre &#8211;<br \/>\n20 de octubre &#8211; 13 de octubre &#8211;<br \/>\n6 de octubre &#8211; 29 de septiembre &#8211;<br \/>\n22 de septiembre &#8211; 15 de septiembre &#8211;<br \/>\n&#8211; 8 de septiembre &#8211; &#8211; 1 de septiembre<\/p>\n","protected":false},"author":1,"featured_media":0,"comment_status":"open","ping_status":"open","sticky":false,"template":"","format":"standard","meta":{"footnotes":""},"categories":[],"tags":[],"class_list":["post-7406","post","type-post","status-publish","format-standard","hentry"],"_links":{"self":[{"href":"https:\/\/intervius.com\/index.html\/wp-json\/wp\/v2\/posts\/7406","targetHints":{"allow":["GET"]}}],"collection":[{"href":"https:\/\/intervius.com\/index.html\/wp-json\/wp\/v2\/posts"}],"about":[{"href":"https:\/\/intervius.com\/index.html\/wp-json\/wp\/v2\/types\/post"}],"author":[{"embeddable":true,"href":"https:\/\/intervius.com\/index.html\/wp-json\/wp\/v2\/users\/1"}],"replies":[{"embeddable":true,"href":"https:\/\/intervius.com\/index.html\/wp-json\/wp\/v2\/comments?post=7406"}],"version-history":[{"count":0,"href":"https:\/\/intervius.com\/index.html\/wp-json\/wp\/v2\/posts\/7406\/revisions"}],"wp:attachment":[{"href":"https:\/\/intervius.com\/index.html\/wp-json\/wp\/v2\/media?parent=7406"}],"wp:term":[{"taxonomy":"category","embeddable":true,"href":"https:\/\/intervius.com\/index.html\/wp-json\/wp\/v2\/categories?post=7406"},{"taxonomy":"post_tag","embeddable":true,"href":"https:\/\/intervius.com\/index.html\/wp-json\/wp\/v2\/tags?post=7406"}],"curies":[{"name":"wp","href":"https:\/\/api.w.org\/{rel}","templated":true}]}}