{"id":7405,"date":"2010-09-20T00:00:00","date_gmt":"2006-11-06T00:00:00","guid":{"rendered":"https:\/\/intervius.com\/index.html\/?p=7405"},"modified":"2006-11-06T00:00:00","modified_gmt":"2006-11-06T00:00:00","slug":"Alex_Angulo7405","status":"publish","type":"post","link":"https:\/\/intervius.com\/index.html\/Alex_Angulo7405\/","title":{"rendered":"\u00c1lex Angulo"},"content":{"rendered":"<p>Pregunta.- Buenas tardes. Para usted qu\u00e9 representa &#8220;El Gran V\u00e1zquez&#8221; m\u00e1s all\u00e1 de la biograf\u00eda de propio Manuel V\u00e1zquez, que pueda influir hoy en d\u00eda. Muchas Gracias<\/p>\n<p>Respuesta.- Yo creo que es el retrato de el \u00faltimo p\u00edcaro en Espa\u00f1a. V\u00e1zquez logr\u00f3 plasmar a trav\u00e9s del T\u00edo V\u00e1zquez todos los episodios de su vida. Por lo tanto, en aquella \u00e9poca se convirti\u00f3 \u00e9l mismo en un personaje. <\/p>\n<p>P.- \u00bfLlegastes a conocer a V\u00e1zquez en persona? Si no es as\u00ed \u00bfcuando desde la distancia o\u00edstes su leyenda?Y claro&#8230;h\u00e1blanos de Pel\u00e1ez. Un abrazo guapet\u00f3n!<\/p>\n<p>R.- No llegu\u00e9 a conocer a V\u00e1zquez. De hecho, de peque\u00f1o, me fijaba en sus personajes o en sus historias que en la persona que firmaba los tebeos. En sus historias, como las de La Familia Cebolleta, reconoc\u00eda a mi propia familia dentro de su propio caos. Mi abuelo Cebolla, mis t\u00edas solteras, etc&#8230; Me pas\u00e9 de Robeto Alcazar y Pedr\u00edn a Anacleto. Lo cual ya fue para m\u00ed un gran salto. Y depurativo&#8230; <\/p>\n<p>P.- Hola mucho gusto \u00bfComo se plantea usted el interpretar a una persona que ya ha existido?\u00bfSe reunio usted con el aludido para prepararse? Un saludos<\/p>\n<p>R.- Mi personaje, Pelaez, es el \u00fanico personaje que no existi\u00f3 en la realidad. Pero, Santiago Segura s\u00ed que estuvo y habl\u00f3 con sus hijos. Sobre todo con uno de sus hijos. Y, el propio director de la pel\u00edcula, Oscar Aibar, trabaj\u00f3 con \u00e9l la \u00faltima etapa de su vida cuando dibujaba en Makoki. Ya un comic para adultos. <\/p>\n<p>P.- \u00bfQu\u00e9 razones me dar\u00eda para ver &#8220;El Gran V\u00e1zquez&#8221;?<\/p>\n<p>R.- Para ver El gran V\u00e1zquez no hacen falta razones. Es una comedia tragi-c\u00f3mica muy espa\u00f1ola en el grand\u00edsimo buen sentido. Vamos, que es heredera de la aunt\u00e9ntica comedia espa\u00f1ola. <\/p>\n<p>P.- \u00bfEntre todas las peliculas es las que has trabajado con Santiago Segura, cual es en la que mejor te lo has pasado?<\/p>\n<p>R.- Solo hemos trabajado en dos pel\u00edculas: El d\u00eda de la bestia y El gran V\u00e1zquez. As\u00ed que como dir\u00eda V\u00e1zquez: &#8220;Trabajando uno no se lo pasa bien&#8221;.<\/p>\n<p>P.- \u00bfC\u00f3mo recuerdas tu etapa en la serie de television &#8220;Periodistas&#8221;? \u00bfTe recuerda a algo El Pa\u00eds, ahora que est\u00e1s en la redacci\u00f3n?<\/p>\n<p>R.- Ha sido una gran sorpresa ver otra vez la redacci\u00f3n despu\u00e9s de 10 a\u00f1os&#8230; m\u00e1s o menos. Sigue la misma estructura y, eso s\u00ed, los viejos caimanes han desaparecido y quedan los que si siguieron la serie de periodistas&#8230; se arrepentir\u00e1n de haberla visto. \u00a1Aqu\u00ed s\u00ed que se trabaja!<\/p>\n<p>P.- \u00bfC\u00f3mo encaraste un personaje tan antip\u00e1tico como el de Pel\u00e1ez, antih\u00e9roe de la funci\u00f3n?<\/p>\n<p>R.- Pel\u00e1ez, el personaje, frente a V\u00e1zquez es su antagonista. Si V\u00e1zquez buscaba la libertad, era bastante \u00e1crata y era sobre todo p\u00edcaro&#8230; Pel\u00e1ez representa la mediocridad y el color gris. Para Pel\u00e1ez salvar de su vida equivocada a V\u00e1zquez fue toda una batalla. Pero, al final, Pel\u00e1ez acaba siendo tambi\u00e9n v\u00edctima de la genialidad de V\u00e1zquez. <\/p>\n<p>P.- Hola Alex: \u00bfqu\u00e9 sensaciones tienes cuando est\u00e1s a punto de recibir el premio Zinemira en tu tierra?<\/p>\n<p>R.- Cuando te dan un premio, tu cabeza se pelea entre si de verdad te lo mereces, si ser\u00e1 el mejor premio de tu vida, o si mejor se lo tendr\u00edan que haber dado a otra persona&#8230; que igual se lo merece m\u00e1s&#8230; Pero, evidentemente, me siento absolutamente orgulloso y encantado de poder recibir este premio que seguro que va a ser el mejor de mi vida. Eskerrik asko!<\/p>\n<p>P.- \u00bfQu\u00e9 Mirinda te gusta m\u00e1s, Alex, la de naranja o la de lim\u00f3n?<\/p>\n<p>R.- Prefiero la de lim\u00f3n, pero sin hielos. Ya sabes&#8230; si no se agua mucho&#8230; Y puede ser peligroso contraiar al hombre Tubular Killer&#8230; jejejeje<\/p>\n<p>P.- \u00bfCree que Santiago Segura personifica bien la imagen de V\u00e1zquez?<\/p>\n<p>R.- \u00a1Pues claro que s\u00ed! Santiago Segura es otro monstruo de la naturaleza y esta vez ha estado muy bien dirigido por Oscar Aibar y el hijo de V\u00e1zquez. De todas maneras, temo m\u00e1s a Torrente. <\/p>\n<p>P.- Periodistas, Hermanos y detectives&#8230; \u00bfqu\u00e9 ser\u00e1 lo pr\u00f3ximo que veremos de \u00c1lex Angulo en televisi\u00f3n?<\/p>\n<p>R.- Un personaje en la serie Rep\u00fablica. Comenzar\u00e1 a rodarse en octubre sobre la Rep\u00fablica espa\u00f1ola antes de la hecatombe. <\/p>\n<p>P.- \u00bfC\u00faal es el papel que todavia no has hecho y que te gustaria hacer?<\/p>\n<p>R.- El siguiente.<\/p>\n<p>P.- Usted siempre me ha resultado un actor especialmente camale\u00f3nico. \u00bfCon cu\u00e1l de los personajes que ha interpretado se ha identificado m\u00e1s?. Un saludo.<\/p>\n<p>R.- Yo creo que en cada uno de los personajes dejo parte de mi aunt\u00e9ntica impersonalidad. Yo creo que todos tenemos en nosotros mismos todos esos personajes. Solo hace falta dejarse llevar, cre\u00e9rselo y, al final, olvidarse de ellos. <\/p>\n<p>P.- \u00bfQu\u00e9 diferencias existen entre interpretar un Shakespeare en el teatro y un personaje como Pel\u00e1ez en el cine?<\/p>\n<p>R.- Interpretando a Shakespeare hay que estudiar mucho. Y hay que profundizar. Pel\u00e1ez es un mandao que quiere ense\u00f1ar como se deben hacer las cosas: serias, ordenadas y&#8230; mediocres. <\/p>\n<p>P.- Buenas tardes: \u00bfA parte de actor, te seduce la idea de dedicarte a dirigir o escribir alg\u00fan gui\u00f3n?<\/p>\n<p>R.- No. La verdad es que no. Directores y guionistas va a haber siempre mejores que yo. No me gusta trabajar. Me gustan las historias de otros. <\/p>\n<p>P.- Hola, \u00bfcu\u00e1l es tu d\u00eda ideal? No de vacaciones&#8230; sino un d\u00eda con tiempo para ti.<\/p>\n<p>R.- Mi representante no me deja responder a preguntas personales. Bastante mala imagen doy con mis personajes. Y ya he cambiado muchas veces de representante&#8230; (risas) <\/p>\n<p>P.- \u00bfConociste a Iosu de Eskorbuto?<\/p>\n<p>R.- Le conoc\u00ed solo en la entrevista que se hizo en la ETB. No volv\u00ed a verle nunca m\u00e1s. <\/p>\n<p>P.- Hola \u00c1lex, muchas felicidades por tu fant\u00e1stica actuaci\u00f3n en El gran V\u00e1zquez, \u00bfqu\u00e9 tal ha sido actuar bajo las \u00f3rdenes de \u00d3scar Aibar?<\/p>\n<p>R.- Gr\u00e1cias por tu felicitaci\u00f3n. Y trabajar con Oscar Aibar ha sido una de las cosas m\u00e1s interensantes de este \u00faltimo a\u00f1o. Y voy a trasladar tu felicitaci\u00f3n a todo el equipo desde la direcci\u00f3n art\u00edstica a la m\u00fasica&#8230; y a todos los que han trabajado en esta pel\u00edcula. Te puedo asegurar que son cojonudos. <\/p>\n<p>P.- \u00bfA qu\u00e9 se dedicaba \u00c1lex \u00c1ngulo en la \u00e9poca de \u00e9xito de V\u00e1zquez?<\/p>\n<p>R.- A leer sus tebeos. Y a perseguir a las chicas&#8230; Siempre fue una mala influencia. Eso dec\u00eda mi padre&#8230; y tambi\u00e9n el cura. Pel\u00e1ez me oblig\u00f3 a esconderlos. <\/p>\n<p>P.- \u00bfA qu\u00e9 le teme \u00c1lex Angulo?<\/p>\n<p>R.- La pregunta ser\u00eda: \u00bfa qui\u00e9n le teme \u00c1lex Angulo?<\/p>\n<p>P.- Hola \u00c1lex! Lo primero de todo es que estoy muy emocionada por poder ponerme en contacto contigo finalmente. Soy esa admiradora tuya que te envi\u00f3 una carta y un retrato que seguramente tu agente Juantxu \u00c1lvarez te enviar\u00eda. Mi pregunta es: siempre me ha parecido que cada uno de tus personajes tiene unos matices vocales o fon\u00e9ticos diferentes. \u00bfPreparas al personaje plante\u00e1ndote estos aspectos? Muchas gracias, eres estupendo.<\/p>\n<p>R.- Hola Ananda. Disc\u00falpame, ya s\u00e9 que tengo una cuenta pendiente contigo. Y ya me he retrasado bastante. Prometo que te contestar\u00e9 pronto. Trato de ser responsable de mis personajes pero muchas veces creo que la intuici\u00f3n, y hasta la vida, te va acomplando a ese personaje sin saber muy bien de donde sale. Un saludo (tard\u00edo). <\/p>\n<p>P.- Maestro Angulo: antes de nada, deseo mostrarle mi admiraci\u00f3n por su trayectoria como actor, y desearle un aplauso generalizado para su participaci\u00f3n en &#8220;El gran V\u00e1zquez&#8221;. Y aqu\u00ed llega mi pregunta: \u00bfcree que el cine espa\u00f1ol sigue siendo menospreciado por nuestro p\u00fablico y sus prejuicios injustificados o se trata tan s\u00f3lo de la abrumadora competencia en las salas de los blockbusters?<\/p>\n<p>R.- Probablemente, el gigante enemigo sea la competencia en las salas de los centros comerciales pero, creo, tambi\u00e9n que nuestros propios prejuicios son el enemigo cotidiano contra nuestro cine. Ser\u00eda un poco de las dos cosas&#8230; Y alguna que desconocemos. <\/p>\n<p>P.- \u00bfQu\u00e9 tal ha ido el rodaje de De tu ventana a la m\u00eda, de Paula Ortiz?<\/p>\n<p>R.- Lo que s\u00ed podr\u00eda decirte, es que el gui\u00f3n que me pas\u00f3 Paula me entusiam\u00f3 desde la primera versi\u00f3n. Creo que va a ser una muy buena pel\u00edcula y veremos a una muy buena directora joven. <\/p>\n<p>P.- \u00c1lex, \u00bfpara cuando una pel\u00edcula donde vuelvas a ser el protagonista, como en El d\u00eda de la bestia o El coche de pedales?<\/p>\n<p>R.- Yo estoy preparado. Espa\u00f1a, no.<\/p>\n<p>P.- Hola Alex, yo tambi\u00e9n soy actor y quer\u00eda preguntarte cual es la raz\u00f3n para que sea tan dificil entrar en el mundo del cine. A veces pienso que es una familia muy cerrada en la que casi nadie entra si no es con la ayuda de alguien que ya esta dentro. Me gustar\u00eda saber tu impresi\u00f3n. Muchas gracias <\/p>\n<p>R.- El cine es igual de cerrado que cualquier otro \u00e1mbito profesional. Esto es trabajo, trabajo. Y paciencia, paciencia&#8230; No te desanimes. <\/p>\n<p>P.- Ram\u00f3n Barea, Alex de la Iglesia, Santiago Segura&#8230; \u00bfCon cu\u00e1l has sudado m\u00e1s?<\/p>\n<p>R.- Con \u00c1lex de la Iglesia&#8230; Con Barea y Segura sudamos tambi\u00e9n mucho juntos pero a las \u00f3rdenes de \u00c1lex.. <\/p>\n<p>P.- Usted es un actor que ha interpretado una gran variedad de papeles, dramas, c\u00f3micos, rocambolescos&#8230; \u00bfcon cual de sus papeles podr\u00edamos identificar m\u00e1s a Alex Angulo como persona en la vida real?<\/p>\n<p>R.- Con el de El d\u00eda de la bestia. Sigo intentando salvar el mundo. \u00bfTienes alguna propuesta?<\/p>\n<p>P.- Buenas Alex. \u00bfLe gusta ponerse en la piel de un cura o es casualidad que le ofrezcan tantas veces este papel?<\/p>\n<p>R.- En el cine espa\u00f1ol hay mucho miope. Si fuera por m\u00ed, har\u00eda cualquier otro personaje. <\/p>\n","protected":false},"excerpt":{"rendered":"<p>El Gran V\u00e1zquez se basa en la vida del dibujante de comics Manuel V\u00e1zquez, creador de personajes como Anacleto, Las hermanas Gilda o la Familia Cebolleta. La pel\u00edcula, dirigida por Oscar Aibar, compite por la Concha de Oro en el Festival de San Sebasti\u00e1n. Uno de sus protagonistas es \u00c1lex Angulo, que ha charlado con los lectores sobre la pel\u00edcula y el resto de su carrera como actor.<br \/>\nFoto: Gorka Lejarcegi <\/p>\n","protected":false},"author":1,"featured_media":0,"comment_status":"open","ping_status":"open","sticky":false,"template":"","format":"standard","meta":{"footnotes":""},"categories":[],"tags":[],"class_list":["post-7405","post","type-post","status-publish","format-standard","hentry"],"_links":{"self":[{"href":"https:\/\/intervius.com\/index.html\/wp-json\/wp\/v2\/posts\/7405","targetHints":{"allow":["GET"]}}],"collection":[{"href":"https:\/\/intervius.com\/index.html\/wp-json\/wp\/v2\/posts"}],"about":[{"href":"https:\/\/intervius.com\/index.html\/wp-json\/wp\/v2\/types\/post"}],"author":[{"embeddable":true,"href":"https:\/\/intervius.com\/index.html\/wp-json\/wp\/v2\/users\/1"}],"replies":[{"embeddable":true,"href":"https:\/\/intervius.com\/index.html\/wp-json\/wp\/v2\/comments?post=7405"}],"version-history":[{"count":0,"href":"https:\/\/intervius.com\/index.html\/wp-json\/wp\/v2\/posts\/7405\/revisions"}],"wp:attachment":[{"href":"https:\/\/intervius.com\/index.html\/wp-json\/wp\/v2\/media?parent=7405"}],"wp:term":[{"taxonomy":"category","embeddable":true,"href":"https:\/\/intervius.com\/index.html\/wp-json\/wp\/v2\/categories?post=7405"},{"taxonomy":"post_tag","embeddable":true,"href":"https:\/\/intervius.com\/index.html\/wp-json\/wp\/v2\/tags?post=7405"}],"curies":[{"name":"wp","href":"https:\/\/api.w.org\/{rel}","templated":true}]}}