{"id":7379,"date":"2009-05-18T00:00:00","date_gmt":"2006-11-06T00:00:00","guid":{"rendered":"https:\/\/intervius.com\/index.html\/?p=7379"},"modified":"2006-11-06T00:00:00","modified_gmt":"2006-11-06T00:00:00","slug":"Alfredo_Relano7379","status":"publish","type":"post","link":"https:\/\/intervius.com\/index.html\/Alfredo_Relano7379\/","title":{"rendered":"Alfredo Rela\u00f1o"},"content":{"rendered":"<p>Pregunta.- Hola Alfredo, se dice mucho que si Villa al Madrid, que si Villa al Barsa, tu donde crees que realmente jugar\u00e1 Villa? y si finalmente llega Wenger al Madrid ser\u00eda muy factible el fichaje de Cesc? gracias y un saludo.<\/p>\n<p>Respuesta.- Villa le interesa al Madrid, desde luego. La duda m\u00eda es si el Valencia no se lo pondr\u00e1 m\u00e1s dif\u00edcil al Madrid que a cualquier otro. Al Bar\u00e7a tambi\u00e9n le interesa, en reemplazo de Etoo. El jugador prefiere el Madrid, el Valencia preferir\u00e1 venderlo al Bar\u00e7a o a cualquier otro. Respecto a lo de Cesc, claro que ayudar\u00eda que viniese Wenger. Cesc no ha tenido m\u00e1s entrenador que \u00e9l, ir\u00e1 con \u00e9l donde \u00e9l le pida.<\/p>\n<p>P.- \u00bfC\u00f3mo ves el final de temporada de Forl\u00e1n? \u00bfHabr\u00e1 alg\u00fan grande que pague su cla\u00fasula de rescisi\u00f3n? \u00bfSe rumorea que podr\u00eda ir con alguno de lso candidatos? Ser\u00eda una buena baza electoral, porque al aficionado blanco le gustan los nombres, pero tambi\u00e9n le gustan los grandes jugadores<\/p>\n<p>R.- Superior. Su cl\u00e1usula es de 36 millones, y para como est\u00e1n las cosas es un buen precio. La \u00fanica contraindicaci\u00f3n ser\u00eda su edad (30 cumple ma\u00f1ana), con lo que alguien pueda pensar que esa plenitud que ahora tiene no le dure mucho. Pero yo creo que va a mantener ese nivel alg\u00fan tiempo. Florentino no le tiene en sus planes, al menos hasta ahora. S\u00ed, para alg\u00fan candidato podr\u00eda ser una buena baza.<\/p>\n<p>P.- Hola Alfredo. \u00bfQui\u00e9n ha sido para usted el mejor jugador de la temporada?<\/p>\n<p>R.- Estar\u00eda entre Xavi e Iniesta. Xavi ha estado siempre, Iniesta ha sido m\u00e1s brillante.<\/p>\n<p>P.- Buenos d\u00edas Sr. Rela\u00f1o, \u00bfqu\u00e9 sentido tiene la regla del fuera de juego? Es una regla de interpretaci\u00f3n subjetiva (a veces se pita por mil\u00edmetros, a veces se equivocan) y que perjudica mucho el juego de ataque. \u00bfPor qu\u00e9 mantenerla? Por favor no me conteste que alimenta la pol\u00e9mica de la que vive el f\u00fatbol porque el f\u00fatbol vive de los goles y del espect\u00e1culo ni que es una tradici\u00f3n porque en el f\u00fatbol se han cambiado muchas reglas y, de esto no estoy seguro, la regla del fuera de juego no es una de las reglas originales sino que se incorporo despu\u00e9s. \u00bfNo cree que el f\u00fatbol ser\u00eda m\u00e1s espectacular sin fueras de juego? Gracias.<\/p>\n<p>R.- Sin fuera de juego no habr\u00eda f\u00fatbol, ser\u00eda tenis. Estar\u00edan tres o cuatro atacantes siempre en cada \u00e1rea, junto al portero contrario, y todo se ir\u00eda en balonazos para aqu\u00ed y por all\u00e1, sin elaboraci\u00f3n, sin astucia. Ser\u00eda otro juego, yo sospecho que peor. Existe desde siempre, desde los or\u00edgenes remotos de la ra\u00edz com\u00fan entre el f\u00fatbol y el rugby, que tambi\u00e9n lo tiene.<\/p>\n<p>P.- Debe el Bar\u00e7a aprovechar para vender a Etoo la pr\u00f3xima temporada? A\u00fan no la ha liado demasiado y es buen momento para venderlo, porque no es un delantero que gane partidos y si no es por sus compa\u00f1eros no lleva ni 16 goles. Un Villa o un Benzema en el Bar\u00e7a de esta campa\u00f1a llevaria 36 goles y tirando para abajo.<\/p>\n<p>R.- Etoo no se va a dejar vender. Esperar\u00e1 a consumir el a\u00f1o que le queda para luego quedar en libertad y ganar m\u00e1s en su siguiente destino. El Bar\u00e7a tendr\u00e1 que fichar otro pero hacerlos convivir. No descarte tampoco a Forl\u00e1n.<\/p>\n<p>P.- Hola Alfredo \u00bfcrees que la afici\u00f3n del Athletic ser\u00eda tan fiel en segunda divisi\u00f3n o ya querr\u00edan fichar extranjeros con urgencia?<\/p>\n<p>R.- Creo que tres cuartas partes seguir\u00edan siendo fieles a esa idea. Y, por cierto, con esa idea no han bajado nunca, y siguen sin bajar, y en el periodo moderno han bajado alguna vez Valencia, Atl\u00e9tico, Sevilla, Betis, Zaragoza, Real Sociedad&#8230;<\/p>\n<p>P.- Ahora hablan de Clichy \u00bfNo cree que en un equipo bien formado Marcelo podr\u00eda por fin encajar bien como lateral?<\/p>\n<p>R.- Har\u00e1n falta dos. Y Clichy es m\u00e1s defensa. Marcelo se quedar\u00e1, pero quiz\u00e1 m\u00e1s como pieza para la media y reemplazo en la defensa.<\/p>\n<p>P.- Hola Alfredo . lo de kaka ya est\u00e1 hecho y lo de Villa parece que casi. Un apregunta directa: \u00bfno crees que con Villa y Ra\u00fal juntos pueden saltar chispas en el madrid de la proxima temporada? <\/p>\n<p>R.- Villa ha sido el que al final ha sacado a Ra\u00fal de la selecci\u00f3n. Quiz\u00e1 est\u00e9 destinado a sacarlo tambi\u00e9n del Madrid. Pero no estoy seguro de que fiche Villa. El Valencia se resistir\u00e1 a ese traspaso.<\/p>\n<p>P.- Me da la sensaci\u00f3n de que se van a deshacer de Huntelaar, \u00bfNo cree que en un equipo fuerte como se supone que ser\u00e1 el Madrid del a\u00f1o que viene puede ser pichichi con una cantidad de goles desorbitada?<\/p>\n<p>R.- Puede ser que se quede Huntelaar o Van Nistelrooy, uno de los dos, m\u00e1s Negredo. Seg\u00fan lo que fichen. Es un buen finalizador, pero s\u00f3lo eso. Bien alimentado meter\u00e1 muchos goles, pienso.<\/p>\n<p>P.- \u00bfQue le parece la candidatura de Onieva? presenta como entrenador a Hugo y Alkorta dice que no tiene ning\u00fan pacto con \u00e9l \u00bfNo le parece una chapuza?<\/p>\n<p>R.- Un poquito chapuza, s\u00ed. No le veo ninguna posibilidad, m\u00e1s que la de alborotar la campa\u00f1a.<\/p>\n<p>P.- Buenos d\u00edas Alfredo \u00bfqu\u00e9 te pareci\u00f3 la actitud de los aficionados del Athletic la pasada semana? Yo creo que con detalles como la de identificar al energ\u00famenoque lanz\u00f3 la lata, as\u00ed como con la manera de animar incansablemente a su limitado equipo (Mestalla parec\u00eda San Mam\u00e9s), la convierten en algo especial, diferente, como el propio Athletic. \u00bfCu\u00e1l es para t\u00ed la mejor hinchada de la Liga?<\/p>\n<p>R.- Fue magn\u00edfico, desde luego. Y me impresi\u00f3n lo de 80.000 personas en la calle valorando y aclamando al equipo, pese a haber perdido. Pero la mejor de la Liga quiz\u00e1 sea la del Sporting, por el hecho diferencial de La Mareona.<\/p>\n<p>P.- Alfredo, por qu\u00e9 en las elecciones del Madrid solo se habla de entrenadores y de jugadores de f\u00fatbol, nadie habla del baloncesto? yo creo que deber\u00edan de respetar mas a esta secci\u00f3n e invertir m\u00e1s dinero para que pueda triunfar en Europa, los fans del Madrid de baloncesto se merecen m\u00e1s respeto, y que conste que yo soy mucho m\u00e1s de futbol, y que el baloncesto me gusta, pero los sigo poco, pero me gusta que el Madrid gane en cualquier deporte.<\/p>\n<p>R.- Tiende a olvidarse, s\u00ed. Lso candidatos saben que les van a votar por el f\u00fatbol. De todos modos, el club gasta mucho dinero en baloncesto, otra cosa es que se malgaste. Ya ve el caso de Papadopoulos. O el de ese canterano de 36 a\u00f1os en la LEB Bronce.<\/p>\n<p>P.- Alfredo buenos d\u00edas, \u00bfNo consideras que un jugador como Kak\u00e0 que solo aporta 15 goles (10 de penalty), alg\u00fan pase de gol, y con 27 a\u00f1os es demasiado caro teniendo a jugadores como Cesc de corte similar o superior m\u00e1s jovenes?<\/p>\n<p>R.- Me apetecen los dos. Creo que Kak\u00e1 es magn\u00edfico, sinceramente, aunque este \u00faltimo a\u00f1o no haya estado tan bien. El Mil\u00e1n ha entrado en confusi\u00f3n. Ahora, si es para elegir uno solo de los dos, preferir\u00eda a Cesc, como usted.<\/p>\n<p>P.- Hola Alfredo, no crees que Juande se est\u00e1 portando fatal con jugadores como Huntelaar, Torres o Parejo? a Huntelaar esta intentando carg\u00e1rselo claramente, desde el principio no le ha gustado y solo le puso cuando no tuvo remedio y como empezo a marcar se vio obligado a seguir poniendolo; en cuanto dejo de marcar 2 o 3 partidos, ni uno completo lo quit\u00f3, y lo del otro dia fue alucinante, porque en la primera parte no le llego un bal\u00f3n y va y lo quita. En cuanto a Torres, es mejor que Heinze y lo demuestra y solo lo pone obligado por las bajas, y a Parejo no le da oportunidades ni sin jugarse nada (15 minutos contra el Villarreal no es una oportunidad, oportunidad es un partido completo, o casi).<\/p>\n<p>R.- Huntelaar es v\u00edctima del peso de Ra\u00fal. Como a ratos Higua\u00edn que, por cierto, fue el sacrificado en el primer tiempo el otro d\u00eda. Torres, sinceramente, creo que no se ha ganado el derecho a desplazar a Heinze. Y Parejo ha tenido muchas lesiones desde que lleg\u00f3, aunque ahora que est\u00e1 bien s\u00ed deber\u00eda jugar siempre y todos los minutos. Le veo fresco y bien. <\/p>\n<p>P.- Buenos d\u00edas Alfredo y gracias por tus razonadas opiniones. Soy madridista y me cabre\u00f3 mucho el sabado que Juande dejara en el banquillo a Higua\u00edn hasta la segunda parte . Fue salir el Pipita y marcar un gol y fabricar otro . No s\u00e9 porque no se puede sustituir a Ra\u00fal de la alineaci\u00f3n titular . Si adem\u00e1s el sacrificado es Higua\u00edn que objetivamente est\u00e1 mejor que el viejo capi .. apaga y v\u00e1monos.<\/p>\n<p>R.- Bueno, el peso de Ra\u00fal. Es un tema viejo y manido.<\/p>\n<p>P.- Buenos dias! \u00bf Para cuando Valdes a la selecci\u00f3n ?<\/p>\n<p>R.- Tiene delante a Casillas, Reina y Diego L\u00f3pez. No lo tiene f\u00e1cil, aunque es muy buen portero. <\/p>\n<p>P.- Hola Don Alfredo que le parece que el Racing cese a Mu\u00f1iz para la temporada que viene ? Para muchos racinguistas es un alivio y para usted ?<\/p>\n<p>R.- Ha estado siempre cuestionado. Ha hecho su trabajo, pero no ha conectado con la gente. Es un factor de incomodidad. Al Racing y a Mu\u00f1iz les va a ir mejor por separado.<\/p>\n<p>P.- Buenos dias, parece que Guardiola no va a hacer jugar los titulares hasta la final el 27 \u00bfno crees que eso es peligroso para el ritmo de los jugadores?<\/p>\n<p>R.- \u00c9l sabr\u00e1. Yo creo que tienen motivaci\u00f3n suficiente para aguantar el tono diez d\u00edas. El riesgo de una lesi\u00f3n tonta es mayor. Piense que Osasuna est\u00e1 con la soga al cuello, obligado a ir a por todo.<\/p>\n<p>P.- Hola Alfredo, Mi pregunta va con relaci\u00f3n al posible fichaje de Kak\u00e1. \u00bfQue jugadores que juegan en su puesto crees que saldran del equipo? \u00bfGuti, Sneijder, Parejo, Van der Vaart&#8230;?<\/p>\n<p>R.- Parejo seguir\u00e1. Van der Vaart se ir\u00e1. Los otros dos, no lo tengo claro. Si Guti quiere y tiene oferta, el Madrid estar\u00eda encantado en dejarle ir. Sniejder depender\u00e1 de lo que opine el pr\u00f3ximo entrenador. Puede ser el primer suplente de Kak\u00e1.<\/p>\n<p>P.- Buenos d\u00edas. En mi opini\u00f3n la reconversi\u00f3n real del Madrid pasa por dejar el vestuario libre de cargas, cuando esas cargas (Ra\u00fal, Salgado, Guti) dejaron la selecci\u00f3n todos vimos lo que pas\u00f3. Se plantea s\u00f3lo una duda sobre Ra\u00fal, ya que valdr\u00eda como suplente pero no se si asumir\u00eda ese rol. Mi pregunta es clara: \u00bfSe atrever\u00e1 Florentino a acometer la purga?. Espero que as\u00ed lo haga por el bien del Madrid. Raul es un hist\u00f3rico, tal vez el mejor jugador de la historia de Espa\u00f1a pero, tambi\u00e9n lo fue Di Stefano y el que le dio paso a \u00e9l, El Buitre y no por ello siguen jugando.<\/p>\n<p>R.- Es dif\u00edcil dar la salida a un jugador tan m\u00edtico. Di St\u00e9fano sali\u00f3 en su d\u00eda a escopetazos, yo lo recuerdo. Butrague\u00f1o fue mucho m\u00e1s comprensivo y no se rebel\u00f3 cuando le apartron (precisamente por Ra\u00fal). El problema es que Ra\u00fal llegue a estar convencido de que ha llegado su hora, y no lo est\u00e1 en absoluto.<\/p>\n<p>P.- Estimado Sr. Rela\u00f1o, Me gusta la idea de Wenger en el Real Madrid por su filosof\u00eda y planificaci\u00f3n a medio y largo plazo. Mi pregunta es \u00bfTendr\u00e1n Florentino y Valdano la paciencia suficiente para dejarle trabajar sabiendo que el primer a\u00f1o es muy posible que todav\u00eda no se gane ning\u00fan t\u00edtulo? Eso de que en un a\u00f1o hay que hacer lo de tres me suena a prisas, malas compa\u00f1eras&#8230;<\/p>\n<p>R.- Si viene Wenger le dejar\u00e1n trabajar. Es un personaje. Eso s\u00ed: \u00e9l pide paciencia y si las cosas no arrancan bien se sentir\u00e1 extra\u00f1o.<\/p>\n<p>P.- Es verdad eso de que el Madrid no estar\u00e1 entre los 8 primeros del pr\u00f3ximo sorteo de la Champions el a\u00f1o que viene???<\/p>\n<p>R.- Es verdad. No est\u00e1 entre los ocho con mejores notas en la Champions de los \u00faltimos cinco a\u00f1os, que es lo que se mide. Es mucho tiempo sin pasar de octavos. As\u00ed que esta vez le tocar\u00e1 el segundo bombo.<\/p>\n<p>P.- Kaka al Madrid por 60 kilos? o es una cortina de humo para que el Manchester afloje el precio por Cristiano? o ira a por los dos? Si compran a Kaka en 60, se imaginan en cuanto costara CR7?<\/p>\n<p>R.- Yo creo que s\u00ed van a ir a por los dos. Florentino quiere hacer en un a\u00f1o la inversi\u00f3n de tres, ya lo ha dicho.<\/p>\n<p>P.- Hola Don Alfredo, espero que me responda. Se ha hablado mucho de Juande, y de que ha hecho bastante con este Real Madrid, cosa cierta, pero ha ca\u00eddo antes los grandes de manera estrepitosa, y el otro d\u00eda en rueda de prensa, nos concedi\u00f3 una pataleta impropia de un entrenador del Real Madrid y que adem\u00e1s cree que ha hecho m\u00e9ritos para seguir, eso con Schuster, hubiese sido portada a doble p\u00e1gina casi, \u00bfno cree qu\u00e9 al final el manchego ha quedado en r\u00eddiculo y se ha quitado la careta?<\/p>\n<p>R.- Tanto, no. Tuvo un desahogo equivocado, eso es todo. Pero ha trabajdo bien, y ha permitido que el Madrid hiciera una segunda vuelta buena, que ha dignificado su temporada y ha dado emoci\u00f3n al campeonato.<\/p>\n<p>P.- Hola Alfredo, para el partido de la final de Champions crees que el Bar\u00e7a notar\u00e1 mucho la palta de M\u00e1rquez, Alves y Abidal? yo creo que como mucho notar\u00e1 la de Alves y quien crees que ganar\u00e1? gracias y un saludo.<\/p>\n<p>R.- Muchas bajas juntas en una misma l\u00ednea. Y Alves es el que m\u00e1s se notar\u00e1. Qui\u00e9n ganar\u00e1 no lo s\u00e9. Mucho va a depender del estado de Iniesta.<\/p>\n<p>P.- Hola, Rela\u00f1o. sinceramente, \u00bfqui\u00e9n quieres que gane la final de la Copa de Europa y por qu\u00e9?. Muchas gracias<\/p>\n<p>R.- Quiero que la gane el Bar\u00e7a, por varios motivos. Porque me cae bien como club, porque admiro a Guardiola, porque tengo un aprecio singular por tres de sus juagdores: Xavi, Iniesta y Puyol, porque el f\u00fatbol que hace el Bar\u00e7a merece todos los premios y cuantos m\u00e1s premios tenga ser\u00e1 m\u00e1s imitado, y porque mi madre naci\u00f3 en Barcelona y, dentro del poco inter\u00e9s que ten\u00eda por el f\u00fatbol, era del Bar\u00e7a.<\/p>\n<p>P.- Ayer en el Barca debut\u00f3 el hijo de Mazinho, Thiago que adem\u00e1s es internacional con Espa\u00f1a en categor\u00edas inferiores \u00bfNo es esta la en\u00e9sima humillaci\u00f3n para el Madrd, un Barca campe\u00f3n haciendo debutar a gente de la cantera de origen brasile\u00f1o y el Madrid firmando brasile\u00f1os que no garantizan titulos?<\/p>\n<p>R.- M\u00e1s que humillaci\u00f3n refleja una vez m\u00e1s el mejor trabajo de cantera que lleva el Bar\u00e7a haciendo temporadas. <\/p>\n<p>P.- Si a Valdano no le interesa entrenar al Madrid la proxima temporada \u00bf por qu\u00e9 no Angel Cappa ? que est\u00e1 haciendolo muy bien en la liga argentina con Hurac\u00e1n gracias<\/p>\n<p>R.- El Madrid apunta m\u00e1s arriba. Y Valdano y Cappa no acabaron tan bien.<\/p>\n<p>P.- Una de doblete, don Alfredo, \u00bfqu\u00e9 pasa con la supercopa? \u00bfse la lleva el barsa por definicion? \u00bfSe juega? \u00bfentre quien? gracias<\/p>\n<p>R.- La jugar\u00e1n el Bar\u00e7a y el Athletic. As\u00ed est\u00e1 establecido.<\/p>\n<p>P.- La mejor campa\u00f1a azulgrana de la historia la ha dirigido un t\u00e9cnico criado en ella, Guardiola. \u00bfPorque el Madrid va a traerse a cualquier otro llamase como se llame habiendo t\u00e9cnicos madridistas de primer nivel (por ejemplo MIchel, Benitez o Camacho)?\u00bfY he oido por hay que se quiere espa\u00f1olizar el club?\u00bfComo?\u00bfGastandose una millonada en Villa?\u00bfPorque no hacen las cosas bien y los canteranos que han demostrado que son muy buenos (Negredo, Granero, Mata) los recuperan? Recuerdo el partido del Camp Nou, jug\u00f3 un canterano, me gust\u00f3 mucho, \u00bfPalanca? Yo no entiendo mucho, pero si se que los equipos que hacen historia se basan en su cantera.<\/p>\n<p>R.- La mejor campa\u00f1a azulgrana de la historia la ha dirigido un t\u00e9cnico criado en ella, Guardiola. \u00bfPorque el Madrid va a traerse a cualquier otro llamase como se llame habiendo t\u00e9cnicos madridistas de primer nivel (por ejemplo MIchel, Benitez o Camacho)?\u00bfY he oido por hay que se quiere espa\u00f1olizar el club?\u00bfComo?\u00bfGastandose una millonada en Villa?\u00bfPorque no hacen las cosas bien y los canteranos que han demostrado que son muy buenos (Negredo, Granero, Mata) los recuperan? Recuerdo el partido del Camp Nou, jug\u00f3 un canterano, me gust\u00f3 mucho, \u00bfPalanca? Yo no entiendo mucho, pero si se que los equipos que hacen historia se basan en su cantera.<\/p>\n<p>P.- Querido Sr. Rela\u00f1o, soy cul\u00e9 pero eso no me impide preocuparme por el Real Madrid. Bueno, ah\u00ed va mi pregunta: \u00bfCree usted realmente que Florentino P\u00e9rez es la soluci\u00f3n para el Madrid? Me explico. Por las palabras del otro d\u00eda, y por la informaci\u00f3n que va saliendo en los periodicos, me da que Florentino no ha cambiado mucho. Siguen primando los nombres antes que el proyecto y la idea futbol\u00edstica. Me parece descabellado que sin tener tan siquiera entrenador, ya se tenga a media constelaci\u00f3n futbol\u00edstica fichada. Creo que el proyecto Florentino puede traer \u00e9xitos los primeros 1-2 a\u00f1os, pero que pasado ese tiempo, se volver\u00e1 a la situci\u00f3n actual. O en una peor. Y ya no quiero ni imaginarme qu\u00e9 pasa si la temporada que viene es un fracaso para el Real Madrid. Creo que si eso sucede, al madridismo le va a costar mucho levantar la cabeza de nuevo. En fin, que tengan suerte. \u00a1Y muchas gracias por contestar!<\/p>\n<p>R.- La gente del Madrid le ve mayoritariamente como soluci\u00f3n, por su capacidad como personaje de altos vuelos. Es verdad que no acab\u00f3 nada bien en la primera \u00e9poca, pero se supone que habr\u00e1 aprendido de los errores.<\/p>\n<p>P.- Estimado Alfredo, no crees que se podr\u00eda cambiar el sistema de puntuaci\u00f3n en la liga. 3 puntos por un 1-0 y 1 punto por un 4-4 parece desproporcionado. Yo s\u00f3lo dar\u00eda 3 puntos si se gana por m\u00e1s de un gol y dar\u00eda 1,5 puntos al empate a m\u00e1s de un gol.<\/p>\n<p>R.- Dar m\u00e1s puntos por empates altos se prestar\u00eda a tongos. A m\u00ed no me parece mal el sistema como est\u00e1.<\/p>\n<p>P.- Don Alfredo, soy madridista de toda la vida pero me parece una salvajada gastarse 200 o 300 millones en fichajes y m\u00e1s en estos tiempos, esto solo es futbol y algui\u00e9n deber\u00eda ponerle soluci\u00f3n. Adem\u00e1s un Madrid a golpe de talonario solo nos repercutir\u00e1 en m\u00e1s odio a todo lo blanco. La NBA hace tiempo que aplica limites salariales, la F1 parece que tambi\u00e9n busca abaratar costes.\u00bfde verdad vale la pena por algunas champions o ligas? grcias <\/p>\n<p>R.- El f\u00fatbol es una gran industria del espect\u00e1culo. Hay que verlo as\u00ed. Tambi\u00e9n es un deporte, desde luego, pero al tiempo es un ocio al que dedican su atenci\u00f3n millones de personas en todas partes. Los que ahora est\u00e1n en la c\u00faspide (los equipos de Europa Eccidental) son seguidos en todo el planeta. Eso es lo que da lugar a esos gastos.<\/p>\n<p>P.- Hola Alfredo. PAra hacer este equipo que se est\u00e1 &#8220;dibujando&#8221; hace falta mucha pasta (realmente esos jugadores son aut\u00e9nticos cracks), vender\u00edas a Ramos (cada d\u00eda peor jugador) y a Casillas (Diego L\u00f3pez lo har\u00eda tan bien como \u00e9l) para financiar esas compras?? Gracias<\/p>\n<p>R.- El Madrid tiene dinero, porque se ha administrado mejor de lo que se dice. Y tiene dos huchas por romper: un terreno en Las Tabla sy la recnoegociaci\u00f3n de la Esquina, cuya concesi\u00f3n expira en 2011. Y se conf\u00eda en el buen temple de Florentino para sacar lo m\u00e1s posible de esas huchas.<\/p>\n<p>P.- Hola Alfredo, \u00bfQueria preguntarte si tu al principio de la temporada tenias dudas de Guardiola o estabas seguro de que si lo habian elegido para entrenar al bar\u00e7a habia sido por su gran trabajo con el filial?<\/p>\n<p>R.- Ten\u00eda dudas. Me parec\u00eda una moneda al aire. Creo que expres\u00e9 esas dudas en su d\u00eda, aunque nunca me manifest\u00e9 en contra. Me pareci\u00f3 una soluci\u00f3n improvisada. Ahora ha resultado la soluci\u00f3n perfecta.<\/p>\n<p>P.- Hola Alfredo Acabo de ver una entrevista de Wenger en la televisi\u00f3n francesa y nunca he visto a este se\u00f1or tan cerca de abandonar el Arsenal. Se lo est\u00e1 pensando pero le queda poco para decir que s\u00ed. T\u00fa \u00bfc\u00f3mo ves la cosa a d\u00eda de hoy para el banquillo del Madrid?<\/p>\n<p>R.- Creo lo mismo: que Wenger est\u00e1 madurando la decisi\u00f3n de aceptar.<\/p>\n<p>P.- Buenos d\u00edas. Hago una reflexi\u00f3n a ver si usted est\u00e1 de acuerdo conmigo. Voy a hablar acerca de lo que conozco y recuerdo, no voy a ir m\u00e1s lejos de los a\u00f1os 90 ya que era demasiado peque\u00f1o como para recordar algo. Es una teor\u00eda sobre la evoluci\u00f3n del f\u00fatbol. Recuerdo los equipos del primer lustro de los 90, jugando con un rombo, medio defensivo, media punta y dos alas, a veces extremos otras interiores, por ejemplo vizcaino-pantic-simeone-caminero en el atl\u00e9tico. Esquemas ofensivos y donde primaba la calidad. Apareci\u00f3 poco despu\u00e9s el famoso doble pivote, donde equipos como el Valencia y el Depor vivieron su \u00e9poca dorada, dos medios fuertes, uno de contenci\u00f3n y el otro de llegada, dos bandas y un mediapunta (djalminha, Valer\u00f3n, Aimar,?) sacrificando un delantero. Este sistema arras\u00f3 al rombo, y se ha impuesto con distintas modalidades durante a\u00f1os. Ahora parece que Espa\u00f1a y el Barsa pueden imponer un estilo diferente, que acabe con este 4-4-1-1, el 4-3-3. La escasez de extremos puros y delanteros natos, y la llegada al futbol d jugadores vers\u00e1tiles, livianos pero de mucha calidad ha hecho que los equipos prefieran plagar el campo de mediapuntas convertidos a delanteros o a mediocentros (Iniesta, Cesc, Silva, Kaka, Ribery, etc) no crees que posiblemente pasemos una temporada en el que los equipos utilicen el 4-3-3 o el 4-5-1 los m\u00e1s reservados?que el 4-4-2 ser\u00e1 historia (atletico y Rma lo est\u00e1n sufriendo). Y una predicci\u00f3n, por desgracia, creo que el futbol tender\u00e1 al 5-4-1, me explico, laterales fuertes por la irrupci\u00f3n del futbol africano en Europa que coman toda la banda y dejen el centro para jugadores de creaci\u00f3n. \u00bfTe gusta Arteta para el Atl\u00e9tico? <\/p>\n<p>R.- Me parece una reflexi\u00f3n interesante, y comparto esa visi\u00f3n de la evolcui\u00f3n moderna. Tambi\u00e9n la idea de que la fuerza de los africanos va a influir en la evoluci\u00f3n t\u00e1ctica en el futuro. En cuanto a Arteta, me gusta. Pero tirar\u00e1 de \u00e9l el Athletic, supongo. Tambi\u00e9n el Valencia est\u00e1 interesado.<\/p>\n","protected":false},"excerpt":{"rendered":"<p>El director del Diario As, Alfredo Rela\u00f1o ha charlado con los lectores sobre la actualidad futbol\u00edstica. <\/p>\n<p>ARCHIVO DE ENTREVISTAS:<\/p>\n<p>-11 de mayo<br \/>\n-4 de mayo<br \/>\n-27 de abril<br \/>\n-20 de abril<br \/>\n-13 de abril<br \/>\n-30 de marzo<br \/>\n-23 de marzo<br \/>\n-16 de marzo<br \/>\n-9 de marzo<br \/>\n-2 de marzo<br \/>\n-23 de febrero<br \/>\n-16 de febrero<br \/>\n-9 de febrero<br \/>\n-2 de febrero<br \/>\n-26 de enero<br \/>\n-19 de enero<br \/>\n-12 de enero<br \/>\n-15 de diciembre<br \/>\n-10 de diciembre<br \/>\n-1 de diciembre<br \/>\n-24 de noviembre<br \/>\n-17 de noviembre<br \/>\n-10 de noviembre<br \/>\n-7 de noviembre<br \/>\n-27 de octubre<br \/>\n-21 de octubre<br \/>\n-13 de octubre<br \/>\n-6 de octubre<br \/>\n-30 de septiembre<br \/>\n-22 de septiembre<br \/>\n-15 de septiembre<br \/>\n-8 de septiembre<br \/>\n-1 de septiembre <\/p>\n","protected":false},"author":1,"featured_media":0,"comment_status":"open","ping_status":"open","sticky":false,"template":"","format":"standard","meta":{"footnotes":""},"categories":[],"tags":[],"class_list":["post-7379","post","type-post","status-publish","format-standard","hentry"],"_links":{"self":[{"href":"https:\/\/intervius.com\/index.html\/wp-json\/wp\/v2\/posts\/7379","targetHints":{"allow":["GET"]}}],"collection":[{"href":"https:\/\/intervius.com\/index.html\/wp-json\/wp\/v2\/posts"}],"about":[{"href":"https:\/\/intervius.com\/index.html\/wp-json\/wp\/v2\/types\/post"}],"author":[{"embeddable":true,"href":"https:\/\/intervius.com\/index.html\/wp-json\/wp\/v2\/users\/1"}],"replies":[{"embeddable":true,"href":"https:\/\/intervius.com\/index.html\/wp-json\/wp\/v2\/comments?post=7379"}],"version-history":[{"count":0,"href":"https:\/\/intervius.com\/index.html\/wp-json\/wp\/v2\/posts\/7379\/revisions"}],"wp:attachment":[{"href":"https:\/\/intervius.com\/index.html\/wp-json\/wp\/v2\/media?parent=7379"}],"wp:term":[{"taxonomy":"category","embeddable":true,"href":"https:\/\/intervius.com\/index.html\/wp-json\/wp\/v2\/categories?post=7379"},{"taxonomy":"post_tag","embeddable":true,"href":"https:\/\/intervius.com\/index.html\/wp-json\/wp\/v2\/tags?post=7379"}],"curies":[{"name":"wp","href":"https:\/\/api.w.org\/{rel}","templated":true}]}}