{"id":7373,"date":"2010-09-13T00:00:00","date_gmt":"2006-11-06T00:00:00","guid":{"rendered":"https:\/\/intervius.com\/index.html\/?p=7373"},"modified":"2006-11-06T00:00:00","modified_gmt":"2006-11-06T00:00:00","slug":"Jose_Samano7373","status":"publish","type":"post","link":"https:\/\/intervius.com\/index.html\/Jose_Samano7373\/","title":{"rendered":"Jos\u00e9 S\u00e1mano"},"content":{"rendered":"<p>Pregunta.- \u00bfQu\u00e9 jugadores de las selecciones inferiores ves con m\u00e1s posibilidades de llegar a La Roja en Brasil 2014?<\/p>\n<p>Respuesta.- Hola, y mil perdones por el retraso, obligaciones profesionalesme han retrasado. De las inferiores me gustan Font\u00e1s, Muniesa, Thiago, Canales y espero a un jugador llamado Edu Bedia, del Racing, que asufri\u00f3 una grave lesi\u00f3n al inicio de la pasada temporda y al que Portugal no parece querer daer mucha bola este a\u00f1o. <\/p>\n<p>P.- \u00bfEste Real Madrid es m\u00e1s un proyecto de futuro que de presente? <\/p>\n<p>R.- Es otro Madrid de Florentino P\u00e9rez, sin m\u00e1s. <\/p>\n<p>P.- Acabo de leer la noticia de Nadal. Despu\u00e9s de leer sin duda comentarios muy acertados y despu\u00e9s de mucha prosa, no se me informa de a qu\u00e9 hora se juega la final y en qu\u00e9 canales de televisi\u00f3n lo puedo ver. \u00bfEs que acaso no saben que eso es lo que se pregunta la gente al leer la noticia?\u00bfPor qu\u00e9 raz\u00f3n en la era de internet es tan dif\u00edcil encontrar esta informaci\u00f3n en este medio y en otros?<\/p>\n<p>R.- Nadal, si no llueve de nuevo, jugar\u00e1 a partir de las diez de la noche hora espa\u00f1ola. Tengo entendido que lo da Canal Plus. <\/p>\n<p>P.- Lo siento, no es pregunta, pero no se como mandar el comentario. Nadal, si gana el abierto de Estados Unidos, y no sabe Ud. cuanto me gustar\u00eda que lo hiciera, no ganar\u00e1 el Gran Slam. Habr\u00e1 ganado, siendo el m\u00e1s joven, los cuatro torneso del Gran Slam. Para ganar el Gran Slam es necesario ganar esos cuatro torneos la misma temporada. Existe tambi\u00e9n lo que se ha dado en llamar el Peque\u00f1o Slam cuando los cuatro torneos se ganan de forma consecutiva, aunque se necesite para ello dos temporadas cons<\/p>\n<p>R.- No estoy de acuerdo. El Grand Slam lo gana el que vence en los cuatro grandes. En todo caso, solo son etiquetas. Nadal es el mejor tenista espa\u00f1ol de la historia y puede que llegue a ser el mejor del planeta. <\/p>\n<p>P.- Jos\u00e9 S\u00e1mano, saludos desde Barranquilla, Colombia y felicitaciones por su pluma digna de imitar. Est\u00e1 claro que Mourinho no renunciar\u00e1 a su esp\u00edritu ganador con el Real Madrid, poer hasta que punto usted ve que puede hacer un equipo con est\u00e9tica.<\/p>\n<p>R.- Gracias por su generosidad. Pero no s\u00e9 qu\u00e9 es eso del esp\u00edritu ganador de Mourinho o de cualquier otro. \u00bfNo lo tiene Del Bosque? \u00bfNo lo tiene Guardiola o Quique S\u00e1nchez Flores? Mire, sin detenerme en la estad\u00edstica, supongo que un entrenador del Madrid tiene alrededor del 65 o 70% de posibilidades de ganar la Liga.<\/p>\n<p>P.- Realmente, crees que era necesario el fichaje de Mascherano. \u00bfNo era m\u00e1s importante reforzar la delantera, con un Luis Su\u00e1rez o un Robinho? <\/p>\n<p>R.- Mascherano me parece el perfecto relevo de Busquets. Su problema en el primer partido fue no conocer a los \u00e1rbitros espa\u00f1oles. Se pas\u00f3 ante dos ingenuidades ofensivas del H\u00e9rcules y mereci\u00f3 ser expulsado. Apoyado en la permisividad arbitral de turno, Guardiola le dio relevo antes de soportar males mayores.<\/p>\n<p>P.- \u00bfHablar en su primera rueda de prensa de la temporada de la incapacidad de competir economicamente con tu rival y despu\u00e9s de tirar a la basura casi 100 millones de euros en los fichajes de hleb, caceres, ibra y chigrinsky no es una probocaci\u00f3n?. \u00bfPor que se usan dos raseros totalmente opuestos para juzgar los actos y las palabras de mourinho y Guardiola?.<\/p>\n<p>R.- Guardiola se equivoca en algunos asuntos; Mourinho es un provocador. En cuanto al primero, me recuerda cada vez m\u00e1s a lo sucedido con Cruyff, a\u00fan hay sectores que le titulan por los fracasos de Lucendo, Hagi o Kodro, no por sus aciertos con el estilo, la sacudida de complejos del Bar\u00e7a o su ojo con Kaudruo (desecho de la Juve), Koeman (un gordito, dec\u00edan muchos) o Stoitchkov, un desconocido para la mayor\u00eda.<\/p>\n<p>P.- Para que no digan que solo se escribe de f\u00fatbol, te mando una pregunta de deportes minoritarios: \u00bfte gustan las traineras? \u00bfcu\u00e1l es tu favorita? \u00bfhas ido a la Concha de San Sebasti\u00e1n alguna vez?<\/p>\n<p>R.- Para un c\u00e1ntabro de otra \u00e9poca es dif\u00edcil hablar de traineras. Me cri\u00e9 oyendo las leyendas de Kaiku y en tiempos menos fronterizos he tenido que ponerme al d\u00eda en las pol\u00e9micas de Pedre\u00f1a, Astillero&#8230; He visto una vez la bandera de La Concha (magn\u00edfica competici\u00f3n, por cierto) y tambi\u00e9n, hace 23 a\u00f1os, vi c\u00f3mo en Castro se silbaba a la embarcaci\u00f3n local y se apluad\u00eda a otras. Me impact\u00f3. Con el tiempo lo entend\u00ed. Lo confieso: soy de la de Pedre\u00f1a (por la belleza de su enclave y por Seve).<\/p>\n<p>P.- Buenas tardes Sr. Samano. Lo felicito a usted y a todo su equipo de escritores. Cual es su filosofia al momento de seleccionar a un colaborador, ya que la calidad de lo escrito por todos ustedes es extraordinaria. Un saludo y gracias por leer literatura, se nota. <\/p>\n<p>R.- Gracias a usted. Aprend\u00ed de mis predecesores que todo el que tenga ganas, vocaci\u00f3n y esp\u00edritu merece una mirada. <\/p>\n<p>P.- Se\u00f1or S\u00e1mano, \u00bfno dramatizamos el deporte hasta el extremo? de acuerdo en que ah\u00ed est\u00e1 la gracia, pero siempre se buscan culpables directos de las derrotas y a lo mejor hay que pensar que son muchas variables las que deciden una competici\u00f3n. En Espa\u00f1a nos estamos acostumbrando a ganar y quiz\u00e1 no sea bueno&#8230;un saludo, gracias<\/p>\n<p>R.- Dir\u00eda que lo m\u00e1s importante del deporte espa\u00f1ol es su predisposici\u00f3n a poder ganar. Ganar es otra cosa, algo pascaliano (la ruleta fue cosa suya). Antes, era habitual que los espa\u00f1oles ni siquiera olieran el podio, ahora se aproximan casi siempre. Espa\u00f1a es una potencia deportiva indiscutible, pero eso no supone ganar siempre. <\/p>\n<p>P.- \u00bfNo le parece que si este Real Madrid quiere jugar bien al f\u00fatbol es totalmente imprescindible que Ozil sea titular? \u00bfNo le transmite una sensaci\u00f3n similar a Guti (en lo bueno)? Gracias\u00a1<\/p>\n<p>R.- Me gusta tanto \u00d6zil que, efectivamente, me recuerda a Guti: depende del levante, el nordeste o el poniente. En el Mundial le vi y dej\u00e9 de verle. Debe mostrar mayor continuidad. Hay una cualidad de \u00e9l que me encanta y me recuerda un poco al mejor Laudrup. Cuando el equipo adversario tiene la pelota, \u00e9l se desmarca. <\/p>\n<p>P.- \u00bfEs Xavi el jugador m\u00e1s importante del f\u00fatbol mundial? V\u00e9ase al Bar\u00e7a y a la Selecci\u00f3n sin \u00e9l y la diferencia es brutal&#8230;<\/p>\n<p>R.- Lo he escrito miles de veces sin \u00e1nimo de polemizar o entrar en un debate est\u00e9ril. Para m\u00ed, Xavi es el jugador m\u00e1s IMPORTANTE (no he dicho que el mejor individualmente) en la historia del f\u00fatbol espa\u00f1ol. <\/p>\n<p>P.- Se\u00f1or S\u00e1mano, mi pregunta no tiene mala intenci\u00f3n, pero \u00bfles ir\u00eda mejor a ciertos clubes sin el aura de la prensa m\u00e1s cercana que les rodea? es un escenario imposible, pero&#8230;imag\u00edneselo. Muchas gracias<\/p>\n<p>R.- No habr\u00eda circo sin prensa-clubes y clubes-prensa. Matrimonios complicados, como todos.<\/p>\n<p>P.- \u00bfCu\u00e1les son los deportistas con mayores inquietudes culturales que ha conocido usted? \u00bfAlg\u00fan deporte predominante sobre otros? Muchas gracias<\/p>\n<p>R.- Pep Guardiola, Andoni Zubizarreta, Ernesto Valverde, Pedro Horrillo, Juanma Iturriaga, Vicente del Bosque, Javier Aguirre, Marchena, Lucio Angulo, Marcelo Bielsa, Xabi Alonso, Jorge Valdano, Amavisca, Pardeza, Michael Robinson&#8230; Muchos y muchos, m\u00e1s de los que la gente se piensa.<\/p>\n<p>P.- \u00bfEs muy estresante su trabajo en El Pa\u00eds? \u00bfCu\u00e1ntas horas al d\u00eda pasa usted en la oficina? Los fines de semana todos ocupados, \u00bfno? Gracias\u00a1<\/p>\n<p>R.- Hay un sinf\u00edn de oficios peores. Mi mayor frustraci\u00f3n es que a medida que el deporte espa\u00f1ol crece el periodismo se banaliza. No lo entiendo, nunca lo entender\u00e9.<\/p>\n<p>P.- \u00bfQu\u00e9 le parece el jugador del Villareal, Borja Valero? \u00bfUno de los mejores fichajes del verano, as\u00ed como el menos medi\u00e1tico? Muchas gracias<\/p>\n<p>R.- Un buen jugador que se curti\u00f3 en la Premier. Vistoso y eficaz, no deslumbrante.<\/p>\n<p>P.- Sr. Samano, la consultora alemana Sport Markt publica un estudio en que el club con m\u00e1s seguidores de Europa es el Bar\u00e7a (57.8 millones) seguido del Real Madrid (31.3). En Espa\u00f1a son seguidores del Madrid 36% y del Bar\u00e7a 29% \u00bfJustifica esta poca diferencia el hecho que todas las radios y TV sean descaradamente pro-madridistas y empiecen siempre la informaci\u00f3n deportiva con noticias del Madrid? \u00bfC\u00f3mo queda la teor\u00eda de algunos medios que con Laporta el Bar\u00e7a era un club local?<\/p>\n<p>R.- Las aficiones son mim\u00e9ticas a los \u00e9xitos. Si el Bar\u00e7a no tiene m\u00e1s tir\u00f3n es por culpa de &#8220;ministros&#8221; exteriores como Laporta.<\/p>\n<p>P.- Hola Jos\u00e9. \u00bfConsideras justificadas la pitada del Bernab\u00e9u y las cr\u00edticas medi\u00e1ticas al juego del Madrid? \u00bfCrees que la impaciencia es excesiva? Estamos en la Jornada 2&#8230;<\/p>\n<p>R.- Me parecieron justificad\u00edsmas. Es lo que tiene venderse como un mes\u00edas (Mou). El madridismo ha asistido estos a\u00f1os a un espect\u00e1culo confuso y tedioso muchas veces mientras le hac\u00edan creer que era el mayor espect\u00e1culo del mundo. Me temo que, gracias a Dios, el \u00e9xito de Espa\u00f1a en Sud\u00e1frica y Austra, va a aumentar el control de calidad en cada club, \u00a1y no digamos en el Bernab\u00e9u!<\/p>\n<p>P.- Hola S\u00e1mano. \u00bfComo es Mou en las distancias cortas?\u00bfPodr\u00e1s entrevistarle este a\u00f1o?<\/p>\n<p>R.- Le prefiero con las luces largas. Mi juicio no ser\u00e1 por su verborrea, sino por su obra sobre el campo. <\/p>\n<p>P.- Esa puntualidad &#8230;<\/p>\n<p>R.- Mil perdones, hago lo que puedo, pero hoy no he sido del todo culpable. Prometo, y no en vano, organizarme mejor. Disculpas a todos.<\/p>\n<p>P.- Hola Sr Samano, sigo con atenci\u00f3n e inter\u00e9s sus comentarios y articulos, coincido en muchas cosas con usted y en otras no, como es l\u00f3gico&#8230; Creo que los fichajes del Madrid lo van a hacer m\u00e1scompetitivo en Europa. En Espa\u00f1a, no s\u00e9 muy bien y esa es mi pregunta. Ser\u00e1 m\u00e1s competitivo el madrid por baj\u00f3n del Barcelona???. Yo creo que el baj\u00f3n del Barcelona es inevitable, nadie ha aguantado jam\u00e1s m\u00e1s de dos <\/p>\n<p>R.- Dir\u00eda que el Madrid depende m\u00e1s del Bar\u00e7a que viceversa. El Bar\u00e7a, con ocho campeones del mundo y tantos t\u00edtulos recientes, puede caer en la autocomplaciencia. Pero el Madrid le ha dado un motivo para ganar otra batalla: Mourinho.<\/p>\n<p>P.- Y ahora \u00bfque pasa con Canales?<\/p>\n<p>R.- Paciencia, paciencia y paciencia. A\u00fan no ha jugado dos partidos seguidos completos en Primera. El chico tiene cabeza, pero a\u00fan es fr\u00e1gil en lo f\u00edsico y el Bernab\u00e9u es plaza de primer\u00edsima categor\u00eda.<\/p>\n","protected":false},"excerpt":{"rendered":"<p>Este fin de semana vuelve la Liga de f\u00fatbol. Adem\u00e1s, Fernando Alonso disputa el GP de Italia y la selecci\u00f3n espa\u00f1ola de baloncest disputa el Mundial de Turqu\u00eda. El redactor Jefe de Deportes de EL PA\u00cdS, Jos\u00e9 S\u00e1mano, ha charlado con los lectores sobre todas estas cuestiones, as\u00ed como del resto de la actualidad deportiva.<br \/>\n ARCHIVO DE ENTREVISTAS:<br \/>\n &#8211; 30 de agosto<\/p>\n","protected":false},"author":1,"featured_media":0,"comment_status":"open","ping_status":"open","sticky":false,"template":"","format":"standard","meta":{"footnotes":""},"categories":[],"tags":[],"class_list":["post-7373","post","type-post","status-publish","format-standard","hentry"],"_links":{"self":[{"href":"https:\/\/intervius.com\/index.html\/wp-json\/wp\/v2\/posts\/7373","targetHints":{"allow":["GET"]}}],"collection":[{"href":"https:\/\/intervius.com\/index.html\/wp-json\/wp\/v2\/posts"}],"about":[{"href":"https:\/\/intervius.com\/index.html\/wp-json\/wp\/v2\/types\/post"}],"author":[{"embeddable":true,"href":"https:\/\/intervius.com\/index.html\/wp-json\/wp\/v2\/users\/1"}],"replies":[{"embeddable":true,"href":"https:\/\/intervius.com\/index.html\/wp-json\/wp\/v2\/comments?post=7373"}],"version-history":[{"count":0,"href":"https:\/\/intervius.com\/index.html\/wp-json\/wp\/v2\/posts\/7373\/revisions"}],"wp:attachment":[{"href":"https:\/\/intervius.com\/index.html\/wp-json\/wp\/v2\/media?parent=7373"}],"wp:term":[{"taxonomy":"category","embeddable":true,"href":"https:\/\/intervius.com\/index.html\/wp-json\/wp\/v2\/categories?post=7373"},{"taxonomy":"post_tag","embeddable":true,"href":"https:\/\/intervius.com\/index.html\/wp-json\/wp\/v2\/tags?post=7373"}],"curies":[{"name":"wp","href":"https:\/\/api.w.org\/{rel}","templated":true}]}}