{"id":7369,"date":"2010-09-09T00:00:00","date_gmt":"2006-11-06T00:00:00","guid":{"rendered":"https:\/\/intervius.com\/index.html\/?p=7369"},"modified":"2006-11-06T00:00:00","modified_gmt":"2006-11-06T00:00:00","slug":"Juan_Lopez_de_Uralde7369","status":"publish","type":"post","link":"https:\/\/intervius.com\/index.html\/Juan_Lopez_de_Uralde7369\/","title":{"rendered":"Juan L\u00f3pez de Uralde"},"content":{"rendered":"<p>Pregunta.- \u00bfEn qu\u00e9 momento se encuentra el proyecto de sacar adelante un nuevo partido verde?<\/p>\n<p>Respuesta.- El proyecto est\u00e1 naciendo, y calentando motores. Estamos trabajando en la conformaci\u00f3n de una Fundaci\u00f3n cuya misi\u00f3n ser\u00e1 la de desarrollar espacios para la ecolog\u00eda pol\u00edtica en Espa\u00f1a. Asimismo desarrollar las herramientas necesarias para dar cauce a la participaci\u00f3n de mucha gente. Tambi\u00e9n estamos hablando con muchas de las plataformas y organizaciones verdes que ya existen, as\u00ed como con personas de distintos \u00e1mbitos que pueden aportar a este proyecto. Si vemos que hay un apoyo social suficiente para lanzarnos a la arena electoral lo haremos.<\/p>\n<p>P.- Me gustar\u00eda participar en el proyecto pol\u00edtico, soy de M\u00f3stoles, 37 a\u00f1os. \u00bfC\u00f3mo podr\u00eda hacerlo?<\/p>\n<p>R.- Como digo estamos preparando las plataformas en las redes sociales, en internet, y tambi\u00e9n una sede desde las que ofrecer las posibles formas de participaci\u00f3n en el proyecto. Necesitamos un poco de tiempo porque acabamos de empezar.<\/p>\n<p>P.- \u00bfQu\u00e9 opina usted del nacionalismo? De su respuesta depende un voto. El m\u00edo.<\/p>\n<p>R.- Yo soy un internacionalista convencido. No me gustan las fronteras. Llevo muchos a\u00f1os luchando globalmente por un mundo m\u00e1s limpio, y he visto en mi experiencia que los problemas ambientales no se paran en las fronteras. <\/p>\n<p>P.- \u00bfLe ha decpecionado que Narbona no haya dado el paso adelante?<\/p>\n<p>R.- Respeto mucho a Cristina Narbona, y tiene la puerta abierta a venir cuando quiera. Si no quiere venir, tambi\u00e9n lo respeto. <\/p>\n<p>P.- Hola Juan, \u00bfc\u00f3mo ves a la izquierda en Espa\u00f1a? Gracias y suerte. <\/p>\n<p>R.- Vivimos tiempos en los que la izquierda parece navegar sin rumbo claro. Mientras la derecha &#8211; en especial la m\u00e1s extrema &#8211; es muy activa en todos los \u00e1mbitos (no hay m\u00e1s que ver el crecimiento del Tea Party en Estados Unidos) la izquierda no parece estar dando respuestas s\u00f3lidas ante la crisis ambiental y econ\u00f3mica. HAce unos a\u00f1os el sistema financiero colaps\u00f3 y fue rescatado cn dinero p\u00fablico. Se dijo que iba a ser el fin del capitalismo. Pero en Espa\u00f1a estamos viendo que lo que se recorta son los derechos sociales, por un parte d eun partido que se considera de izquierdas. Creo que hacen falta nuevos referentes y nuevos proyectos, por eso estamos lanzando Equo. <\/p>\n<p>P.- Teniendo en cuenta como es la ley electoral en Espa\u00f1a, \u00bfno cree Equo e IU se van a molestar el uno al otro? \u00bfCon este nuevo partido van a salir beneficiados PP y PSOE? Sobretodo teniendo en cuenta que tanto Equo como IU son cr\u00edticos con el capitalismo, defienden el desarrollo sostenible, Rep\u00fablica Federal, educaci\u00f3n p\u00fablica y laica&#8230;<\/p>\n<p>R.- Equo va a trabajar por generar propuestas para problemas que no se est\u00e1n abordando adecuadamente en el actual panorama pol\u00edtico. Vemos con frustraci\u00f3n que cuestiones tan importantes como el cambio clim\u00e1tico, la p\u00e9rdida de biodiversidad o la introducci\u00f3n de transg\u00e9nicos en nuestros campos para beneficio de las corporaciones&#8230;no tienen espacio en el actual panorama pol\u00edtico y queremos luchar para que eso cambie. Desde mi punto de vista hay un espacio mucho m\u00e1s amplio que el actual para alternativas diferentes al PSOE. Si finalmente damos el paso, podemos atraer amucha gente que est\u00e1 harta y desncantada de la pol\u00b4tica. Podemos aportar mucho. <\/p>\n<p>P.- Hola Juanjo, te hago dos preguntas: 1 \u00bfCu\u00e1l es tu opini\u00f3n sobre la reforma laboral que prepara el gobierno? 2 Imagino parte de la programa sobre fiscalidad ecol\u00f3gica de Equo, pero me gustar\u00eda saber cu\u00e1l ser\u00e1n las propuestas de Equo en cuanto a impuestos directos, impuestos sobre el capital, patrimonio, etc. 3 De ser necesarios para gobernar con el PSOE, \u00bfpermitir\u00e1n la pol\u00edtica de derechas del gobierno actual como ha hecho ICV en Catalunya o IX en Asturies?<\/p>\n<p>R.- Sobre coaliciones, perm\u00edteme que esperemos a existir y tener presencia institucional para dar una opini\u00f3n. Nuestro esfuerzo ahora debe centrarse en hacer que este proyecto cuaje. Nuestra postura sobre la reforma laboral y en general la pol\u00edtica econ\u00f3mica que est\u00e1 desarrollando el gobierno de Zapatero es muy cr\u00edtica. Como he dicho, vemos que se mete la tijera a los sectores m\u00e1s d\u00e9biles. Nos preguntamos porqu\u00e9 no se recorta, por ejemplo el gasto militar. \u00bfPorqu\u00e9 nadie cuestiona esto, por ejemplo? La reforma laboral no va a solucionar el problema del desempleo, y de hecho no lo est\u00e1 haciendo. Simplemente pone en una posici\u00f3n m\u00e1s vuolnerable a los trabajadores. Nuestra postura es clara y por eso apoyamos la huelga del 29-S convocada por los sindicatos. Sobre fiscalidad ecol\u00f3gica ya hemos trabajado en un proyecto de LEy que en su d\u00eda present\u00f3 ICV en el Parlamente y que est\u00e1 disponible para conocerla en profundidad.<\/p>\n<p>P.- Los verdes en Espa\u00f1a tienen un historial de desuni\u00f3n. De hecho la marca verde se han cedido a coaliciones y partidos sin posible recuperaci\u00f3n. S\u00e9 que has estado en conversaciones con distintos grupos. \u00bfQu\u00e9 esperanza puede haber de un referente ecologista \u00fanico en Espa\u00f1a?<\/p>\n<p>R.- Las conversaciones van muy bien. Hay un proceso de confluencia que ya viene de atr\u00e1s en el mundo verde, y nuestra irrupci\u00f3n est\u00e1 ayudando a que se consolide. Pero no somos ingenuos, y sabemos que aunque la mayor\u00eda de lo verde se aglutine, siempre habr\u00e1 quien eliga quedarse fuera. Pero esta vez vamos en serio. Si las cosas siguen como van, en 2012 habr\u00e1 una alternativa pol\u00edtica verde en el Parlamento espa\u00f1ol.<\/p>\n<p>P.- \u00bf Ten\u00edas ya pensado enredarte en la pol\u00edtica, cuando te marcaste un tango en la cumbre mundial del medio ambiente?, \u00bf O has visto el fil\u00f3n mas tarde?<\/p>\n<p>R.- Yo no me marqu\u00e9 ning\u00fan tango. PArticip\u00e9 en una protesta en la que pusimos en evidencia el nuevo fracaso (y van 15!!) de la Cumbre del clima en Copenhague, y la incapacidad y falta de voluntad d elos l\u00edderes mundiales para llegar a un acuerdo que frene el cambio clim\u00e1tico. Me la jugu\u00e9 porque siento que los la gente tenemos el derecho a la protesta, y porque rechazo la burla de que rapidamente los l\u00edderes acudan a socorrer a los bancos, y no sean capaces de rescatar la Tierra. Por otro lado ponerse a trabajar por un nuevo proyecto no es ning\u00fan fil\u00f3n. Lo hacemos desde la convicci\u00f3n de que es necesario, y que podemos conseguir sacarlo adelante. El fil\u00f3n, amigo, est\u00e1 en las petroleras, las nucleares, los bancos o las constructoras, pero esas no nos apoyan&#8230;.<\/p>\n<p>P.- Hola Juan: Creo muy necesario la creaci\u00f3n de nuevos partidos pol\u00edticos como Equo, Sin embargo hay un punto en el que no coincido con vosotros. Se trata de la energ\u00eda nuclear, siendo la energ\u00eda m\u00e1s rentable menos contaminante y viendo el panorama de crisis actual, \u00bf no crees que podr\u00eda reconsiderarse su mala fama viendo las ventajas que tiene?<\/p>\n<p>R.- La energ\u00eda nuclear tiene problemas que no ha sido capaz de resolver en 60 a\u00f1os: residuos radiactivos con una vida de decenas de miles de a\u00f1os; inseguridad, escapes y vertidos: contaminaci\u00f3n de la miner\u00eda del uranio&#8230;y adem\u00e1s es demasiado cara. Por eso nostros apostamos por un modelo energ\u00e9tico limpio, basado al 100% en las energ\u00edas renovables y que prescinda de la energ\u00eda nuclear. <\/p>\n<p>P.- Hola!! felicidades y gracias por decidirte!!! Sobre los cultivos con transgenicos cuales seran las medidas? Que medidas para la agricultura ecologica y sostenible? Sobre educacion y vida escolar ? El transporte publico y el tren en particular?<\/p>\n<p>R.- Los transg\u00e9nicos son una herramienta de las corporaciones multinacionales para controlar la agricultura y la alimentaci\u00f3n. Se ha demostrado que la introducci\u00f3n de cultivos transg\u00e9nicos est\u00e1 contaminando otros cultivos, incluidos los ecol\u00f3gicos. Por eso creemos que, simplemente, deben ser prohibidos como han hecho otros pa\u00edses de nuestro entorno europeo, y fomentarse como alternativa la agricultura ecol\u00f3gica. <\/p>\n<p>P.- En primer lugar, gracias por animar la vida pol\u00edtica espa\u00f1ola. Mi pregunta parte de una constataci\u00f3n: los modelos organizativos conocidos en organizaciones pol\u00edticas parecen haber fracasado (desmintiendo incluso los ideales y programas defendidos). \u00bfSe plantea Equo v\u00ednculos de agrupaci\u00f3n y f\u00f3rmulas de participaci\u00f3n novedosas? <\/p>\n<p>R.- Gracias. Efectivamente, nosotros partimos del descontento con el modelo de los partidos actuales. Queremos profundizar en la democracia, y en la spr\u00e1cticas democr\u00e1ticas. En ese sentido estamos aprendiendo de algunas iniciativas de los verdes europeos, en el sentido de hacer pol\u00edtica de una manera mucho m\u00e1s abierta. Esa profundizaci\u00f3n democr\u00e1tica, y las formas de hacerlo, ser\u00e1 uno de los trabajos de la Fundaci\u00f3n. <\/p>\n<p>P.- Buenos d\u00edas \u00bfEquo puede ser el destino final de personalidades pol\u00edtica que como Narbona o Llamazares han mostrado unas posiciones m\u00e1s proclives a las cuestiones verdes y a una mentalidad m\u00e1s abierta y plural?<\/p>\n<p>R.- Nosotros estamos abiertos a aquellas personas que compartan nuestros principios ideol\u00f3gicos, y quieran venir a trabajar con nosotros. <\/p>\n<p>P.- Buenos d\u00edas, enhorabuena a Greepeace por el trabajo realizado durante tantos a\u00f1os, sobre todo por preocuparse por la agresi\u00f3n a la costa: INFORMES DE ESTRUCCI\u00d3N A TODA COSTA. \u00bfEs compatible la defensa del litoral, lo que nos queda sano, con la pol\u00edtica y el desarrollo de planes urban\u00edsticos?. <\/p>\n<p>R.- El desarrollismo urban\u00edstico en Espa\u00f1a est\u00e1 detr\u00e1s de que la crisis sea m\u00e1s grave que en otros paises, adem\u00e1s de la destrucci\u00f3n ecol\u00f3gica de nuestro litoral y de la corrupci\u00f3n en la vida pol\u00edtica. Por elllo es necesario cambiar esto y yo creo que para ello es urgente cambiar la forma en la que se financian los municpios espa\u00f1oles. No es sostenible que los municipios dependan del desarrollo urban\u00edstico para tener ingresos, porque eso da alas a los otros problemas que he mencionado.<\/p>\n<p>P.- Que tal buenas tardes. Est\u00e1 usted a favor o en contra de la Tauromaquia. \u00bfConoce la dehesa espa\u00f1ola?<\/p>\n<p>R.- Estoy en contra de que la utilizaci\u00f3n del sufrimiento animal para el disfrute de las personas. Sinceramente no entiendo como en pleno siglo XXI puede seguir existiendo una pr\u00e1ctica tan cruel como las corridas de toros. Por supuesto que conozco la dehesa espa\u00f1ola, y creo que hay muchas formas de preservarla que no justifican las corridas.<\/p>\n<p>P.- \u00bfEquo es el nombre de la fundaci\u00f3n o de un futuro partido pol\u00edtico? <\/p>\n<p>R.- Equo es el nombre con el que queremos legalizar la fundaci\u00f3n. Cuando llegue el momento de dar el paso, ya veremos si seguimos con ese nombre, o buscamos otro. No est\u00e1 decidido. <\/p>\n<p>P.- Buenos d\u00edas, Juan. Llevo a\u00f1os esperando que surja en Espa\u00f1a un partido como el que quieres encabezar. Mi regunta es: \u00bfCu\u00e1l es la relaci\u00f3n, si es que hay alguna, entre Equo y el \u00fanico partido verde que existe ahora en Espa\u00f1a, ICV? \u00bfHan tenido contacto con ellos, plantean unirse, depender\u00e1 esa relaci\u00f3n de la coalici\u00f3n que mantienen con IU? Gracias<\/p>\n<p>R.- Nosotros estamos trabajando con el PArtido Verde Europeo en este proyecto. Desde hace a\u00f1os ICV es miembro de los VErdes Europeos de pleno derecho, y por tanto tambi\u00e9n debe ser parte de este proyecto, siempre que ellos quieran estar. Eso debe decidirlo ICV. <\/p>\n<p>P.- \u00bfvas a hacer huelga el 29 S? <\/p>\n<p>R.- S\u00ed. <\/p>\n<p>P.- y una pregunta personal, \u00bft\u00fa reciclas en tu casa?<\/p>\n<p>R.- S\u00ed. <\/p>\n<p>P.- Me gustar\u00eda saber su postura sobre el maltrato animal; si llega al congreso, \u00bfpondr\u00e1 de manifiesto (y, en su caso, lo har\u00e1 valer en una posible negociaci\u00f3n) la necesidad de una protecci\u00f3n real de los animles, incluyendo prohibir el uso de animales en circos y abolir las corridas de toros?<\/p>\n<p>R.- Ya lo he manifestado en otra pregunta sobre los toros. Estoy, y en Equo estamos, contra el maltrato animal y por tanto nos moveremos en las l\u00edneas que propones, para tratar de eliminar las pr\u00e1cticas que todav\u00eda existen en Espa\u00f1a de utilizaci\u00f3n del sufrimiento animal para el disfrute de las personas. <\/p>\n<p>P.- \u00bfQui\u00e9n les financiar\u00e1 la campa\u00f1a? \u00bfLo har\u00e1n con dinero &#8220;verde&#8221;? \u00bfAceptar\u00e1n dinero de empresas? <\/p>\n<p>R.- Vamos a tratar de conseguir ayudas de los Verdes Europeos, pero nuestro objetivo es financiarnos a trav\u00e9s de los apoyos econ\u00f3micos de las personas individuales que quieran venir con nosotros. No aceptaremos dinero de empresas. <\/p>\n<p>P.- \u00bfPretende liderar un partido verde o la renovaci\u00f3n de la izquierda social y ecologista como alternativa de gobierno? <\/p>\n<p>R.- A mi me interesa lo segundo: la renovaci\u00f3n de la izquierda social y ecologista. Mi papel ser\u00e1 el que el movimiento considere m\u00e1s oportuno. Si hay que liderar o coliderar, porque se considera que eso aporta y construye, lo har\u00e9. Si hay que trabajar desde otra l\u00ednea, pues lo har\u00e9 igualmente. Pero alguien ten\u00eda que tirar del carro, y ahora me ha tocado a mi. En el futuro ya veremos, porque hay mucha gente en este proyecto. <\/p>\n<p>P.- Hola,ojala me equivoque pero tiene tan poca repercusi\u00f3n la politica verde en este pais que dudo mucho que tenga representaci\u00f3n parlamentaria.\u00bfNo estaremos debilitando las fuerzas de izquierda mas aun y fortaleciendo a la derecha con el voto disperso?<\/p>\n<p>R.- Hay mucha. mucha. mucha gente de izquierda que se va a quedar en casa en las pr\u00f3ximas elecciones y no va ir a votar por su descontento con lo que hay. Eso s\u00ed que favorece a la derecha. Por tanto, aportar un proyecto nuevo, ilusionante y distinto puede agitar las aguas y generar una mayor cantidad de votos. <\/p>\n","protected":false},"excerpt":{"rendered":"<p>Juan L\u00f3pez de Uralde ha sido director de Greenpeace en Espa\u00f1a durante 10 a\u00f1os. Abandon\u00f3 la formaci\u00f3n tiempo despu\u00e9s de ser detenido durante la Cumbre del Clima de Copenhague. Ahora, prepara su salto a la pol\u00edtica con un nuevo partido verde, junto con otros destacados ecologistas. EL PA\u00cdS ha publicado que su nueva formaci\u00f3n se llama Equo y que con ella pretende presentarse a las elecciones de 2012. L\u00f3pez de Uralde est\u00e1 charlando EN DIRECTO con los lectores sobre este proyecto.<br \/>\nFoto: Ricardo Guti\u00e9rrez<br \/>\n La formaci\u00f3n verde de L\u00f3pez de Uralde ya tiene nombre: Equo<br \/>\nLos ecologistas ultiman el salto sin red a la pol\u00edtica<\/p>\n","protected":false},"author":1,"featured_media":0,"comment_status":"open","ping_status":"open","sticky":false,"template":"","format":"standard","meta":{"footnotes":""},"categories":[],"tags":[],"class_list":["post-7369","post","type-post","status-publish","format-standard","hentry"],"_links":{"self":[{"href":"https:\/\/intervius.com\/index.html\/wp-json\/wp\/v2\/posts\/7369","targetHints":{"allow":["GET"]}}],"collection":[{"href":"https:\/\/intervius.com\/index.html\/wp-json\/wp\/v2\/posts"}],"about":[{"href":"https:\/\/intervius.com\/index.html\/wp-json\/wp\/v2\/types\/post"}],"author":[{"embeddable":true,"href":"https:\/\/intervius.com\/index.html\/wp-json\/wp\/v2\/users\/1"}],"replies":[{"embeddable":true,"href":"https:\/\/intervius.com\/index.html\/wp-json\/wp\/v2\/comments?post=7369"}],"version-history":[{"count":0,"href":"https:\/\/intervius.com\/index.html\/wp-json\/wp\/v2\/posts\/7369\/revisions"}],"wp:attachment":[{"href":"https:\/\/intervius.com\/index.html\/wp-json\/wp\/v2\/media?parent=7369"}],"wp:term":[{"taxonomy":"category","embeddable":true,"href":"https:\/\/intervius.com\/index.html\/wp-json\/wp\/v2\/categories?post=7369"},{"taxonomy":"post_tag","embeddable":true,"href":"https:\/\/intervius.com\/index.html\/wp-json\/wp\/v2\/tags?post=7369"}],"curies":[{"name":"wp","href":"https:\/\/api.w.org\/{rel}","templated":true}]}}