{"id":7354,"date":"2009-05-12T00:00:00","date_gmt":"2006-11-06T00:00:00","guid":{"rendered":"https:\/\/intervius.com\/index.html\/?p=7354"},"modified":"2006-11-06T00:00:00","modified_gmt":"2006-11-06T00:00:00","slug":"Zan7354","status":"publish","type":"post","link":"https:\/\/intervius.com\/index.html\/Zan7354\/","title":{"rendered":"Zan"},"content":{"rendered":"<p>Pregunta.- Hola Zan&#8230; Cu\u00e1l ser\u00eda ahor tu sue\u00f1o profesional? D\u00f3nde te gustar\u00eda bailar? Para qu\u00e9 artista? Un saludo y suerte<\/p>\n<p>Respuesta.- Por lo que he experimentado me gustar\u00eda dedicarme a bailar pero relacionado con el mundo del espect\u00e1culo alguna serie, anuncio. Como cantante me gusta el hip-hop. Missy Elliott me gusta mucho.<\/p>\n<p>P.- Has estado tomando clases despues de ser expulsado la primera vez?<\/p>\n<p>R.- S\u00ed he tomado clases pero no tantas como quisiera. He estado trabajando y no he tenido tiempo suficiente para formarme mejor, pero si he tomado las clases que he podido<\/p>\n<p>P.- Zan, \u00bfc\u00f3mo te has sentido al saber que eras el expulsado? un beso \ud83d\ude42<\/p>\n<p>R.- Sinceramente ni bien ni mal. Porque estaba claro. No tengo mucho que competir contra dos chicas tan incre\u00edbles como Carol y Esther.<\/p>\n<p>P.- \u00bfcual es tu cancion favorita?<\/p>\n<p>R.- Hay muchas que me gustan. Me gustan artistas como Busta Rhymes, Missy Elliott, Omarion\u2026y de ese rollo.<\/p>\n<p>P.- \u00bfcual es tu idolo del baile?<\/p>\n<p>R.- Depende de para que estilo. Mis primeros \u00eddolos fueron mis amigos y compa\u00f1eros de baile, porque lo que yo no sabia hacer, ellos s\u00ed sab\u00edan y al rev\u00e9s. Entonces nos juntamos, y aprend\u00edamos unos de otros.<\/p>\n<p>P.- \u00bfquien es el mejor alumno de fama 1 y fama 2?\u00bfy el peor?<\/p>\n<p>R.- De Fama 1 no tengo gran conocimiento. Y de Fama 2, por lo que yo he visto, como alumno y trabajador, posiblemente Raquel, Iraida y Sergi <\/p>\n<p>P.- \u00bfZ\u00e1n haber estado en la segunda edicion de fama te ha abierto puertas? \u00bf que tal es la convivencia en la casa? un beso!<\/p>\n<p>R.- Para ciertas cosas me ha abierto las puertas, pero para otras no ha ayudado. La convivencia dentro de la casa es genial.<\/p>\n<p>P.- \u00a1\u00a1Hola!! \u00bfQu\u00e9 te parece esta nueva edici\u00f3n? \u00bfC\u00f3mo has vivido estos pocos d\u00edas? Besos<\/p>\n<p>R.- Esta edici\u00f3n es mucho m\u00e1s dura, sobre todo para los que entren nuevos, porque estar nominado es tener un pie fuera. Y como tambi\u00e9n influye mucho la convivencia y la imagen, el publico se guiar\u00e1 m\u00e1s por la gente que est\u00e1 dentro, porque mientras m\u00e1s tiempo, m\u00e1s cari\u00f1o<\/p>\n<p>P.- \u00bfsigues en contacto con alguno de tus compa\u00f1eros o profesores?<\/p>\n<p>R.- S\u00ed, por supuesto, y espero seguir en contacto y trabajar mucho con ellos.<\/p>\n<p>P.- volverias a entrar esta vez sabiendo que entrabas nominado?<\/p>\n<p>R.- No. Rotundamente no.<\/p>\n","protected":false},"excerpt":{"rendered":"<p>Env\u00eda tus preguntas al expulsado del grupo<\/p>\n","protected":false},"author":1,"featured_media":0,"comment_status":"open","ping_status":"open","sticky":false,"template":"","format":"standard","meta":{"footnotes":""},"categories":[],"tags":[],"class_list":["post-7354","post","type-post","status-publish","format-standard","hentry"],"_links":{"self":[{"href":"https:\/\/intervius.com\/index.html\/wp-json\/wp\/v2\/posts\/7354","targetHints":{"allow":["GET"]}}],"collection":[{"href":"https:\/\/intervius.com\/index.html\/wp-json\/wp\/v2\/posts"}],"about":[{"href":"https:\/\/intervius.com\/index.html\/wp-json\/wp\/v2\/types\/post"}],"author":[{"embeddable":true,"href":"https:\/\/intervius.com\/index.html\/wp-json\/wp\/v2\/users\/1"}],"replies":[{"embeddable":true,"href":"https:\/\/intervius.com\/index.html\/wp-json\/wp\/v2\/comments?post=7354"}],"version-history":[{"count":0,"href":"https:\/\/intervius.com\/index.html\/wp-json\/wp\/v2\/posts\/7354\/revisions"}],"wp:attachment":[{"href":"https:\/\/intervius.com\/index.html\/wp-json\/wp\/v2\/media?parent=7354"}],"wp:term":[{"taxonomy":"category","embeddable":true,"href":"https:\/\/intervius.com\/index.html\/wp-json\/wp\/v2\/categories?post=7354"},{"taxonomy":"post_tag","embeddable":true,"href":"https:\/\/intervius.com\/index.html\/wp-json\/wp\/v2\/tags?post=7354"}],"curies":[{"name":"wp","href":"https:\/\/api.w.org\/{rel}","templated":true}]}}