{"id":7348,"date":"2009-05-13T00:00:00","date_gmt":"2006-11-06T00:00:00","guid":{"rendered":"https:\/\/intervius.com\/index.html\/?p=7348"},"modified":"2006-11-06T00:00:00","modified_gmt":"2006-11-06T00:00:00","slug":"Juanma_Trueba7348","status":"publish","type":"post","link":"https:\/\/intervius.com\/index.html\/Juanma_Trueba7348\/","title":{"rendered":"Juanma Trueba"},"content":{"rendered":"<p>Pregunta.- Hola Juanma \u00bfQu\u00e9 hay que hacer para que la Liga no pare en Navidad y la Copa sea a un partido y la final de Copa se juegue despu\u00e9s de terminar la Liga? Si queremos demostrar que somos la mejor Liga del mundo se tendr\u00eda que echar una mano a los equipos que juegan en Europa.<\/p>\n<p>Respuesta.- Es sencillo: hay que cambiar de presidentes en la Federaci\u00f3n y en la Liga de F\u00fatbol Profesional. La teor\u00eda es sencilla, porque la pr\u00e1ctica se antoja mucho m\u00e1s complicada. Pero resulta evidente el desprecio a las competiciones por parte de quien deber\u00eda defenderlas.<\/p>\n<p>P.- En los tiempos que corren, hablar de canteras, de compromiso de jugadores nacionales y bla, bla, bla, me parece no entender lo que es el deporte. La implicaci\u00f3n, la integraci\u00f3n y el compromiso va con la persona, no con su origen. La profesionalidad es lo que cuenta. Jugadores de or\u00edgenes distintos han sido referentes de implicaci\u00f3n y arraigo. S\u00f3lo hay que recordar a Distefano, Mauro Silva, Neskens,Zidane, Futre,el mismo Beckam y n largo etec\u00e9tera, que ponen en segundo plano a jugadores como, por ejemplo, al propio Guti y otros tantos. Esto viene a cuento de las declaraciones de Casillas que apuesta por jugadores nacionales. En mi opini\u00f3n, lo que hay que mirar es al jugador y su personalidad, no tanto a su origen. \u00bfCual es su opini\u00f3n, Juanma?<\/p>\n<p>R.- Comprendo tu punto de vista, pero debes tener en cuenta que en estos momentos el f\u00fatbol espa\u00f1ol es campe\u00f3n de la Eurocopa y el futbolista espa\u00f1ol es, en general, el m\u00e1s cotizado del mundo. No tiene sentido apostar por jugadores de otros pa\u00edses, cuya adaptaci\u00f3n resulta m\u00e1s complicada, cuando lo mejor est\u00e1 en casa. Adem\u00e1s, tambi\u00e9n creo en un mayor compromiso del futbolista nacional, aunque s\u00f3lo sea por un simple conocimiento de la cultura deportiva del pa\u00eds y del club. Asimismo, los jugadores nacionales favorecen la identificaci\u00f3n con el aficionado y estrechan el v\u00ednculo entre equipos y seguidores. Estoy con Casillas, como ves.<\/p>\n<p>P.- Juanma,qu\u00e9 te parece Diego Forl\u00e1n?<\/p>\n<p>R.- El mejor delantero centro de Espa\u00f1a y uno de los grandes de Europa. No comprendo bien c\u00f3mo no se lo rifan los clubes con posibles. Su cl\u00e1usula, alrededor de 30 millones, invita a ello.<\/p>\n<p>P.- Buenos dias, \u00bfNo crees que Florentino gastara mas de lo que deber\u00eda debido a la final de champions que hay el a\u00f1o que viene en el Santiago Bernabeu (para recuperar a lo grande la champions league)? Gracias<\/p>\n<p>R.- Me da la impresi\u00f3n de que Florentino gastar\u00e1 todo lo que pueda, y me temo que al madridismo le parecer\u00e1 poco. El caso es que los recursos son limitados (no hay torres esta vez) y ser\u00e1 necesaria una h\u00e1bil pol\u00edtica de ventas y negociaciones para alcanzar las expectativas que se han creado. Estoy deseando verlo, no obstante, para aprender de ingenier\u00eda financiera.<\/p>\n<p>P.- Hola Juanma!! leo asombrado que Florentino lo mismo ficha a Wenger que a Mourinho, dos estilos completamente antagonistas creo, en definitiva, m\u00e1s de lo mismo porque no saben lo que quieren, hay que definir un estilo e ir a muerte con \u00e9l. Que te parece a ti? Gracias<\/p>\n<p>R.- Tampoco yo lo entiendo. Da la sensaci\u00f3n de que importa m\u00e1s el glamour del entrenador que su propuesta futbol\u00edstica, y eso resulta muy peligroso porque nos retrotrae a viejos desastres.<\/p>\n<p>P.- Te puedes imaginar a Florentino y Valdano descubriendo a un Sacchi o un Guardiola del futuro? Yo no, y me parece muy triste que el madridismo se resigne a un presidente muy poderoso pero sin visiones en cuanto a la identidad del equipo. <\/p>\n<p>R.- Florentino quiere ir a lo seguro, pero me temo que eso no es posible: ning\u00fan entrenador est\u00e1 suficientemente contrastado hasta que se prueba en el Madrid Y habr\u00e1 que decir en descargo de Florentino que tampoco aparece en el horizonte un entrenador prometedor y vanguardista, excepto Guardiola. \u00c9l s\u00ed ser\u00eda el nuevo Figo.<\/p>\n<p>P.- Hola Juanma, \u00bf De donde va a sacar el dinero Florentino para llevar a cabo todos los fichajes que se estan diciendo y para realizar el cierre del Bernab\u00e9u? Muchas gracias. Un saludo de un gijones<\/p>\n<p>R.- Es un misterio que se presenta apasionante. Cuentan que hay m\u00e1s de cien millones en caja, pero esos billetes se acabar\u00e1n pronto si se afronta una renovaci\u00f3n como la que se pretende. Habr\u00e1 que vender caro entonces y esa asignatura hace muchos a\u00f1os que no se aprueba en el Real Madrid.<\/p>\n<p>P.- Hola Juanma. Gracias por actualizar el blog frecuentemente. Dejando a un lado al Madrid, me gustaria preguntarte por el tema Valverde. Te parece bien la sancion? Sospechas que en realidad la famosa bolsa VALV-Piti es suya? Es un poco verguenza que tenga que tomar cartas en el asunto otro pais.<\/p>\n<p>R.- La sospecha sobre Valverde era vieja e internacional desde que se destap\u00f3 la Operaci\u00f3n Puerto y su vinculaci\u00f3n result\u00f3 tan obvia. Creo que el chico ha estado mal asesorado y mejor le hubiera ido si se hubiera prestado a colaborar con la investigaci\u00f3n a cambio de una reducci\u00f3n en el castigo. Hubiera quedado bien, hubiera quedado limpio y ahora, en la plenitud de su carrera, estar\u00eda en condiciones de disputar las grandes vueltas del calendario. Pero no, los ciclistas y su entorno insisten en negarlo todo, mientras los casos de dopaje se suceden. Si el corredor ha pecado de falta de personalidad, el papel de su equipo tampoco ha sido mucho mejor. La consecuencia es que Valverde no podr\u00e1 correr en Italia y en el resto de pa\u00edses lo har\u00e1, todav\u00eda, bajo sospecha. Una l\u00e1stima.<\/p>\n<p>P.- hola Juanma, enhorabuena por tus cr\u00f3nicas. Los aficionados del Madrid ya s\u00f3lo pensamos en la pr\u00f3xima temporada e, independientemente de qui\u00e9n sea el presidente, uno de los nombres que m\u00e1s inquieta es el del entrenador, porque no creo que causen la misma aceptaci\u00f3n nombres tan dispares como Mourinho o Wenger&#8230;.\u00bfqu\u00e9 te parece Pellegrini?, \u00bfno ser\u00eda el hombre ideal por su gran conocimiento de la liga, experiencia, apuesta ofensiva, ya ha demostrado car\u00e1cter(Caso Riquelme) y con hambre de t\u00edtulos y de reivindicarse como gran entrenador? y por otro lado, uno se cansa de oir nombres de jugadores que, tan pronto est\u00e1n fichados, como de repente no quieren venir. \u00bfPodr\u00edas darnos porcentajes de probabilidad de venir de los nombres que todos conocemos&#8230;.l\u00e9ase C.Ronaldo, Kaka, Ribery, Xabi Alonso, Cesc, Villa, Silva&#8230;..y esperando que se respesque a Granero y Negredo y pasen a formar parte de la plantilla del Real Madrid, un saludo\u00a1\u00a1<\/p>\n<p>R.- Se ha dicho ya que Pellegrino es el candidato de Valdano, pero lo cierto es que a estas alturas todo son especulaciones, mejor o peor intencionadas, y me refiero al inter\u00e9s de los agentes. Me pides probabilidades de fichajes y apostar\u00e9 casi como si fuera un juego, con poca base cient\u00edfica y guiado m\u00e1s por intuiciones que por pruebas: Cristiano (80%), Kak\u00e1 (60%), Rib\u00e9ry (60%), Xabi (70%), Cesc (40%), Villa (40%), Silva (40%). Y del regreso de Negredo y Granero no tengo dudas: volver\u00e1n..<\/p>\n<p>P.- buenas crack! \u00bfque posibilidades hay de traer a Wenger a nuestro Madrid?\u00bfseria la llave para traer con el a Cesc?un saludo<\/p>\n<p>R.- Wenger se lo est\u00e1 pensando y es l\u00f3gico. Para \u00e9l es un salto en su curr\u00edculo, pero tambi\u00e9n el tr\u00e1nsito hacia una vida peor, m\u00e1s insegura. Y desde luego ser\u00eda muy importante para traer a Cesc.<\/p>\n<p>P.- Buenas Trueba, \u00bfque equipo ves favorito para pasar la eliminatoria entre el C\u00e1diz y Real Uni\u00f3n? Saludos<\/p>\n<p>R.- Estar\u00e1 complicado porque son dos equipos fuertes que han dominado sus respectivos grupos, dos clubes de prestigio que merecen estar en Segunda. El Real Uni\u00f3n elimin\u00f3 al Madrid de la Copa y eso le ha concedido un cach\u00e9 especial y, quiz\u00e1, una mayor seguridad en las eliminatorias. Le concedo una m\u00ednima ventaja por eso.<\/p>\n<p>P.- La noche del lunes escuch\u00e9 al entrenador del Athletic en el Larguero decir que su equipo va a jugar al l\u00edmite del reglamento para que los jugadores del Barcelona se lo piensen dos veces ante la posibilidad de lesionarse para la final de la Champions. Preveo un lesionado en el Barcelona en el primer cuarto de hora de partido. \u00bfNo existe alguna manera de que se sancione a este entrenador por sibilino y maquiav\u00e9lico? <\/p>\n<p>R.- Jugar al l\u00edmite del reglamento no es delito, siempre y cuando no se sobrepasen los l\u00edmites. Tenemos que entender, por una parte, que al Athletic no le queda otra opci\u00f3n que plantear un partido duro y trabado, asumiendo que corre el riesgo de tener expulsados. Me parece, por otro lado, que Caparr\u00f3s ha querido ganar la batalla dial\u00e9ctica, intimidar al Barcelona.<\/p>\n<p>P.- Hola Juanma, d\u00edme que lo de Cristiano por Pepe es una broma!, que sabes al respecto?, Pepe es muy buen central, de lo mejorcito, adem\u00e1s es muy joven por lo que le quedan a\u00f1os de calidad y un margen de mejora barbaro,&#8230;y todo esto sin olvidarnos que la defensa del Madrid esta muy escasa de jugadores, m\u00e1s a\u00fan de jugadores de calidad, por lo que veo tonto e inacertado terminar de desbaratarla! dime que es broma please! Saludos <\/p>\n<p>R.- La noticia viene de Portugal y concedo a la informaci\u00f3n cierta credibilidad. Adem\u00e1s, no podemos esperar que los grandes clubes de Europa se desprendan de sus estrellas sin pedir nada a cambio, y en ocasiones el dinero no es bastante. No obstante, si vender a Pepe fuera la \u00fanica forma de traer a Cristiano Ronaldo yo me plantear\u00eda la cuesti\u00f3n, pues resulta m\u00e1s trascendente un gran delantero que un gran defensa.<\/p>\n<p>P.- \u00bfSe pueden leer entre l\u00edneas las palabras de Iker? \u00bfEst\u00e1 pidiendo Iker, mas que jugadores, un vestuario cohesionado?<\/p>\n<p>R.- Podr\u00eda ser\u2026 En cualquier caso, Casillas siempre ha reivindicado la figura del jugador nacional y, especialmente, canterano. En mi opini\u00f3n es una asignatura pendiente en las diferentes direcciones deportivas del club en los \u00faltimos a\u00f1os.<\/p>\n","protected":false},"excerpt":{"rendered":"<p>El subdirector del Diario AS, Juanma Trueba ha charlado con los lectores sobre la actualidad que rodea al Real Madrid y la final de la Copa del Rey.<br \/>\nARCHIVO DE ENTREVISTAS:<\/p>\n<p>&#8211; 06 de mayo<br \/>\n&#8211; 29 de abril<br \/>\n&#8211; 22 de abril<br \/>\n&#8211; 15 de abril- 8 de abril<br \/>\n&#8211; 1 de abril<br \/>\n&#8211; 25 de marzo<br \/>\n&#8211; 18 de marzo<br \/>\n&#8211; 11 de marzo<br \/>\n&#8211; 4 de marzo<br \/>\n&#8211; 25 de febrero<br \/>\n&#8211; 11 de febrero<br \/>\n&#8211; 28 de enero<br \/>\n&#8211; 22 de enero<br \/>\n&#8211; 14 de enero<br \/>\n&#8211; 7 de enero<br \/>\n&#8211; 17 de diciembre<br \/>\n&#8211; 3 de diciembre<br \/>\n&#8211; 26 de Noviembre<br \/>\n&#8211; 20 de Noviembre<br \/>\n&#8211; 13 de Noviembre<br \/>\n&#8211; 6 de Noviembre<br \/>\n&#8211; 30 de Octubre<br \/>\n&#8211; 22 de Octubre<br \/>\n&#8211; 16 de Octubre<br \/>\n&#8211; 8 de Octubre<br \/>\n&#8211; 1 de Octubre<br \/>\n&#8211; 24 de Septiembre<br \/>\n&#8211; 17 de Septiembre<br \/>\n&#8211; 11 de Septiembre<br \/>\n&#8211; 3 de Septiembre<\/p>\n","protected":false},"author":1,"featured_media":0,"comment_status":"open","ping_status":"open","sticky":false,"template":"","format":"standard","meta":{"footnotes":""},"categories":[],"tags":[],"class_list":["post-7348","post","type-post","status-publish","format-standard","hentry"],"_links":{"self":[{"href":"https:\/\/intervius.com\/index.html\/wp-json\/wp\/v2\/posts\/7348","targetHints":{"allow":["GET"]}}],"collection":[{"href":"https:\/\/intervius.com\/index.html\/wp-json\/wp\/v2\/posts"}],"about":[{"href":"https:\/\/intervius.com\/index.html\/wp-json\/wp\/v2\/types\/post"}],"author":[{"embeddable":true,"href":"https:\/\/intervius.com\/index.html\/wp-json\/wp\/v2\/users\/1"}],"replies":[{"embeddable":true,"href":"https:\/\/intervius.com\/index.html\/wp-json\/wp\/v2\/comments?post=7348"}],"version-history":[{"count":0,"href":"https:\/\/intervius.com\/index.html\/wp-json\/wp\/v2\/posts\/7348\/revisions"}],"wp:attachment":[{"href":"https:\/\/intervius.com\/index.html\/wp-json\/wp\/v2\/media?parent=7348"}],"wp:term":[{"taxonomy":"category","embeddable":true,"href":"https:\/\/intervius.com\/index.html\/wp-json\/wp\/v2\/categories?post=7348"},{"taxonomy":"post_tag","embeddable":true,"href":"https:\/\/intervius.com\/index.html\/wp-json\/wp\/v2\/tags?post=7348"}],"curies":[{"name":"wp","href":"https:\/\/api.w.org\/{rel}","templated":true}]}}