{"id":7338,"date":"2009-05-12T00:00:00","date_gmt":"2006-11-06T00:00:00","guid":{"rendered":"https:\/\/intervius.com\/index.html\/?p=7338"},"modified":"2006-11-06T00:00:00","modified_gmt":"2006-11-06T00:00:00","slug":"Tomas_Roncero7338","status":"publish","type":"post","link":"https:\/\/intervius.com\/index.html\/Tomas_Roncero7338\/","title":{"rendered":"Tom\u00e1s Roncero"},"content":{"rendered":"<p>Pregunta.- Hola Tomas,mi pregunta es sobre Jose Manuel Jurado,\u00bfque opinas de este futbolista? a mi me encanta este jugador,creo que ha madurado y que el Madrid deberia darle una segunda oportunidad ahora que tanto se habla de volver a la cantera.Salvando las distancias creo que podria ser el Iniesta del Real Madrid.Gracias chatin!<\/p>\n<p>Respuesta.- Juradito ha crecido mucho en el Mallorca y est\u00e1 haciendo justicia a su mote: el Zidane de Sanl\u00facar. Pero para jugar en el Madrid la exigencia es m\u00e1xima y si al chaval le dejan en el banquillo le arruinar\u00edan la carrera. En Son Moix desplegar\u00e1 mejor su calidad t\u00e9cnica, que es excepcional. <\/p>\n<p>P.- Buenos dias Gran Roncero.Como el Bar\u00e7a haga triplete ya me puedo ir al monte como Curro Jimenez ya que mis amigos cules me lo van a recordar por bastante tiempo jajajaja. Mi pregunta es si crees que Pellegrini tiene opciones serias de entrenar al Madrid pues vaya partido se marco contra el Bar\u00e7a y eso que tenia dos bajas importantes el Villarreal. Gracias crack<\/p>\n<p>R.- A m\u00ed me gusta mucho Pellegrini. Me parece un tipo capaz y muy preparado para dar ese salto. Inteligente, audaz y defensor de un estilo de juego muy interesante. Pero el mejor colocado sigue siendo Wenger.<\/p>\n<p>P.- Hola Tomas, que tal estas crack? Tengo que admitir que mi orgullo merengue esta por los suelos. No podia imaginar dos golpes tan duros como el partido del bernabeu y el euro-villaratazo. Aunque con su defensa en cuadro no seran rivales para CR7(9), ni para los ultramotivados leones. Crees que el golpe moral que sufriran nos da aun alguna opcion de culminar la GR y terminar ganando la liga?<\/p>\n<p>R.- La Liga est\u00e1 perdida desde el d\u00eda del 2-6 y eso lo sabemos todos. Peo lo importante es morir de pie y tener dignidad en el adi\u00f3s de la temporada. Por respeto a la afici\u00f3n del Madrid y por respeto a s\u00ed mismos. Llega el momento de exigir a los jugadores que no derriben de mala manera el milagro obrado durante cinco meses en los que nos recuperaron la ilusi\u00f3n. <\/p>\n<p>P.- Pero es que nadie ve en el Madrid, que SILVA es otro Iniesta en potencia?&#8230;..H\u00e1gaselo saber a Valdano, hombre de dios&#8230;&#8230;Saludos Tommy&#8230;.<\/p>\n<p>R.- Estoy contigo. Es buen\u00edsimo, con visi\u00f3n de juego, pegada y mucha personalidad. Un futbolista nacido en Arguinegu\u00edn merece mucha atenci\u00f3n. Ser\u00eda un gran fichaje pero no s\u00e9 si habr\u00e1 dinero para todos&#8230;<\/p>\n<p>P.- \u00bfA quien pondrias tu al frente de la cantera del futuro Real Madrid?<\/p>\n<p>R.- A Del Bosque, el hombre m\u00e1s grande que ha pasado por la cantera de este sagrado club junto a Antonio Mezquita y el inolvidable Miguel Malbo.<\/p>\n<p>P.- \u00bfNo crees que es vergonzoso que los jugadores, t\u00e9cnico y directivos del Madrid hayan bajado los brazos? con el tropiezo del Bar\u00e7a frente al Villarreal podr\u00edamos haber recortado la distancia y seguir teniendo opciones a la Liga? <\/p>\n<p>R.- Estoy contigo y en mi p\u00e1gina del AS del domingo se me not\u00f3 la irritaci\u00f3n que ten\u00eda. Un cero en conducta y compromiso. Los jugadores del Madrid no pueden bajar los brazos por mucho que el gran objetivo se haya esfumado. El escudo siempre por encima de todo.<\/p>\n<p>P.- Hola Tom\u00e1s, \u00bfcu\u00e1les de entre Ribery-Silva-Robben es m\u00e1s probable que est\u00e9n en el Madrid el a\u00f1o que viene por lo que sabeis en As? Un saludo<\/p>\n<p>R.- El franc\u00e9s es el mejor colocado porque est\u00e1 avalado por Zidane, mientras que Robben tiene todas las papeletas de ser el primero en salir para hacer caja: su precio est\u00e1 en 25 millones de euros.<\/p>\n<p>P.- Hola Tom\u00e1s. Si tuvieses que &#8220;mojarte&#8221;, que jugadores crees que llegaran al madrid realmente???. Te atreves con el once titular de la temporada que viene??. Un saludo, gracias.<\/p>\n<p>R.- Por apostar que no quede crack. Casillas, Ramos, Pepe, Garay, Clichy; Lass, Xabi Alonso; Cristiano, Kak\u00e1, Rib\u00e9ry; Villa (o Ra\u00fal).<\/p>\n<p>P.- Tu opini\u00f3n del caracter de este Cristiano Ronaldo, que tan gracilmente se pone al servicio de su equipo y entrenador de una forma tan humilde? <\/p>\n<p>R.- A m\u00ed me parece un ganador y ser\u00eda absurdo no ficharle por una rabieta en la que demuestra que es un ganador por querer jugar siempre. Cristiano ser\u00e1 el pr\u00f3ximo Bal\u00f3n de Oro y ya lo fue en 2008. Hay que traerlo como sea.<\/p>\n<p>P.- Tomas, \u00bfalg\u00fan candidato va con Albiol para el centro de la defensa?. \u00bfA qu\u00e9 har\u00eda buena pareja con Pepe?<\/p>\n<p>R.- S\u00e9 que gusta a varios candidatos. Espa\u00f1ol, de la Roja y con juventud. Fichaje perfecto en todos los sentidos.<\/p>\n<p>P.- Soy del Recreativo de huelva, lo estamos pasando mal ahora como te podr\u00e1s imaginar, \u00bfcrees que nos salvaremos? Otra. No entiendo que prefieras q el Manchester gane al Barcelona, joer yo tambien preferir\u00eda al Madrid, pero \u00bfeso es lo que nos diferencia no? nosotros somos madridistas ellos no son cules son antimadridistas? No caes en el mismo error deseando que gane el Manchester?<\/p>\n<p>R.- El Recreativo va a ganar este fin de semana y todav\u00eda pueder salvarse amigo. El Recre se merece estar en Primera porque es un equipo con solera y con una afici\u00f3n magn\u00edfica. En cuanto a lo del Manchester no lo puedo evitar. Quiero que el Bar\u00e7a pierda hasta el Gamper. Es el rival hist\u00f3rico desde que era ni\u00f1o y como ellos se alegran cuando nos eliminan de la Champions pues yo igual. Siento que no te guste amigo pero prefiero no ser hip\u00f3crita. <\/p>\n<p>P.- Tommy, \u00bfes cierto que Diego Lopez se ha negado a ir al Barca ya que es muy madridista?<\/p>\n<p>R.- No lo s\u00e9 pero si fuera verdad ole sus narices. Diego es el mejor portero de Espa\u00f1a despu\u00e9s de Casillas. Es un crack y se lo merece todo. <\/p>\n<p>P.- Desde la Pe\u00f1a madridista Impala de Santander,te agradecer\u00edamos que hicieses lo posible para que el medio campo del pr\u00f3ximo a\u00f1o,sea nacional,5 estrellas,joven y con mucha hambre:\u00bfque te parece la dupla Silva-Cesc?Podemos completar el equipo con Villa Y Ribery,y no har\u00edan falta m\u00e1s retoques para el 11.\u00bfTe parece acertada la propuesta?Un saludo<\/p>\n<p>R.- Suena muy bien amigos, para qu\u00e9 enga\u00f1arnos. El \u00fanico matiz que pondr\u00eda es que yo tambi\u00e9n quiero a Cristiano Ronaldo, que me parece un jugador que te gana un partido por s\u00ed solo. Viva la Pe\u00f1a Impala y todos los madridistas de Santander.<\/p>\n<p>P.- HOla Crack, tengo una pregunta simple y sencilla: \u00bfQuieren traer a Villa al Madrid? A esta persona que hace unos meses dijo que no&#8230; Antes a Benzema<\/p>\n<p>R.- Villa es madridistas y me consta. Tranquilo que si viene se hinchar\u00e1 a meter goles con el Madrid. Y Ra\u00fal le respetar\u00eda en contra de lo que se ha dicho. Juntos se hinchar\u00edan a meter goles.<\/p>\n<p>P.- Hola Tom\u00e1s. Quien crees que sera el entrenador del madrid la proxima temporada??. Gracias, un saludo.<\/p>\n<p>R.- A m\u00ed me gustaba Juande Ramos pero como s\u00e9 que es imposible que se quede hay que apostar por alguien con perfil duro (Mourinho) o alguien que guste de un f\u00fatbol din\u00e1mico y est\u00e9tico (Wenger o Pellegrini).<\/p>\n","protected":false},"excerpt":{"rendered":"<p>El redactor jefe del Diario AS, Tom\u00e1s Roncero ha charlado con los lectores sobre la actualidad del Real Madrid. <\/p>\n<p>ARCHIVO DE ENTREVISTAS:<\/p>\n<p>-5 de mayo<br \/>\n-28 de abril<br \/>\n-21 de abril<br \/>\n-14 de abril<br \/>\n-07 de abril<br \/>\n-31 de marzo<br \/>\n-25 de marzo<br \/>\n-17 de marzo<br \/>\n-24 de febrero<br \/>\n-17 de febrero<br \/>\n-10 de febrero<br \/>\n-2 de julio<br \/>\n-14 de junio <\/p>\n","protected":false},"author":1,"featured_media":0,"comment_status":"open","ping_status":"open","sticky":false,"template":"","format":"standard","meta":{"footnotes":""},"categories":[],"tags":[],"class_list":["post-7338","post","type-post","status-publish","format-standard","hentry"],"_links":{"self":[{"href":"https:\/\/intervius.com\/index.html\/wp-json\/wp\/v2\/posts\/7338","targetHints":{"allow":["GET"]}}],"collection":[{"href":"https:\/\/intervius.com\/index.html\/wp-json\/wp\/v2\/posts"}],"about":[{"href":"https:\/\/intervius.com\/index.html\/wp-json\/wp\/v2\/types\/post"}],"author":[{"embeddable":true,"href":"https:\/\/intervius.com\/index.html\/wp-json\/wp\/v2\/users\/1"}],"replies":[{"embeddable":true,"href":"https:\/\/intervius.com\/index.html\/wp-json\/wp\/v2\/comments?post=7338"}],"version-history":[{"count":0,"href":"https:\/\/intervius.com\/index.html\/wp-json\/wp\/v2\/posts\/7338\/revisions"}],"wp:attachment":[{"href":"https:\/\/intervius.com\/index.html\/wp-json\/wp\/v2\/media?parent=7338"}],"wp:term":[{"taxonomy":"category","embeddable":true,"href":"https:\/\/intervius.com\/index.html\/wp-json\/wp\/v2\/categories?post=7338"},{"taxonomy":"post_tag","embeddable":true,"href":"https:\/\/intervius.com\/index.html\/wp-json\/wp\/v2\/tags?post=7338"}],"curies":[{"name":"wp","href":"https:\/\/api.w.org\/{rel}","templated":true}]}}