{"id":7329,"date":"2009-05-14T00:00:00","date_gmt":"2006-11-06T00:00:00","guid":{"rendered":"https:\/\/intervius.com\/index.html\/?p=7329"},"modified":"2006-11-06T00:00:00","modified_gmt":"2006-11-06T00:00:00","slug":"Pedro_Garcia-Alonso7329","status":"publish","type":"post","link":"https:\/\/intervius.com\/index.html\/Pedro_Garcia-Alonso7329\/","title":{"rendered":"Pedro Garc\u00eda-Alonso"},"content":{"rendered":"<p>Pregunta.- Recomienda realizar busqueda de trabajo fuera de Espa\u00f1a? y en caso de que si, \u00bfa qu\u00e9 ciudad deberia dirigirme para hacerlo? Estudi\u00e9 periodismos,y tr\u00e1s la realizaci\u00f3n de cursos y master no he logrado un puesto acorde con mi perfil. Gracias<\/p>\n<p>Respuesta.- \u00bfTrabajo fuera de Espa\u00f1a? &#8211; S\u00ed, por supuesto que s\u00ed. Salir fuera es lo m\u00e1s formativo que existe. Ampl\u00eda perspectivas, aumenta la formaci\u00f3n, engrandece la visi\u00f3n, proporciona contactos\u2026 todo son ventajas. Adem\u00e1s, lo de tu pa\u00eds ya lo posees. No te va a hacerte superar lo f\u00e1cil y sencillo, sino lo dif\u00edcil. Por otra parte, tu capacidad de superaci\u00f3n y de adaptaci\u00f3n a lo nuevo es mucho mayor mientras eres joven. Luego, m\u00e1s adelante, ya no es tiempo de arriesgar ni de invertir: es tiempo de crecer y de cosechar, no de plantar. Rendir\u00e1s mucho m\u00e1s ahora, intentando hacerte sitio fuera. Despu\u00e9s, las cargas de la edad, los condicionamientos de tu status, no te permitir\u00e1n embarcarte en hero\u00edsmos como esos. En resumen, que s\u00ed, que te vayas lo m\u00e1s lejos que puedas, donde m\u00e1s puedas aprender, donde m\u00e1s rendimiento puedas lograr. \u00c1nimo. <\/p>\n<p>P.- \u00bfCrees que el modelo universitario prepara realmente a los j\u00f3venes para un puesto de trabajo?, concretamente, \u00bfqu\u00e9 le falta o qu\u00e9 le sobra a la universidad en este sentido?<\/p>\n<p>R.- Ning\u00fan modelo universitario prepara realmente a los j\u00f3venes para un puesto de trabajo. La universidad no es ni una agencia de Head Hunters, ni una sucursal del INEM, ni una agencia de contrataci\u00f3n, ni una secci\u00f3n de empleo. Lo qu\u00e9 le falta a la Universidad es el contacto con las empresas. La armon\u00eda con el mercado empresarial ser\u00eda lo que proporcionar\u00eda a la Universidad toda esa dimensi\u00f3n de contacto directo con el mercado, que tanto demandan los graduados. Lo que le sobra a la universidad en este sentido es cierta endogamia narcisista, ignorancia y ausencia de los problemas demandados por los que terminan los estudios reglados, como es la formaci\u00f3n permanente, los cursos de actualizaci\u00f3n, las pr\u00e1cticas simultaneadas con los estudios, etc. <\/p>\n<p>P.- \u00bfCual es el factor clave de \u00e9xito para encontrar trabajo en un escenario de recesi\u00f3n econ\u00f3mica?<\/p>\n<p>R.- El factor clave de \u00e9xito para encontrar trabajo en un escenario de recesi\u00f3n econ\u00f3mica est\u00e1 en varias claves que a continuaci\u00f3n te enumero: &#8211; Disponer de modos de actualizar tus conocimientos y destrezas, &#8211; estar a la vanguardia de los avances \u00faltimos en I+D, &#8211; ajustar el perfil ofertado a las capacidades demandadas, &#8211; revisar constantemente el mercado laboral, conociendo los entresijos del tejido empresarial al que te diriges, &#8211; cuidar y mantener y aumentar siempre los contactos, las relaciones, los mentores, &#8211; apertura total a lo que se te ofrezca, no comenzar nunca poniendo pegas ni estrecheces, &#8211; estar dispuesto a aguantar todo tipo de desplazamientos, incomodidades e inestabilidad, que es hoy como est\u00e1 todo, &#8211; tener apertura a reciclar tus capacitaciones seg\u00fan las novedades. <\/p>\n<p>P.- Hola Pedro Garc\u00eda, quisiera saber si puede proporcionarme alg\u00fan consejo para la redacci\u00f3n del curriculum vitae.<\/p>\n<p>R.- En mi Blog www.empresainformativa.com, en la parte donde dice &#8220;Recomendable: Plan profesional&#8221;, tienes las claves fundamentales, que t\u00fa misma puedes consultar. Si no te aclaran tus dudas, puedes dirigirte a mi directamente, pues all\u00ed mismo dispones de mis datos.<\/p>\n<p>P.- Hola, mi pregunta va m\u00e1s orientada a la formaci\u00f3n que a la b\u00fasqueda de empleo. Como profesor, \u00bfQu\u00e9 opina de la reforma de Bolonia? \u00bfVa aser mejor o peor para la educaci\u00f3n? <\/p>\n<p>R.- Bolonia tiene de bueno varias novedades: &#8211; valoraci\u00f3n de los estudios para todo el \u00e1mbito de pa\u00edses europeos. &#8211; a\u00f1adir la dimensi\u00f3n pr\u00e1ctica a los estudios t\u00f3ricos. &#8211; cuidar m\u00e1s detenidamente las tutor\u00edas con los alumnos. &#8211; disponer de grupos de clases m\u00e1s reducidos. &#8211; valoraci\u00f3n constante del aoprendizaje de conocimientos. De negativo, tiene tambi\u00e9n varios aspectos: &#8211; poca informaci\u00f3n de los cambios a los docentes. &#8211; mucha ley escrita y poca aplicaci\u00f3n precisa. &#8211; programas de postgrado que no responden al mercado. &#8211; imposibilidad de caombiar de sopet\u00f3n las mentalidades de los profesores, sin ning\u00fan curso de adaptaci\u00f3n al nuevo modelo.<\/p>\n<p>P.- Cree real la bajada espectacular en las ofertas de empleo \u00f3 piensa que las empresas reclutadoras est\u00e1n aprovechando la situaci\u00f3n y bajan &#8220;precios&#8221; de las ofertas?<\/p>\n<p>R.- Los prcios caen. Las ventas bajan. Los ingresos se reducen. Los despidos aumentan. Esto no es fruto del querer mal\u00e9volo de nadie: es la ley del mercado, las ofertas y las demandas, tal y como nuestra econom\u00eda libre funciona. Tal vez la golbalizaci\u00f3n haya ayudado a aumentar tanto los logros como las p\u00e9rdidas, por m\u00e1s que nos duela. S\u00f3lo econom\u00edas como la de China son capaces de escapar al desastre, pero a costa de perder la libertad, cosa que nadie envidia.<\/p>\n<p>P.- Hola Sr. Garc\u00eda -Alonso, siempre me asaltan las dudas cuando trato de escribir una carta de presetaci\u00f3n. \u00bfExiste alguna pauta general que pueda ayudarme? Muchas gracias.<\/p>\n<p>R.- Ern: en el mismo lugar que comentaba hace un momento, en mi Blog www.empresainformativa.com, en la secci\u00f3n &#8220;Recomendable: Plan profesional&#8221;, dispones de modelos de Carta de presentaci\u00f3n totalmente \u00fatiles para que t\u00fa redactes el tuyo.<\/p>\n<p>P.- He terminado el Doctorado con Cum -Laude,y tengo 30 a\u00f1os&#8230;&#8230;..\u00bfComo puedo entrar a la Universidad&#8230;&#8230;?\u00bfComo se me exige estar dos a\u00f1os de docencia ,si no me contratan&#8230;&#8230;..?Gracias&#8230;. <\/p>\n<p>R.- Comienza por las Universidades privadas. En la p\u00e1gina Ibercampus, dispones del listado completo de todas las entidades de educaci\u00f3n superior que hay en Espa\u00f1a, tanto p\u00fablicas, como privadas, como no reconocidas-casi academias. <\/p>\n<p>P.- C\u00f3mo puede ser que optando a un puesto de alta cualificaci\u00f3n (por ej. director exportaci\u00f3n) con un perfil muy especializado, con idiomas, experiencia en el sector, formaci\u00f3n (ingeniero, MBA), c\u00f3mo puede ser de que haya 200 personas que se &#8220;presenten&#8221;a este puesto? Piensa que demasiados aspirantes mienten \u00f3 inflan su Curriculum? <\/p>\n<p>R.- Acertaste: cuando la necesidad acucia, la gente es capaz de ofrecerse hasta para equilibrista en el circo Price. T\u00fa no lo hagas: vete a lo que realmente te sirva y te convenga. No act\u00faes alocadamente, pues ni te va a ser \u00fatil, ni te va a dar curriculum, ni va a gestar buena imagen, ni te va a servir para nada.<\/p>\n<p>P.- En este momento, que ya estamos equiparados en precios con toda Europa, \u00bfporqu\u00e9 un ciudadano alem\u00e1n, por ejemplo, cobra 90.000? y aqui por el mismo trabajo no se pasa de 35000??<\/p>\n<p>R.- Porque el coste de vida en Alemania es mayor (calefacci\u00f3n m\u00e1s meses, por ejemplo) y mayor el nivel de vida. Adem\u00e1s, la cualificaci\u00f3n laboral alemana da para bastante m\u00e1s que la espa\u00f1ola. Todo ello, sin tener en cuenta la baj\u00edsima rentabilidad de la hora de trabajo del trabajador medio espa\u00f1ol.<\/p>\n<p>P.- Muy buenas, \u00bfC\u00f3mo valorar\u00edas la situaci\u00f3n de los becarios en Espa\u00f1a? \u00bfSe busca mejorar su formaci\u00f3n o es una excusa para que las empresas encuentren trabajadores a bajo coste? Gracias<\/p>\n<p>R.- Lamentablemente tengo que darte la raz\u00f3n. El coste en formaci\u00f3n del empleado en Espa\u00f1a es m\u00ednimo. En el mercado m\u00e1s directo a mi sector, el de la informaci\u00f3n, puedo confirmarte -con excepciones dign\u00edsimas- que los becarios son muchas veces pura fuerza bruta para realizar las tareas m\u00e1s ingratas.<\/p>\n<p>P.- \u00bfQue salidas profesionales ofrecen m\u00e1s futuro para un licenciado en derecho?\u00bfPodr\u00eda informarme sobre posgrados en el \u00e1mbito de la mercadotecnia y la direcci\u00f3n comercial?<\/p>\n<p>R.- Derecho, empresa y comunicaci\u00f3n, son las tres \u00e1reas comod\u00edn plurivalentes. Valen para todo. Todo tiene leyes, dineros y publicidad, desde un Club de f\u00fatbol, hasta una parroquia. En teor\u00eda, abogados, empresarios y periodistas son tres profesiones totalmente separadas. Sus dedicaciones parecen estar totalmente predise\u00f1adas. La realidad es muy distinta. Dado que esas tres carreras asumen m\u00e1s del 40 % de los licenciados que salen de la universidad, ni los medios informativos, ni los bufetes, ni las \u00e1reas financieras de las empresas pueden absorver tal cantidad de mano de obra. Con lo cual, la vida lleva a que cada uno se busque su dedicaci\u00f3n laboral, con la mayor amplitud, apertura y especializaci\u00f3n.<\/p>\n<p>P.- Tengo 49 a\u00f1os y llevo casi dos recicl\u00e1ndome en algo que no hice nunca. En las pocas entrevistas que tuve oportunidad de realizar me obviaron por falta de experiencia o cambio radical de profesi\u00f3n. Estoy desesperado. \u00bfqu\u00e9 posibilidades tengo ?<\/p>\n<p>R.- Hoy han cambiado radicalmente los tiempos. Cada empleado debe ser al mismo tiempo su propio agente laboral, que le vaya dirigiendo a las nuevas ofertas posibles, a los planes de formaci\u00f3n permanente, a las diversas actualizaciones que el mercado va cerando. Buscar trabajo no es como buscar mujer y casarse. Buscar trabajo es una ocupaci\u00f3n constante hasta seis meses antes de jubilarse, conoos setenta a\u00f1os cumplidos. Por eso te recomiendo que leas en mi Blog www.empresainformativa. com los consejos que ofrezco en &#8220;Plan profesional&#8221;. Creo que te va a dar muchas claves de soluci\u00f3n.<\/p>\n<p>P.- Buenas tardes se\u00f1or Garc\u00eda-Alonso. Hace 3 meses que acab\u00e9 la Diplomatura en CC. Empresariales y, pese a haber echado CVs por innumerables lugares, no hay forma de encontrar trabajo por falta de experiencia (realic\u00e9 pr\u00e1cticas en un banco durante 6 meses). y esto es la pescadilla que se muerde la cola. \u00bfNo cree Ud. que los reci\u00e9n licenciados\/diplomados en paro somos los que m\u00e1s dif\u00edcil tenemos enconntrar un primer trabajo debido a que gente que opta a ellos con experiencia esta en el paro?<\/p>\n<p>R.- No eches los curr\u00edculums. Ll\u00e9valos en mano. M\u00e9teselos por los ojos a los directores de recursos humanos. Br\u00edndate a hacer lo que verdaderamente sabes, g\u00e1nate el puesto, igual que te ganas a tu novia. Es un problema de saber comunicar con el mercado de trabajo, acudiendo a los foros, recorriendo los despachos, infatigable al desaliento y decidido a seguir luchando hasta la muerte. \u00c1nimo, que as\u00ed estamos todos, o lo vamos a estar dentro de muy poco. Y cuando lo logres, no te duermas en los laureles. Sigue ensayando en la autoventa de tus destrezas, pues es necesario que te mantengas \u00e1gil y eficiente para toda la vida profesional completa, hasta la jubilaci\u00f3n y m\u00e1s a\u00fan.<\/p>\n","protected":false},"excerpt":{"rendered":"<p>Pedro Garc\u00eda-Alonso profesor de empresa informativa en la UCM y autor de Plan Profesional para encontrar empleo, charl\u00f3 con nuestros lectores, consulta la entrevista, y no dejes de visitar la gu\u00eda de mundo laboral de ParaSaber.com<\/p>\n","protected":false},"author":1,"featured_media":0,"comment_status":"open","ping_status":"open","sticky":false,"template":"","format":"standard","meta":{"footnotes":""},"categories":[],"tags":[],"class_list":["post-7329","post","type-post","status-publish","format-standard","hentry"],"_links":{"self":[{"href":"https:\/\/intervius.com\/index.html\/wp-json\/wp\/v2\/posts\/7329","targetHints":{"allow":["GET"]}}],"collection":[{"href":"https:\/\/intervius.com\/index.html\/wp-json\/wp\/v2\/posts"}],"about":[{"href":"https:\/\/intervius.com\/index.html\/wp-json\/wp\/v2\/types\/post"}],"author":[{"embeddable":true,"href":"https:\/\/intervius.com\/index.html\/wp-json\/wp\/v2\/users\/1"}],"replies":[{"embeddable":true,"href":"https:\/\/intervius.com\/index.html\/wp-json\/wp\/v2\/comments?post=7329"}],"version-history":[{"count":0,"href":"https:\/\/intervius.com\/index.html\/wp-json\/wp\/v2\/posts\/7329\/revisions"}],"wp:attachment":[{"href":"https:\/\/intervius.com\/index.html\/wp-json\/wp\/v2\/media?parent=7329"}],"wp:term":[{"taxonomy":"category","embeddable":true,"href":"https:\/\/intervius.com\/index.html\/wp-json\/wp\/v2\/categories?post=7329"},{"taxonomy":"post_tag","embeddable":true,"href":"https:\/\/intervius.com\/index.html\/wp-json\/wp\/v2\/tags?post=7329"}],"curies":[{"name":"wp","href":"https:\/\/api.w.org\/{rel}","templated":true}]}}