{"id":7292,"date":"2010-08-26T00:00:00","date_gmt":"2006-11-06T00:00:00","guid":{"rendered":"https:\/\/intervius.com\/index.html\/?p=7292"},"modified":"2006-11-06T00:00:00","modified_gmt":"2006-11-06T00:00:00","slug":"Javier_G-_Matallanas7292","status":"publish","type":"post","link":"https:\/\/intervius.com\/index.html\/Javier_G-_Matallanas7292\/","title":{"rendered":"Javier G. Matallanas"},"content":{"rendered":"<p>Pregunta.- Cree usted que esta liga sera de bar\u00e7a i madrid? o equipos como valencia,sevila,atletico,villaeal&#8230;etc daran guerra? gracias<\/p>\n<p>Respuesta.- Creo que volver\u00e1 a ser otra Liga Bic\u00e9fala o Bipolar, a lo mejor da la sorpresa alguno de los persegidores, pero se antoja muy dif\u00edcil. La diferencia de potencial, sobre todo de presupuestos, es evidente!!!<\/p>\n<p>P.- HOla Mata.\u00bfque te pareci\u00f3 la entrevista que le hicisteis a Peir\u00f3?profunda decepci\u00f3n diciendo que no sabe que prefiere Inter o Atleti. A mi tio casi le da un telele.\u00bfpara cuando una entrevista a zapatones?un abrazo!<\/p>\n<p>R.- Yo no le hice la entrevista. Pero tambi\u00e9n dejaba claro que era muy del Atl\u00e9tico. A Luis Aragon\u00e9s s\u00ed que le entrevistar\u00e9. Un abrazo!!!<\/p>\n<p>P.- hola Javier, qu\u00e9 me puedes decir de un gran capit\u00e1n del Atleti, D. Roberto Solozabal? Qu\u00e9 te pareci\u00f3? Qu\u00e9 hace actualmente? Por qu\u00e9 cuando se le pide opini\u00f3n a veteranos del Atleti no sale nunca \u00e9l? un abrazo<\/p>\n<p>R.- Roberto Soloz\u00e1bal fue uno de los ide\u00f3logos del Doblete, de la forma de juego de aquella temporada. Era un futbolista superdotado en el aspecto t\u00e1ctico y un l\u00edder del vestuario. En la actualidad se dedica a sus negocios y hace mucho deporte de aventura. Sigue al Atl\u00e9tico y viaj\u00f3 a la final de Hamburgo, pero prefiere no aparecer en los medios de comunicaci\u00f3n. <\/p>\n<p>P.- muy buenas, no crees que dominguez viendo que va a jugar muchisimos partidos de titular este a\u00f1o, y viendo su mejora dia a dia, encima siendo zurdo, no se merecia una llamada para la seleccion?? te atreves y me dices los primeros 5 clasificados al final de la liga este a\u00f1o?gracias, un saludo.<\/p>\n<p>R.- Dom\u00ednguez ir\u00e1 con la absoluta esta temporada, pero ahora le necesita m\u00e1s la selecci\u00f3n absoluta. \u00bfLos cinco primeros? Barcelona, Real Madrid, Atl\u00e9tico, Valencia, Sevilla&#8230;. Y atentos al Getafe y al Deportivo&#8230;<\/p>\n<p>P.- Hola Mata. Con todo el cambio en Deportes de la SER, \u00bfno te has\/han planteado aparecer en el LArguero o Carrusel? Estar\u00eda genial para que haya alguien mas serio que Manolete en los comentarios del Atleti o por lo menos un atletista en los sanedrines del Atleti, que no entiendo por que los hace Rela\u00f1o, Ortego,etc..\u00bfcomo lo ver\u00edas?<\/p>\n<p>R.- No me lo han planteado. Habiendo estado cinco a\u00f1os haciendo radio en Radio Marca y otros cinco a\u00f1os haciendo radio en la Cope (adem\u00e1s de mis inicios en Radio Las Aguilas, la mejor escuela), creo que volver\u00e9 a hacer radio, puede ser que esta temporada. No s\u00e9 si en la SER o, quiz\u00e1s, en otra emisora. Hablando del Atl\u00e9tico, de la Selecci\u00f3n o del Real Madrid e, incluso, del Barcelona&#8230;<\/p>\n<p>P.- \u00bfpor que en el Atleti no hay ning\u00fan reconocimiento a los jugadores hist\u00f3ricos del club?Todos los dem\u00e1s clubes tratan genial a sus ex-jugadores. Aqui ni homenajes, ni presidentes de honor,ni bustos,ni cargos,ni dan nombre a campos, puertas o escuelas.Ni siquiera se oye su opini\u00f3n en entrevistas o sanedrines.Ni se les defiende como en el caso Luis, que parece que ni es del Atleti.Muchos no sabemos si est\u00e1n vivos incluso.\u00bfque se puede hacer para remediar esto?Para mi es un desastre, sin pasado no hay futuro. Parece un club sin historia.<\/p>\n<p>R.- No es tanto como dices. Existe una Asociaci\u00f3n de Veteranos que preside Feliciano Rivilla, que funciona bastante bien. Enrique Collar es el presidente de la Fundaci\u00f3n. Evidentemente no es tanto como en otros clubes, pero tampoco est\u00e1n tan dejados como expones. Un saludo!!! <\/p>\n<p>P.- El Sevilla perdio de forma rotunda en la vuelta de la final de la supercopa. Y era uno de los pocos equipos -junto con el Valencia y el At.de Madrid- que a priori pod\u00edan romper el duopolio de la liga espa\u00f1ola. Parece que nos encaminamos a otro mano a mano R. Madrid-Barcelona. Y el resto de equipos espa\u00f1oles de palmeros. Nuestra liga parece la escocesa, la portuguesa o la holandesa, donde hay una gran diferencia entre los dos grandes y el resto. Nada que ver con la premier inglesa donde hay, al menos, cuatro equipos que pueden ganar la liga. Lo que pasa en Espa\u00f1a mata la emoci\u00f3n. Esto solo lo pueden arreglar inversores que apuesten fuerte (el jeque del Malaga no se est\u00e1 &#8220;estirando&#8221; mucho hasta ahora). \u00bfCual es su opini\u00f3n? <\/p>\n<p>R.- Otra de las claves puede estar en que los derechos televisivos se repartan colectivamente. El Bar\u00e7a y el Madrid tienen diez veces m\u00e1s de presupuestos que el resto y es normal que sean diez veces mejores&#8230; Algo hay que hacer porque sino, como tu dices, no hay ninguna emoci\u00f3n. Un saludo!<\/p>\n<p>P.- Hola Mata. Se que eres del Atleti, pero aprecio mucho tu &#8220;equilibrio y se que no eres anti-nadie. Como soy del Madrid (pero no anti-nadie) una pregunta acerca de mi equipo: crees como dice Mourihno que falta un delantero? Gracias y un saludo<\/p>\n<p>R.- Creo que Mourinho tiene raz\u00f3n. Afrontar s\u00f3lo con Benzema e Higuain la temporada es un riesgo. Adem\u00e1s, ninguno de los dos es un nueve de referencia. Creo que falta un delantero y hay overbooking de media puntas. <\/p>\n<p>P.- \u00bfVer\u00edas impensable que Fernando Torres regresara al Atleti antes de lo previsto dada la mediocridad de equipo y resultados que puede tener el Liverpool en los pr\u00f3ximos a\u00f1os? Aunque parezca mentira, yo creo que el Atleti tiene un mejor proyecto y un futuro (y hasta un presente) mejor que el Liverpool. \u00bfQu\u00e9 podemos hacer los aficionados para que vuelva Fernando? \u00bfQu\u00e9 podr\u00eda\/deber\u00eda hacer el club? Creo que al menos deber\u00edan ser un poco &#8220;pesados&#8221; y demostrarle inter\u00e9s, como a hecho el Bar\u00e7a con Cesc. \u00bfQu\u00e9 opinas Mata? <\/p>\n<p>R.- Es complicado que regrese al Atl\u00e9tico tan pronto como pretendes. Antes, probablemente, jugar\u00e1 en otro grande ingl\u00e9s. Volver\u00e1, pero a\u00fan habr\u00e1 que esperar alg\u00fan a\u00f1o.<\/p>\n<p>P.- Buenas tardes va a fichar el atleti a fanni<\/p>\n<p>R.- Esta temporada no.<\/p>\n<p>P.- Hola\u00bfComo ves a Higua\u00edn este a\u00f1o?\u00bftiene posibilidades? y \u00bfel tema de los capitanes como va?Gracias<\/p>\n<p>R.- Higuain volver\u00e1 a marcar m\u00e1s de 20 goles y se har\u00e1 otra gran temporada. Sobre los capitanes no s\u00e9 a que te refieres. Iker Casillas es el capit\u00e1n.<\/p>\n<p>P.- \u00bfves posible que el madrid haga un \u00faltimo intento por Llorente? yo creo que lo har\u00e1..<\/p>\n<p>R.- No har\u00e1 ning\u00fan intento esta temporada porque no tiene dinero para hacerlo. Quiz\u00e1s para la pr\u00f3xima temporada.<\/p>\n<p>P.- Hola Mata. \u00bferes optimista para el partido del viernes en M\u00f3naco? \u00bfQu\u00e9 equipo sacar\u00edas si fueras Quique? Como campe\u00f3n de la pasada edici\u00f3n, \u00bfel Atl\u00e9tico es cabeza de serie en el sorteo del viernes? Saludos.<\/p>\n<p>R.- S\u00ed, soy optimista. Ser\u00e1 complicado porque el Inter es un equipazo. Cualquier equipo que saque Quique estar\u00e1 bien. Creo que s\u00ed es cabeza de serie. Salu2!!!<\/p>\n<p>P.- \u00bfQu\u00e9 ha pasado con Pern\u00eda? \u00bfSe ha retirado? \u00bfQu\u00e9 jugadores deben salir este a\u00f1o de la plantilla, ya sea traspasados o cedidos? \u00bfPiensas que pueda llegar alguien m\u00e1s?<\/p>\n<p>R.- Pern\u00eda creo que est\u00e1 sin equipo. Pero a\u00fan no se ha retirado. De salidas queda la de Juanito, pero el no se quiere ir. M\u00e1s fichajes no habr\u00e1.<\/p>\n<p>P.- hola mata,que te parece ozil y que te parece la plantilla que esta configurando el real madrid.un saludo campeon.<\/p>\n<p>R.- Ozil es un gran jugador, pero creo que hay demasiados media punta en la plantilla del Real Madrid, est\u00e1 un poco descompensada, y falta un delantero centro de referencia.<\/p>\n<p>P.- Crees que Quique esta a la altura de esa plantilla? No hay sistema,la falta de concentracion a balon parado es sonrojante,cualquier equipo por muy modesto que sea, sabe que nos puede ganar,cuando ganamos,lo hacemos con mucho sufrimiento,casi nunca con facilidad y mucho menos por goleada&#8230;.. \u00bfQuique o Manzano? \u00bfPitarch o Toni?<\/p>\n<p>R.- Los dos son grandes entrenadores y ahora el que est\u00e1 es Quique, al que hay que respaldar como no se respald\u00f3 a Manzano en su d\u00eda. Y Toni est\u00e1 mucho m\u00e1s preparado que Pitarch, que va de futbolista y antepone sus intereses personales a los del Atl\u00e9tico, club del que no es aficionado.<\/p>\n<p>P.- Mata&#8230;quizas sepas quien tiene los derechos de imagen de Diego Forlan&#8230;.el jugador,el club o al 50%? yo creo que no se estan aprovechando los logros del uruguayo a nivel publicitario ni por supuesto al nivel de la MARCA ATLETICO, con el dinero que eso supone y que tanta falta hace<\/p>\n<p>R.- Pues la verdad es que es un aspecto que desconozco y que voy a averiguar para sacar una informaci\u00f3n al respecto. Muchas gracias!!!<\/p>\n<p>P.- mata como ves al atletico este a\u00f1o<\/p>\n<p>R.- Bien, para estar entre los cuatro primeros!!!<\/p>\n<p>P.- javier encantado soy paco de sanlucar. para el a\u00f1o que viene no te perdono que no vengas a las carrera de caballos y hagas un reportaje. un saludo de tu palco en las carreras.<\/p>\n<p>R.- \u00a1\u00a1\u00a1Pero si fui!!! En las primeras. La pr\u00f3xima temporada no fallo y vamos a tu palco. Me encantan las carreras de Sanlucar. Un abrazo<\/p>\n<p>P.- Hola Javier ,El Real Madrid necesita un lateral izquierdo,porque en lo personal no me convence marcelo en defensa&#8230;sera posible que llegue alguien a esta posicion?<\/p>\n<p>R.- Estoy de acuerdo, y mucho m\u00e1s con la inminente salida de Drenthe.<\/p>\n<p>P.- Hola Mata, te sigo en twitter, eres un crack, mojat\u00e9, \u00bfqui\u00e9n ganar\u00e1 la Champions, la Liga y la Copa?. Un abrazo.<\/p>\n<p>R.- Champions: Real Madrid. Liga: Barcelona. Y Copa: Atl\u00e9tico de Madrid. Gracias por seguirme!! Un abrazo!!!<\/p>\n<p>P.- BUENAS TARDES MATALLANAS.CONTESTAME A ESTA PREGUNTA CORTITA Y AL PIE ESRES ATLETICO? GRACIAS<\/p>\n<p>R.- S\u00ed.<\/p>\n<p>P.- soy de mexico, \u00bfcomo contactar a un club espa\u00f1ol para que mi hijo pueda tener una prueba, el es portero y ya ha sido seleecionao en a sub 15 de mexico es mas en el mes de noviembre va con la seleccon de mexico a una gira por espa\u00f1a <\/p>\n<p>R.- En todas las p\u00e1ginas webs de los clubes hay apartados donde ponerse en contacto con las secciones de f\u00fatbol base. M\u00edralo y envie un mail. No obstante, si viene con M\u00e9xico le ver\u00e1n todos los ojeadores. Un abrazo y gracias por seguirnos desde M\u00e9xico!!!<\/p>\n<p>P.- Otra vez aqui matallanas, ya le pregunte el otro dia a i\u00f1ako sobre el nuevo estadio del atletico pero por desgracia nadie sabe nada , ya no te pregunto cuando comenzaran las obras si este a\u00f1o o al proximo ,te pregunto cuando sera la presentacion oficial del nuevo proyeto ,por lo menos que os lo ense\u00f1en a los periodistas, y si esta a la altura del atletico. gracias mata, investiga un poco porfa, saludos.<\/p>\n<p>R.- En teor\u00eda las obras empiezan en septiembre o en octubre y el nuevo proyecto se presenta en cuanto arranquen las obras. La crisis econ\u00f3mica esta retrasando los plazos.<\/p>\n<p>P.- Hola Mata, \u00bfcrees que Fran M\u00e9rida cumplir\u00e1 con las expectativas? DE momento no le hemos visto gran cosa. Con Simao que ya no est\u00e1, Jurado muy irregular&#8230;\u00bfno le falta al Atleti un titular en ese puesto?<\/p>\n<p>R.- M\u00e9rida, si pasa la prueba del Calder\u00f3n, rendir\u00e1 y ser\u00e1 un jugador importante y Jurado tambi\u00e9n rendir\u00e1 a gran nivel. Y a Simao todav\u00eda le queda algo.<\/p>\n<p>P.- Hola Mata, tengo la impresi\u00f3n de que Simao la va a liar en el vestuario,\u00bfno sabes nada de alg\u00fan equipo que lo pueda comprar?1saludo<\/p>\n<p>R.- Simao no es mal tipo y no creo que la l\u00ede.<\/p>\n<p>P.- Mata, \u00bfcuando el Atleti ser\u00e1 capaz de ir a por la Liga y no de rapi\u00f1ar un tercer puesto?<\/p>\n<p>R.- En tres temporadas aspirar\u00e1 a la Liga y a la Champions.<\/p>\n<p>P.- Que beneficio economico le reporta al Atleti la cesion de Salvio al Benfica? Juega a director deportivo, a quien mas tenemos que ceder o traspasar (si es posible)? Hace falta alguien mas como el tal Fanni? Alguien en el club incluso se plantea que llegue el frances?<\/p>\n<p>R.- La llegada del franc\u00e9s est\u00e1 ahora mismo descartada y la de cualquier otro refuerzo. Lo de Salvio es m\u00e1s beneficio deportivo si juega y continua su adaptaci\u00f3 a Europa. <\/p>\n<p>P.- Que si Guardiola es un fen\u00f3meno, que si el Bar\u00e7a juega de cine, esto lo vemos todos, pero el tapado es el NUTRICIONISTA. \u00bfNadie puede hacer un periodismo serio y resaltar la labor de este se\u00f1or y explicarnos que les pone en el plato para que tengan esa punta de velocidad desde el comienzo de temporada hasta el final?. Podemos comprobar que Messi no tiene esa punta de velocidad con Argentina sencillamente porque le falta el MEN\u00da de este NUTRICIONISTA.<\/p>\n<p>R.- No s\u00f3lo es el nutricionista sino un equipo de trabajo en el que delega Guardiola y en el que hay muchos personajes claves como Lorenzo Buenaventura.<\/p>\n<p>P.- si los musicos espa\u00f1oles fueran futbolistas cual seria tu alineaci\u00f3n por puestos y tal.<\/p>\n<p>R.- si los musicos espa\u00f1oles fueran futbolistas cual seria tu alineaci\u00f3n por puestos y tal.<\/p>\n<p>P.- Hola javi,viendo la evoluci\u00f3n del madrid durante la pretemporada con entrenador nuevo,difentes t\u00e1cticas incluso en el mismo partido,muchos cambios durante los partidos,el rendimiento del equipo a mi me ha parecido aceptable,\u00bfPiensas que a partir de ahora con un once fijo el equipo se har\u00e1 m\u00e1s competitivo y mejorar\u00e1 el juego?<\/p>\n<p>R.- El Madrid, como el a\u00f1o pasado y como casi siempre, ganar\u00e1 hasta sin querer, el problema es saber si le dar\u00e1 para superar al Bar\u00e7a en la Liga y llegar lejos en la Champions que ya es una obligaci\u00f3n.<\/p>\n<p>P.- Hola campe\u00f3n me parece que el Atleti este a\u00f1o est\u00e1 creciendo por si mismo y por lo que decrecen equipos como Valencia y Sevilla \u00bfcomo ves lo de quedar terceros?un saludo<\/p>\n<p>R.- No lo veo ninguna utop\u00eda. Pero hay que apoyar al entrenador desde el club y cambiar de director deportivo.<\/p>\n<p>P.- BUENAS TARDES MATA,QUE OPINION TIENES DE LA DEFENSA DE ESTA A\u00d1O?NO CREO QUE SEAN TAN MALOS COMO LOS OTROS ME REFIERO PEREA ANTONIO LOPEZ PERNIA LELE ETC GRACIAS<\/p>\n<p>R.- Antonio L\u00f3pez y Perea son buenos. God\u00edn y Filipe Luis son buenos fichajes. Un saludo!!!<\/p>\n<p>P.- Hola Javi. \u00bfHay alguna posibilidad clara a la vista de &#8220;colocar&#8221; a Keko, Ibrahima, Camacho, Juanito o Perea en estos d\u00edas? Por otra parte, creo que Quique acierta al elegir a Diego Costa antes que a Salvio, pero \u00bfno crees que deber\u00edan haber hecho m\u00e1s por conseguir que estuviera de vuelta en Enero, ya que s\u00ed parece un jugador aprovechable? Saludos.<\/p>\n<p>R.- La \u00fanica salida que se busca es la de Juanito. Ibrahima puede irse o quedarse en el B. Diego Costa rendir\u00e1 y Salvio se har\u00e1 en el Benfica.<\/p>\n<p>P.- Buenos d\u00edas. Cuando vuelva Asenjo en Diciembre, \u00bfhay pensada una salida para \u00e9l o el sacrificado ser\u00e1 Joel? A qui\u00e9n ves jugando m\u00e1s este a\u00f1o de las opciones: M\u00e9rida &#8212; Simao &#8212; Jurado; Ra\u00fal Garc\u00eda &#8212; Tiago (ninguno me convence); Assun\u00e7ao &#8212; Camacho &#8212; Mario Su\u00e1rez. \u00bfCrees que Keko merecer\u00eda un hueco en lugar de Simao?<\/p>\n<p>R.- A Joel le quiere el Getafe y podr\u00eda salir en enero. Pero el objetivo es que se marche Asenjo a recuperar la forma una vez se recupere. Este a\u00f1o jugar\u00e1n todos muchos porque habr\u00e1 muchas, muchas rotaciones. Esa es la idea de Quique.<\/p>\n","protected":false},"excerpt":{"rendered":"<p>Javier G. Matallanas, adjunto a la direcci\u00f3n de AS, ha charlado con los lectores sobre la actualidad deportiva.<\/p>\n","protected":false},"author":1,"featured_media":0,"comment_status":"open","ping_status":"open","sticky":false,"template":"","format":"standard","meta":{"footnotes":""},"categories":[],"tags":[],"class_list":["post-7292","post","type-post","status-publish","format-standard","hentry"],"_links":{"self":[{"href":"https:\/\/intervius.com\/index.html\/wp-json\/wp\/v2\/posts\/7292","targetHints":{"allow":["GET"]}}],"collection":[{"href":"https:\/\/intervius.com\/index.html\/wp-json\/wp\/v2\/posts"}],"about":[{"href":"https:\/\/intervius.com\/index.html\/wp-json\/wp\/v2\/types\/post"}],"author":[{"embeddable":true,"href":"https:\/\/intervius.com\/index.html\/wp-json\/wp\/v2\/users\/1"}],"replies":[{"embeddable":true,"href":"https:\/\/intervius.com\/index.html\/wp-json\/wp\/v2\/comments?post=7292"}],"version-history":[{"count":0,"href":"https:\/\/intervius.com\/index.html\/wp-json\/wp\/v2\/posts\/7292\/revisions"}],"wp:attachment":[{"href":"https:\/\/intervius.com\/index.html\/wp-json\/wp\/v2\/media?parent=7292"}],"wp:term":[{"taxonomy":"category","embeddable":true,"href":"https:\/\/intervius.com\/index.html\/wp-json\/wp\/v2\/categories?post=7292"},{"taxonomy":"post_tag","embeddable":true,"href":"https:\/\/intervius.com\/index.html\/wp-json\/wp\/v2\/tags?post=7292"}],"curies":[{"name":"wp","href":"https:\/\/api.w.org\/{rel}","templated":true}]}}