{"id":7283,"date":"2010-08-18T00:00:00","date_gmt":"2006-11-06T00:00:00","guid":{"rendered":"https:\/\/intervius.com\/index.html\/?p=7283"},"modified":"2006-11-06T00:00:00","modified_gmt":"2006-11-06T00:00:00","slug":"Inako_Diaz_Guerra7283","status":"publish","type":"post","link":"https:\/\/intervius.com\/index.html\/Inako_Diaz_Guerra7283\/","title":{"rendered":"I\u00f1ako D\u00edaz Guerra"},"content":{"rendered":"<p>Pregunta.- Buenas, I\u00f1ako. Aunque se han realizado buenos fichajes, yo creo que tendremos el mismo problema que la temporada pasada: pocos jugadores utilizables por la excesiva (a veces abismal)diferencia entre el equipo titular y los suplentes \u00bfcrees que pasar\u00e1 factura a la hora de conseguir los objetivos?<\/p>\n<p>Respuesta.- Yo este a\u00f1o veo una plantilla bastante m\u00e1s amplia. Un banquillo con Jurado, Simao, Ra\u00fal Garc\u00eda, Mario Su\u00e1rez, Diego Costa, Perea, Antonio L\u00f3pez&#8230; empieza a resultar bastante apa\u00f1adito.<\/p>\n<p>P.- Hola I\u00f1ako, \u00bfqu\u00e9 nos puedes contar de la situaci\u00f3n de Keko? \u00bfpor qu\u00e9 el capit\u00e1n de la Sub-19 y una de las joyas de la cantera est\u00e1 fuera del equipo, teniendo en cuenta la m\u00e1s que probable marcha de Salvio? \u00bfQui\u00e9n ha tomado esta decisi\u00f3n? \u00bfo es que tienen miedo de que el chaval despunte en el Atleti y quede en entredicho la mala gesti\u00f3n de la direcci\u00f3n t\u00e9cnica en la contrataci\u00f3n millonaria de Salvio, teniendo en la casa al jugador ideal para ese puesto?<\/p>\n<p>R.- Keko no cuenta ahora porque Quique quiere una plantilla con dos por puesto y sus cuatro jugadores de banda son Reyes, Merida, Jurado y Simao. Da igual que sean m\u00e1s o menos extremos, son los cuatro que se van a rotar en esas dos posiciones. Si Keko se quedase no jugar\u00eda nunca, as\u00ed que se le busca una cesi\u00f3n. A partir de aqu\u00ed llega una lucha entre deseo y realidad. Todos queremos que los chicos de la cantera sean Torres, pero para que no jueguen es mejor cederles. Y el hecho de que ning\u00fan Primera haya solicitado a estas alturas la cesi\u00f3n del chico, que s\u00f3lo tiene Cartagena y Ponferrada a la espera, deber\u00eda darnos que pensar sobre el nivel actual de Keko. El actual,. no el futuro, porque yo tambi\u00e9n creo que va a ser un jugador importante en el Atleti, pero d\u00e9mosle tiempo <\/p>\n<p>P.- Van de Vaart la super guinda al proyecto?y una duda que tuve esta ultima semana,el tema Ireland,que fue &#8220;recomendacion&#8221; tuya o algo valorado realmente por la cupula deportiva?Un Saludo!PD:yo tampoco me he leido los pilares de la tierra xD<\/p>\n<p>R.- No veo factible a priori lo de Van der Vaart. Si el Madrid lo vende ser\u00e1 por mucho dinero y el Atleti tampoco anda buscando un mediapunta, as\u00ed que dif\u00edcil conjunci\u00f3n. Ojal\u00e1, pero&#8230; Lo de Ireland fue una conversaci\u00f3n m\u00eda con Guille Uzquiano, de C+, sobre lo bueno q nos parec\u00eda, nada que ver con el Atleti. Lo que pasa es que en cuanto sale un nombre los atl\u00e9ticos ya lo quer\u00e9is fichar y toda la conversaci\u00f3n de Twitter acab\u00f3 derivando hacia eso en vez de a lo futbol\u00edstico en s\u00ed<\/p>\n<p>P.- Estas contento con el equipo o crees que aun falta alguien? A que jugadores deberiamos ceder? Cual seria tu alineacion contra el Inter?<\/p>\n<p>R.- Siempre se puede mejorar, pero en funci\u00f3n de las posibilidades del club y de como pintaba el verano, estoy muy satisfecho con el equipo. Yo a los canteranos que no van a jugar los ceder\u00eda a un sitio que me garantizase minutos para ellos: Koke, Keko, Perea e Ibra. Pulido creo que puede tener oportunidades, as\u00ed que a \u00e9l me lo quedaba. Y luego est\u00e1 el tema Salvio. me parece de justicia que sea \u00e9l el cedido y no Diego Costa, lo que no veo claro es que el destino sea un equipo como el Benfica, con muchos futbolistas de ataque, donde puede que tampoco juegue. Veremos.<\/p>\n<p>P.- HOLA, QUE CRES QUE PASARA CON DIEGO COSTA???? Y PIENSAS QUE PUEDE HABER ALGUN REFUERZO MAS??<\/p>\n<p>R.- Diego Costa se va a quedar como tercer delantero. Tiene m\u00e9rito porque se lo ha ganado a pulso en la pretemporada, ya que de inicio no convenc\u00eda a Quique, que quer\u00eda un nueve m\u00e1s de \u00e1rea. Hay que ver c\u00f3mo acaba lo de Fanni. Si el club logra colocar a Juanito y Perea, vendr\u00eda.<\/p>\n<p>P.- EN EL ATLETI, \u00bflOS DEFENSAS, COMO LAS BICICLETAS, SON S\u00d3LO PARA EL VERANO?<\/p>\n<p>R.- No estos. El salto de Perea y Antonio L\u00f3pez a God\u00edn y Filipe es enorme<\/p>\n<p>P.- Hola I\u00f1ako. De los fichajes que se hablan para el FCB \u00bfcrees que alguno ser\u00eda titular, o s\u00f3lo plantilla como Adriano? S\u00f3lo dudar\u00eda con Busquets\/Mascherano&#8230;. \u00bfTe crees que pepe haya dado el s\u00ed a Robinho con un vestuario tan logrado? Un saludo crack<\/p>\n<p>R.- Titular indiscutible, ninguno. Busquets se ha ganado el puesto sobrado. Lo que s\u00ed puede pasar si llega, por ejemplo, un Mascherano es que en muchos partidos, sobre todo contra equipos muy f\u00edsicos (Chelsea o Inter, por ejemplo) jueguen los dos y Xavi en la l\u00ednea de tres con Iniesta, Messi y Villa arriba.<\/p>\n<p>P.- \u00bfNuestro atleti 3\u00ba? Creo que el villareal ( mejor linea de creaci\u00f3n: bruno, b.valero,senna, cani, pires, cazorla,etc..), y sevilla (bloque m\u00e1s compacto), estan ahora mismo un punto por encima. No jugamos ni a las tabas. Dependemos de los dos de arriba.\u00bfme equivoco?<\/p>\n<p>R.- A m\u00ed el Villarreal me genera algunas dudas. Le tengo mucha fe a Borja Valero y Brunos es un buen mediocentro (\u00bfmejor que Tiago? No), pero Senna ya el a\u00f1o pasado fue a menos, con muchas lesiones, y no se hace m\u00e1s joven; Pires ya es un recurso muy muy puntual y Cani lleva estancado un par de a\u00f1os, yo no lo cambiaba por Jurado, por ejemplo. La temporada del Villarreal va a depender mucho del estado de Santi Cazorla. Si vuelve a ser el de hace 2-3 a\u00f1os, el Villarreal pelear\u00e1 arriba, porque Rossi-Nilmar es una estupenda delantera. Pero le veo un punto por debajo de Atleti y Sevilla, a los que veo bastante parejos.<\/p>\n<p>P.- I\u00f1ako, \u00bfqu\u00e9 te tira m\u00e1s en el noviembre musical madrile\u00f1o?&#8230;\u00bfArcade Fire?, \u00bfInterpol?, \u00bfThe Drums?, \u00bfPrimaveraClub?. Por cierto, \u00bfqu\u00e9 te parece el \u00faltimo de LCD Soundsystem?. Para mi, de momento, disco del a\u00f1o sin duda.<\/p>\n<p>R.- Arcade Fire, aunque The Suburbs es su peor disco con diferencia. Y el nuevo de LCD tambi\u00e9n me gust\u00f3 menos que el anterior. No llevamos un gran a\u00f1o musical<\/p>\n<p>P.- Hola I\u00f1ako, \u00bfsabes cuando empiezan a trabajar en la peineta? \u00bfque partidos de liga se van a ver en abierto este a\u00f1o y en que canales? Un abrazo de un gran admirador<\/p>\n<p>R.- En teor\u00eda a final de verano, pero llevan tanto retrasando los plazos que hasta que no lo vea, no lo creo. Todo sigue como el a\u00f1o pasado a d\u00eda de hoy. En abierto, el del s\u00e1bado a las 10 en La Sexta y Auton\u00f3micas<\/p>\n<p>P.- el mejor fichaje que hemos hehco este verano para ti es&#8230;<\/p>\n<p>R.- Filipe Luis<\/p>\n<p>P.- buenas i\u00f1ako.creo que con la llegada de tiago tenemos un equipo de lo mas compensado,sobre todo con la llegada de filipe y godin que nos hacian falta como el comer.\u00bfque te parece?\u00bfse debe quedar salvio o diego costa?<\/p>\n<p>R.- Me parece una plantilla muy muy apa\u00f1ada. La mejor de largo desde el a\u00f1o del descenso. Se va a quedar Diego Costa<\/p>\n<p>P.- Hola, figura &#8230; Qu\u00e9 me puedes recomendar de lectura para superar en septiembre el sindrome post-vacacional? Lo \u00faltimo de Don Winslow tiene MUY buena pinta &#8230; Nueva Orlenas o San Francisco? Yo prefiero N.O. al menos el pre-Katrina &#8230; Podemos este a\u00f1o dar un susto a los dos &#8220;ricos&#8221; (grandes tambi\u00e9n somos nosotros)? El Bar\u00e7a tras el Mundial no se no se &#8230;.. Gracias<\/p>\n<p>R.- El tema de Don Winslow es una buena noticia, porque parece que Mondadori va a ir publicando sus novelas, futuras y pasadas, en espa\u00f1ol. Ya era hora, porque lleva cerca de 20. No puedo elegir, porque Nueva Orleans sigue muy alto en mi lista de ciudades a visitar, pero San Francisco es fabulosa. No creo que estemos m\u00e1s arriba de terceros, aunque a m\u00ed el que me genera m\u00e1s dudas de los dos es el Madrid<\/p>\n<p>P.- menos mal que vuelves campeon vaya verano de madriditis . crees que tenemos posibildades en la supercopa de europa .<\/p>\n<p>R.- S\u00ed, claro. A un partido con Ag\u00fcero y Forl\u00e1n partimos en igualdad de condiciones con casi cualquiera<\/p>\n<p>P.- Necesitamos un organizador como el comer, crees que habr\u00e1 alguna sorpresa de \u00faltima hora en cuanto a fichajes<\/p>\n<p>R.- Para m\u00ed el organizador es Tiago. Y uno bastante bueno, por cierto<\/p>\n<p>P.- muy buenas, ahi te van unas preguntillas&#8230;el espa\u00f1ol ficha por 1,8 a sergio garcia, con una ficha seguro que es la mitad de la de antonio lopez&#8230;a fran merida le veo aun verde prefiero a jurado de titular, pense que esto no lo diria nunca y aun me da miedo pensarlo a veces pero se asocia bien, tiene toque,gol y desborda mas que simao y no defiende menos que este ultimo, estamos de acuerdo?..ya se que asun\u00e7ao va a ser importantisimo y no querran gastarle, pero apenas a jugado en pretemporada&#8230;por ultimo, ya se que salvio es muy joven tiene mejora etc, pero ami me huele i\u00f1ako que nos han colado un gol por toda la escuadra&#8230;gracias y bueno aupa aleti a ver si este a\u00f1o cumplen las expectativas que por fin hemos fichado parece que bien&#8230;.un abrazo.<\/p>\n<p>R.- Sergio GArc\u00eda me gusta bastante menos que Diego Costa, para ser tercer delantero que es de lo que podr\u00eda venir. La pelea Jurado-M\u00e9rida me parece bastante igualada. M\u00e9rida tiene m\u00e1s gol y eso puede darle la ventaja, pero van a alternarse bastante me da a m\u00ed. Assun\u00e7ao sigue siendo el titular, pero creo que esta temporada va a rotar m\u00e1s con Mario Su\u00e1rez y Ra\u00fal Garc\u00eda. El mayor problema de Salvio es Salvio, que se sigue comportando m\u00e1s como un juvenil que como un profesional. Si se centra, entrena bien, etc&#8230; yo no le dar\u00eda por perdido a\u00fan<\/p>\n<p>P.- \u00bfCon qu\u00e9 chavales de la cantera te quedar\u00edas para esta temporada? y, \u00bfde cu\u00e1les te desprender\u00edas (cesiones, traspasos, etc.)?gracias crack<\/p>\n<p>R.- Con Joel y Pulido. Si saliera Simao y fueran a fichar cualquier median\u00eda, con Keko. Ceder\u00eda a todos los dem\u00e1s.<\/p>\n<p>P.- \u00bfQue piensas de Samaras, aquel jugador griego que le agrad\u00f3 a quique en el mundial y que no ocupar\u00eda plaza de extranjero en la plantilla?\u00bfSuficiente con D. Costa? Gracias Crack<\/p>\n<p>R.- Que no es gran cosa. S\u00ed, teniendo a Kun y Forl\u00e1n los minutos para un tercer delantero est\u00e1n muy contados, as\u00ed que con Diego vamos bien. Y en alg\u00fan momento se espera que vuelbva Borja. Adem\u00e1s, habr\u00e1 veces en las que Quique ponga 4-2-3-1 con Jurado, Simao o M\u00e9rida de enganches. As\u00ed que un delantero m\u00e1s ser\u00eda demasiado<\/p>\n<p>P.- \u00bfCual es para ti la escuadra que mejor se ha reforzado esta temporada?Dime a bote pronto c\u00f3mo puede quedar la liga a finales de mayo (los seis primeros). Gracias Crack<\/p>\n<p>R.- Del mundo, el City. De Espa\u00f1a, el Atleti. Aunque el Bar\u00e7a tampoco puede quejarse. Bar\u00e7a, Madrid, Atleti, Sevilla, Valencia y Athletc<\/p>\n<p>P.- Hola, buenos d\u00edas. \u00bfConsideras que M\u00e9rida o Jurado pueden jugar por delante de Thiago en la banda izquierda? Creo que Simao est\u00e1 muy mal de forma. \u00bfQu\u00ed\u00e9n deber\u00eda acompa\u00f1ar al portugu\u00e9s, Mario S. quiz\u00e1? Una de m\u00fasica: \u00bfQu\u00e9 opinas de J.M\u00aaGranados? Gracias por tu tiempo<\/p>\n<p>R.- S\u00ed, de hecho ah\u00ed es donde van a jugar. Filipe va a ocupar casi toda la banda, as\u00ed que el que juegue de ellos partir\u00e1 desde ah\u00ed para irse mucho al centro a colaborar en la creaci\u00f3n. Yo detr\u00e1s de Tiago, por ahora, colocar\u00eda a Assun\u00e7ao. Aunque ir\u00eda dando oportunidades a Mario para que demuestre si puede desbancarle, que no lo descarto. Granados siempre ha sido un letrista interesante, aunque un poco blando.<\/p>\n<p>P.- Bienvenido makina! Quitando el rollo ese moralista, para mi totalmente desaparecido del mundo del futbol, tenemos por fin una plantilla equilibrada, con jugadores determinantes e incluso banquillo? Adonde nos llevara quique?<\/p>\n<p>R.- Me llam\u00f3 la atenci\u00f3n la respuesta cuando critiqu\u00e9 las formas del Atleti en los fichajes. No me vale eso de que en el f\u00fatbol todos lo hacen. Eso es lo mismo que dicen los pol\u00edticos corruptos, los que defraudan a Hacienda y los que escuchan a Bisbal, y as\u00ed nos va. Dicho eso, los fichajes son todos buenos y necesarios. Y a m\u00ed Quique me da buena espina. Creo que va a ser un buen a\u00f1o.<\/p>\n<p>P.- Hola, I\u00f1ako. Creo que este a\u00f1o no nos podemos quejar dadas las circunstancias economicas generalizadas. Tenemos la plantilla cerrada a falta de m\u00e1s de dos semanas para empezar la competici\u00f3n, algo que no pasaba desde hace siglos, el equipo est\u00e1 compensado y se ha fichado con criterio, los nuevos van a sumar sin que se haya ido nadie que tuviera peso en el equipo, no hay urgencias para jugar en agosto rondas previas fundamentales que alargan mucho la temporada, los descartes son casi todos apetecibles y colocables, no como otros a\u00f1os que no los quer\u00eda nadie&#8230; Yo creo que hace micho que esto no pintaba tan bien \u00bfno te parece lo mismo?<\/p>\n<p>R.- S\u00ed<\/p>\n<p>P.- Hola I\u00f1ako,el fichaje de Fanni est\u00e1 descartado definitivamente?.No entiendo tantos viajes de Pitarch a Francia, Brasil, etcc. y despu\u00e9s fichen a jugadores de nuestra liga.Que opini\u00f3n tienes que el a\u00f1o pasado cuando se fich\u00f3 a Asenjo se dejase escapar a Pedro Le\u00f3n. Por \u00faltimo,no consideras que nos falta un interior derecho, un lateral y otro delantero centro que pueda suplir con garant\u00eda a Ag\u00fcero y Forlan.Gracias y feliz regreso <\/p>\n<p>R.- Fanni no est\u00e1 descartado. Depende de las posibles salidas de Juanito y Perea. Pitarch viaja mucho, pero decide poco, lo cual es bueno como se est\u00e1 demostrando este verano. Sin embargo, me parece algo oportunista criticar ahora lo de Asenjo. Cuando le fich\u00f3 a todo el mundo, despu\u00e9s de ver el mal a\u00f1o de De Gea en el filial, le pareci\u00f3 bien. Lo de Pedro Le\u00f3n si deber\u00eda haberlo visto. Siempre falta algo, pero creo que en general esos tres puestos est\u00e1n dignamente cubiertos con Reyes y Simao; Ujfalusi y Valera; y Diego Costa<\/p>\n<p>P.- No crees que lo que realmente necesita el equipo es un medio centro con m\u00e1s recorrido. Que tenga llegada y desplazamiento en largo, Assunsao se lleva elogios simplemente por ser &#8220;ordenado&#8221;. EStoy convencido de que Rub\u00e9n P\u00e9rez es superior a \u00e9l, pero Quique no es valiente con los j\u00f3venes. <\/p>\n<p>R.- El que tiene que hacer esa funci\u00f3n es Tiago, Assun\u00e7ao est\u00e1 para barrer, hacer coberturas y no complicarse. Rub\u00e9n P\u00e9rez tiene mucho futuro, pero antes de ponerlo por delante de un futbolista con muchos a\u00f1os en la \u00e9lite y jugando Champions tendremos que verle en Primera, no en Segunda B. Y si, como sospecho, demuestra en el Depor que es mediocentro para el Atleti, el verano que viene vuelve mejor.<\/p>\n<p>P.- Bueno i\u00f1ako, se acabaron las vacaciones, aprobecho para sacar el tema del nuevo estadio del atletico, ya que no se ha tocado el tema durante mucho tiempo,en verano, ni en el as y menos en otros medios, solo en foros,ya sabes nada oficial, en serio que no se sabe nada , aunque las obras no las empiezen , o se tarde 1 o 2 a\u00f1os , no entiendo por que no presentan ya un proyecto oficial y definitivo.si ahora no sabes nada dejanos algo sobre el nuevo estadio en tu twitter. De fichajes no comento, por que este a\u00f1o se ha fichado bien, gracias i\u00f1ako.<\/p>\n<p>R.- Porque lo hacen todo mal en cuestiones institucionales. Antes de verano nos dijeron que hab\u00eda un nuevo proyecto y luego era clavado casi al anterior. Yo tampoco entiendo nada de este tema salvo que est\u00e9n tapando problemas que niegan una y otra vez. Espero que s\u00f3lo sea la habitual torpeza<\/p>\n<p>P.- Hola I\u00f1ako&#8230;.\u00bfes verdad que el fichaje de Godin es a pagar en seis anualidades a partir de 2012 y que los dos primeros a\u00f1os son de carencia? De ser cierto \u00bfque avales han presentado? \u00bfporque la politica economica del club es tan opaca?<\/p>\n<p>R.- Algo habr\u00e1n soltado ahora, pero la mayor\u00eda es en plazos y plazos lejanos. Este a\u00f1o Nike les ha avalado en varias operaciones. Y la pol\u00edtica de este club, como de casi todos los clubes en realidad, es tan opaca porque prefieren que la gente sospeche a que la gente conozca. Lo cual es muy significativo <\/p>\n<p>P.- No entiendo que SFlores no se interese mas por Keko. Salvio se va hasta diciembre, justo cuando se va Siamo. Ademas el portugues y Jurado estan desaparecidos. Y lei que Keko fue d elos mejores de la rojita. Igual con Koke. Con solo Tiago como medio creativo, no es la situacion ideal para que Koke de el salto? En cambio veo bien que opte por DCosta. Un equipo que s epretende grande no puede ir por la vida con 2 delanteros en el plantel. Eso afecto mucho el ano pasado a Kun y Forlan. El uruguayo (seguramente por ser uruguayo) salvo el ano al final mas que nada por actitud (insistencia), pero ambos estaban MUY quemados.. De hecho 3 puntas es muy poco, deberia subir tambien a Ibra o Gallegos. Q opinas?<\/p>\n<p>R.- Si Simao se fuera a ir seguro en enero, la cosa cambiar\u00eda, pero yo eso no lo tengo nada claro. Que sea parecido al caso Maxi no obliga a una resoluci\u00f3n igual. El car\u00e1cter de Simao es menos problem\u00e1tico si no es titular. Salvio parece que se ir\u00e1 la temporada entera, eso s\u00ed. En cualquier caso, como ya he dicho antes, Keko no ser\u00eda para Quique m\u00e1s all\u00e1 del 5\u00ba jugador de banda, as\u00ed que prefieren cederle y que juegue. En cuanto a los delanteros, con Diego Costa es suficiente<\/p>\n<p>P.- que tal i\u00f1ako? voy a ir a monaco a nimar a nuestro atleti.\u00bfse sabe algo sobre el hotel donde estar\u00e1 alojados los jugadores? ya que voy molar\u00edan unas fotitos y tal con ellos.un abrazo.forza atleti.<\/p>\n<p>R.- No se sabe. Cuando lo sepa, os lo comunico por Twiter<\/p>\n<p>P.- Hola figura,\u00bfcrees que en esta temporada se va ver al mejor KUN?yo creo que le falta mejorar su promedio de goles.\u00bfcomo ves a nuestro Atleti?a ver si con Fran Merida y con Jurado se puede ver a un equipo que de el salto de calidad para seguir peleando por algun titulo.\u00bfPodemos ganar al Inter? y \u00bfcomo podemos hacerlo? ciao y gracias por todo.<\/p>\n<p>R.- S\u00ed. HA llegado de vacaciones espectacular y el a\u00f1o pasado le lastraron mucho las lesiones. Estoy convencido de que este a\u00f1o va a ser el de su explosi\u00f3n definitiva si esquiva las lesiones.<\/p>\n<p>P.- Hola crack,\u00bfcomo ves la plantilla del Atleti o mejor dicho, a su equipo titular?,yo estoy muy ilusionado con este equipo.\u00bfQue crees que se deberia hacer con Salvio?,aunque yo creo que no juega en su puesto?en su lugar se podia haber fichado a un jugador como Manu Del Moral,mas barato y mejor jugador.Pues nada que feliz vuelta al curro y por \u00faltimo, un pronostico para la final de la supercopa contra el Inter.<\/p>\n<p>R.- Hola crack,\u00bfcomo ves la plantilla del Atleti o mejor dicho, a su equipo titular?,yo estoy muy ilusionado con este equipo.\u00bfQue crees que se deberia hacer con Salvio?,aunque yo creo que no juega en su puesto?en su lugar se podia haber fichado a un jugador como Manu Del Moral,mas barato y mejor jugador.Pues nada que feliz vuelta al curro y por \u00faltimo, un pronostico para la final de la supercopa contra el Inter.<\/p>\n<p>P.- \u00bfC\u00f3mo ves a Simao de cara a esta temporada? parece que cada vez hay m\u00e1s jugadores que le disputan su puesto, y la temporada pasada la verdad es que no fue muy buena \u00bfse ir\u00e1 en enero como Maxi?<\/p>\n<p>R.- Lo bueno con Simao es que hemos bajado tanto las expectativas que creo que las va a superar. El a\u00f1o pasado estuvo mal y es obvio que ha perdido velocidad, pero una cosa es que ya nos ea una estrella y otra que no sea aprovechable. Si asume ser suplente con frecuencia y Quique le sabe llevar, puede sumar. En cuanto a su salida, lo idela ser\u00eda que a\u00fan llegara alguien con dinero antes de final de mes, pero es dif\u00edcil. Si no, su salida en enero depender\u00e1 de c\u00f3mo est\u00e9 rindiendo, porque nadie va a pagar mucho por un jugador que se queda libre seis meses despu\u00e9s. <\/p>\n","protected":false},"excerpt":{"rendered":"<p>El redactor del Diario AS I\u00f1ako D\u00edaz-Guerra ha analizado la situaci\u00f3n del Atl\u00e9tico de Madrid.<\/p>\n","protected":false},"author":1,"featured_media":0,"comment_status":"open","ping_status":"open","sticky":false,"template":"","format":"standard","meta":{"footnotes":""},"categories":[],"tags":[],"class_list":["post-7283","post","type-post","status-publish","format-standard","hentry"],"_links":{"self":[{"href":"https:\/\/intervius.com\/index.html\/wp-json\/wp\/v2\/posts\/7283","targetHints":{"allow":["GET"]}}],"collection":[{"href":"https:\/\/intervius.com\/index.html\/wp-json\/wp\/v2\/posts"}],"about":[{"href":"https:\/\/intervius.com\/index.html\/wp-json\/wp\/v2\/types\/post"}],"author":[{"embeddable":true,"href":"https:\/\/intervius.com\/index.html\/wp-json\/wp\/v2\/users\/1"}],"replies":[{"embeddable":true,"href":"https:\/\/intervius.com\/index.html\/wp-json\/wp\/v2\/comments?post=7283"}],"version-history":[{"count":0,"href":"https:\/\/intervius.com\/index.html\/wp-json\/wp\/v2\/posts\/7283\/revisions"}],"wp:attachment":[{"href":"https:\/\/intervius.com\/index.html\/wp-json\/wp\/v2\/media?parent=7283"}],"wp:term":[{"taxonomy":"category","embeddable":true,"href":"https:\/\/intervius.com\/index.html\/wp-json\/wp\/v2\/categories?post=7283"},{"taxonomy":"post_tag","embeddable":true,"href":"https:\/\/intervius.com\/index.html\/wp-json\/wp\/v2\/tags?post=7283"}],"curies":[{"name":"wp","href":"https:\/\/api.w.org\/{rel}","templated":true}]}}