{"id":7204,"date":"2010-08-03T00:00:00","date_gmt":"2006-11-06T00:00:00","guid":{"rendered":"https:\/\/intervius.com\/index.html\/?p=7204"},"modified":"2006-11-06T00:00:00","modified_gmt":"2006-11-06T00:00:00","slug":"Rodolfo_Ares7204","status":"publish","type":"post","link":"https:\/\/intervius.com\/index.html\/Rodolfo_Ares7204\/","title":{"rendered":"Rodolfo Ares"},"content":{"rendered":"<p>Pregunta.- Enhorabuena, sr. Ares. \u00bfQu\u00e9 es realmente ETA? \u00bfSu fin real es la independencia del Pa\u00eds Vasco o es simplemente una banda mafiosa que trafica con m\u00e1s que vidas humanas -drogas, armas&#8230;- con el \u00fanico fin de ganar dinero? \u00bfEs la pol\u00edtica simplemente una coartada? Esta es la visi\u00f3n que ofreci\u00f3 en un curso de la UIMP el investigador italiano Saviano. Un saludo. <\/p>\n<p>Respuesta.- Realmente, ETA es una banda terrorista, que no s\u00f3lo pretende la independencia del Pa\u00eds Vasco, sino imponer su proyecto totalitario al conuunto de la sociedad, lo que no va a conseguir. Reitero, s\u00f3lo es una banda terrorista con la que tenemos que acabar lo antes posible para consolidar la paz y la libertad.<\/p>\n<p>P.- \u00bfHa existido en el ejecutivo vasco anterior cierta dejadez respecto a la lucha contra ETA?<\/p>\n<p>R.- Los responsables de Interior que me han precedido han hecho lo que consideraban que ten\u00edan que hacer y no recibir\u00e1n nunca ning\u00fan reproche por mi parte, sino siempre agradecimiento y apoyo por su trabajo.<\/p>\n<p>P.- Se\u00f1or Ares, felicidades por los golpes que se le est\u00e1n dando a los asesinos. Mi pregunta, sin embargo, va dirigida sobre el pacto con el PP. \u00bfCree usted que se podr\u00e1 mantener dicho pacto durante mucho tiempo? Desde fuera del Pa\u00eds Vasco algunos pensamos que la direcci\u00f3n nacional del PP lo har\u00e1 saltar en cualquier momento.<\/p>\n<p>R.- Gracias. Estoy seguro que el pacto con el PP de apoyo al Gobierno del lehendakari Patxi L\u00f3pez se mantendr\u00e1 porque Antonio Basagoti y su equipo lo han dicho en muchas ocasiones y s\u00f3lo me resta agradecer su reponsabilidad y su apoyo.<\/p>\n<p>P.- \u00bfC\u00f3mo son sus sensaciones respecto al mundo abertzale actual? \u00bfCree que se extiende la creencia de que hay que poner punto final a la violencia?<\/p>\n<p>R.- Yo s\u00e9 que a los radicales abertzales les gustar\u00eda que ETA no existiera para poder hacer pol\u00edtica, pero no saben c\u00f3mo conseguir ni que ETA lo deje ni c\u00f3mo independizarse de ETA para hacer pol\u00edtica. Y son ellos los que tienen que tomar decisiones si quieren hacer pol\u00edtica independiz\u00e1ndose de ETA y respetando las reglas de juego, los derechos humanos y la legalidad. Si no lo hacen, no estar\u00e1n en la pol\u00edtica.<\/p>\n<p>P.- Sr. Ares, ahora que el fin de ETA se vislumbra con mas claridad que nunca, y puestos en el escenario del final del terrorismo, al hablar de generosidad con ese mundo, \u00bfa que se refiere?<\/p>\n<p>R.- Es verdad que podemos estar recorriendo la recta final que nos lleve a acabar definitivamente con el terrorismo. Yo nunca he hablado de generosidad con los terroristas, sino de desarrollar una pol\u00edtica que debilite a ese mundo para conseguir lo antes posible el final del terrorismo.<\/p>\n<p>P.- Rodolfo, te recuerdo el d\u00eda del homenaje a Joxeba en Andoain. All\u00ed, Maite acu\u00f1\u00f3 la frase &#8220;pol\u00edticos con el coraz\u00f3n de hielo&#8221; y exluy\u00f3 expresamente del funeral a los representantes de los partidos que hab\u00edan firmado el pacto de Lizarra. Aquel d\u00eda la gente por primera vez abuche\u00f3 a Ibarretxe. \u00bftienes la sensaci\u00f3n de que all\u00ed cambi\u00f3 algo en la sociedad vasca? <\/p>\n<p>R.- Maite Pagaza habl\u00f3 de pol\u00edticos de coraz\u00f3n de hielo. Ten\u00eda todo el derecho a hacerlo. Muchas cosas han cambiado en los \u00faltimos a\u00f1os en Euskadi y yo creo que todos tenemos que empe\u00f1arnos en buscar la m\u00e1xima unidad de todos los dem\u00f3cratas para acabar lo antes posible con el terrorismo. Siempre pondr\u00e9 \u00e9nfasis en lo que nos une por encima de lo que nos separa.<\/p>\n<p>P.- Hay una diferencia sustancial entre el gobierno vasco de ahora con el de Ibarreche. Enhorabuena para todos los ciudadanos normales que quieren vivir en paz<\/p>\n<p>R.- Muchas gracias.<\/p>\n<p>P.- \u00bfSer\u00eda bueno en las actuales circunstancias pol\u00edticas en el Pa\u00eds Vasco ampliar las competencias antiterroristas del Gobierno vasco?<\/p>\n<p>R.- No es necesario amplair las competencias antiterroristas del Gobierno vasco. La pol\u00edtica antiterrorista tiene que llevarse a cabo desde la m\u00e1xima cooperaci\u00f3n y coordinaci\u00f3n con el Gobierno de Espa\u00f1a. No se trata de competir, sino de sumar y coordinar esfuerzos para ser lo m\u00e1s eficaces que seamos capaces. Durante este a\u00f1o se han detenido a m\u00e1s de 50 terroristas y este est\u00e1 siendo un mal a\u00f1o para ETA y un muy buen a\u00f1o para la libertad. <\/p>\n<p>P.- Independientemente de ETA, que lo distorsiona todo, \u00bfcree que el nivel de autogobierno que tiene hoy el Pais Vasco es suficiente?<\/p>\n<p>R.- El autogobierno estatutario que tenemos en Euskadi fue fruto de un gran acuerdo primero entre vascos y despu\u00e9s de los vascos con el resto de los ciudadanos de Espa\u00f1a y creo que, en todo caso, lo que hay que hacer es prestigiarlo, consolidarlo y desarrolarlo al servicio del conjunto de la sociedad vasca. Yo defiendo que el futuro de la sociedad vasca se tiene que construir en base al autogobierno estatutario y su mejora dentro de Espa\u00f1a y Europa.<\/p>\n<p>P.- \u00bfEs usted el Rubalcaba del Gobierno vasco? No lo digo solo por el cargo, sino tambi\u00e9n por la actitud y las simpat\u00edas entre los ciudadanos frente al resto de sus colegas, la actitud seria, pausada y la generaci\u00f3n de confianza.<\/p>\n<p>R.- Alfredo P\u00e9rez Rubalcaba no s\u00f3lo es mi amigo, sino que lo considero un maestro en la pol\u00edtica. Que me comparen con \u00e9l me parece excesivo, pero, en todo caso, es un honor.<\/p>\n<p>P.- \u00bfEs este un paso definitivo para acabar con ETA? <\/p>\n<p>R.- Es un paso m\u00e1s en la pol\u00edtica antiterrorista y estoy seguro que si perseveramos estaremos recorriendo la recta final para acabar definitivamente con el terrorismo, pero ETA, aunque est\u00e1 m\u00e1s d\u00e9bil que nunca, no ha desaparecido. No estamos en el post-ETA, como algunos dirigentes nacionalistas pretenden trasladar. Tenemos que trabajar para acabar definitivamente con ETA.<\/p>\n<p>P.- Felicidades sr. Ares. Apoyo su voluntad de acabar con la apolog\u00eda del terrorismo a trav\u00e9s de las fotos de etarras pero me asalta una gran duda. La Audiencia Nacional ha absuelto hasta ahora a todos los acusados de no quitar las fotos de etarras o de portarlas. \u00bfNo es mucho arriesgar la persistencia en este tipo de procedimientos si no llevan a nada? \u00bfNo desvirt\u00faan tales sentencias su labor? <\/p>\n<p>R.- Quedan much\u00edsimos imputados en la Audiencia Nacional para que \u00e9sta se pronuncie. La Ertzaintza seguir\u00e1 cumpliendo con su deber que no es otro que, cuando considera que se ha vulnerado la ley y se cometen actos il\u00edcitos, trasladar estos a la Justicia para que se depuren responsabilidades. Seguiremos trabajando para que en Euskadi no haya espacios de impunidad en que los intolerantes campen a sus anchas y seguiremos retirando carteles, pancartas y pintadas que hagan apolog\u00eda del terrorismo, homenajeen a etarras o ofendan la memoria y la dignidad de las v\u00edctimas del terrorismo. Y los seguiremos haciendo con la colaboraci\u00f3n de los Ayuntamientos, a los cuales les agradezco una vez m\u00e1s swu colaboraci\u00f3n..<\/p>\n<p>P.- \u00bfQu\u00e9 les ha dicho esta ma\u00f1ana a Maite, la hermana de Joseba Pagazartundua, y a Estibal\u00edz, su viuda?\u00bfC\u00f3mo han reaccionado ellas? Un saludo <\/p>\n<p>R.- Ha sido una conversaci\u00f3n privada, pero, en todo caso, puedo decir que me han agradecido el trabajo de la Ertzaintza y me han pedido que traslade a nuestra polic\u00eda este agradecimiento, lo cual he hecho.<\/p>\n<p>P.- \u00bfCu\u00e1les son las formas de financiaci\u00f3n que recibe ETA? \u00bfSabe si est\u00e1n ligados al FARC?<\/p>\n<p>R.- ETA se financia a trav\u00e9s de la extorsi\u00f3n a empresarios y profesionales y, salvo contactos puntuales, no me consta que est\u00e9n ligados a las FARC.<\/p>\n<p>P.- Sr Ares, me gustaria saber, si Joseba fue asesinado en un bar en el que supongo habr\u00eda alguien m\u00e1s que la victima y su verdugo. \u00bfpor que se han tardado 7 a\u00f1os en dar con el criminal? \u00bfEs que sigue imperando la ley del silencio en el Pa\u00eds Vasco? <\/p>\n<p>R.- La detenci\u00f3n de los presuntos asesinos de Joseba Pagaza tambi\u00e9n se ha hecho contando con la colaboraci\u00f3n ciudadana. Puede que alguna gente en Euskadi tenga miedo, pero, en todo caso, la inmensa mayor\u00eda de la ciudadan\u00eda de Euskadi rechaza a ETA y mucha gente est\u00e1 en primera l\u00ednea plant\u00e1ndole cara, rechazando sus postulados totalitarios y defendiendo la libertad y la convivencia. <\/p>\n<p>P.- Estimado Sr. Ares, parece que Aralar finalmente se unir\u00e1 al pacto ya firmado entre EA y Batasuna (el partido ya ha enviado a sus militantes un documento para aprobar esta uni\u00f3n). \u00bfQu\u00e9 opini\u00f3n le merece esta uni\u00f3n? \u00bfY, en concreto para Navarra, ve como desafortunada la probable disoluci\u00f3n de Nafarroa Bai? Muchas gracias.<\/p>\n<p>R.- Me parece una terrible equivocaci\u00f3n que partidos democr\u00e1ticos se embarquen en una unidad de acci\u00f3n pol\u00edtica con los radicales abertzales sin que estos se hayan desmarcado definitivamente de la violencia y hecho un apuesta clara por la pol\u00edtica y s\u00f3lo por la pol\u00edtica. El problema es que hay algunos pol\u00edticos en Euskadi que pretenden hacer pol\u00edtica como si ETA hubiera desaparecido o los radicales abertzales se hubieran desmarcado definitivamente de la violencia. Y ni ETA ha desparecido ni los radicales abertzales se han independizado de ETA. Y, en todo caso, y si alguien tiene alguna duda, que se releea las declaraciones recientes de Tasio Erkizia.<\/p>\n<p>P.- \u00bfCree que el mejor final de ETA ser\u00eda la detenci\u00f3n de sus \u00faltimos miembros a manos de la Ertzaintza, de la polic\u00eda de los propios vascos?<\/p>\n<p>R.- El final de ETA vendr\u00e1 de una pol\u00edtica de combate al terrorismo en todos los frentes desde la acci\u00f3n policial, judicial, la colaboraci\u00f3n internacional y el rechazo y la repulsa ciudadana a los terroristas y a quienes les amparan. No tenga ninguna duda que la Ertzaintza, colaborando con otras polic\u00edas, har\u00e1 todo lo que est\u00e9 a su alcance para investigar, esclarecer y detener a todos los terroristas que hayan cometido atentados o asesinatos. Lo menos importante es qui\u00e9n detenga a terroristas; lo m\u00e1s importante es que los terroristas sean detenidos y puestos a disposici\u00f3n de la Justicia.<\/p>\n<p>P.- Si ETA declara una tregua, \u00bfCambiar\u00e1 la actitud de la Ertzantza hacia el entorno terrorista?<\/p>\n<p>R.- No cambiar\u00eda nada. ETA ya ha declarado en el pasado treguas y todos sabemos c\u00f3mo ha acabado. Lo que la inmensa mayor\u00eda de la sociedad vasca espera de ETA no es una tregua, sino que desaparezca definitivamente de nuestras vidas. Y la Ertzaintza, aunque hubiera una tregua, seguir\u00e1 trabajando para acabar definitvamente con el terrorismo y, desde la pol\u00edtica, seguiremos combatiendo a ETA y su entorno desde todos los frentes con una pol\u00edtica de firmeza democr\u00e1tica y tolerancia cero.<\/p>\n<p>P.- \u00bfNo le parece inmoral que la policia autonoma vasca no haya movido un dedo contrae ETA hasta que llego usted? Esa es la sensaci\u00f3n que tenemos muchos<\/p>\n<p>R.- Yo siempre valorar\u00e9 el trabajo que la Ertzaintza ha hecho contra ETA y siempre voy a agradecer el trabajo de los miembros de nuestra polic\u00eda en contra de ETA.<\/p>\n<p>P.- Se lee mucho de la captura de cabecillas y de importantes dirigentes de ETA, de los hallazgos de importante material logistico tanto dentro como fuera de Espa\u00f1a, y muchas conferencias de prensa anunciando que el fin esta cerca&#8230; pero sin embargo ETA sigue alli. \u00bfCu\u00e1l es la situacion real de la banda terrorista en este punto?<\/p>\n<p>R.- ETA est\u00e1 m\u00e1s d\u00e9bil que nunca, con menos capacidad operativa, acosada policial y socialmente, con menos respaldo internacional, pero somos conscientes de que tenemos que hacer un \u00faltimo esfuerzo para acabar definitivamente con el terrorismo. Por eso le pido a la ciudadan\u00eda que colabore con la polic\u00eda para conseguir este objetivo.<\/p>\n<p>P.- \u00bfQu\u00e9 siente alguien como vd., que, desgraciadamente, ha visto caer asesinados a compa\u00f1eros de partido, cuando se entablan negociaciones con ETA?<\/p>\n<p>R.- Los procesos de di\u00e1logo para acabar definitivamente con el terrorismo siempre han llevado a ETA a una posici\u00f3n de m\u00e1s debilidad. En todo caso, ETA enterr\u00f3 con el atentado de la T-4 el proceso que se hab\u00eda iniciado y hoy la pol\u00edtica antiterrorista que estamos llevando a cabo no va a cambiar, porque est\u00e1 dando buenos resultados.<\/p>\n<p>P.- Hola Sr. Ares: \u00bfPara cuando erradicar las fotos de presos en el campus de Leioa de la UPV?<\/p>\n<p>R.- En el campus de la UPV, como en cualquier otro lugar, siempre que tenemos conocimiento de carteles, pancartas o pintadas que vulneran la ley se act\u00faa retir\u00e1ndolos. <\/p>\n<p>P.- \u00bfQu\u00e9 opina cuando escucha a Mayor Oreja y otra gente del PP, y algunos medios tambi\u00e9n, decir que Zapatero quiere volver a negociar con ETA? \u00bfNo le da gana de romper el pacto con este partido?<\/p>\n<p>R.- Mayor Oreja est\u00e1 instalado en la mentira y la manipulaci\u00f3n para combatir al Gobierno socialista. Es lamentable que quien ha sido ministro del Interior sea tan irresponsable y el pacto con el PP en Euskadi no est\u00e1 afectado por declaraciones de este se\u00f1or o de alg\u00fan otro dirigente del PP a nivel de Espa\u00f1a, entre otras cosas porque los dirigentes del PP en Euskadi mantiene posiciones mucho m\u00e1s responsables.<\/p>\n<p>P.- \u00bfComo se perfila el traslado de los presos de ETA a carceles de Euskadi tras los recientes casos que han aparecido en las noticias? \u00bfCree usted que el n\u00famero va a seguir creciendo o ha sido una medida puntual? \u00bfQue opina usted sobre \u00e9sta pol\u00edtica? <\/p>\n<p>R.- El traslado de presos de unas c\u00e1rceles a otras ha formado y forma parte de la pol\u00edtica antiterrorista. Se hace con escrupuloso respeto a la legalidad y nadie deber\u00eda instrumentalizar estos traslados para generar inquietud en las v\u00edctimas o utilizar la pol\u00edtica penitenciaria en beneficio partidario.<\/p>\n<p>P.- Sr. Ares, \u00bfPor qu\u00e9 tanta diligencia contra ETA -que est\u00e1 bien- y no contra otros cr\u00edmenes? Los ratios de segutidad ciudadana se handisparado en el Pa\u00eds Vasco, Irun de verg\u00fcenza. Y no vale eso de menos delincuencia de Espa\u00f1a<\/p>\n<p>R.- Los ratios de criminalidad en Euskadi est\u00e1n muy por debajo de los ratios del resto de Espa\u00f1a o Europa, pero, en todo caso, vamos a seguir reforzando el trabajo de la Ertzaintza en la prevenci\u00f3n de todo tipo de delitos porque aunque solamente hubiera un delito nuestra obligaci\u00f3n es adoptar las medidas para evitarlo o detener a los autores de dicho delito. <\/p>\n<p>P.- \u00bfPor que no se tomaron medidas en el departamento de Interior del Gobierno Vasco para garantigar que los ciudados que quisieran pudieran ver la final del Mundial en lugares p\u00fablicos en Euskadi?<\/p>\n<p>R.- Aquellos Ayuntamientos que lo consideraron oportuno pusieron pantallas como en otros lugares de Espa\u00f1a se hizo.<\/p>\n<p>P.- \u00bfCondenan ustedes las torturas que es posible que se apliquen a presos vascos en las c\u00e1rceles espa\u00f1olas, como dicen algunas organizaciones?<\/p>\n<p>R.- Todas las denuncias sobre vulneraci\u00f3n de derechos humanos en un Estado garantista como el que vivimos tienen cauces y mecanismos para ser investigados y en todo caso depurar responsabilidades. Yo no puedo olvidar, y nadie deber\u00eda olvidar, que en el mundo de ETA y su entorno hay una consigna permanente y un manual para denunciar permanentemente torturas. Y le digo con toda claridad que aquellos que denuncien torturas, y sin aportar pruebas, por parte de la Ertzaintza, tendr\u00e1n que responder ante los tribunales porque acudir\u00e9 a ellos en defensa del buen hacer profesional de nuestra polic\u00eda, que act\u00faa con protocolos muy garantistas homologables a cualquier pa\u00eds avanzado de nuestro entorno. <\/p>\n<p>P.- Felicitarle por el gran trabajo que ha desarrollado hasta ahora Sr. Ares. Mi pregunta es muy simple, pero dificil de contestar, especialmente para una persona de su calado. \u00bfHasta qu\u00e9 punto el PNV ha colaborado en la detencion de etarras? Por lo que a mi me consta este partido ha sido demasiado ambiguo en las tres ultimas decadas, llegando incluso a refejarse unas ideas nacionalistas extremas.<\/p>\n<p>R.- El PNV es un partido muy importante en Euskadi y yo tengo que agradecer su colaboraci\u00f3n en la pol\u00edtica antiterrorista que estamos llevando a cabo. Otra cosa es que no comparta algunas de sus posiciones y que no denuncie algunos errores que ha cometido en el pasado en el campo de la pol\u00edtica.<\/p>\n<p>P.- \u00bfPor qu\u00e9 no invitan a Od\u00f3n Elorza a retirar una calle del denominado callejero etarra? \u00bfPor qu\u00e9 se niega el alcalde? <\/p>\n<p>R.- No me consta esa negativa de Od\u00f3n Elorza y en todo caso Od\u00f3n Elorza es una persona absolutamente comprometida en la defensa de la democracia y la libertad en Euskadi y un excelente alcalde.<\/p>\n<p>P.- \u00bfHan recibido informaci\u00f3n que ha permitido detener a Aguirresarobe a trav\u00e9s del nuevo portal para recibir denuncias ciudadanas an\u00f3nimas? \u00bfPor qu\u00e9 se ha tardado tanto en atar los cabos de este crimen?<\/p>\n<p>R.- \u00bfHan recibido informaci\u00f3n que ha permitido detener a Aguirresarobe a trav\u00e9s del nuevo portal para recibir denuncias ciudadanas an\u00f3nimas? \u00bfPor qu\u00e9 se ha tardado tanto en atar los cabos de este crimen?<\/p>\n<p>P.- Una gran parte de la sociedad vasca piensa que estas detenciones forman parte de una cortina de humo para disimular la impopularidad e ineficacia del nuevo Gobierno Vasco en otras materias. \u00bfTiene algo que decir al respecto?<\/p>\n<p>R.- Hay comentarios y valoraciones que se descalifican por s\u00ed mismos.<\/p>\n<p>P.- \u00bfEs cierto que su Departamento trabaja para garantizar la seguridad en las carreteras vascas y permitir que la Vuelta Ciclista regrese a Euskadi?<\/p>\n<p>R.- Si los organizadores deciden que la Vuelta Ciclista pase por Euskadi, como cualquier otro evento deportivo o de otro tipo que necesite seguirdad, la Ertzaintza adoptar\u00e1 las medidas necesarias para garantizar la seguridad de dichos eventos.<\/p>\n<p>P.- Se\u00f1or Ares, sue\u00f1e un poco e imag\u00ednese amanecer un d\u00eda sabiendo que ETA no existe m\u00e1s y que la paz llego tanto al Pa\u00eds Vasco como a Espa\u00f1a entera. \u00bfQu\u00e9 har\u00eda usted a partir de ese momento? <\/p>\n<p>R.- Celebrarlo y recordar a todos los que les asesinaron o sufirieron el zarpazo del terrorismo y colaborar para que el mapa de la memoria que estamos poniendo en marcha en Euskadi sirva para que recordar las v\u00edctimas y evitar que volvamos a sufrir lo que hemos sufrido.<\/p>\n<p>P.- \u00bfHabr\u00e1 m\u00e1s acercamiento de presos al Pa\u00eds Vasco en pr\u00f3ximas fechas? \u00bfSe est\u00e1 consiguiendo as\u00ed dividir a los reclusos de ETA? <\/p>\n<p>R.- El acercamiento o el alejamiento de presos forma parte de la pol\u00edtica antiterrorista y tiene como objetivo debilitar al entramado terrorista. Y habr\u00e1 acercamientos o alejamientos en la medida en que se considere oportuno.<\/p>\n","protected":false},"excerpt":{"rendered":"<p>El presunto asesino de Joseba Pagazaurtundua, Gurutz Agirresarobe Pagola, ha sido detenido en Hernani junto con Aitziber Ezkerra, su antigua pareja y sospechosa de colaborar con ETA. El consejero de Interior del Gobierno Vasco, Rodolfo Ares, ha charlado con los lectores sobre estas detenciones, as\u00ed como de la lucha antiterrorista y de otras cuestiones relativas a su departamento.<br \/>\nFoto: Luis Alberto Garc\u00eda<\/p>\n","protected":false},"author":1,"featured_media":0,"comment_status":"open","ping_status":"open","sticky":false,"template":"","format":"standard","meta":{"footnotes":""},"categories":[],"tags":[],"class_list":["post-7204","post","type-post","status-publish","format-standard","hentry"],"_links":{"self":[{"href":"https:\/\/intervius.com\/index.html\/wp-json\/wp\/v2\/posts\/7204","targetHints":{"allow":["GET"]}}],"collection":[{"href":"https:\/\/intervius.com\/index.html\/wp-json\/wp\/v2\/posts"}],"about":[{"href":"https:\/\/intervius.com\/index.html\/wp-json\/wp\/v2\/types\/post"}],"author":[{"embeddable":true,"href":"https:\/\/intervius.com\/index.html\/wp-json\/wp\/v2\/users\/1"}],"replies":[{"embeddable":true,"href":"https:\/\/intervius.com\/index.html\/wp-json\/wp\/v2\/comments?post=7204"}],"version-history":[{"count":0,"href":"https:\/\/intervius.com\/index.html\/wp-json\/wp\/v2\/posts\/7204\/revisions"}],"wp:attachment":[{"href":"https:\/\/intervius.com\/index.html\/wp-json\/wp\/v2\/media?parent=7204"}],"wp:term":[{"taxonomy":"category","embeddable":true,"href":"https:\/\/intervius.com\/index.html\/wp-json\/wp\/v2\/categories?post=7204"},{"taxonomy":"post_tag","embeddable":true,"href":"https:\/\/intervius.com\/index.html\/wp-json\/wp\/v2\/tags?post=7204"}],"curies":[{"name":"wp","href":"https:\/\/api.w.org\/{rel}","templated":true}]}}