{"id":7172,"date":"2010-07-27T00:00:00","date_gmt":"2006-11-06T00:00:00","guid":{"rendered":"https:\/\/intervius.com\/index.html\/?p=7172"},"modified":"2006-11-06T00:00:00","modified_gmt":"2006-11-06T00:00:00","slug":"Tomas_Roncero7172","status":"publish","type":"post","link":"https:\/\/intervius.com\/index.html\/Tomas_Roncero7172\/","title":{"rendered":"Tom\u00e1s Roncero"},"content":{"rendered":"<p>Pregunta.- Muy wenas , tengo 3 preguntas \u00bf no crees que estan dando demasiado bombo a lo de un central o maicon y lo que de verdad hace falta es un lateral izquierdo ? \u00bf la cantera esta en tu filosofia de club , en mi opinion es indispensable? \u00bf a quien ficharias para el madrid? A mi no me gustaba punto pelota y me enganche por ti. ERES UN CRACK!!!!!!! <\/p>\n<p>Respuesta.- Gracias por tus palabras amigo. Mira, lo del lateral izquierdo no lo veo tan determinante. De hecho, Menezes, nuevo seleccionador de Brasil, ha convocado hoy a Marcelo. En cuanto a la cantera estoy contigo. El Madrid debe dar m\u00e1s bola y protagonismo a la cantera para ahorrarse dinero en fichajes hinchados con gente con menos compromiso. El gran Madrid de siempre tuvo cinco o seis de la cantera en el primer equipo y hay que volver a eso. <\/p>\n<p>P.- Gran Tommy!!No te pregunto te pido que nos des \u00e1nimos, si de verdad puedes.Tengo 26 a\u00f1os y desde que empece a tener conciencia, a los 10 a\u00f1os, en esto del f\u00fatbol s\u00f3lo he conocido a un Madrid con RAUL, siento ahora mismo un gran vac\u00edo. Esto ya no tiene sentido, no se si arrrojar la toalla y dejar de ser de Madrid, por que s\u00f3lo he conocido al RAUL MADRID. ANIMANOS POR FAVOR<\/p>\n<p>R.- No es f\u00e1cil pasar por este trago y os entiendo, pero mira el lado bueno. Juanito era mi \u00eddolo y se fue al M\u00e1laga, para luego dejarse la vida en la carretera tras ver a su Madrid. El Buitre era para m\u00ed un semidios y tuvo que irse a M\u00e9xico para que entrase un chaval que se llama Ra\u00fal. La cadena siempre se estira y aparecer alguien que ocupa nuestras ilusiones. Ra\u00fal queda en el coraz\u00f3n y en la memoria, pero el Madrid es eterno y debe seguir. <\/p>\n<p>P.- hola roncero mas que una pregunta es una peticion.se podria hacer un libro, o mejor dixo varios en el cual los aficionados podamos ponerle algo a raul y se lo deis.gracias<\/p>\n<p>R.- Yo creo que lo ideal es que envi\u00e9is mensajes escritos al as o cartas al director sobre Ra\u00fal y que una vez archivadas todas se le pudieran hacer llegar a \u00e9l para que vea el cari\u00f1o que se lleva de todos vosotros. Me parece una buena iniciativa amigo. <\/p>\n<p>P.- Hola Tom\u00e1s. \u00bfEs cierto que el Schalke 04 a partir de ahora se va a llamar Schalke 07? \u00bfNo crees que el hecho de que Ra\u00fal se viniera al Madrid desde el Atleti cambi\u00f3 la historia casi como el hecho de que Di St\u00e9fano no fuera al Bar\u00e7a y s\u00ed al Madrid? Un abrazo y muchas gracias.<\/p>\n<p>R.- S\u00ed, as\u00ed lo ha rebautizado El\u00edas Israel y as\u00ed le he recogido yo el guante llam\u00e1ndole hoy en el AS. ES VERDAD QUE EN LOS \u00daLTIMOS QUINCE A\u00d1OS RA\u00daL HA CAMBIADO LA HISTORIA DEL MADRID, \u00c9L FUE CLAVE PARA METER AL MADRID EN LAS COPAS DE EUROPA EN COLOR. <\/p>\n<p>P.- ABRETE UN TWITTER!! le pedi a manolete y me dijo que har\u00eda lo posible para convencerte!!aun lo espero!! Desde venezuela @geossa HALA MADRID!!! MOU HARA HISTORIA<\/p>\n<p>R.- YO NO S\u00c9 MANEJAR ESOS APARATOS DIAB\u00d3LICOS. PERO SI ALG\u00daN D\u00cdA PUEDO LO HAR\u00c9 AMIGO. SOY MUY ANTIGUO. QU\u00c9 LE VAMOS A HACER. <\/p>\n<p>P.- \u00bfPorque el a\u00f1o pasado hubo 90.000 personas para ver a CR9 y ayer hab\u00eda solo 2.000 para la despedida del Gran Capit\u00e1n? \u00bfNo crees que fall\u00f3 la directiva?<\/p>\n<p>R.- Desde luego, hubiera sido necesario que se hubiese anunciado d\u00edas antes por el club y que se hubiera buscado la \u00faltima hora de la tarde. Ra\u00fal era santo y se\u00f1a del madridismo y se hubiera llenado el Bernab\u00e9u con seguridad. Es una pena pero al final s\u00f3lo Punto Pelota y el AS avisaron de que se abrir\u00edan las puertas para los aficionados que quisieran despedirse de \u00e9l. Pero los 2.000 que fueron se llevaron el coraz\u00f3n de Ra\u00fal. Eran pocos pero aut\u00e9nticos. <\/p>\n<p>P.- Roncero \u00bfcomo te sentistes ayer despues de que nuestro gran capitan se fuera del Madrid?y \u00bfque piensas de las criticas que hicieron anoche tus compa\u00f1eros de Punto pelota sobre? Eres un crack Roncero animo sigue asi y no cambies Te esperamos en alicante =)<\/p>\n<p>R.- Estoy fastidiado, para qu\u00e9 enga\u00f1arte. Me cuesta imaginar un Madrid sin Ra\u00fal. Su p\u00e9rdida s\u00f3lo la sabremos valorar cuando pasen los d\u00edas. Seguro que el Schalke va a triunfar porque es un m\u00e1quina y un profesional \u00edntegro. Pero es ley de vida y hay que aceptarlo. En cuanto a las cr\u00edticas de algunos compa\u00f1eros las respeto pero estoy en total desacuerdo con ellas. Pero es su opini\u00f3n y yo no puedo cambiarla. Grande capit\u00e1n. <\/p>\n<p>P.- Tomas esta es la lista de interesan en Madrid, 1&#215;1 como esta su situacion? Cuales te gustan a ti y no estan en la lista. Maicon (Inter de Mil\u00e1n) De Rossi (Roma) Javi Mart\u00ednez (Athletic) D. Milito (Inter de Mil\u00e1n) David Luiz (Benfica) Gerrard (Liverpool) Coentrao (Benfica) Khedira (Stuttgart) Schweinsteiger (Bayern) \u00d6zil (Werder Bremen<\/p>\n<p>R.- Me gustan Maicon, Javi Mart\u00ednez, David Luiz, Khedira, Schweisnteiger y Ozil.<\/p>\n<p>P.- Buenas, Tomas. En nombre de todo el madridismo queria agradecer tus palabras a Raul ayer, muy emocionantes. Eres un grande. Por otra parte se nos va Raul&#8230; y quien lo reemplazara en la nomina de delanteros? Apuestas por un fichaje de 9 o confiar en un chaval de la cantera como Rodrigo, Morata, Plano o Fran Sol? Ojala pase lo segundo! Saludos, crack.<\/p>\n<p>R.- Gracias por tus palabras amigo. Hombre, en caso de traer a un nueve veterano y de segunda fila prefiero un canterano. Eso est\u00e1 claro. Hay que creer en la gente joven y m\u00e1s si es de la casa. <\/p>\n<p>P.- Hola Tom\u00e1s. Quer\u00eda preguntarte si le ves a Iker con opciones de ganar el pr\u00f3ximo bal\u00f3n de oro. Gracias.<\/p>\n<p>R.- Es muy dif\u00edcil porque es portero y es un puesto al que no se le suele reconocer con estos galardones, pero se lo merecer\u00eda porque el Mundial se gan\u00f3 en gran parte por sus milagrosas paradas ante Paraguay y Holanda. Ese pie ante Robben fue el pie de Dios. <\/p>\n<p>P.- Ayer llor\u00e9 viendo la despedida del Gran Capitan&#8230;.<\/p>\n<p>R.- Fue incre\u00edble. Era imposible no llorar. D\u00eda muy duro para los madridistas de base. Pero Ra\u00fal volver\u00e1 en unos a\u00f1os y ser\u00e1 nuestro entrenador. Tiempo al tiempo. <\/p>\n<p>P.- Hola Tomas \u00bfconfias en que Kaka este a su nivel para esta temporada? \u00bfno crees que si llegar\u00e1 una buena oferta habr\u00eda que venderlo? Yo con 40 millones lo envuelvo para regalo&#8230;<\/p>\n<p>R.- Kak\u00e1 lleg\u00f3 lesionado y eso ha condicionado mucho su pobre rendimiento. Yo no pierdo la fe en que vuelva a ser el jugador de Brasil y del Mil\u00e1n que gan\u00f3 el Bal\u00f3n de Oro pero el asunto no tiene muy buena pinta. Si ofrecen 40 kilos me lo pensar\u00eda. <\/p>\n<p>P.- Han perdonado la ficha del ultimo a\u00f1o Raul y Guti?<\/p>\n<p>R.- Creo que el club ha cubierto la parte diferencial entre lo que van a cobrar en el Schalke y el Besiktas y lo que deb\u00edan percibir en el Madrid. Me parece un acuerdo justo. <\/p>\n<p>P.- Hola Tom\u00e1s. \u00bfme puedes decir que pasa con Albiol? Despues de la gran temporada que ha realizado \u00bfpiensan mandarle al banquillo y fichar otro central? \u00bfno crees que el refuerzo debe ser un sustituto para Garay, Pepe y Albiol, es decir, un cuarto central que no tiene que ser una estrella&#8230;<\/p>\n<p>R.- Creo que para Mourinho el puesto de central es clave y quiere reforzarlo, pero luego los galones de titular se ganar\u00e1n durante la temporada. Albiol es muy bueno y claro que no est\u00e1 sentenciado. Tiempo al tiempo. <\/p>\n<p>P.- Saludos desde los EEUU Tomas. Mira, yo siempre he side cule hasta la medula. Sin embargo, ver que Raul se marcha de Madrid (aunque lo tengo por seguro que solo sea de forma pasajera su marcha), de la Liga, me da una sensacion de tristeza. Por que? Por cierto, felicidades por el Mundial! Sois los mejores. <\/p>\n<p>R.- Gracias, Dennie. Es duro todo lo que est\u00e1 pasando, pero hay que entenderlo. La vida tiene sus procesos y llegados a esa edad los jugadores y los propios clubes se replantean muchas cosas. Lo importante es que la decisi\u00f3n la ha tomado el propio Ra\u00fal, porque se ha ganado ser due\u00f1o de su destino. A m\u00ed me da mucha rabia porque le adoro y en el Bernab\u00e9u era sangre madridista cien por cien, pero ahora le animaremos en la distancia. \u00a1Viva el Schalke 07! <\/p>\n<p>P.- Hola crack!! si fichan a Carvaho por 6 millones y nos ahorramos los 30 que se pagar\u00edan por Maicon \u00bfno crees que deber\u00edan hacer un esfuerzo por Schweinsteiger? <\/p>\n<p>R.- Schwes\u00a1nsteiger es muy bueno, pero olv\u00eddate porque el Bayern M\u00fanich al Madrid no le vende ni un par de botas. Nos tienen man\u00eda y cada vez que llamamos a su puerta piden precios desorbitados. Lo de Carvalho me parece bien porque Mourinho le conoce mucho y puede sacarle dos a\u00f1os buenos. Adem\u00e1s, es barato, pero parece que el club busca algo m\u00e1s joven, tipo David Luiz o Thiago Silva. <\/p>\n","protected":false},"excerpt":{"rendered":"<p>El redactor jefe del Diario AS, Tom\u00e1s Roncero ha charlado con los internautas sobre la actualidad madridista, centrada en la despedida de Ra\u00faly Guti, la llegada de Mourinho y los posibles fichajes del club blanco.<\/p>\n<p>ARCHIVO DE ENTREVISTAS:<\/p>\n<p>13 de julio &#8211; 06 de julio &#8211; 29 de junio &#8211; 8 de junio &#8211; 1 de junio &#8211; 25 de mayo &#8211; 18 de mayo &#8211; 11 de mayo &#8211; 04 de mayo &#8211; 27 de abril &#8211; 20 de abril &#8211; 13 de abril &#8211; 06 de abril &#8211; 30 de marzo &#8211; 23 de marzo &#8211; 16 de marzo &#8211; 09 de marzo &#8211; 02 de marzo &#8211; 23 de febrero &#8211; 18 de febrero &#8211; 10 de febrero &#8211; 02 de febrero &#8211; 27 de enero &#8211; 19 de enero &#8211; 12 de enero &#8211; 05 de enero &#8211; 29 de diciembre &#8211; 22 de diciembre &#8211; 15 de diciembre &#8211; 09 de diciembre &#8211; 01 de diciembre &#8211; 24 de noviembre &#8211; 17 de noviembre &#8211; 10 de noviembre &#8211; 5 de noviembre &#8211; 27 de octubre &#8211; 20 de octubre &#8211; 13 de octubre &#8211; 06 de octubre &#8211; 29 de septiembre &#8211; 22 de septiembre &#8211; 15 de septiembre &#8211; 08 de septiembre &#8211; 01 de septiembre &#8211; 25 de agosto &#8211; 28 de julio &#8211; 20 de julio &#8211; 14 de julio &#8211; 07 de julio &#8211; 30 de junio &#8211; 16 de junio &#8211; 16 de junio &#8211; 09 de junio &#8211; 02 de junio &#8211; 26 de mayo &#8211; 19 de mayo &#8211; 12 de mayo &#8211; 5 de mayo &#8211; 28 de abril &#8211; 21 de abril &#8211; 14 de abril &#8211; 07 de abril &#8211; 31 de marzo &#8211; 25 de marzo &#8211; 17 de marzo &#8211; 24 de febrero &#8211; 17 de febrero &#8211; 10 de febrero &#8211; 2 de julio &#8211; 14 de junio <\/p>\n","protected":false},"author":1,"featured_media":0,"comment_status":"open","ping_status":"open","sticky":false,"template":"","format":"standard","meta":{"footnotes":""},"categories":[],"tags":[],"class_list":["post-7172","post","type-post","status-publish","format-standard","hentry"],"_links":{"self":[{"href":"https:\/\/intervius.com\/index.html\/wp-json\/wp\/v2\/posts\/7172","targetHints":{"allow":["GET"]}}],"collection":[{"href":"https:\/\/intervius.com\/index.html\/wp-json\/wp\/v2\/posts"}],"about":[{"href":"https:\/\/intervius.com\/index.html\/wp-json\/wp\/v2\/types\/post"}],"author":[{"embeddable":true,"href":"https:\/\/intervius.com\/index.html\/wp-json\/wp\/v2\/users\/1"}],"replies":[{"embeddable":true,"href":"https:\/\/intervius.com\/index.html\/wp-json\/wp\/v2\/comments?post=7172"}],"version-history":[{"count":0,"href":"https:\/\/intervius.com\/index.html\/wp-json\/wp\/v2\/posts\/7172\/revisions"}],"wp:attachment":[{"href":"https:\/\/intervius.com\/index.html\/wp-json\/wp\/v2\/media?parent=7172"}],"wp:term":[{"taxonomy":"category","embeddable":true,"href":"https:\/\/intervius.com\/index.html\/wp-json\/wp\/v2\/categories?post=7172"},{"taxonomy":"post_tag","embeddable":true,"href":"https:\/\/intervius.com\/index.html\/wp-json\/wp\/v2\/tags?post=7172"}],"curies":[{"name":"wp","href":"https:\/\/api.w.org\/{rel}","templated":true}]}}