{"id":7139,"date":"2010-07-19T00:00:00","date_gmt":"2006-11-06T00:00:00","guid":{"rendered":"https:\/\/intervius.com\/index.html\/?p=7139"},"modified":"2006-11-06T00:00:00","modified_gmt":"2006-11-06T00:00:00","slug":"Juan_Mora7139","status":"publish","type":"post","link":"https:\/\/intervius.com\/index.html\/Juan_Mora7139\/","title":{"rendered":"Juan Mora"},"content":{"rendered":"<p>Pregunta.- \u00bfHab\u00edas visto a alg\u00fan piloto espa\u00f1ol irrumpir en el panorama de competici\u00f3n como lo est\u00e1 haciendo Marc Marquez? \u00bfPodr\u00edamos estar ante un nuevo Angel nieto?<\/p>\n<p>Respuesta.- Buenos d\u00edas a todos y me alegra comenzar por el tema de las motos despu\u00e9s de la exhibici\u00f3n de ayer. Realmente lo que est\u00e1 haciendo M\u00e1rquez es tremendo, pero a estas edades siempre hay que ser cautos con las previsiones de futuro. De momento tiene talento y motivaci\u00f3n, una combinaci\u00f3n perfecta para llegar lejos.<\/p>\n<p>P.- Te gusta el ciclismo? \u00bfC\u00f3mo est\u00e1s viendo este Tour? \u00bfNo crees que Schleck es un poco prepotente al decir que su \u00fanico rival es Contador?\u00bfLe ves alguna opci\u00f3n a Samuel S\u00e1nchez?<\/p>\n<p>R.- Pues s\u00ed, el ciclismo me gusta, y sigo a diario el Tour y la Vuelta. Este a\u00f1o el Tour creo que est\u00e1 dando pocas sorpresas, porque se ha confirmado el duelo Contador-Schleck. Hab\u00eda m\u00e1s candidatos, s\u00ed, pero que los dec\u00edamos en voz. A Schleck no le veo prepotente por decir eso. Realmente es as\u00ed (salvo que se descuide, como ayer, y S\u00e1nchez y Menchov se le echen encima).. Sobre S\u00e1nchez, sus opciones al podio son reales, pero a la contrarreloj deber\u00eda llegar con mayor ventaja sobre Menchov. Creo que estos d\u00edas la conseguir\u00e1.<\/p>\n<p>P.- hola juan.volveremos a ver el ciclismo de anta\u00f1o donde no hace tanto tiempo salia pantani al ataque a falta de dos puertos a meta?se hace cansino y previsible ver un tour en el que se mueven a falta de 5kms meta.como se echa de menos el ciclismo valiente de pantani chava jalabert chiapucci etc<\/p>\n<p>R.- Estoy de acuerdo, pero las t\u00e1cticas han encorsetado el ciclismo y ya vimos lo que pas\u00f3 ayer, \u00a1que Contador y Schleck se llegaron a parar! No obstante, Contador es un corredor con cierta alegr\u00eda y tiene capacidad para atacar de lejos, pero hay un fin superior (ganar el Tour), que le obliga a ser comedido.<\/p>\n<p>P.- Buenos dias se\u00f1or Mora. Que medida podria salvar al baloncesto espa\u00f1ol de la continua ola de extranjeros que invade la acb? Cree que este a\u00f1o veremos una espa\u00f1olizacion del real madrid como dios manda? Un saludo y a seguir asi.<\/p>\n<p>R.- Los clubes de baloncesto reciben muchas ayudas de ayuntamientos y comunidades. Una buena medida para evitar la invasi\u00f3n a que se refiere, y que es cierta, ser\u00eda la retirada de subvenciones a aquellos clubes que no fomentaran la presencia del jugador espa\u00f1ol. En el Madrid es cierto que se est\u00e1 intentando una espa\u00f1olizaci\u00f3n. Juan Carlos S\u00e1nchez es partidaria de ella y ya lo intent\u00f3 en su anterior etapa. Es un ejemplo a seguir: que los esfuerzos sean para fichar espa\u00f1oles, no extranjeros.<\/p>\n<p>P.- La repentina reaparici\u00f3n de Valentino Rossi,\u00bfse debe a que se ve preparado para luchar por el campeonato, o s\u00f3lo para irse preparando de cara a la pr\u00f3xima temporada?<\/p>\n<p>R.- Yo creo que es para preparar la pr\u00f3xima temporada. Ahora bien, es cierto que ha reaparecido cuando a\u00fan el t\u00edtulo es matem\u00e1ticamente posible. Si Lorenzo hace un par de ceros seguidos, la clasificaci\u00f3n se apretar\u00eda y ya ver\u00edamos qu\u00e9 suced\u00eda. Pero este a\u00f1o Lorenzo no falla; Rossi tendr\u00e1 que esperar.<\/p>\n<p>P.- Parece ser que muchos equipos de voleibol tienen problemas para hacer frente a los avales que se les exige para participar en la Liga. De no alcanzarse el n\u00famero m\u00ednimo de equipos,\u00bfpodr\u00eda disputarse la referida Liga?<\/p>\n<p>R.- Es una cuesti\u00f3n a tratar. Desde luego yo creo que a\u00fan no nos hemos dado cuenta de c\u00f3mo va a afectar la crisis al deporte. Las ayudas oficiales se van a ir acabando y ya veremos c\u00f3mo sobreviven los clubes que viven de la caridad p\u00fablica. Puede estar pr\u00f3xima una vuelta atr\u00e1s y que muchos clubes que tienen jugadores profesionales vuelvan al amateurismo.<\/p>\n<p>P.- Hola Juan, \u00bfPuedes aclararnos la distribuci\u00f3n de responsabilidades en el Madrid de basket? Maceiras, Herreros, Messina, Sanchez L\u00e1zaro&#8230; \u00bfqu\u00e9 hace este \u00faltimo que hiciesen antes los otros?, \u00bfhan desplazado a Maceiras en el organigrama?, \u00bfes cierto que a Messina no le ha hecho mucha gracia lo de S\u00e1nchez L\u00e1zaro? Gracias y un saludo<\/p>\n<p>R.- Son cuestiones que habr\u00eda que trasladar al Madrid, pero mi impresi\u00f3n es que Florentino no qued\u00f3 contento de la gesti\u00f3n de la pasada temporada (ni deportiva ni econ\u00f3mica) y ha contratado a S\u00e1nchez para que reduzca el d\u00e9ficit y diga no a determinadas cuestiones. En ese sentido su opini\u00f3n prevalecer\u00eda ante la de Maceiras y Herreros. Cuesti\u00f3n aparte es Messina. Es el entrenador y con total autonom\u00eda en la parcela deportiva.<\/p>\n<p>P.- Hola Juan,\u00bfQu\u00e9 te parece el regreso de la Vuelta a espa\u00f1a a Euskadi? No crees que era una tremenda injusticia que la mejor afici\u00f3n ciclista del mundo se viese privada de algo as\u00ed simplemente por cuatro descerebrados? \u00bfQu\u00e9 opinas de la afici\u00f3n vasca al ciclismo?<\/p>\n<p>R.- Me parece estupendo porque, efectivamente, la afici\u00f3n del Pa\u00eds Vasco es dif\u00edcil de encontrar en cualquier otro lugar. Llevaba a\u00f1os madur\u00e1ndose lo de llevar la Vuelta y por fin va a ser verdad.<\/p>\n<p>P.- Parece que Pedrosa le quiere poner las coas dif\u00edciles a Lorenzo. \u00bfCrees que es un rival real por el t\u00edtulo o el mallorqu\u00edn ya tiene el campeonato en el bolsillo?<\/p>\n<p>R.- De Pedrosa siempre hemos hablado maravillas, pero \u00faltimamente est\u00e1 muy supeditado a las condiciones de la Honda. El d\u00eda que la domina, gana; el que no, a esperar. Con esta irregularidad es dif\u00edcil asaltar el t\u00edtulo y de ah\u00ed la diferencia de 47 puntos entre \u00e9l y Lorenzo. Lorenzo realmente depende de s\u00ed mismo y tiene la gran ventaja de que puede comenzar a correr con la calculadora en la mano. Pedrosa, en cambio, est\u00e1 obligado a arriesgar si quiere ganar.<\/p>\n<p>P.- A ver si tu em lo puedes explicar, porque yo la verdad es que no se que pasa con este tema. Hace unos a\u00f1os, cuando apareci\u00f3 Sergio garc\u00eda en la escena internacional, muchos le vendieron como un talento tipo Tiger Woods. Varios a\u00f1os despu\u00e9s, el ni\u00f1o sigue siendo el ni\u00f1o y no se parece al americano ni siquiera por sus &#8220;debilidades&#8221;. \u00bfLlegar\u00e1 a ser un crack el castellonense o simplemente es un tipo con un halo inmerecido?<\/p>\n<p>R.- Sergio Garc\u00eda fue un talento cuando irrumpi\u00f3 en escena. Despu\u00e9s se fue estancando y ahora es uno m\u00e1s, lo cual no quiere decir que no vaya a ganar ning\u00fan torneo m\u00e1s, incluido Grand Slam (ya vimos ayer a Oosthuizen). Eso le pasa a muchos jugadores, y no s\u00f3lo de golf, sino tambi\u00e9n de otros deportes: destacan al inicio por una rapid\u00edsima progresi\u00f3n y luego se paran. Quienes no se paran son los que alcanzan la gloria.<\/p>\n<p>P.- Tras el desastre en la copa davis me tem\u00eda una racha de resultados negativos de la armada, pero este fin de semana se han dado resultados favorables. Menudo nivel tenemos \u00bfCree que hay alg\u00fan pais que se nos pueda comparar a nivel ten\u00edstico en el mundo?<\/p>\n<p>R.- No, y por eso es decepcionante quedar eliminados en la Davis. Francia es uno de los pa\u00edses que tienen, como nosotros, uno de los niveles medios m\u00e1s altos (11 jugadores en el top-100 por 13 nosotros), pero no deber\u00edamos haber perdido all\u00ed. Sin Nadal y con Verdasco en baja forma, se lo pusimos realmente f\u00e1cil.<\/p>\n<p>P.- Se\u00f1or Mora, un placer hablar con usted \u00bfCree posible un doblete hist\u00f3rico con los mundiales de futbol y basket? \u00bfLo ha conseguido alguna selecci\u00f3n alguna vez?<\/p>\n<p>R.- Posible s\u00ed, porque lo que cre\u00edamos m\u00e1s dif\u00edcil (el Mundial de f\u00fatbol) est\u00e1 conseguido. Ahora queda la otra mitad. Es una cima ya conquistada, por lo cual no hemos de descartar volver a conseguirlo. Estados Unidos siempre da miedo, pero los mejores jugadores han renunciado. La pena es que no vaya Gasol. Ya hemos visto en la Davis lo que nos pasa si falta Nadal. Nuestro deporte est\u00e1 enorme, pero para seguir en la cima no nos pueden fallar los mejores. Sobre el doblete, ahora mismo que recuerde s\u00f3lo Brasil, Argentina y nosotros tenemos los dos t\u00edtulos. Brasil fue quien los consigui\u00f3 m\u00e1s pr\u00f3ximos en el mundo con los t\u00edtulos de f\u00fatbol y baloncesto en 1958 y 1959 y luego tambi\u00e9n en 1962 y 1963.<\/p>\n<p>P.- Buenas don juan quien sera para usted el ganador de este tour? puesp orque esta muy pero que my re\u00f1idoo esta siendo muy bonito y que le parece lo que paso ayer con Contador y Schleck?<\/p>\n<p>R.- Creo que ahora mismo la ventaja la tiene Contador. Con una crono de 52 kil\u00f3metros por delante, Schleck necesita una ventaja m\u00ednima de dos minutos para ir tranquilo. Como s\u00f3lo tiene 31 segundos, el problema es suyo, no de Contador. Por eso entiendo la maniobra ayer de Contador. Quien tiene que atacar es Schleck.<\/p>\n<p>P.- Querido Juan; Te ha faltado un poquito mas de sal en la herida de la Davis. \u00bfPorque estos Verdascos , Ferrer,e incluso Almagro se dejan la piel cuando se enfrentan a Nadal y hacen partidos agotadores de un monton de sets que luego Nadal tiene que jugar las finales fundido,y no le hechan las mismas &#8220;pelotas&#8221; para ganar al &#8220;equipazo frances&#8221;?<\/p>\n<p>R.- Enfrentarse al mejor siempre es un aliciente. Eso lo entiendo. Lo que no es justificable es, como dice, no echar el resto ante los franceses. Era una eliminatoria perdida de antemano.<\/p>\n<p>P.- soy fan suyo,cual es su forma de trbajar ?y cuando se escapara contador?<\/p>\n<p>R.- \u00bfMi forma de trabajar? Pues trabajando. No conozco otra manera. \u00bfCu\u00e1ndo se escapar\u00e1 Contador? Pues creo que el jueves en la ascensi\u00f3n al Tourmalet. A Contador le gusta ganar etapas y no se conformar\u00e1 llevarse este Tour sin una sola etapa ganada.<\/p>\n<p>P.- Hace tiempo que no comenta nada sobre la pol\u00e9mica en torno a la fecha de fundaci\u00f3n del COE, tema al que dedic\u00f3 alg\u00fan art\u00edculo interesante. \u00bfAlguna novedad? Gracias<\/p>\n<p>R.- De momento, no. El tema es de un historiador que de vez en cuando me tiene al corriente. No debe de haber novedades \u00faltimamente.<\/p>\n","protected":false},"excerpt":{"rendered":"<p>Porque el deporte va m\u00e1s all\u00e1 del f\u00fatbol, Juan Mora, subdirector del diario AS, ha charlado con los internautas sobre las diversas disciplinas deportivas al margen del f\u00fatbol, como la brillante temporada de Nadal, el Tour de Francia o la actualidad del baloncesto entre otros asuntos.<\/p>\n","protected":false},"author":1,"featured_media":0,"comment_status":"open","ping_status":"open","sticky":false,"template":"","format":"standard","meta":{"footnotes":""},"categories":[],"tags":[],"class_list":["post-7139","post","type-post","status-publish","format-standard","hentry"],"_links":{"self":[{"href":"https:\/\/intervius.com\/index.html\/wp-json\/wp\/v2\/posts\/7139","targetHints":{"allow":["GET"]}}],"collection":[{"href":"https:\/\/intervius.com\/index.html\/wp-json\/wp\/v2\/posts"}],"about":[{"href":"https:\/\/intervius.com\/index.html\/wp-json\/wp\/v2\/types\/post"}],"author":[{"embeddable":true,"href":"https:\/\/intervius.com\/index.html\/wp-json\/wp\/v2\/users\/1"}],"replies":[{"embeddable":true,"href":"https:\/\/intervius.com\/index.html\/wp-json\/wp\/v2\/comments?post=7139"}],"version-history":[{"count":0,"href":"https:\/\/intervius.com\/index.html\/wp-json\/wp\/v2\/posts\/7139\/revisions"}],"wp:attachment":[{"href":"https:\/\/intervius.com\/index.html\/wp-json\/wp\/v2\/media?parent=7139"}],"wp:term":[{"taxonomy":"category","embeddable":true,"href":"https:\/\/intervius.com\/index.html\/wp-json\/wp\/v2\/categories?post=7139"},{"taxonomy":"post_tag","embeddable":true,"href":"https:\/\/intervius.com\/index.html\/wp-json\/wp\/v2\/tags?post=7139"}],"curies":[{"name":"wp","href":"https:\/\/api.w.org\/{rel}","templated":true}]}}