{"id":7125,"date":"2010-07-13T00:00:00","date_gmt":"2006-11-06T00:00:00","guid":{"rendered":"https:\/\/intervius.com\/index.html\/?p=7125"},"modified":"2006-11-06T00:00:00","modified_gmt":"2006-11-06T00:00:00","slug":"Tomas_Roncero7125","status":"publish","type":"post","link":"https:\/\/intervius.com\/index.html\/Tomas_Roncero7125\/","title":{"rendered":"Tom\u00e1s Roncero"},"content":{"rendered":"<p>Pregunta.- \u00bfTomas como fue la experiencia que tubistes cuando viste que casillas paraba el mano a mano a robben, porque yo grite de unna forma que casi me quedo afonico par la fiesta final? un saludo desde almeria eres un CRACK RONCERO<\/p>\n<p>Respuesta.- Me puse de pie y lo celebr\u00e9 desde la tribuna del Soccer City como si fuese un gol. En ese instante todos entendimos que ah\u00ed estaba ganado el Mundial. Fue como parar un penalti. Iker es incre\u00edble. Un milagro con guantes.<\/p>\n<p>P.- \u00bfQUE HA SENTIDO UN APASIONADO COMO TU CUANDO LE DIERON LA COPA A IKER?<\/p>\n<p>R.- Muy dif\u00edcil explic\u00e1rtelo con palabras. Yo estaba apenas cuatro metros detr\u00e1s de \u00e9l y r\u00e1pido pens\u00e9 en el fallo de Carde\u00f1osa, el de Salinas, el penalti de Eloy en M\u00e9xico, el Mundial de Espa\u00f1a del 82 desastroso, el gol de Yugoslavia en Verona, el penalti de mi Ra\u00fal fallado ante Francia, el gol de Katalinski en Francfort&#8230; Todo se fue a hacer g\u00e1rgaras para siempre cuando Casillas levant\u00f3 esa Copa ba\u00f1ada en oro. Se acab\u00f3 el malditismo de la Selecci\u00f3n. Somos clase VIP a partir de ahora. Todos nos respetan como si fu\u00e9ramos Brasil. Qu\u00e9 gozada. <\/p>\n<p>P.- Hola gran Tom\u00e1s! Creo que tendr\u00edamos que hacer 2 estatuas gigantes (a lo egipcio), una de Casillas y otra de Iniesta, para que todo el mundo que viniera a espa\u00f1a supiera lo que paso en 2010, y para que dentro de 10000 a\u00f1os los arqueologos de la \u00e9poca documentaran la proeza! que piensas al respeto?<\/p>\n<p>R.- Me apunto. Siempre me gustaron las estatuas y creo que los dos que has nombrado se las merecen con creces, aunque yo har\u00eda dos ediciones m\u00e1s para Xavi y Sergio Ramos. Ha sido espectacular. Me gusta la propuesta crack. Villar, est\u00edrate y toma nota. <\/p>\n<p>P.- hola tomas soy un fan tuyo no me pierdo ningun dia punto pelota por ti..eres una maquina..crees que la seleccion espa\u00f1ola ha ganado el mundial haciendo el mejor futbol de los mundiales?que te parece navas?tiene para rato en la seleccion no?viva espa\u00f1a y viva el sevilla!<\/p>\n<p>R.- Gracias por tus palabras amigo. Mira, yo creo que Espa\u00f1a ha demostrado desde las semifinales que su f\u00fatbol est\u00e1 varios pelda\u00f1os por encima de los dem\u00e1s. Alemania ni la oli\u00f3 y Holanda s\u00f3lo pudo responder con patadas. No hay ant\u00eddoto para el tiqui-taca de Espa\u00f1a. En cuanto a Navas es junto a Cesc y Fernando Llorente el relevo generacional asegurado para la Eurocopa de 2012 y el Mundial de Brasil en 2014. Esto promete amigo. <\/p>\n<p>P.- Buenos dias Sr. Roncero.\u00bfUn personaje tan Madridista como usted puede despues de \u00e9ste mundial haberse hecho un poco Cul\u00e9?<\/p>\n<p>R.- Ese es el problema amigo. Es como si yo le preguntase a usted que si se ha hecho madridista por las paradas decisivas de Casillas ante Paraguay y Holanda. El concepto es err\u00f3neo. Espa\u00f1a est\u00e1 por encima de todo. Los clubes no existen. La Selecci\u00f3n aglutina a todos. Ni Bar\u00e7a, ni Madrid, ni Liverpool. Espa\u00f1a, una e indivisible. As\u00ed seguiremos ganando Mundiales y Eurocopas. Con la otra mentalidad volveremos a los tiempos de las cavernas. <\/p>\n<p>P.- Roncero viva espa\u00f1a, sera que de verdad pedro leon es del madrid? khedira vendra? dime cuando habra mas fichajes<\/p>\n<p>R.- Pedro Le\u00f3n est\u00e1 acordado con el Getafe, pero estamos a la espera de lo que decida Mourinho, que esta tarde vuelve a Madrid. En cuanto a Khedira tiene pinta de que s\u00ed. Ha hecho un buen Mundial y est\u00e1 entre el once ideal de LEquipe. Y vale s\u00f3lo diez kilos. Vamos a ver&#8230;<\/p>\n<p>P.- Hola Roncero estas son mis preguntas \u00bfcrees que el real madrid debe fichar a maicon o debe confiar en sergio ramos como lateral derecho? y \u00bfque opinas de khedira?<\/p>\n<p>R.- Maicon es una m\u00e1quina, pero tambi\u00e9n es cierto que Ramos se ha salido en Sud\u00e1frica de 2 y si se trae un central podr\u00eda equilibrarse la defensa gast\u00e1ndose menos dinero. En cuanto a Khedira me parece un jugador muy aprovechable que con Alemania ha destacado junto a Muller, Ozil y Scheweinsteiger. <\/p>\n<p>P.- Roncero Ya Tenemos una Estrella!!! Que Alegria Mas Grande!!!, \u00bfEso Nos Da ya Galones para ser Favoritos y Candidatos en los Mundiales? \u00bfQuien es el General de la Roja? \u00bfY el Coronel?VIVA ESPA\u00d1A Y VIVA RONCERO!!!<\/p>\n<p>R.- El General es Casillas y el Comandante de ampo Xavi. Iniesta es el especialista en operaciones especiales y Villa es el boina verde que se pega arriba en la primera l\u00ednea de fuego. Espa\u00f1a es una m\u00e1quina ded ilusionar. C\u00f3mo mola ser de La Roja Mec\u00e1nica. <\/p>\n<p>P.- Aunque ahora muchos se suban al carro, no tantos defend\u00edamos a Don Vicente hace una semana. Menos mal que los madridistas ya sab\u00edamos c\u00f3mo es este hombre, que condensa todas las virtudes de ese viejo madridismo que parece languidecer poco a poco, a golpe de seres superiores. Ni un gesto de revancha con nadie, siempre en su sitio, pura elegancia. Tom\u00e1s, a ver si le dices al Ser Superior que gracias a su arrogancia Espa\u00f1a es campeona del Mundo. Seguro que se le inflama m\u00e1s el ego, si eso es posible. Hala Madrid y Viva Espa\u00f1a.<\/p>\n<p>R.- Del Bosque es una maravilla y es una pena que el Madrid dejara de disfrutarlo en plena racha exitosa (llevaba ocho t\u00edtulos en tres temporadas y media). Al menos, su saber estar nos ha dado la mayor alegr\u00eda der nuestra vida en forma de Mundial. Don Vicente, a sus pies.<\/p>\n<p>P.- hola tomas!que suerte que viste la final en el campo.\u00bfque le pareceria que el madrid fichara a filipe luiz?1 saludo<\/p>\n<p>R.- Pues me parecer\u00eda estupendo porque es uno de los mejores laterales zurdos del mundo, aunque ah\u00ed ya tenemos a Marcelo en el que conf\u00edo ciegamente. Pero si vendemos a Drenthe ser\u00eda perfecto porque as\u00ed dos zurdos de garant\u00edas m\u00e1ximas. <\/p>\n<p>P.- Muy buenas, Don Tomas! Antes de nada, quer\u00eda felicitar a la roja y que viva este gran pa\u00eds donde vivimos!! mi pregunta va dirigida sobre las relaciones del R. Madrid y el Barcelona, \u00bf No cree que habiendo conseguido el mundial y teniendo una selecci\u00f3n tan s\u00f3lida, se limar\u00e1n asperezas ( rivalidades&#8230;) entre las relaciones de los colosos de la liga espa\u00f1ola ( m\u00e1s con la marcha de Laporta) que opinas? Un Abrazo<\/p>\n<p>R.- Seguro amigo. Florentino y Rosell mantienen buena relaci\u00f3n personal y son dos caballeros. Seguro que ahora no habr\u00e1 m\u00e1s Luz de Gas ni champ\u00e1n franc\u00e9s mojando la cabeza de nadie. Laporta, por suerte, ya es historia pasada&#8230;<\/p>\n<p>P.- Hola Tom\u00e1s, quer\u00eda saber si te parece justo que Forl\u00e1n sea bal\u00f3n de oro del mundial y que una vez m\u00e1s hayan dejado fuera a tantos espa\u00f1oles que lo merecen: Xavi, Iniesta, Villa, Casillas, etc. Tambi\u00e9n me gustar\u00eda que como merengue que eres, des ejemplo y mandes un mensaje de uni\u00f3n m\u00e1s all\u00e1 de que haya 7 azulgranas en el once, venga, que esta vez vamos todos en el mismo equipo. Un saludo.<\/p>\n<p>R.- Lo de Forl\u00e1n no lo entiendo, sinceramente. Ha hecho un gran Mundial con Uruguay, pero su equipo acab\u00f3 cuarto. El Bal\u00f3n de Oro debe darse a alguien del campe\u00f3n. En Espa\u00f1a estaba claro que ese Bal\u00f3n pod\u00eda ser para Iniesta, Xavi o Casillas. En cuanto al mensaje de unidad lo repet\u00ed desde el primer d\u00eda: esta Espa\u00f1a es la mejor de la historia y se agradece que los que est\u00e1n del Bar\u00e7a hayan trasladado su buen f\u00fatbol y su entrega m\u00e1xima. Pero hay que valorar igual a los cinco del Madrid, a Capedvila (Villarreal), a Navas (Sevilla), a Llorente y Javi Mart\u00ednez (Athletic), a Silva (City)&#8230;<\/p>\n<p>P.- Hola Tom\u00e1s, me han parecido increibles los comentarios de los jugadores holandeses tras el partido, me parece una verguenza la forma como jugaron y luego tienen la poca verguenza de quejarse del arbitro..inadmisible!Como lo ves tu?<\/p>\n<p>R.- Pues que han demostrado ser unos perdedores. Sus patadas barriobajeras y sus quejas permiten entender por qu\u00e9 nunca han ganado un Mundial. La rabieta de los perdedores no me interesa. Holanda no estuvo a la altura de la final. Penoso. <\/p>\n<p>P.- Hola crack.Hemos sido por primera vez campeones del mundo.\u00bfTe gust\u00f3 como jug\u00f3 la selecci\u00f3n Espa\u00f1ola la final pese las entradas de los holandeses?<\/p>\n<p>R.- S\u00ed, en l\u00edneas generales. No tuvimos la fluidez del d\u00eda de Alemania pero es que ellos llevaron el partidos a las trincheras y as\u00ed era imposible. Pero siendo nuestra primera final respetamos nuestra linea de conducta buscando siempre la pelota y el gol. Esta Espa\u00f1a da ejemplo de c\u00f3mo debe jugarse al f\u00fatbol. <\/p>\n<p>P.- Venga Tomas, ganamos el Mundial y el Madrid se fija en un argentino, un aleman y un brazile\u00f1o? No es cierto que Florentino habia prometido espa\u00f1olizar la plantilla y darle importancia a la cantera? <\/p>\n<p>R.- Lo dijo en su programa electoral y lo intent\u00f3 negociando por Villa y Silva. Pero es verdad que quiz\u00e1s deba poner m\u00e1s la carne el en el asador. Es decir, por muy bueno que fuera Kak\u00e1 es mejor aposrtar por un Villa, por ejemplo. Espa\u00f1a es ahora mejor que Brasil o Alemania. Nuetros futbolistas son el caviar del f\u00fatbol mundial. Y eso cuesta, claro est\u00e1.<\/p>\n<p>P.- Tras ver el Mundial, me enorgullezco del pedazo seleccionador que tenemos. ese si que representa los valores de se\u00f1or\u00edo, saber estar y sobre todo, saber ganar. \u00bfCrees que, una vez pase la etapa Mourinho en el Madrid, Don Vicente podr\u00eda volver a la Casa Blanca? creo que es el mayor error de Florentino, una mancha en su historial. \u00bfNo crees que los aficionados deber\u00edamos exigir al ser superior que se bajase los pantalones y lo trajese de vuelta al bernab\u00e9u? Desde luego, su oferta futbol\u00edstica es mucho m\u00e1s atractiva que la de Mou. Y tiene ADN blanco 100%, m\u00e1s que Ra\u00fal incluso<\/p>\n<p>R.- Lo que es evidente es que echar a Del Bosque hace siete a\u00f1os fue un error estrat\u00e9gico may\u00fasculo. Del Bosque ha demostrado tener un librillo ultramoderno y encima es ADN madridista cien por cien. Fue una pena, pero ya no tiene soluci\u00f3n y de momento Del Bosque seguir\u00e1 de seleccionador espa\u00f1ol y eso que ganar\u00e1 nuestro f\u00fatbol. <\/p>\n<p>P.- Hola Tom\u00e1s, ahora Espa\u00f1a ya es campeona de Europa y del Mundo\u00bfEspa\u00f1a tiene que jugar fase clasificatoria para la eurocopa y para el mundial?<\/p>\n<p>R.- As\u00ed es amigo. Hay que jugar en ambos casos. Mejor as\u00ed porque disfrutaremos de m\u00e1s partidos de esta Roja maravillosa.<\/p>\n","protected":false},"excerpt":{"rendered":"<p>El redactor jefe del Diario AS, Tom\u00e1s Roncero ha charlado con los lectores sobre el hist\u00f3rico triunfo de la selecci\u00f3n espa\u00f1ola en el Mundial de Sud\u00e1frica. Tras ser testigo directo de la final, Roncero charlar\u00e1 con los internautas sobre esta m\u00e1gica experiencia.<\/p>\n<p>ARCHIVO DE ENTREVISTAS:<\/p>\n<p>06 de julio &#8211; 29 de junio &#8211; 8 de junio &#8211; 1 de junio &#8211; 25 de mayo &#8211; 18 de mayo &#8211; 11 de mayo &#8211; 04 de mayo &#8211; 27 de abril &#8211; 20 de abril &#8211; 13 de abril &#8211; 06 de abril &#8211; 30 de marzo &#8211; 23 de marzo &#8211; 16 de marzo &#8211; 09 de marzo &#8211; 02 de marzo &#8211; 23 de febrero &#8211; 18 de febrero &#8211; 10 de febrero &#8211; 02 de febrero &#8211; 27 de enero &#8211; 19 de enero &#8211; 12 de enero &#8211; 05 de enero &#8211; 29 de diciembre &#8211; 22 de diciembre &#8211; 15 de diciembre &#8211; 09 de diciembre &#8211; 01 de diciembre &#8211; 24 de noviembre &#8211; 17 de noviembre &#8211; 10 de noviembre &#8211; 5 de noviembre &#8211; 27 de octubre &#8211; 20 de octubre &#8211; 13 de octubre &#8211; 06 de octubre &#8211; 29 de septiembre &#8211; 22 de septiembre &#8211; 15 de septiembre &#8211; 08 de septiembre &#8211; 01 de septiembre &#8211; 25 de agosto &#8211; 28 de julio &#8211; 20 de julio &#8211; 14 de julio &#8211; 07 de julio &#8211; 30 de junio &#8211; 16 de junio &#8211; 16 de junio &#8211; 09 de junio &#8211; 02 de junio &#8211; 26 de mayo &#8211; 19 de mayo &#8211; 12 de mayo &#8211; 5 de mayo &#8211; 28 de abril &#8211; 21 de abril &#8211; 14 de abril &#8211; 07 de abril &#8211; 31 de marzo &#8211; 25 de marzo &#8211; 17 de marzo &#8211; 24 de febrero &#8211; 17 de febrero &#8211; 10 de febrero &#8211; 2 de julio &#8211; 14 de junio <\/p>\n","protected":false},"author":1,"featured_media":0,"comment_status":"open","ping_status":"open","sticky":false,"template":"","format":"standard","meta":{"footnotes":""},"categories":[],"tags":[],"class_list":["post-7125","post","type-post","status-publish","format-standard","hentry"],"_links":{"self":[{"href":"https:\/\/intervius.com\/index.html\/wp-json\/wp\/v2\/posts\/7125","targetHints":{"allow":["GET"]}}],"collection":[{"href":"https:\/\/intervius.com\/index.html\/wp-json\/wp\/v2\/posts"}],"about":[{"href":"https:\/\/intervius.com\/index.html\/wp-json\/wp\/v2\/types\/post"}],"author":[{"embeddable":true,"href":"https:\/\/intervius.com\/index.html\/wp-json\/wp\/v2\/users\/1"}],"replies":[{"embeddable":true,"href":"https:\/\/intervius.com\/index.html\/wp-json\/wp\/v2\/comments?post=7125"}],"version-history":[{"count":0,"href":"https:\/\/intervius.com\/index.html\/wp-json\/wp\/v2\/posts\/7125\/revisions"}],"wp:attachment":[{"href":"https:\/\/intervius.com\/index.html\/wp-json\/wp\/v2\/media?parent=7125"}],"wp:term":[{"taxonomy":"category","embeddable":true,"href":"https:\/\/intervius.com\/index.html\/wp-json\/wp\/v2\/categories?post=7125"},{"taxonomy":"post_tag","embeddable":true,"href":"https:\/\/intervius.com\/index.html\/wp-json\/wp\/v2\/tags?post=7125"}],"curies":[{"name":"wp","href":"https:\/\/api.w.org\/{rel}","templated":true}]}}