{"id":6978,"date":"2004-03-04T00:00:00","date_gmt":"2006-11-06T00:00:00","guid":{"rendered":"https:\/\/intervius.com\/index.html\/?p=6978"},"modified":"2006-11-06T00:00:00","modified_gmt":"2006-11-06T00:00:00","slug":"Luis_Conde-Salazar_Gomez6978","status":"publish","type":"post","link":"https:\/\/intervius.com\/index.html\/Luis_Conde-Salazar_Gomez6978\/","title":{"rendered":"Luis Conde-Salazar G\u00f3mez"},"content":{"rendered":"<p>Pregunta.- Hay alguna solucion real para las dermatitis por contacto a diferentes sustancias(sudor, polvo,\u00e1caros,..)aparte de los corticoides de efectos temporales.<\/p>\n<p>Respuesta.- En primer lugar evitarlo as\u00ed como tambi\u00e9n realizar protecciones adecuadas. Por lo general estas dermatitis suelen ser irritativas y mejoran f\u00e1cilmente con estas medidas. La aplicaci\u00f3n de cremas hidratantes puede ser tambi\u00e9n una soluci\u00f3n. <\/p>\n<p>P.- trabajo en la construccion, que precauciones deberia tomar para evitar tener problemas de piel<\/p>\n<p>R.- Realizar protecci\u00f3n adecuada con guantes de hilo y encima guantes de goma. Tambi\u00e9n evitar contacto directo con los productos qu\u00edmicos que se a\u00f1aden a los diversos cementos. Y, en caso de aparici\u00f3n de lesiones inmediatamente consultar con el especialista para evitar la cronificaci\u00f3n y la posible sensibilizaci\u00f3n al\u00e9rgica. <\/p>\n<p>P.- Trabajo como enfermera en un hospital y me ha salido un ezcema en una mano \u00bfqu\u00e9 debo hacer?<\/p>\n<p>R.- Primero consultar con el servicio de medicina laboral de tu hospital y posteriormente realizar un estudio para poder buscar la causa de este ezcema. Como no dice usted en que parcela del hospital o que productos maneja es dif\u00edcil concretar la etiolog\u00eda de su proceso, ser\u00eda importante destacar posible alergia al l\u00e1tex. <\/p>\n<p>P.- desde hace mas de 10 a\u00f1os se me producen unas lesiones en el dorso de ambas manos que trato con synalar crema.Los dermat\u00f3logos que me han visto no han dado con la causa.Las lesiones curan tras 3\u00f34 aplicaciones sin dejar rastro en la piel al menos asimple vista aunque suelen volver a salir en el mismo lugar.Pregunto \u00bfpodria ser una dermatitis alergica a mi propio sudor? Jos\u00e9 Luis<\/p>\n<p>R.- Primero, necesitariamos saber en qu\u00e9 trabaja usted, qu\u00e9 productos maneja o qu\u00e9 cremas o cosm\u00e9ticos se aplica. Una vez conocido ello y realizada una historia detenida a lo mejor ser\u00eda necesario realizar unas pruebas al\u00e9rgicas de contacto para ver cu\u00e1l de los productos que usted maneja le pueden originar esas lesiones. Le recomendamos que deje de utilizar los esteroides hasta que no tenga un diagn\u00f3stico correcto. <\/p>\n<p>P.- \u00bfSon efectivos los tratamientos cubanos de Melagenina para el vitiligo?<\/p>\n<p>R.- No, son una tomadura de pelo y un timo. La Academia Americana de Dermatolog\u00eda y otras academias dermatol\u00f3gicas han invitado en repetidas ocasiones a que presenten los estudios y protocolos utilizados para dicho tratamiento as\u00ed como la composici\u00f3n de producto. Nunca lo han aceptado. <\/p>\n<p>P.- Saludos Doctor. Tengo vitiligo desde hace 8 a\u00f1os aproximadamente en los lugares t\u00edpicos de esta enfermedad. No parece haber una soluci\u00f3n est\u00e1ndar para este problema (cada m\u00e9dico que he ido me ha dado una soluci\u00f3n (PUVA, cremas, etc&#8230;). \u00bfCual le parece la soluci\u00f3n \u00f3ptima a usted, si es que la hay?; gracias<\/p>\n<p>R.- Como muy bien dice usted no existe una soluci\u00f3n estandar cada paciente es distinto y responde de forma diferente. Por ello, se ha acreditado y desacreditado muchos de los tratamientos. \u00daltimamente se est\u00e1 tratando con microingertos (doctor Falabela en Colombia) con resultados optimistas. En nuestro pa\u00eds un especialista en este tema es el profesor Agust\u00edn Alomar del hospital de San Pablo de Barcelona. <\/p>\n<p>P.- Se puede extirpar un lunar peque\u00f1o por razones est\u00e9ticas?Y si se puede, es una operaci\u00f3n que deja marcas?Gracias<\/p>\n<p>R.- S\u00ed se puede extirpar por raz\u00f3n est\u00e9tica aunque en caso de duda debe ser analizado. Las marcas que pueden quedar dependen del cirujano, de la localizaci\u00f3n del lunar (las l\u00edneas de la piel son distintas para cada zona y hay zonas con mala cicatrizaci\u00f3n como suele ser el pecho etc.), y en muchas ocasiones en que no exista infecci\u00f3n u otro contratiempo. <\/p>\n<p>P.- Buenos d\u00edas, Sr. Conde-Salazar. De vez en cuando me salen granitos en las palmas de las manos, como peque\u00f1as burbujas de agua, que se extienden a veces por las mu\u00f1ecas y pican. Vienen y van y no s\u00e9 si tendr\u00eda que ir a consultar con un dermat\u00f3logo. Gracias.<\/p>\n<p>R.- Lo que usted nos indica parece tratarse de un ezcema dishidr\u00f3tico, cuya etioog\u00eda puede ser muy variable. Es conveniente que se ponga en manos de un dermat\u00f3logo para realizar las pruebas necesarias y para que le d\u00e9 las indicaciones precisas. <\/p>\n<p>P.- el aire acondicionado me reseca mucho la piel de la cara. \u00bf que tratamiento puedo utilizar. gracias<\/p>\n<p>R.- Las dermitis por aire seco son uno de los s\u00edntomas m\u00e1s frecuentes del s\u00edndrome del edificio enfermo que ocurre generalmente en trabajadores de cuello blanco (como oficinistas, bancarios, centros de trabajo cerrados). La soluci\u00f3n est\u00e1 en que exista un grado de humedad superior al 55% as\u00ed como unas temeperaturas equilibradas. Si adem\u00e1s de esto persisten las lesiones, existen hoy en d\u00eda cremas hidratantes e incluso aguas termales en forma de spray que se pueden aplicar cada dos o tres horas. <\/p>\n<p>P.- \u00bfel pelarse la piel en verano despues de tomar el sol es bueno o malo?<\/p>\n<p>R.- Malo. Debe evitar usted que exista esta alteraci\u00f3n de la piel pues es desprender una serie de capas que sirven de protecci\u00f3n para evitar la acci\u00f3n los rayos ultravioleta. <\/p>\n<p>P.- \u00bfque diferencia existe entre una dermatitis y un eczema? gracias<\/p>\n<p>R.- Es dif\u00edcil explicar en pocas palabras estos dos t\u00e9rminos que se usan indistintamente. La dermatitis quiere decir inflamaci\u00f3n de la dermis y el eczema es la aparici\u00f3n de ampollitas en la piel que muchas veces se acompa\u00f1an de inflamaci\u00f3n de \u00e9sta. <\/p>\n<p>P.- Buenos d\u00edas&#8230;Mi mujer sufre regularmente de Eritemas ( no se si se escribe con &#8220;h&#8221;) son dolorosos y antiest\u00e9ticos \u00bfSe est\u00e1 avanzando en el tratamiento de esta desgradable enfermedad? Gracias<\/p>\n<p>R.- Eritema es sin h. \u00bfD\u00f3nde tiene los eritemas su esposa?. El eritema se define como s\u00f3lamente un enrojecimiento por ello, con los escasos datos que me da usted, es imposible darle ning\u00fan tipo de tratamiento ni norma.<\/p>\n<p>P.- Trabajo en una panader\u00eda y el calor del horno me produce sequedad de piel. Adem\u00e1s me han salido manchas en la piel, \u00bfqu\u00e9 puedo hacer?<\/p>\n<p>R.- Lo primero ser\u00eda hidratar la piel lo m\u00e1s posible. Las manchas nos tendr\u00eda que indicar el tipo de manchas, el color, tama\u00f1o, la localizaci\u00f3n, lo que duran, si pican&#8230; Conociendo todos estos datos podr\u00edamos contestarle de forma m\u00e1s detallada. <\/p>\n<p>P.- Creo que llego tarde a preguntar&#8230;.Pero quisiera saber si he de vivir toda mi vida ya con una urticaria cr\u00f3nica, que me obliga a tomar regularmente antihistam\u00ednicos&#8230;.gracias<\/p>\n<p>R.- Las urticarias cr\u00f3nicas como bien dice su nombre son cr\u00f3nicas y muchas veces son dif\u00edciles de resolver, pero necesitariamos saber qu\u00e9 estudio le han realizado, d\u00f3nde y desde cuando tiene esta urticaria porque en muchas ocasiones la urticaria no es cr\u00f3nica en s\u00ed sino que se desconoce el agente causante y en el momento en que \u00e9ste se encuentra, con un estudio completo, la urticaria desaparece y deja de ser cr\u00f3nica. <\/p>\n<p>P.- Tengo un hijo de 15 a\u00f1os al que le sudan muchisimo las manos y los pies, simplemente al contacto con otra persona, o por nervios. \u00bfHay alg\u00fan remedio casero o farmaco? \u00bfQue soluci\u00f3n puede tener?<\/p>\n<p>R.- La sudoraci\u00f3n intensa de manos y pies (hiperhidrosis) en chicos j\u00f3venes pueden tener en muchas ocasiones un fondo de tipo psicol\u00f3gico (la tensi\u00f3n emocional etc.), pero en otras ocasiones pueden ser manifestaci\u00f3n de alg\u00fan proceso org\u00e1nico por lo que le aconsejamos que antes de realizar tratamientos caseros le realicen un estudio para evaluar el tipo de sudoraci\u00f3n de su hijo. <\/p>\n<p>P.- Trabajo con pl\u00e1sticos, y desde hace unos meses, al terminar mi jornada tengo picores y enrojecimiento en las manos. Aunque me pongo crema hidratante, no se me quita, \u00bfa qu\u00e9 es debido? \u00bfqu\u00e9 puedo hacer?<\/p>\n<p>R.- En la industria de los pl\u00e1sticos existen m\u00faltiples sustancias qu\u00edmicas para su proceso que pueden ser causa de dermatosis profesionales (al\u00e9rgicas o irritativas). Entre ellas la principal sustancia es la resina epoxi. Ser\u00eda conveniente conocer qu\u00e9 tipo de trabajo realiza usted, qu\u00e9 productos maneja, qu\u00e9 protecci\u00f3n y el tipo de las lesiones que \u00fasted nos comenta.<\/p>\n<p>P.- Mi t\u00edo trabaja en el campo y siempre le he conocido con la piel muy morena. S\u00f3lo se pone sombrero, nunca cremas protectoras. \u00bfPuede ser peligroso?<\/p>\n<p>R.- Primero, no conocemos la piel de su t\u00edo, ni la edad. Generalmente la gente de piel morena resiste mucho m\u00e1s al sol que la gente de piel clara pero, de todas formas, el sol adem\u00e1s de envejecer puede ser causa de aparici\u00f3n de c\u00e1ncer cutaneo y de melanomas que son frecuentes entre estos trabajadores del campo y los marineros. nuestro consejo ser\u00eda que le regalara a su t\u00edo un sombrero y una crema fotoprotectora.<\/p>\n<p>P.- Hola, al igual que en preguntas anteriores, estoy interesada en el vitiligo. \u00bfSe sabe algo mas sobre su posible origen?<\/p>\n<p>R.- Existen diversas teor\u00edas que ser\u00edan dif\u00edciles de poder exponer en tan breve espacio de tiempo y, entre \u00e9stas, se habla del posible papel gen\u00e9tico que puede tener esta enfermedad. Yo le recomendar\u00eda que se ponga en contacto con la Asociaci\u00f3n de Pacientes de Vit\u00edligo (ASPAVIT).<\/p>\n<p>P.- Llevo un par de meses con una mancha ros\u00e1cea cerca del pecho, no me pica ni tengo la piel irritada, tan s\u00f3lo es una peque\u00f1a mancha de color rosado. Me gustar\u00eda saber qu\u00e9 puede ser y qu\u00e9 tengo que hacer para eliminarla<\/p>\n<p>R.- Con los datos que me da usted es muy dif\u00edcil saber lo que tiene y lo que hacer. Consulte con su dermat\u00f3logo. <\/p>\n<p>P.- Por mi trabajo paso mucho tiempo en la calle y se me cortan las manos por el fr\u00edo. La verdad es que me suelo nutrir las manos a menudo pero sigo teniendo las grietas y granitos que me pican mucho. \u00bfQu\u00e9 hago?.<\/p>\n<p>R.- Es conveniente ponerse guantes y \u00e9stos ponerlos antes de salir a la calle. Las cremas hidratantes son bastante correctas y sirven para evitar la aparici\u00f3n de grietas. <\/p>\n<p>P.- Me diagnosticaron acn\u00e9 a los 29 a\u00f1os, cuando acababa de trasladarme a Madrid por cuestiones laborales. Fue un brote realmente violento, concentrado en la frente. Como primera medida, me administraron Zynerit. La situaci\u00f3n mejor\u00f3, pero desde entonces he ido teniendo granos molestos, dolorosos y de gran tama\u00f1o en la misma zona. Y sigo trat\u00e1ndome Zynerit, porque si lo abandono un s\u00f3lo d\u00eda vuelven las erupciones. He modificado todos mis h\u00e1bitos alimenticios, que hoy por hoy son muy sanos, y de vida en general&#8230; pero la infecci\u00f3n contin\u00faa. \u00bfQu\u00e9 deber\u00eda hacer? Los dermat\u00f3logos que me han visitado suelen quitarle importancia a la enfermedad, recomend\u00e1ndome que &#8220;no piense en ella&#8221; como mejor remedio&#8230;<\/p>\n<p>R.- Una acn\u00e9 a los 29 a\u00f1os es un acn\u00e9 que tiene que tener alg\u00fan fondo general. Si usted es mujer ser\u00eda aconsejable que se le hiciera un estudio ginecol\u00f3gico para ver el estado hormonal. Dependiendo de este estudio y de un cultivo y antibiograma de sus lesiones se pueden poner unos tratamientos que hoy en d\u00eda con ciertos retinoides suelen tener unos efectos muy satisfactorios. <\/p>\n<p>P.- \u00bfEs malo lavarse el pelo todos los d\u00edas, a\u00fan teni\u00e9ndolo graso?\u00bfpuede llegar a producir caida del cabello?<\/p>\n<p>R.- Ni bueno ni malo. Lo bueno es evitar que el pelo no est\u00e9 graso. Y evitar que los lavados diarios sean con productos irritativos o muy concentrados. <\/p>\n<p>P.- \u00bfExiste alguna soluci\u00f3n real y duradera para la dermatitis at\u00f3pica o es cr\u00f3nica y hay que estar cambiando de cremas continuamente?<\/p>\n<p>R.- La dermatitis at\u00f3pica es una enfermedad que por lo general afecta durante toda la vida pero con \u00e9pocas en las cuales las lesiones son m\u00ednimas y se puede tener una calidad de vida muy buena, realizando cuidados y medidas de prevenci\u00f3n. En otras ocasiones existen brotes en ciertas \u00e9pocas, primavera y oto\u00f1o, o relacionados con estr\u00e9s. En algunos enfermos en una enfermedad que persiste de forma activa gran parte de su vida con calidad de vida bastante condicionada a la enfermedad. Las cremas de esteroides se deben utilizar con control m\u00e9dico. Actualmente aparecen nuevas medicaciones, como es el tacrolimus, que no contienen corticoides, tienen un efecto similar a \u00e9stos y no suelen presentar efectos secundarios. <\/p>\n<p>P.- Desde hace unos diez a\u00f1os tengo alergia al sol, sobre todo en las mejillas y nariz, siempre tengo que llevar protecci\u00f3n solar incluso en invierno, ya que si estoy expuesta 5 minutos al sol sin protecci\u00f3n solar me salen quemaduras, cuando he ido al medico para ir al dermat\u00f3logo nunca me han dado un volante ya que me dicen que lo unico que puedo hacer es seguir con los protectores solares, \u00bfhay algo mas que se pueda hacer?<\/p>\n<p>R.- Le recomendar\u00eda que le enviar\u00e1n a un servicio dermatol\u00f3gico para realizar un estudio fotobiol\u00f3gico y conocer cu\u00e1l es el tipo de alergia solar que tiene uste. De acuerdo con \u00e9l, realizar tratamiento y protecci\u00f3n adecuada. <\/p>\n<p>P.- Profesor Luis Conde Salazar G\u00f3mez: Soy Dermatologa del servicio de Medicina Laboral de UTE Uruguay y mienbro de la Sociedad de Ecologia Medica y Dermatologia (Uruguay). Quisiera perfeccionarme en el campo del medioambiente laboral, le agradesco informaci\u00f3n de referencia, asi como como su palabra rectora, Agradeciendole su atenci\u00f3n lo saluda Dra. Rosa Palacios rpalacios@ute.com.uy<\/p>\n<p>R.- Si desea especializarse en dermatolog\u00eda laboral, en el servicio m\u00edo del instituto nacional de medicina del trabajo puede asistir durante tres meses. Tendr\u00eda que hacer una solicitud incluyendo su t\u00edtulo de especialista en dermatolog\u00eda, entidad en la que trabaja. Dicha especializaci\u00f3n no tiene ning\u00fan coste. Usted tendr\u00eda que hacerse cargo de su viaje y su estancia, aqu\u00ed le suministrariamos el material y le facilitariamos la asistencia a congresos y cursos relacionados con el tema. Para m\u00e1s informaci\u00f3n puede contactar con su compa\u00f1ero dermat\u00f3logo, doctor Probo Pereira o la doctora Iris Al\u00e9. Para ponerse en contacto con nostros puede escribirnos a lconde@isciii.es<\/p>\n<p>P.- Buenos d\u00edas, soy peluquero y aunque intento utilizar siempre guantes cuando pongo tintes de pelo, tengo las manos muy da\u00f1adas, con grietas y rojeces \u00bfqu\u00e9 puedo hacer? Ya he probado con cremas hidratantes.<\/p>\n<p>R.- Lo que me suenta usted posiblemente sea una sensibilizaci\u00f3n a los tintes del pelo producida preferentemente por la PPDA (parafenileindiamina). Ello es causa de la mayor\u00eda de las incapacidades dentro de la profesi\u00f3n que usted realiza. La protecci\u00f3n con guantes no es efectiva porque en muchas ocasiones tiene que manejar el pelo (peinar, rizar&#8230;) sin guantes y \u00e9ste est\u00e1 impregnado de PPDA. Mi consejo es que acuda a su mutua y \u00e9sta le envie al servicio de dermatolog\u00eda laboral del instituto de medicina del trabajo de Madrid, para realizar un estudio e indicarle las sustancias a las que est\u00e1 sensibilizados y de esta forma puede evitar dichos productos o incluso tramitar la incapacidad para su profesi\u00f3n. <\/p>\n<p>P.- Buenos dias, tengo 35 anyos y sufro hiperhidrosis en las manos y los pies desde que tengo consciencia. Creo que en mi caso confluyen tanto razones fisiologicas como psicologicas. Se me han propuesto y aplicado diversos tratamientos sin resultados (incluso multiples inyecciones muy dolorosas en los que se me suministraba un medicamento que supuestamente reducia la produccion local de sudor). Existe algun nuevo tratamiento ? Para la senyora que preguntaba antes por su hijo le puedo decir que ante todo paciencia&#8230;<\/p>\n<p>R.- No s\u00e9 que inyecciones se refiere usted (\u00bfpuede ser Botox?). En algunos casos se est\u00e1n haciendo con \u00e9xito intervenciones quir\u00fargicas al nivel de las axilas con resultados bastante satisfactorios. Creo que es una posibilidad que usted podr\u00eda considerar junto con su dermat\u00f3logo. <\/p>\n<p>P.- me quedo calvo&#8230; parece increible, que puedo hacer<\/p>\n<p>R.- Yo tambi\u00e9n soy calvo&#8230; <\/p>\n","protected":false},"excerpt":{"rendered":"<p>El jefe de servicio de Dermatolog\u00eda Laboral del Instituto de Salud Carlos III y coordinador del libro Dermatolog\u00eda Profesional aclara todas las cuestiones sobre problemas relacionados con la piel: dermatitis, eczemas, etc. Si tiene alg\u00fan problema dermatol\u00f3gico o se encuentra dentro de los sectores laborales m\u00e1s afectados por estos trastornos (metal\u00fargico, construcci\u00f3n, sanidad, peluquer\u00eda&#8230;), ya puede preguntar al experto.<\/p>\n","protected":false},"author":1,"featured_media":0,"comment_status":"open","ping_status":"open","sticky":false,"template":"","format":"standard","meta":{"footnotes":""},"categories":[],"tags":[],"class_list":["post-6978","post","type-post","status-publish","format-standard","hentry"],"_links":{"self":[{"href":"https:\/\/intervius.com\/index.html\/wp-json\/wp\/v2\/posts\/6978","targetHints":{"allow":["GET"]}}],"collection":[{"href":"https:\/\/intervius.com\/index.html\/wp-json\/wp\/v2\/posts"}],"about":[{"href":"https:\/\/intervius.com\/index.html\/wp-json\/wp\/v2\/types\/post"}],"author":[{"embeddable":true,"href":"https:\/\/intervius.com\/index.html\/wp-json\/wp\/v2\/users\/1"}],"replies":[{"embeddable":true,"href":"https:\/\/intervius.com\/index.html\/wp-json\/wp\/v2\/comments?post=6978"}],"version-history":[{"count":0,"href":"https:\/\/intervius.com\/index.html\/wp-json\/wp\/v2\/posts\/6978\/revisions"}],"wp:attachment":[{"href":"https:\/\/intervius.com\/index.html\/wp-json\/wp\/v2\/media?parent=6978"}],"wp:term":[{"taxonomy":"category","embeddable":true,"href":"https:\/\/intervius.com\/index.html\/wp-json\/wp\/v2\/categories?post=6978"},{"taxonomy":"post_tag","embeddable":true,"href":"https:\/\/intervius.com\/index.html\/wp-json\/wp\/v2\/tags?post=6978"}],"curies":[{"name":"wp","href":"https:\/\/api.w.org\/{rel}","templated":true}]}}