{"id":6955,"date":"2004-10-27T00:00:00","date_gmt":"2006-11-06T00:00:00","guid":{"rendered":"https:\/\/intervius.com\/index.html\/?p=6955"},"modified":"2006-11-06T00:00:00","modified_gmt":"2006-11-06T00:00:00","slug":"Jordi_Surralles_Calonge6955","status":"publish","type":"post","link":"https:\/\/intervius.com\/index.html\/Jordi_Surralles_Calonge6955\/","title":{"rendered":"Jordi Surrall\u00e9s Calonge"},"content":{"rendered":"<p>Pregunta.- \u00bfHasta qu\u00e9 punto estamos predestinados por los genes para sufrir enfermedades?<\/p>\n<p>Respuesta.- Esto depende de las enfermedades pero en general la severidad de muchas enfermedades est\u00e1 predeterminada en nuestros genes. <\/p>\n<p>P.- \u00bfEn d\u00f3nde se situar\u00eda usted en el debate sobre la influencia de los genes y del ambiente en la naturaleza humana?<\/p>\n<p>R.- La naturaleza humana tiene un gran componente cultural y si entendemos influencia cultural como ambiente es obvia la influencia. La influencia cultural en el caso de los humanos puede en gran medida influenciar la naturaleza humana. <\/p>\n<p>P.- \u00bfSabe c\u00f3mo va la investigaci\u00f3n g\u00e9netica de la esquizofrenia? \u00bfse podr\u00e1 encontrar una prueba de tener esquizofrenia? Gracias.<\/p>\n<p>R.- Yo no soy especialista en esquizofrenia aunque s\u00e9 que hay un componente gen\u00e9tico en su predisposici\u00f3n. Probablemente en el futuro se podr\u00e1 predecir el riesgo de una determinada persona a sufrir esta enfermedad. <\/p>\n<p>P.- \u00bfExiste alguna evidencia de que alimentos modificados gen\u00e9ticamente hayan producido alteraciones gen\u00e9ticas en quienes los han consumido?<\/p>\n<p>R.- Actualmente no hay evidencias en este sentido ya que estos alimentos han pasado unos rigurosos controles.<\/p>\n<p>P.- Buenos d\u00edas se\u00f1or Surrall\u00e9s. Soy nieto e hijo de personas fallecidas a causa de un cancer. Mi abuela materna padeci\u00f3 un cancer de pancreas, y mi madre falleci\u00f3 por un cancer de vejiga. Tengo predisposici\u00f3n gen\u00e9tica a un cancer?, y en caso afirmativo con qu\u00e9 probabilidad? Estoy predispuesto a alg\u00fan tipo de cancer concreto? Muchas gracias por su respuesta<\/p>\n<p>R.- La gran mayor\u00eda de los c\u00e1nceres tienen origen ambiental y no gen\u00e9tico. A modo de ejemplo determinados t\u00f3xicos como el tabaco producen c\u00e1ncer. El hecho de que haya en tu familia determinados miembros con c\u00e1ncer no tiene por qu\u00e9 implicar que t\u00fa tambi\u00e9n tengas un riesgo de c\u00e1ncer aunque no se puede descartar. <\/p>\n<p>P.- \u00bfse puede evitar\/reducir la probabilidad de transmisi\u00f3n gen\u00e9tica de Marfan? gracias<\/p>\n<p>R.- Si se conoce el gen causante de esta enfermedad ser\u00e1 posible prevenirla o ser\u00e1 posible prevenir la transmisi\u00f3n haciendo un diagn\u00f3stico gen\u00e9tico prenatal. \u00c9ste suele hacerse en l\u00edquido amni\u00f3tico y en un n\u00famero creciente de casos puede hacerse de forma preimplantacional, es decir, en un embri\u00f3n generado por fecundaci\u00f3n in vitro antes de ser trasplantado al \u00fatero materno. <\/p>\n<p>P.- Hola,tengo 22 a\u00f1os y antecedentes de cancer de mama en mi madre y mi abuela.Es motivo para considerar que tengo una predisposicion genetica a padecerlo???Muchas gracias.<\/p>\n<p>R.- El c\u00e1ncer de mama es uno de los tumores m\u00e1s frecuentes en mujeres de mediana edad por lo que tus antecedentes familiares podr\u00edan ser pura casualidad. De todas formas un 10% aproximadamente de los c\u00e1nceres de mama tienen origen gen\u00e9tico, en estos casos el tumor se desarrolla a edades tempranas y suelen aparecer varios casos en una misma familia. Prefiero no aventurarme en su caso particular sino m\u00e1s bien dar una respuesta m\u00e1s general porque no tenemos suficientes datos sobre su historial. <\/p>\n<p>P.- \u00bfEn qu\u00e9 consiste la terapia g\u00e9nica?<\/p>\n<p>R.- En algunas enfermedades gen\u00e9ticas ser\u00e1 posible introducir copias intactas del gen causante de la enfermedad utilizando las herramientas de la biotecnolog\u00eda. Este gen intacto tendr\u00eda la misi\u00f3n de corregir el defecto gen\u00e9tico del paciente. Una de estas herramientas que se utiliza actualmente son virus donde introducimos la copia del gen intacta de forma que el virus infecta las c\u00e9lulas enfermas y les introduce el gen corrector. <\/p>\n<p>P.- Buenos d\u00edas profesor Surrall\u00e9s. \u00bfEst\u00e1 usted de acuerdo con la tesis del bi\u00f3logo Richard Dawkins, que propugnaba que los organismos no somos sino un mero veh\u00edculo para la supervivencia de los genes?. Muchas gracias.<\/p>\n<p>R.- Esta afirmaci\u00f3n es aceptable desde un punto de vista poblacional y evolutivo. Desde un punto de vista individual, yo no me conformo en ser un mero veh\u00edculo para transmitir mis genes. <\/p>\n<p>P.- \u00bfCu\u00e1l es la probabilidad que tiene un familiar de primer grado de un enfermo de c\u00e1ncer de pr\u00f3stata de padecer el mismo tipo de c\u00e1ncer? Gracias por su contestaci\u00f3n.<\/p>\n<p>R.- Le aconsejo que consulte a un onc\u00f3logo sobre este tema. <\/p>\n<p>P.- \u00bfLa clonaci\u00f3n humana cree usted que es \u00e9ticamente correcta,que soluciona \u00e9sta,sino controversia?<\/p>\n<p>R.- Creo que es correcta cuando es con fines terap\u00e9uticos no con fines reproductivos. En el futuro, ser\u00e1 posible obtener embriones cl\u00f3nicos de una persona enferma con el fin de obtener c\u00e9lulas madre embrionarias y curar su enfermedad. La clonaci\u00f3n con fines reproductivos, es decir para tener hijos id\u00e9nticos a una determinada persona, no es segura ni est\u00e1 \u00e9ticamente justificada en la actualidad. <\/p>\n<p>P.- en que consiste la mascara de Kabuki?, es una emfermedad genetica?<\/p>\n<p>R.- Algunos casos de este s\u00edndrome se han asociado a alteraciones gen\u00e9ticas, aunque la causa no est\u00e1 muy bien establecida. Ser\u00edan necesarias m\u00e1s investigaciones para conocer el origen exacto de esta enfermedad. <\/p>\n<p>P.- Mi suegro tiene c\u00e1ncer de colon y de recto. \u00bfC\u00f3mo puedo ayudar a mi marido para prevenir y evitar que, en un futuro, padezca c\u00e1ncer?<\/p>\n<p>R.- Aunque un porcentaje de c\u00e1ncer de colon tiene causas gen\u00e9ticas, la gran mayor\u00eda de ellos est\u00e1n causados por factores ambientales como la dieta. La dieta mediterr\u00e1nea es eficaz en la prevenci\u00f3n de \u00e9stos y de otros tumores. <\/p>\n<p>P.- Recientemente se a publicado que una planta tiene m\u00e1s genes que un ser humano&#8230;. la pregunta es \u00bfCuanto mayor numero de genes m\u00e1s evolucionada esta una especie? Gracias.<\/p>\n<p>R.- En el \u00faltimo art\u00edculo sobre genoma humano publicado hace una semana en la revista Nature los autores indican que tenemos el mismo n\u00famero de genes que un gusano por tanto aunque nos duela en nuestro antropocentrismo parece que no hay relaci\u00f3n directa entre el n\u00famero de genes y el nivel evolutivo. <\/p>\n<p>P.- Aunque el fin de la selecci\u00f3n gen\u00e9tica de embriones sea muy leg\u00edtimo en un principio (prevenir enfermedades), \u00bfc\u00f3mo se marca el l\u00edmite entre esto y la selecci\u00f3n de embriones para responder a las preferencias de los padres? \u00bfNo cree que una vez que se ha levantado la veda es dif\u00edcil que no se llegue a esto \u00faltimo?<\/p>\n<p>R.- Los l\u00edmites de la selecci\u00f3n gen\u00e9tica de embriones deben imponerlos la sociedad. La selecci\u00f3n gen\u00e9tica de embriones permite prevenir enfermedades o seleccionar futuros hijos como donantes de sangre de cord\u00f3n umbilical para curar a hermanos afectados de graves enfermedades. En estos casos creo que la selecci\u00f3n gen\u00e9tica de embriones no s\u00f3lo es muy leg\u00edtima sino moralmente aceptable. <\/p>\n<p>P.- \u00bfQu\u00e9 relaci\u00f3n hay entre la Gen\u00e9tica y las c\u00e9lulas madre? Gracias.<\/p>\n<p>R.- Las c\u00e9lulas madre por definici\u00f3n tienen la capacidad de dividirse y formar m\u00faltiples tejidos. Si estos tejidos se utilizan para un autotrasplante no habr\u00e1 rechazo porque donante y receptor ser\u00e1n gen\u00e9ticamente iguales. <\/p>\n<p>P.- Hola Buenos dias, mi pregunta es si hoy en dia existe algun tipo de analisis que confirme nuestra predisposicion a sufrir cancer, en el caso de tener bastantes familiares afectados. Gracias por adelantado<\/p>\n<p>R.- En el caso por ejemplo de c\u00e1ncer de mama y de colon hay un porcentaje de alrededor del 10% que est\u00e1n causados por alteraciones de unos genes determinados. Una persona portadora de estas alteraciones tiene un riesgo elevado de desarrollar un c\u00e1ncer. Como el gen causante es bien conocido, en estos casos es t\u00e9cnicamente imposible si una persona es portadora o no de esta alteraci\u00f3n gen\u00e9tica. Otros c\u00e1nceres tambi\u00e9n muestran patrones de agregaci\u00f3n familiar aunque las causas gen\u00e9ticas no son tan bien conocidas. <\/p>\n<p>P.- Mi madre muri\u00f3 a los 55 a\u00f1os de un cancer de ovario que se reprodujo en 2 ocasiones. Su madre murio por el mismo motivo. A mi padre, fumador, le fue extirpado un pulmon en 2002 tras ser tratado de un cancer de pulmon. A dia de hoy no ha habido reaparicion. \u00bfPuedo tener alguna predisposicion a padecer cancer? En una ocasion me dijeron que al ser uno de tipo ginecologico, y el otro fuertemente relacionado con un habito (fumar) no tiene por qu\u00e9. \u00bfQu\u00e9 puede heredar mi descendencia? Es recomendable alg\u00fan tipo de prueba antes de decidirme a tener hijos.<\/p>\n<p>R.- El mismo gen que est\u00e1 asociado a c\u00e1ncer de mama tambi\u00e9n puede producir un c\u00e1ncer de ovario aunque con los datos que me aporta es que ser\u00eda muy arriesgado dar un consejo gen\u00e9tico, por lo que le aconsejar\u00eda consultar con su m\u00e9dico onc\u00f3logo. En todo caso el c\u00e1ncer de pulm\u00f3n de su padre es muy probable que no hubiera surgido si no fuese fumador. <\/p>\n<p>P.- Acabo de leer que ahora han descubierto un gen de la diabetes. \u00bfNo nos estamos volviendo un poco locos con tanto &#8220;gen de&#8221;? \u00bfQu\u00e9 utilidad pr\u00e1ctica tienen estos descubrimientos?<\/p>\n<p>R.- El descubrimiento de genes implicados a enfermedades nos permite entender mucho mejor la biolog\u00eda y las causas de esta enfermedad. Este conocimiento ser\u00e1 importante en el futuro tanto para el desarrollo de terapias curativas como para la prevenci\u00f3n.<\/p>\n<p>P.- Como se puede resolver el problema de falta de organos,y como ayudaria las celulas multipotenciales y las pluripotenciales a solucionar este problema.<\/p>\n<p>R.- Es obvio que cuando consigamos entender c\u00f3mo las c\u00e9lulas madre se convierten en los diferentes tejidos estaremos en disposici\u00f3n de poder generar tejidos para trasplantes. El desarrollo de \u00f3rganos completos a partir de c\u00e9lulas madre a\u00fan tardar\u00e1 muchos a\u00f1os en llegar. Un ejemplo de desarrollo de tejidos ser\u00eda la piel generada a partir de c\u00e9lulas madre para la reconstrucci\u00f3n epid\u00e9rmica de grandes quemados. Tambi\u00e9n hay esperanzas de generar tejido pancre\u00e1tico a partir de c\u00e9lulas madre para la curaci\u00f3n de la diabetes. <\/p>\n<p>P.- mis padres murieron de c\u00e1ncer. \u00bfc\u00f3mo puedo saber si en mis genes hay una predisposici\u00f3n a esta enfermedad o no? \u00bfmediante un simple analisis de sangre? \u00bfd\u00f3nde se realizan y qu\u00e9 coste suelen tener, aproximadamente? Gracias<\/p>\n<p>R.- Con la informaci\u00f3n que me das es imposible contestar a esta pregunta. Aunque es muy probable que estos c\u00e1nceres sean de tipo ambiental y no gen\u00e9ticos. En los casos donde s\u00ed existe indicaci\u00f3n m\u00e9dica de estudios de predisposici\u00f3n gen\u00e9tica al c\u00e1ncer, en estos casos s\u00ed los cubre la seguridad social. en ese caso su m\u00e9dico ser\u00eda el encargado de derivarle al centro correspondiente. <\/p>\n<p>P.- Que piensa usted de la situacion de los Jovenes investigadores en Espanya, que tienen que vivir a costa de becas precarias. Estaria usted a favor de un sistema de contratos con duracion definida (4 anyos para la tesis, etc) como existe en Holanda o Alemania?<\/p>\n<p>R.- La situaci\u00f3n de los j\u00f3venes investigadores en Espa\u00f1a es absolutamente lamentable, no s\u00f3lo debido a la precariedad sino tambi\u00e9n a la falta de perspectivas futuras. Actualmente no s\u00f3lo hace falta mejorar las condiciones contractuales sino definir una carrera investigadora a largo t\u00e9rmino. Para ello har\u00eda falta un pacto de Estado asumido por todos los partidos pol\u00edticos. <\/p>\n","protected":false},"excerpt":{"rendered":"<p>La predisposici\u00f3n gen\u00e9tica al c\u00e1ncer y otras enfermedades, el genoma humano, la selecci\u00f3n gen\u00e9tica de embriones o los animales y plantas transg\u00e9nicos. El campo de la Gen\u00e9tica ofrece m\u00faltiples perspectivas que hacen surgir dudas y controversias bio\u00e9ticas. Este investigador de la unidad de Gen\u00e9tica y Microbiolog\u00eda de la Universidad Aut\u00f3noma de Barcelona (UAB) y profesor de la licenciatura de Biotecnolog\u00eda de la UAB, ha resuelto las dudas planteadas por los internautas. Consulte la charla.<\/p>\n","protected":false},"author":1,"featured_media":0,"comment_status":"open","ping_status":"open","sticky":false,"template":"","format":"standard","meta":{"footnotes":""},"categories":[],"tags":[],"class_list":["post-6955","post","type-post","status-publish","format-standard","hentry"],"_links":{"self":[{"href":"https:\/\/intervius.com\/index.html\/wp-json\/wp\/v2\/posts\/6955","targetHints":{"allow":["GET"]}}],"collection":[{"href":"https:\/\/intervius.com\/index.html\/wp-json\/wp\/v2\/posts"}],"about":[{"href":"https:\/\/intervius.com\/index.html\/wp-json\/wp\/v2\/types\/post"}],"author":[{"embeddable":true,"href":"https:\/\/intervius.com\/index.html\/wp-json\/wp\/v2\/users\/1"}],"replies":[{"embeddable":true,"href":"https:\/\/intervius.com\/index.html\/wp-json\/wp\/v2\/comments?post=6955"}],"version-history":[{"count":0,"href":"https:\/\/intervius.com\/index.html\/wp-json\/wp\/v2\/posts\/6955\/revisions"}],"wp:attachment":[{"href":"https:\/\/intervius.com\/index.html\/wp-json\/wp\/v2\/media?parent=6955"}],"wp:term":[{"taxonomy":"category","embeddable":true,"href":"https:\/\/intervius.com\/index.html\/wp-json\/wp\/v2\/categories?post=6955"},{"taxonomy":"post_tag","embeddable":true,"href":"https:\/\/intervius.com\/index.html\/wp-json\/wp\/v2\/tags?post=6955"}],"curies":[{"name":"wp","href":"https:\/\/api.w.org\/{rel}","templated":true}]}}