{"id":6895,"date":"2006-11-14T00:00:00","date_gmt":"2006-11-06T00:00:00","guid":{"rendered":"https:\/\/intervius.com\/index.html\/?p=6895"},"modified":"2006-11-06T00:00:00","modified_gmt":"2006-11-06T00:00:00","slug":"Santiago_Quirce_Gancedo6895","status":"publish","type":"post","link":"https:\/\/intervius.com\/index.html\/Santiago_Quirce_Gancedo6895\/","title":{"rendered":"Santiago Quirce Gancedo"},"content":{"rendered":"<p>Pregunta.- tengo 38 a\u00f1os y muchas veces parece me falta el aire, como saber quien padece asma y sus sintomas<\/p>\n<p>Respuesta.- Los s\u00edntomas t\u00edpicos de asma son la dificultad respiratoria, la tos, la opresi\u00f3n tor\u00e1cica y los ruidos de pecho, como pitidos. Una persona que siente falta de aire siempre debe consultar a su m\u00e9dico para buscar la causa del problema y el diagn\u00f3stico correcto.<\/p>\n<p>P.- \u00bfExiste algun medicamento para el asma que no produzca una alteracion del ritmo cardiaco?<\/p>\n<p>R.- S\u00ed. La mayor\u00eda de ellos no producen alteraciones del ritmo cardiaco. No obstante, los betaestimulantes que se utilizan para el tratamiento de las crisis s\u00ed producen estimulaci\u00f3n cardiaca y aumento de la frecuencia.<\/p>\n<p>P.- \u00bfQu\u00e9 s\u00edntomas tiene el asma?\u00bfHacer ejercicio es beneficioso o por el contrario hay que evitarlo?Muchas gracias Dr.Quirce?<\/p>\n<p>R.- Las crisis de asma pueden desencadenarse por la realizaci\u00f3n de ejercicio, especialmente en ambiente fr\u00edo y seco. Eso no significa que haya que evitar el ejercicio sino, por el contrario, utilizar la medicaci\u00f3n adecuada antes de realizar ejercicio. Adem\u00e1s, hay que tratar de que la enfermedad est\u00e9 siempre bien controlada. Muchos deportistas son asm\u00e1ticos, especialmente deportistas de elite.<\/p>\n<p>P.- \u00bfQu\u00e9 alimentos deben evitar los ni\u00f1os asm\u00e1ticos? \u00bfFuncionan bien otras terapias alternativas como la homeopat\u00eda?<\/p>\n<p>R.- En principio, no deben evitar ning\u00fan alimento si no son al\u00e9rgicos a los mismos. En caso de duda, debe evitarlo y consultar al alerg\u00f3logo. La homeopat\u00eda es ineficaz en el tratamiento del asma, tal y como han demostrado estudios recientes.<\/p>\n<p>P.- \u00bfes cierto que el footing por las grandes ciudades puede provocar asma?<\/p>\n<p>R.- El ejercicio intenso y, en particular, la carrera puede desencadenar crisis de asma, tanto en el campo como en la ciudad. Pero, existe tratamiento para prevenirlas y tratarlas. No debe ser, en ning\u00fan caso, un obst\u00e1culo para la realizaci\u00f3n de ejercicio.<\/p>\n<p>P.- Tengo un ni\u00f1o con 2 a\u00f1os y de momento le han diagnosticado hiperreactividad bronquial. No saben al 100% si es debido a asma debido a que ni mi marido ni yo la padecemos. Como se pude aliviar a un ni\u00f1o as\u00ed? El asma mejora con la edad? Muchisimas gracias<\/p>\n<p>R.- La hiperreactividad bronquial es una caracter\u00edstica del asma pero tambi\u00e9n puede estar presente en pacientes sin s\u00edntomas. En ese caso lo importante es vigilar el posible desarrollo de asma y tratarlo de forma temprana. Los antecedentes familiares son importantes pero el asma tambi\u00e9n aparece en personas que no tienen ning\u00fan caso en su familia. El asma no al\u00e9rgica de la infancia suele mejorar e incluso desaparecer. Pero si se da una respuesta al\u00e9rgica el asma tiende a persistir.<\/p>\n<p>P.- Soy asm\u00e1tica desde hace varios a\u00f1os y sigo un tratamiento preciso cada vez que me siento ahogada. Pero mi pregunta es si existe alguna posibilidad de curarme alg\u00fan d\u00eda. Un saludo. Esperanza<\/p>\n<p>R.- El asma es una enfermedad que se puede controlar con el tratamiento pero es mucho m\u00e1s dif\u00edcil conseguir una curaci\u00f3n definitiva. Si se identifica una causa evitable de la enfermedad, como por ejemplo la alergia al pelo de animales, se podr\u00eda conseguir la remisi\u00f3n del asma al evitar el contacto con la fuente alerg\u00e9nica (en ese caso, los animales).<\/p>\n<p>P.- Soy asm\u00e1tica y llevo un a\u00f1o vacun\u00e1ndome contra la alergia al epitelio de gato. Es efectiva esta vacuna? Es recomendable que siga? He notado mejoras en el asma pero la rinitis persiste.<\/p>\n<p>R.- La vacuna es eficaz y el resultado \u00f3ptimo se consigue entre los tres y cinco a\u00f1os de tratamiento. En cualquier caso, se recomienda evitar el contacto y la exposici\u00f3n a los gatos. El asma puede mejorar m\u00e1s r\u00e1pido que la rinitis, dado que la exposici\u00f3n nasal es m\u00e1s intensa.<\/p>\n<p>P.- Se\u00f1or Quirce, soy asm\u00e1tico cr\u00f3nico y mi m\u00e9dico me ha recetado Terbasmin Turbuhaler para los casos de crisis y me va fenomenal.Mi problema es que ahora vivo en Francia y me gustar\u00eda saber si existe el gen\u00e9rico de este medicamento en el extranjero o uno similar. Gracias. Antonio desde Paris<\/p>\n<p>R.- S\u00ed. Se denomina terbutalina (principio activo) y es igual de eficaz que el salbutamol (Ventolin).<\/p>\n<p>P.- \u00bfPOR QU\u00c9 ESTAN AUMENTANDO LOS CASOS DE ASMA?<\/p>\n<p>R.- Es dif\u00edcil de saber. Parece que est\u00e1 relacionado con el estilo de vida occidental, el aumento de la prevalencia de las enfermedades al\u00e9rgicas, cambios en la dieta, la obesidad y una mayor higiene y menor n\u00famero de infecciones. A esto se le denomina la hip\u00f3tesis de la higiene.<\/p>\n<p>P.- \u00bfEs cierto que abusar del ventol\u00edn puede ser peligroso? Qu\u00e9 podr\u00eda sucederme??<\/p>\n<p>R.- S\u00ed, puede ser peligroso. La utilizaci\u00f3n regular del Ventolin (salbutamol) produce un fen\u00f3meno de tolerancia o p\u00e9rdida de eficacia progresiva de su efecto broncodilatador. Cuando se utiliza este medicamento m\u00e1s de dos veces a la semana es necesario a\u00f1adir un medicamento preventivo o controlador, como los corticoides inhalados o los antileucotrienos. En caso de duda siempre consulte a su m\u00e9dico.<\/p>\n<p>P.- Tengo 48 a\u00f1os y desde peque\u00f1o tengo episodios de asma, aunque ahora no se producen m\u00e1s de una vez al mes. Quisiera saber si a medida que vaya envejeciendo se puede agravar el problema y aumentar los episodios<\/p>\n<p>R.- La evoluci\u00f3n es impredecible. Puede mejorar o empeorar con los a\u00f1os. No obstante, es una buena se\u00f1al que las crisis se espacien y que disminuyan en intensidad. El tratamiento hay que ajustarlo a la frecuencia y gravedad de las mismas. No hay que bajar la guardia ni confiarse.<\/p>\n<p>P.- \u00bfEn que medida afecta el tabaco a las personas que tienen asma? \u00bfEs decir multiplica sus efectos o algo parecido?<\/p>\n<p>R.- El tabaco es especialmente perjudicial en el asma. Aumenta la gravedad de los s\u00edntomas, las crisis y disminuye la eficacia de la medicaci\u00f3n antiasm\u00e1tica. Las personas con asma deben evitar estrictamente fumar y el humo ambiental.<\/p>\n<p>P.- \u00bfes bueno \u00f3 recomendable para una ni\u00f1a asmatica de casi 4 a\u00f1os practicar nataci\u00f3n en una piscina cubierta porque la humedad le pueda beneficiar para los bronquios?<\/p>\n<p>R.- La nataci\u00f3n es un deporte recomendable para los pacientes con asma por el tipo de ejercicio y el ambiente h\u00famedo y c\u00e1lido. Es bueno tanto para los ni\u00f1os como los adultos.<\/p>\n<p>P.- \u00bfhay un solo tipo de asma ? yo tengo 35 a\u00f1os vivi 30 a\u00f1os en Buenos Aires, y seg\u00fan distintos me diagnosticaron; bronquitis espamodica, asma bronquial, falso crup, asma, psicosomatisacion en cuadro asmatico bronquial, etc. a los 17 a\u00f1os disminuyeron los ataques y ha d\u00eda de hoy casi ha desaparecido eso si mi ventolin por si acaso lo tengo a mano.<\/p>\n<p>R.- Hay varios tipos de asma seg\u00fan la gravedad y la causa, pero todav\u00eda hay m\u00e1s tipos de eufemismos y denominaciones incorrectas para referirse a esta enfermedad. Hay que huir de las denominaciones equ\u00edvocas e incorrectas. Es importante efectuar el diagn\u00f3stico de asma y aplicar el tratamiento seg\u00fan la gravedad de la enfermedad y su causa.<\/p>\n<p>P.- tengo ataques de asma despu\u00e9s tener un resfriado. En algunas crisis he llegado a salir a una terraza en una madrugada de invierno con 5 grados bajo cero, pero es de la \u00fanica forma que consigo pararla: con un choque de fr\u00edo. Me gustar\u00eda saber a qu\u00e9 se debe y si es peligroso hacerlo.gracias.<\/p>\n<p>R.- Las infecciones v\u00edricas y los procesos catarrales son algunas de las principales causas desencadenantes de las crisis de asma. El ambiente fr\u00edo no es recomendable y, de hecho, puede ser contraproducente. No se recomienda.<\/p>\n<p>P.- Buenas tardes. \u00bfEs cierto que algunas provincias son m\u00e1s adecuadas para que los asm\u00e1ticos vivan en condiciones que afecten en menos medida al desarrollo de su enfermedad? Diganos que provincias son m\u00e1s adecuadas para que vivan mejor, y cuales contribuyen a que empeoren. Un saludo: Bego\u00f1a.<\/p>\n<p>R.- No se puede hacer una recomendaci\u00f3n general. Depende del tipo de asma, de si \u00e9sta es al\u00e9rgica o no y el tipo de alergeno concreto que cause los s\u00edntomas. Los pacientes al\u00e9rgicos a los \u00e1caros del polvo se benefician del clima seco como el de las ciudades del interior. Y los pacientes al\u00e9rgicos a los p\u00f3lenes pueden mejorar en zonas costeras, con menor concentraci\u00f3n de p\u00f3lenes. Los climas templados son beneficiosos para casi todo el mundo.<\/p>\n<p>P.- tengo 39 y sufr\u00ed durante mi infancia una enorme incomprensi\u00f3n m\u00e9dica en relaci\u00f3n con el asma que me acompa\u00f1a desde los 10 meses; tras esta experiencia, la considero una enfermedad interna, ligada con el estado de \u00e1nimo y absolutamente ajena a las vacunas y medicamentos que sufr\u00ed. creo en la serenidad,el yoga, los ejercicios respiratorios y en tener cerca un broncodilatador&#8230;.para as\u00ed no usarlo. muchas gracias, doctor. el asma no es una enfermead pulmonar.<\/p>\n<p>R.- En el asma, como en otras enfermedades cr\u00f3nicas, los componentes psicol\u00f3gicos y psicosom\u00e1ticos son importantes. Esto no implica el prescindir de la medicaci\u00f3n o temerla. En cualquier caso, el paciente debe conocer su enfermedad, los desencadenantes y c\u00f3mo evitarlos. El yoga puede ser beneficioso, unido al tratamiento convencional, en algunos pacientes.<\/p>\n<p>P.- Buenos d\u00edas, mi tratamiento para el asma es Flixotide, \u00bfpuede ser el causante de que la tensi\u00f3n de los ojos est\u00e9 elevada? Gracias<\/p>\n<p>R.- Los corticoides inhalados son los f\u00e1rmacos m\u00e1s eficaces en el tratamiento del asma. Si la dosis es muy alta puede afectar la tensi\u00f3n ocular. En ese caso, debe consultar a su m\u00e9dico y al oftalm\u00f3logo.<\/p>\n<p>P.- Buenas tardes. Tengo una hija de 3 a\u00f1os con asma infantil. Lleva su tratamiento pero tenemos semanas de crisis (como la pasada). \u00bfLa madurez pulmonar aliviar\u00e1 sus males? \u00bfCu\u00e1ndo se alcanza?. \u00bfEs usted partidario del humidificador por la noche en su habitaci\u00f3n, y si es as\u00ed agua fria o caliente? \u00bfO agua con eucalipto en un recipiente?\u00bfes usted partidario cuando tienen estos ni\u00f1os episodios de tos en darle antitus\u00edgenos? Muchas gracias.<\/p>\n<p>R.- Si el asma no tiene componente al\u00e9rgico suele mejorar a lo largo de la infancia pero si es al\u00e9rgica tiende a persistir. La utilizaci\u00f3n de los humidificadores no se recomienda en los pacientes al\u00e9rgicos a los \u00e1caros o a los hongos. En los pacientes que no son al\u00e9rgicos puede tener cierta utilidad, sin eucalipto ni otras sustancias. El agua debe estar a temperatura ambiente. Para la tos se recomienda el mismo tratamiento que para el asma en general aunque en alguna ocasi\u00f3n tambi\u00e9n pueden ser \u00fatiles los antitus\u00edgenos.<\/p>\n<p>P.- \u00bfExiste alguna relaci\u00f3n entre la bronquiolitis y el asma?Gracias<\/p>\n<p>R.- S\u00ed. Las bronquiolitis repetidas pueden derivar en un cuadro asm\u00e1tico si se asocian con hiperreactividad bronquial o desencadenar crisis en pacientes ya asm\u00e1ticos.<\/p>\n<p>P.- \u00bfEl asma es hereditario?<\/p>\n<p>R.- Esta enfermedad tiene bases gen\u00e9ticas polig\u00e9nicas (intervienen varios genes) y tambi\u00e9n ambientales. Por lo general, es necesario que interaccionen ambos componentes para que la enfermedad se manifieste.<\/p>\n<p>P.- Hola, me llamo Choni: soy al\u00e9rgica asm\u00e1tica. Durante 20 a\u00f1os no he tenido ninguna recaida, y ahora de golpe, tengo un brote. \u00bfA qu\u00e9 puede ser debido y alg\u00fan consejo?. Le estar\u00e9 muy agradecida.<\/p>\n<p>R.- El asma sigue un curso fluctuante a lo largo de la vida en el que intervienen muchos factores. No es extra\u00f1o que desaparezca en alguna etapa de la vida para reaparecer en otro momento. El haber tenido asma en la infancia es un factor de riesgo para desarrollarlo en la vida adulta. Hay factores al\u00e9rgicos y no al\u00e9rgicos que pueden alterar el curso de la enfermedad.<\/p>\n<p>P.- en caso de haber sufrido una crisis aguda, necesitando de oxigeno y paracetamol via sangu\u00ednea, que se recomienda despu\u00e9s??Sobretodo si estas con tratamiento por vacunas de \u00e1caros y la crisis fue de gram\u00edneas<\/p>\n<p>R.- Ante situaciones complejas hay que consultar al alerg\u00f3logo y evaluar cu\u00e1l es la sensibilizaci\u00f3n dominante y los factores concretos que desencadenan las crisis en cada momento.<\/p>\n<p>P.- se puede desarrollar asma en cualquier momento de la vida?<\/p>\n<p>R.- S\u00ed, aunque predomina en la infancia y en adultos j\u00f3venes. En otro grupo de pacientes aparece en la edad adulta, siendo en este caso m\u00e1s grave por lo general.<\/p>\n<p>P.- buenas tardes, mi nombre es Teresa, desde los 7 a\u00f1os me diagnosticaron alergia a los \u00e1caros y al polen, tras ello recib\u00ed bacunas durante unos 4 a\u00f1os, hasta que me suspendieron el tratamiento, actualmente tengo 28 a\u00f1os y cada vez con m\u00e1s frecuencia mis bronquios est\u00e1n taponados a la m\u00ednima que me resfrio. \u00bfque consejos me ofrece para poder mejorar mi calidad de vida?<\/p>\n<p>R.- En este caso, hay que revisar el diagn\u00f3stico y desde luego ajustar el tratamiento para que la enfermedad est\u00e9 controlada. Hoy en d\u00eda no es aceptable que los pacientes contin\u00faen con s\u00edntomas y no se beneficien de los excelentes f\u00e1rmacos antiasm\u00e1ticos disponibles y, en algunos casos, de los tratamientos con vacunas de alergenos.<\/p>\n<p>P.- Tengo una ni\u00f1a de 3 a\u00f1os operada de secuestro pulmonar donde le extirparon los l\u00f3bulos inferior y medio del pulm\u00f3n derecho. Ha sido diagnosticada recientemente de asma y tratada con Flexotide. Como preventivo le han mandado MONTELUKAST. Quisiera saber si es eficaz en ni\u00f1os tan peque\u00f1os y si tiene efectos secundarios. Gracias.<\/p>\n<p>R.- El montelukast es un f\u00e1rmaco muy eficaz para el tratamiento del asma y muy bien tolerado. Est\u00e1 especialmente indicado en ni\u00f1os en los que suele dar buen resultado. No obstante, si no fuera suficiente, la opci\u00f3n de a\u00f1adir un corticoide inhalado, como el Flixotide, est\u00e1 plenamente justificada. El asma no est\u00e1 relacionada con su enfermedad pulmonar previa.<\/p>\n<p>P.- Buenas tardes: Tengo asma desde siempre, lo que no me ha impedido practica deporte con bastante intensidad. De un tiempo a esta parte mi respuesta aer\u00f3bica ha disminu\u00eddo mucho, es decir, recupero mucho peor de los esfuerzos. \u00bfAlguna sugerencia? Muchas Gracias. Fernando<\/p>\n<p>R.- La recomendaci\u00f3n es seguir practicando deporte y, si fuera necesario, ajustar el tratamiento a las necesidades en cada caso. No hay que olvidar que muchos deportistas de todo tipo, incluidos los ol\u00edmpicos, utilizan tratamiento para el asma, lo que no les impide conseguir las mejores marcas.<\/p>\n<p>P.- Tengo asma por alergia a los epiteliales de los perros \u00bfExiste alguna vacuna para este tipo de alergia?<\/p>\n<p>R.- El tratamiento de elecci\u00f3n es evitar el contacto con los perros. Tambi\u00e9n existen vacunas que son eficaces y que est\u00e1n indicadas en las personas que no pueden evitar el contacto, como veterinarios, invidentes&#8230;<\/p>\n<p>P.- Buenas tardes, soy asm\u00e1tico, y hace 3 a\u00f1os tuve una crisis grave de asma, me pusieron oxigeno y me recetaron Symbicort durante una semana. Actualmente, uso indistintamente Ventolin y Symbicort en caso de crisis porque me funciona, \u00bfHago bien?. Me coment\u00f3 un alerg\u00f3logo que el symbicort deb\u00eda usarlo solo para prevenir, nunca como respuesta a crisis\u00bfes esto cierto?\u00bfporque?<\/p>\n<p>R.- La combinaci\u00f3n de budesonida y formoterol (symbicort) es muy eficaz para el tratamiento de mantenimiento y preventivo del asma. Recientemente, se ha comprobado que tambi\u00e9n es eficaz para aliviar los s\u00edntomas de forma r\u00e1pida y, por lo tanto, en las agudizaciones. Aunque esta indicaci\u00f3n acaba de ser aprobada por la Agencia Europea del Medicamento, todav\u00eda no figura en la ficha t\u00e9cnica.<\/p>\n<p>P.- que metodos naturales pueden ayudar a combatir el asma??? para no abusar del ventolin y cosas de ese tipo<\/p>\n<p>R.- El mejor m\u00e9todo natural es evitar la exposici\u00f3n a los alergenos a los que uno est\u00e9 sensibilizado pero esto no siempre es posible. El llevar una vida activa, evitar la exposici\u00f3n a sustancias irritantes y el tabaco, son los mejores consejos.<\/p>\n<p>P.- mi madre de 60 a\u00f1os lleva mas de una a\u00f1o con tos y pitidos intensos. le han diagnosticado bronquitis y broncoespasmo. no sera asma?<\/p>\n<p>R.- Desde luego es un diagn\u00f3stico m\u00e1s que probable que se deber\u00eda considerar. De todas formas, estos s\u00edntomas son inespec\u00edficos y pueden aparecer en diversas circunstancias. Si persisten, indicar\u00eda la existencia de asma u otra enfermedad obstructiva de las v\u00edas respiratorias.<\/p>\n<p>P.- Cuales son los s\u00edntomas b\u00e1sicos para saber que se tiene asma? son los silvidos o pitidos imprescindibles?<\/p>\n<p>R.- Los pitidos o silbidos son caracter\u00edsticos pero no imprescindibles para efectuar el diagn\u00f3stico de asma. Algunas veces el asma s\u00f3lo se manifiesta por tos o sensaci\u00f3n de falta de aire.<\/p>\n<p>P.- \u00bfSon efectivas las vacunas en los ni\u00f1os? \u00bfCu\u00e1l ser\u00eda la edad m\u00e1s adecuada?<\/p>\n<p>R.- Entiendo que se refiere a las vacunas para la alergia. Son efectivas una vez que se haya probado la base al\u00e9rgica del asma y la implicaci\u00f3n de alergenos concretos en los s\u00edntomas del paciente. Las vacunas son especialmente eficaces en ni\u00f1os, adolescentes y adultos j\u00f3venes. No se debe comenzar antes de los cinco a\u00f1os.<\/p>\n<p>P.- Mi hijo de 4 a\u00f1os ha dado positivo en la prueba de reflujo g\u00e1strico. La prueba de PHmetr\u00eda nos parece muy agresiva. \u00bfEs tan importante para el diagn\u00f3stico del asma al\u00e9rgica que padece?<\/p>\n<p>R.- El reflujo gastroesof\u00e1gico puede empeorar el asma y ocasionar tos que se confunda con la tos t\u00edpica del asma. El diagn\u00f3stico correcto es importante para solucionar el problema y aplicar el tratamiento adecuado.<\/p>\n","protected":false},"excerpt":{"rendered":"<p>\u00bfPor qu\u00e9 se produce el asma? \u00bfQu\u00e9 tratamiento deben recibir los ni\u00f1os asm\u00e1ticos? Este especialista de la Fundaci\u00f3n Jim\u00e9nez D\u00edaz y coordinador del Comit\u00e9 de Asma de la Sociedad Espa\u00f1ola de Alergolog\u00eda e Inmunolog\u00eda Cl\u00ednica ha aclarado las dudas propuestas por los internautas sobre esta enfermedad pulmonar. <\/p>\n","protected":false},"author":1,"featured_media":0,"comment_status":"open","ping_status":"open","sticky":false,"template":"","format":"standard","meta":{"footnotes":""},"categories":[],"tags":[],"class_list":["post-6895","post","type-post","status-publish","format-standard","hentry"],"_links":{"self":[{"href":"https:\/\/intervius.com\/index.html\/wp-json\/wp\/v2\/posts\/6895","targetHints":{"allow":["GET"]}}],"collection":[{"href":"https:\/\/intervius.com\/index.html\/wp-json\/wp\/v2\/posts"}],"about":[{"href":"https:\/\/intervius.com\/index.html\/wp-json\/wp\/v2\/types\/post"}],"author":[{"embeddable":true,"href":"https:\/\/intervius.com\/index.html\/wp-json\/wp\/v2\/users\/1"}],"replies":[{"embeddable":true,"href":"https:\/\/intervius.com\/index.html\/wp-json\/wp\/v2\/comments?post=6895"}],"version-history":[{"count":0,"href":"https:\/\/intervius.com\/index.html\/wp-json\/wp\/v2\/posts\/6895\/revisions"}],"wp:attachment":[{"href":"https:\/\/intervius.com\/index.html\/wp-json\/wp\/v2\/media?parent=6895"}],"wp:term":[{"taxonomy":"category","embeddable":true,"href":"https:\/\/intervius.com\/index.html\/wp-json\/wp\/v2\/categories?post=6895"},{"taxonomy":"post_tag","embeddable":true,"href":"https:\/\/intervius.com\/index.html\/wp-json\/wp\/v2\/tags?post=6895"}],"curies":[{"name":"wp","href":"https:\/\/api.w.org\/{rel}","templated":true}]}}