{"id":6593,"date":"2004-06-18T00:00:00","date_gmt":"2006-11-06T00:00:00","guid":{"rendered":"https:\/\/intervius.com\/index.html\/?p=6593"},"modified":"2006-11-06T00:00:00","modified_gmt":"2006-11-06T00:00:00","slug":"Carlos_Boyero6593","status":"publish","type":"post","link":"https:\/\/intervius.com\/index.html\/Carlos_Boyero6593\/","title":{"rendered":"Carlos Boyero"},"content":{"rendered":"<p>Pregunta.- Amarcord es mi pelicula favorita de todos los tiempos. En tu escala \u00bfd\u00f3nde la sit\u00faas?<\/p>\n<p>Respuesta.- No me gusta Fellini. Pero adoro Amarcord. Es poes\u00eda pura, es magia, es humor, es surrealismo, es evocaci\u00f3n. Yo me siento como esos ni\u00f1os obsesionados con la Gradisca, y me pongo cachondo al recordar las tetas de la estanquera. Tambi\u00e9n soy el pirado de la moto aunque no tenga carnet de conducir. <\/p>\n<p>P.- V\u00ed, hace a\u00f1os Lolita, la version en blanco y negro, y me pareci\u00f3 tan maravillosa, \u00bfcrees que deber\u00eda volver a verla o perder\u00e1 para m\u00ed toda su grandeza?<\/p>\n<p>R.- Yo la veo con frecuencia en DVD y me sigue fascinando todo en ella: la atm\u00f3sfera, el morbo, los di\u00e1logos, los movimientos y las miradas de Sue Lyon, la voz de James Mason, el transformismo de Peter Sellers, la tragic\u00f3mica interpretaci\u00f3n de Selley Winters. Creo que Kubrick hizo una pel\u00edcula tan buena como la novela de Nabokov.<\/p>\n<p>P.- En italia, con los Borgia, hubo 30 a\u00f1os de torturas, dolor y crueldad. Produjeron el renacimiento, Michelangelo, Dante y otros&#8230; En Suiza, han vivido 500 a\u00f1os de bondad, paz, y concordia. Y han inventado el reloj de cuco. La cita no es m\u00eda, pero te parece que es lo que puede pasar ahora en Espa\u00f1a con la cultura zapateriana del buen rollo?<\/p>\n<p>R.- Est\u00e1 usted citando al c\u00ednico y seductor Harry Lime de &#8220;El tercer hombre&#8221;, frase que sospecho se le ocurri\u00f3 al propio Orson Welles aunque no est\u00e9 acreditado en el gui\u00f3n. No se que va a pasar con la cultura zapateriana, pero es imposible que empeore a la aznariana. <\/p>\n<p>P.- Vivo en un puto pueblo donde el zampabollos del \u00fanico videoclub se empe\u00f1a en no poner en alquiler &#8220;el pabell\u00f3n de los oficiales&#8221; porque asegura que &#8220;eso no lo va a ver ni dios&#8221;. Para verla no me queda m\u00e1s que comprar el dvd. \u00bfVale la pena teniendo en cuenta mi puteada cuenta corriente?.<\/p>\n<p>R.- Es una pel\u00edcula muy hermosa sobre la necesidad de sobrevivir cuando la guerra te ha dejado tullido f\u00edsica y emocionalmente. <\/p>\n<p>P.- Me han hablado maravillas de &#8220;Vania en la calle 42&#8221; pero no la encuentro. Qu\u00e9 sabe de ella.<\/p>\n<p>R.- Es maravillosa. Fue el testamento de Louis Malle. Si Anton Chejov la hubiera visto, se habr\u00eda comido a besos a ese adaptador cinematogr\u00e1fico que comprend\u00eda su universo con tanta profundidad. Yo tambi\u00e9n he intentado encontrarla en DVD pero en vano. <\/p>\n<p>P.- \u00bfEchas de menos en esta Eurocopa la presencia del legendario -me pongo de pie para escribir su nombre- Paolo Maldini?<\/p>\n<p>R.- No conozco ning\u00fan defensa mejor que \u00e9l. Lo que hizo con el Mil\u00e1n de Sacci fue grandioso. Y encima el cabr\u00f3n es guapo. Lo tiene todo. <\/p>\n<p>P.- Me volvio loca Jeremy Irons desde la primera vez que le vi.Es un hombre inquietante,enigmatico,muy atractivo,muy sexy y un actor estupendo.Te gusta especialmente alguna de sus interpretaciones?<\/p>\n<p>R.- Siempre est\u00e1 bien pero en casos como &#8220;El misterio Von Bulow&#8221;, &#8220;Herida&#8221; e &#8220;Inseparables&#8221;, estaba magistral. Tiene un rollo especial, y lo sabe. Si yo fuera una t\u00eda imagino que este tipo me provocar\u00eda todo tipo de humedades. <\/p>\n<p>P.- He le\u00eddo &#8220;El secuestro de Miss Blandish&#8221;, de Hadley Chase. Es una obra maestra. Qu\u00e9 opinas, Carlos? Hay mejor manera posible de describir a una mujer diciendo que tiene lo que tienen todas las mujeres y, adem\u00e1s, todo lo que les falta?<\/p>\n<p>R.- La le\u00ed hace muchos a\u00f1os y me gust\u00f3. Tambi\u00e9n la adaptaci\u00f3n al cine que dirigi\u00f3 Robert Aldrich. No recordaba esa definici\u00f3n pero me parece muy sugerente y precisa. Digna de Chandler o de Hammett.<\/p>\n<p>P.- en tus visitas a putas de lujo\u00bfviste a alguna famosilla?\u00bfpagarias por estar con Irma la dulce?<\/p>\n<p>R.- Pagar\u00eda mucho m\u00e1s que dinero por pasar una semana con la Shirley McLaine de &#8220;El apartamento&#8221;. Irma la dulce me cae bien, tambi\u00e9n su perrito, pero no me vuelve loco. <\/p>\n<p>P.- Cual es la pel\u00edcula sobre super heroes del comic que m\u00e1s te fascina?<\/p>\n<p>R.- No se ha hecho. Pero estoy esper\u00e1ndola, la har\u00e1 un director genial que haya estado enamorado toda su vida de Corto Malt\u00e9s. <\/p>\n<p>P.- Carlos&#8230; Crees que algunas pel\u00edculas -como algunas personas- tienen alma?<\/p>\n<p>R.- S\u00f3lo las buenas. <\/p>\n<p>P.- \u00bfQuien fue el director de Sospechosos habituales? No piensa que Kevin Spacey y Ed Harris son actores que nunca defraudan<\/p>\n<p>R.- Bryan Singer. Hizo una pel\u00edcula inquietante, con aroma cl\u00e1sico. Reconozco las lagunas de mi memor\u00eda debido a los pasados excesos, pero no recuerdo que aparezca el inmenso Ed Harris en &#8220;Sospechosos habituales&#8221;. Kevin Spacey estaba genial en ella pero tambi\u00e9n Gabriel Byrne y Benicio del Toro.<\/p>\n<p>P.- Buenas tardes. Cada cierto tiempo se vuelve a hablar de un nuevo James Bond. \u00bfHay alg\u00fan actor actual que vea usted en ese papel? \u00bfQu\u00e9 tal George Clooney, a pesar de ser estadounidense? Muchas gracias.<\/p>\n<p>R.- El \u00fanico James Bond al que reconozco y me fascina es Sean Connery. Dudo que a su edad vuelva a hacer acrobacias metiendose en la piel de Bond. Supongo que la f\u00f3rmula va a funcionar durante otros 40 a\u00f1os. Da igual el actor que lo interprete. <\/p>\n<p>P.- Ahora que el maestro Ennio Morricone est\u00e1 preparando el musical de Cinema Paradiso, \u00bfcrees que es \u00e9sta su mejor banda sonora, o hay alguna que te guste m\u00e1s?<\/p>\n<p>R.- No creo que sea la mejor. Me resulta dulzona, f\u00e1cil, al igual que la pel\u00edcula. Aunque la primera vez que la v\u00ed, me conmovi\u00f3, me hizo llorar. Las bandas sonoras que m\u00e1s me gustan de Morricone son las de &#8220;Novecento&#8221; y &#8220;La Misi\u00f3n&#8221;.<\/p>\n<p>P.- Hola Carlos. \u00bfComo es posible que uno de los paises con mayor numero de barbaros e ignorantes por metro cuadrado como EEUU sea a la vez la cuna de tantos grandes autores ya sea del cine, de la musica o literatura? \u00bfEs realmente un pais de tantos contrastes?<\/p>\n<p>R.- Pues por eso, por el mestizaje, por haber importado lo mejor de otras culturas. Yo estoy enamorado de lo mejor que me ha ofrecido el cine, la literatura y la m\u00fasica norteamericana. Han colonizado mi subconsciente. Es de las mejores cosas que me ha ofrecido la vida. <\/p>\n<p>P.- Creo que lo mejor que puede hacer el arte por nosotros es proporcionarnos consuelo ante las tristezas de la vida. La m\u00fasica de Antonio Carlos Jobim me ayuda como pocas cosas a soportar la vida. \u00bfTe parece exagerado considerar a este gran creador de belleza como uno de los m\u00e1s grandes m\u00fasicos de todos los tiempos?<\/p>\n<p>R.- Es uno de los m\u00e1s grandes, comparable en la m\u00fasica brasile\u00f1a a Vinicious de Moraes, a Caetano Veloso y a Chico Buarque. El disco que grabaron Sinatra y Jobim ha endulzado algunas de mis depresiones. V\u00ed en directo una vez a Jobim, qu\u00e9 piano, que voz, que elegancia, que sentimiento. <\/p>\n<p>P.- \u00bfQui\u00e9n crees que ganar\u00e1 la Eurocopa?<\/p>\n<p>R.- No me gusta nadie. Pero elegir\u00eda una final entre Francia y la Rep\u00fablica Checa. Si Zidane se despierta y comienza a funcionar la armon\u00eda entre su cerebro y sus piernas, su equipo ser\u00e1 campe\u00f3n. <\/p>\n<p>P.- El otro d\u00eda volv\u00ed a ver \u2018La Diligencia\u2019, y volv\u00ed a impresionarme con la primera aparici\u00f3n de Ringo Kidd en pantalla, deteniendo, rifle en mano, al carruaje. Pr\u00e1cticamente es la primera aparici\u00f3n de John Wayne en una pantalla de cine, un regalo \u2013otro m\u00e1s\u2013 de John Ford al mundo. Qu\u00e9 grandes los dos Johns \u00bfno te parece?<\/p>\n<p>R.- Es una pel\u00edcula perfecta. John Ford, que trataba a Waynne con tanta sorna como paternalismo, le defin\u00eda como &#8220;ese pedazo de carne&#8221;. Creo que es uno de los grandes actores de la historia del cine. Me gusta verlo, me lo creo, tiene personalidad, es un t\u00edo. Me da igual que fuera un gran reaccionario. En la pantalla no me transmite eso. <\/p>\n<p>P.- Doctor Boyero&#8230; me entran sudores fr\u00edos y mareos cuando oigo cantar las excelsas bondades del Ulises de Joyce&#8230;..cuando a m\u00ed lo que realmente me gustan son las novelas de Marcial Lafuente Estefan\u00eda. \u00bf Es grave ?<\/p>\n<p>R.- Cada uno se divierte con lo que le sale de la polla. Nunca he sido fan de Estefan\u00eda. No soy tan snob, ni tan provocador. Pero el Ulises siempre me ha resultado \u00e1spero, aunque reconozco que he le\u00eddo muchas veces el mon\u00f3logo de Molly Bloom.Sin embargo, adoro al Joyce de &#8220;Dublineses&#8221; y de &#8220;Retrato del artista adolescente&#8221;.<\/p>\n<p>P.- QUE OPINION TIENE DE NUESTRO SELECCIONADOR NACIONAL DE FUTBOL, CON ESTO DE LA EUROCOPA.<\/p>\n<p>R.- No me gusta I\u00f1aki S\u00e1ez. Pero casi siempre me ha ocurrido lo mismo con los seleccionadores de Espa\u00f1a. Dice este se\u00f1or que est\u00e1n en la buena l\u00ednea. Viendo el juego de la selecci\u00f3n esa opini\u00f3n adquiere matices kafkianos. <\/p>\n<p>P.- \u00bfHas le\u00eddo PAR\u00cdS NO SE ACABA NUNCA, de Vila-Matas? Este hombre, que siempre fue un poco casta\u00f1a, se est\u00e1 convirtiendo en uno de nuestros mejores y m\u00e1s finos humoristas<\/p>\n<p>R.- Todav\u00eda no lo he le\u00eddo. No entiendo su definici\u00f3n de &#8220;un poco casta\u00f1a&#8221;. A mi siempre me ha parecido un escritor original, con voz propia. &#8220;Bartleby y compa\u00f1\u00eda&#8221; es uno de mis libros de cabecera. <\/p>\n<p>P.- Hola crack!. \u00bfque opinas de Dustin Hoffman?, \u00bfno es (o fue) uno de los grandes?. En todo el tiempo que llevas chateando no he leido ninguna linea tuya hablando de este sensacional actor.Un heterosexual abrazo.<\/p>\n<p>R.- Durante mucho tiempo fue un actor que me mosque\u00f3. Demasiado gesticulante, interpretando siempre a su personaje de &#8220;El graduado&#8221;. Me enamor\u00f3 por primera vez en &#8220;Lenny&#8221;. Creo que es excelente, pero necesita directores que le contengan por su tendencia a la sobreactuaci\u00f3n. <\/p>\n","protected":false},"excerpt":{"rendered":"<p>Por motivos ajenos a elmundo.es, el encuentro digital con Carlos Boyero se aplaza hasta el viernes 18 a las 13.00 horas. Si no eres de los que van al cine por disfrutar del aire acondicionado en verano, te sentir\u00e1s como en casa charlando con nuestro cronista. Los estrenos m\u00e1s rutilantes, las pel\u00edculas de toda la vida y los filmes de culto.<\/p>\n","protected":false},"author":1,"featured_media":0,"comment_status":"open","ping_status":"open","sticky":false,"template":"","format":"standard","meta":{"footnotes":""},"categories":[],"tags":[],"class_list":["post-6593","post","type-post","status-publish","format-standard","hentry"],"_links":{"self":[{"href":"https:\/\/intervius.com\/index.html\/wp-json\/wp\/v2\/posts\/6593","targetHints":{"allow":["GET"]}}],"collection":[{"href":"https:\/\/intervius.com\/index.html\/wp-json\/wp\/v2\/posts"}],"about":[{"href":"https:\/\/intervius.com\/index.html\/wp-json\/wp\/v2\/types\/post"}],"author":[{"embeddable":true,"href":"https:\/\/intervius.com\/index.html\/wp-json\/wp\/v2\/users\/1"}],"replies":[{"embeddable":true,"href":"https:\/\/intervius.com\/index.html\/wp-json\/wp\/v2\/comments?post=6593"}],"version-history":[{"count":0,"href":"https:\/\/intervius.com\/index.html\/wp-json\/wp\/v2\/posts\/6593\/revisions"}],"wp:attachment":[{"href":"https:\/\/intervius.com\/index.html\/wp-json\/wp\/v2\/media?parent=6593"}],"wp:term":[{"taxonomy":"category","embeddable":true,"href":"https:\/\/intervius.com\/index.html\/wp-json\/wp\/v2\/categories?post=6593"},{"taxonomy":"post_tag","embeddable":true,"href":"https:\/\/intervius.com\/index.html\/wp-json\/wp\/v2\/tags?post=6593"}],"curies":[{"name":"wp","href":"https:\/\/api.w.org\/{rel}","templated":true}]}}