{"id":6395,"date":"2004-11-15T00:00:00","date_gmt":"2006-11-06T00:00:00","guid":{"rendered":"https:\/\/intervius.com\/index.html\/?p=6395"},"modified":"2006-11-06T00:00:00","modified_gmt":"2006-11-06T00:00:00","slug":"Gerardo_Gonzalez6395","status":"publish","type":"post","link":"https:\/\/intervius.com\/index.html\/Gerardo_Gonzalez6395\/","title":{"rendered":"Gerardo Gonz\u00e1lez"},"content":{"rendered":"<p>Pregunta.- El f\u00fatbol espa\u00f1ol a nivel de clubes est\u00e1 en un estado de forma excelente&#8230; \u00bfPor qu\u00e9 la selecci\u00f3n no levanta cabeza? \u00bfCu\u00e1ndo tendremos un estilo propio de juego, como los italianos, ingleses o alemanes? Y, aunque sea muy osado&#8230; \u00bfPara cu\u00e1ndo Espa\u00f1a Campeona del Mundo? \u00bfQu\u00e9 medidas tomar\u00e1 para recuperar la salud de la Selecci\u00f3n, para convertirlo de facto en el &#8220;equipo de todos&#8221;? Atentamente, Javier Lorente<\/p>\n<p>Respuesta.- Espa\u00f1a ser\u00e1 campeona del mundo cuando sea consciente de que las posibilidades reales que tiene las puede hacer efectivas. Creo que nuestro problema es de mentalizaci\u00f3n. Mi primera medida ser\u00e1 poner a disposici\u00f3n del equipo nacional todos los medios necesarios, tanto materiales como humanos que faciliten dicho objetivo. Ya es hora de dar una alegr\u00eda a la afici\u00f3n espa\u00f1ola.<\/p>\n<p>P.- que tiene pensado si sale presidente hacer por el futbol femenino<\/p>\n<p>R.- En primer lugar, y siempre de acuerdo con mi l\u00ednea program\u00e1tica, no impondr\u00e9 ninguna de mis tesis, de ah\u00ed que cualquier propuesta de cambio y de promoci\u00f3n del f\u00fatbol femenino se har\u00e1 en el congreso nacional del f\u00fatbol previsto para la primavera de 200Ah\u00ed, s\u00f3lo ah\u00ed, y tras un amplio debate, se establecer\u00e1 el nuevo ideario del f\u00fatbol femenino y, consecuentemente, del f\u00fatbol espa\u00f1ol.<\/p>\n<p>P.- \u00bf Con cuantos asambleistas cuenta Usted de los 179 votantes?<\/p>\n<p>R.- En estos momentos hablar de un n\u00famero ser\u00eda un error que no quiero cometer. El miedo existe, es libre y no voy a tirar piedras contra mi propio tejado. Lo que espero es contar con m\u00e1s de noventa el d\u00eda 26.<\/p>\n<p>P.- No se lo tome como una cr\u00edtica, pero usted era un hombre af\u00edn a Villar hasta hace muy poco, cuando estaba a su lado recuerdo los improperios que lanzaban hacia su persona aquellos mismos periodistas radiof\u00f3nicos que ahora le empujan a plantar cara a Villar. \u00bfNo resulta todo esto un poco c\u00ednico? \u00bfCu\u00e1ndo se cay\u00f3 usted del caballo y vio la Luz como para pasar a ser mano derecha de Villar a concertirse en su principal adversario? Gracias. (Conste que Villar no me despierta ninguna simpat\u00eda).<\/p>\n<p>R.- Siempre he defendido con orgullo mi paso por la Federaci\u00f3n. Ello incluye mi trabajo al lado de Villar. Incluso he repetido hasta la saciedad que salvo en los \u00faltimos cuatro a\u00f1os Villar tambi\u00e9n supuso un cambio cualitativo en el f\u00fatbol espa\u00f1ol. Lo que no puedo, bajo ning\u00fan pretexto, es ir en contra de mis principios. Tampoco rechazar a aquellos que hoy me apoyan y antes me criticaron. Todos, como humanos, acertamos y cometemos errores alguna vez.<\/p>\n<p>P.- Siendo unas elecciones tan cerradas, \u00bfrealmente aspira a ganar?<\/p>\n<p>R.- Soy consciente de las dificultades, pero conf\u00edo en mis fuerzas y, sobre todo, en mis apoyos. <\/p>\n<p>P.- Usted cree que ha existido corrupci\u00f2n bajo el mandato de A.Maria Villar?<\/p>\n<p>R.- No soy quien para calificar lo que los tribunales en su d\u00eda determinar\u00e1n. Lo que s\u00ed digo es que, en los \u00faltimos tiempos, la Federaci\u00f3n perdi\u00f3 el norte y pas\u00f3 a ser un cortijo.<\/p>\n<p>P.- A grandes rasgos, \u00bfcual es la principal diferencia entre ud. y el Sr. Villar?<\/p>\n<p>R.- Creo que somos dos personas totalmente distintas, con idearios totalmente distintos y puntos de vista opuestos. Yo creo en la necesidad de afrontar siempre la responsabilidad, no escudarme en el victimismo y, sobre todo, dar siempre la cara. Un ejemplo, hay dos tipos de personas, las que van a los juzgados y las que llevan a los juzgados. Yo me incluyo en el segundo grupo de personas.<\/p>\n<p>P.- Dado que se ha demostrado la inocencia de Gurpegui, \u00bfno es momento ya de retirarle la sanci\u00f3n?<\/p>\n<p>R.- Desconozco que se haya demostrado tal inocencia. De ser as\u00ed, efectivamente, habr\u00eda que restituirle su honor y suprimirle la sanci\u00f3n.<\/p>\n<p>P.- cUAL ES EL BAREMO QUE SE ELIGE PARA LAS SUBVENCIONES A LAS FEDERACIONES TERRITORIALES. \u00bfCOMO ES POSIBLE QUE EN LOS ULTIMOS 4 A\u00d1OS LA FEDERACION CANARIA TRIPLIQUE EN SUBVENCIONES A LA FEDERACION GALLEGA?<\/p>\n<p>R.- Juro por mi honor que pese a haber pertenecido a la Federaci\u00f3n durante 18 a\u00f1os jam\u00e1s supe cu\u00e1les eran los criterios reales de reparto de subvenciones. Lo mismo le suced\u00eda a los directamente implicados, los presidentes de las federaciones auton\u00f3micas. Aqu\u00ed, contrariamente a lo que alguien piensa, comenzaron los problemas para Villar.<\/p>\n<p>P.- \u00bfApoyar\u00e1 al f\u00fatbol sala o har\u00e1 lo que los dem\u00e1s presidentes? Es decir: nada \u00bfDejar\u00e1 que el f\u00fatbol sala se gestione independientemente?<\/p>\n<p>R.- Mi compromiso con el f\u00fatbol sala lo he puesto por escrito y lo he firmado. Est\u00e1 en poder de la Liga de F\u00fatbol sala. Por supuesto, uno de los cambios previstos es que su direcci\u00f3n corra por cuenta de los hombres del f\u00fatbol sala.<\/p>\n<p>P.- Si sale elegido \u00bfpondr\u00e1 definitivamente la liga de 18?, \u00bfObtendr\u00e1 plaza de champiions el ganador de la copa?. Muchas gracias y suerte. Nos hace falta el cambio.<\/p>\n<p>R.- No. La liga seguir\u00e1 siendo de 20 hasta tanto en cuanto los propios clubes no decidan lo contrario. En cuanto a la Copa y que el campe\u00f3n est\u00e9 en la Champions, desgraciadamente no ser\u00e1 posible hasta que la UEFA no modifique la normativa actual.<\/p>\n<p>P.- Le acusan de ser la imagen y de estar respaldado por Jose Ram\u00f3n de La Morena, que tiene que decir ante esas acusaciones?<\/p>\n<p>R.- En cuanto a que soy la imagen, no alcanzo a comprender los motivos de esa acusaci\u00f3n. Efectivamente, De la Morena me respalda con sus comentarios en este empe\u00f1o de llevar el cambio a la Federaci\u00f3n. No creo que en modo alguno esto sea algo de lo que tenga que avergonzarme. A otros candidatos les apoyan otros periodistas y otros medios, \u00bfno? He aqu\u00ed lo bueno de la pluralidad.<\/p>\n<p>P.- Si tuviera que decir su mayor virtud \u00bfCual seria esta?<\/p>\n<p>R.- Quiz\u00e1 la honradez y la constancia.<\/p>\n<p>P.- Se\u00f1or Gonzalez, que pasara con el Nou Camp, se cerrar\u00e1 o ser\u00e1 siendo la verg\u00fcenza del futbol espa\u00f1ol?<\/p>\n<p>R.- Se har\u00e1 lo que determinen los tribunales ordinarios, quienes en estos momentos son los que tienen pendiente resolver el asunto.<\/p>\n<p>P.- Ademas de haber pactado con Gerardo Mart\u00ednez Retamero, que otras personas forman parte de su grupo de trabajo? he oido los nombres deOscar Fle, Antonio Escribano, Raul Garcia de Loza, Javier Tebas y Gerardo Lorenzo- hermano del exdirector general de Canal Plus-; son ciertos todos esos nombres?<\/p>\n<p>R.- De mi futuro equipo de trabajo dar\u00e9 todas las explicaciones llegado el momento. En cuanto a los nombres que apunta usted, Retamero, Fle y Escribano s\u00ed estar\u00edan en puestos directivos. Del papel de Javier Tebas, no hay nada de momento y en cuanto a Ra\u00fal y Gerardo, por su condici\u00f3n de amigos, no descarto que pudieran colaborar de alguna forma. En cualquier caso, tratar\u00e9 de hacer una Federaci\u00f3n s\u00faper profesional.<\/p>\n<p>P.- Considera usted \u00e9tica la financiaci\u00f3n con dinero p\u00fablico de parte de los presupuestos de la RFEF, a pesar de las ingentes cantidades de dinero que se mueven en su \u00e1mbito?<\/p>\n<p>R.- \u00c9tico es. No olvide que la Federaci\u00f3n ha de atender la formaci\u00f3n y promoci\u00f3n de los m\u00e1s jovenes. Lo que es impresentable es que ese dinero se destine a otros fines y que no exista un control severo de su utilizaci\u00f3n.<\/p>\n<p>P.- \u00bfCree usted que el asunto de las selecciones auton\u00f3micas puede llegar al f\u00fatbol? \u00bfY si fuera as\u00ed, qu\u00e9 opina usted?<\/p>\n<p>R.- Seguro que llegar\u00e1. Mi opini\u00f3n es que la ley diferencia claramente el papel de \u00e9stas en el marco competicional. Para m\u00ed, la representaci\u00f3n internacional es exclusiva de la selecci\u00f3n espa\u00f1ola.<\/p>\n<p>P.- \u00bfNo cree que, como siempre en la pol\u00edtica, el hecho de estar al mando durante tantos a\u00f1os hace que las ideas de constante mejora dejen de fluir? A lo mejor es necesaria savia nueva para evitar el estancamiento que siempre suele llevar a desidia y corrupci\u00f3n.<\/p>\n<p>R.- Tiene usted raz\u00f3n, de ah\u00ed que mi propuesta en este punto es limitar los mandato presidenciales a un m\u00e1ximo de dos.<\/p>\n<p>P.- El apoyo explicito que Usted recibe del Grupo PRISA, puede hacre pensra que su candidatura se situa en la orbita del PSOE \u00bfes esto cierto?<\/p>\n<p>R.- El pensamiento es libre. Lo cierto es que mi candidatura obedece, exclusivamente, a un movimiento surgido de un sector del f\u00fatbol y en el que est\u00e1n representados todos los pensamientos. Yo mismo me he preocupado de dar cumplida informaci\u00f3n sobre mi proyecto al PP, a IU y al PSOE. Mayor pluralidad, imposible.<\/p>\n<p>P.- Sr. Gonz\u00e1lez. \u00bfUd. cree que despues de tantos a\u00f1os con Villar es justificado que este tan a la &#8220;gre\u00f1a&#8221; con \u00e9l? Si no estaba de acuerdo con su gesti\u00f3n, \u00bfporqu\u00e9 no dimiti\u00f3?. Saludos y suerte.<\/p>\n<p>R.- Le contesto con una cita literal de Villar, revista de la Federaci\u00f3n del a\u00f1o 2000, que dice: &#8220;Gerardo Gonz\u00e1lez es todo un ejemplo de lealtad personal e institucional por conseguir lo m\u00e1s conveniente para el f\u00fatbol espa\u00f1ol&#8221;. En definitiva, \u00bfqui\u00e9n est\u00e1 a la gre\u00f1a? En cuanto a mi dimisi\u00f3n, lo que hice fue denunciar con lealtad al presidente todo aquello que me resultaba obsceno por constituir un uso y un abuso de autoridad y poder impropios de los tiempos que corren. Me facilitaron mi dimisi\u00f3n ces\u00e1ndome directamente.<\/p>\n<p>P.- \u00bfEs partidario de que la selecci\u00f3n espa\u00f1ola juegue en una sede fija?<\/p>\n<p>R.- No. El equipo de todos ha de poder ser visto en directo alguna vez por cualquier aficionado. Otra cosa es que cada partido tenga un escenario ideal o m\u00e1s adecuado en funci\u00f3n de las caracter\u00edsticas y la popularidad del rival.<\/p>\n<p>P.- \u00bfSer\u00eda partidario, en un momento dado, de que la selecci\u00f3n tuviera un entrenador extranjero?<\/p>\n<p>R.- No descarto que, como sucede en otros pa\u00edses de nuestro entorno, un entrenador no espa\u00f1ol, pero con ampl\u00edsimos conocimientos de nuestro f\u00fatbol, acabe siendo seleccionador nacional. Hoy por hoy, la verdad, lo veo complicado e innecesario.<\/p>\n<p>P.- Sr gonzalez, yo le apoyo porque creo que, dadas las circunstancias, se hace absolutamente necesario una regeneracion en el Futbol Espa\u00f1ol. Cree Usted que con directivos responsables habria ocurrido lo del bochorno que sufrio la Seleccion Espa\u00f1ola en la Copa del Mundo de Corea cuando fue injustamente eliminada por los arbitros siendo el Sr Villar Vicepresidente del Subcomite de Arbitros de la FIFA? Aun asi, aunque dimitio como tal Vicepresidente siguio bochornosamente ejerciendo como Presidente de la Federacion Espa\u00f1pla de Futbol. Que cabe esperar para la Selecion Espa\u00f1ola con esta clase de representantes ?<\/p>\n<p>R.- Agradezco su apoyo y le anticipo que, de llegar a la presidencia, otra de las asignaturas a aprobar ser\u00e1 el exigir a la FIFA lo que tambi\u00e9n queremos para nuestra Federaci\u00f3n: transparencia, criterio, profesionalidad y acabar con el nepotismo. <\/p>\n<p>P.- \u00bfPor qu\u00e9 calla mucho de lo que sabe?<\/p>\n<p>R.- No callo. Lo que hago es tratar de mirar al futuro con el fin de mejorar el actual estado de cosas. En ning\u00fan caso, si llego a la presidencia y conozco m\u00e1s irregularidades del pasado las silenciar\u00e9. <\/p>\n","protected":false},"excerpt":{"rendered":"<p>El ex secretario general de la Real Federaci\u00f3n Espa\u00f1ola de F\u00fatbol, Gerardo Gonz\u00e1lez, opta ahora a la presidencia del organismo. El candidato ha explicado las claves de su programa y sus proyectos para la RFEF.<\/p>\n","protected":false},"author":1,"featured_media":0,"comment_status":"open","ping_status":"open","sticky":false,"template":"","format":"standard","meta":{"footnotes":""},"categories":[],"tags":[],"class_list":["post-6395","post","type-post","status-publish","format-standard","hentry"],"_links":{"self":[{"href":"https:\/\/intervius.com\/index.html\/wp-json\/wp\/v2\/posts\/6395","targetHints":{"allow":["GET"]}}],"collection":[{"href":"https:\/\/intervius.com\/index.html\/wp-json\/wp\/v2\/posts"}],"about":[{"href":"https:\/\/intervius.com\/index.html\/wp-json\/wp\/v2\/types\/post"}],"author":[{"embeddable":true,"href":"https:\/\/intervius.com\/index.html\/wp-json\/wp\/v2\/users\/1"}],"replies":[{"embeddable":true,"href":"https:\/\/intervius.com\/index.html\/wp-json\/wp\/v2\/comments?post=6395"}],"version-history":[{"count":0,"href":"https:\/\/intervius.com\/index.html\/wp-json\/wp\/v2\/posts\/6395\/revisions"}],"wp:attachment":[{"href":"https:\/\/intervius.com\/index.html\/wp-json\/wp\/v2\/media?parent=6395"}],"wp:term":[{"taxonomy":"category","embeddable":true,"href":"https:\/\/intervius.com\/index.html\/wp-json\/wp\/v2\/categories?post=6395"},{"taxonomy":"post_tag","embeddable":true,"href":"https:\/\/intervius.com\/index.html\/wp-json\/wp\/v2\/tags?post=6395"}],"curies":[{"name":"wp","href":"https:\/\/api.w.org\/{rel}","templated":true}]}}