{"id":6382,"date":"2005-09-26T00:00:00","date_gmt":"2006-11-06T00:00:00","guid":{"rendered":"https:\/\/intervius.com\/index.html\/?p=6382"},"modified":"2006-11-06T00:00:00","modified_gmt":"2006-11-06T00:00:00","slug":"Alejandro_Valverde6382","status":"publish","type":"post","link":"https:\/\/intervius.com\/index.html\/Alejandro_Valverde6382\/","title":{"rendered":"Alejandro Valverde"},"content":{"rendered":"<p>Pregunta.- \u00bfQu\u00e9 sentiste ayer cuando, subido en el podio, eras ovacionado y reverenciado por todos los aficionados all\u00ed presentes?<\/p>\n<p>Respuesta.- Sobre todo much\u00edsima ilusi\u00f3n por estar en unos campeonatos en Espa\u00f1a y conseguir \u00e9xitos para ellos.<\/p>\n<p>P.- En primer lugar, felicitarte y darte las gracias por hacernos pasar tan buenos ratos. \u00bfTe ves preparado para ir a por un Tour de Francia en el que ya no estar\u00e1 Amstrong? \u00bfQui\u00e9n crees que es el favorito?<\/p>\n<p>R.- S\u00ed, un poco m\u00e1s preparado s\u00ed estar\u00e9. Ivan Basso puede estar a la altura para ganar su primer Tour.<\/p>\n<p>P.- Enhorabuena, desde que veo ciclismo ha habido dos que me arrastran a ver la tele, Perico y el Chaba, eres el tercero.<\/p>\n<p>R.- Much\u00edsimas gracias. Espero seguir llamando a la gente a este deporte tan bonito.<\/p>\n<p>P.- Enhorabuena, ayer en meta un tal Juan Carlos que trabaja para TVE le dijo a Marcos Serrano &#8220;menos mal que os han cogido porque en ese grupo t\u00fa no ten\u00edas ninguna posibilidad&#8221;, \u00bfqu\u00e9 te parece?.<\/p>\n<p>R.- No s\u00e9. Marcos lo hizo muy bien ya estando ah\u00ed delante, su labor era de freno. Ha ganado alguna vez de esta manera. Hizo lo correcto.<\/p>\n<p>P.- \u00a1Enhorabuena! \u00bfSigue Ud. un programa espec\u00edfico para aumentar el rendimiento contra el crono o ha tenido que centrarse exclusivamente en el mundial durante su recuperaci\u00f3n estos meses?<\/p>\n<p>R.- Ahora mismo, despu\u00e9s del Tour cuando v\u00ed que la rodilla estaba recuperada me puse a preparar el mundial y las cl\u00e1sicas que quedan. Cuando termine la temporada me meter\u00e9 en el gimnasio para trabajar una serie de m\u00fasculos y poder acoplarme lo mejor posible a la cabra.<\/p>\n<p>P.- Es la fuerza mental lo que le hace a uno ganar una etapa de monta\u00f1a en el Tour o todo depende de la forma en que se llegue al mismo? Felicidades por la plata!<\/p>\n<p>R.- Gracias. Un poco todo. Es importante la fuerza mental y la f\u00edsica. Sin una cosa no se puede tener la otra. Ambos factores influyen mucho.<\/p>\n<p>P.- \u00bfC\u00f3mo te sientes sabiendo que eres la gran esperanza de todos los aficionados espa\u00f1oles para los a\u00f1os venideros? \u00bfTe emociona, te presiona, te motiva?<\/p>\n<p>R.- Yo creo que todo lo que has dicho. Presiona, motiva y emociona. Las tres cosas me obligan a trabajar m\u00e1s para conseguir lo que queremos todos.<\/p>\n<p>P.- Alejandro que se siente cuando, despues de pasar por una delicada situaci\u00f3n f\u00edsica, se convierte en Subcampe\u00f3n del Mundo?<\/p>\n<p>R.- Yo creo que el \u00e9xito y el m\u00e9rito de haber recuperado la lesi\u00f3n y sacrificarse mucho. Para llegar bien a un Mundial de 270 kil\u00f3metros hay que trabajar mucho y despu\u00e9s se siente una gran alegr\u00eda.<\/p>\n<p>P.- Hola, soy paisano tuyo. Dentro de Murcia, \u00bfpor qu\u00e9 zona te entrenas? \u00bfCual crees que es la subida m\u00e1s dura por Murcia?<\/p>\n<p>R.- Librilla, Alhama y la zona esa es la que m\u00e1s frecuento. Para m\u00ed lo m\u00e1s duro es la sierra de Carrascoy.<\/p>\n<p>P.- Ante todo, darte la enhorabuena por esta medalla conseguida Alejandro. Pero despues de la lesi\u00f3n de rodilla que te obligo a retirarte del Tour, llegaste a pensar que la temporada para ti habia acabado, o tenias la esperanza de poder correr la vuelta y el campeonato del mundo?<\/p>\n<p>R.- Yo siempre pens\u00e9 que el Mundial lo pod\u00eda correr, la Vuelta no porque son 21 d\u00edas y era muy dif\u00edcil estar en perfecto estado.<\/p>\n<p>P.- Enhorabuena Alejandro de un vencino de Casillas. Una vez coseguida la medalla, como valora la declaraciones que en su momento hizo el seleccionador en las que se le excluia del equipo nacional?<\/p>\n<p>R.- Creo que hay que comprender a Paco Antequera, porque no sab\u00eda s\u00ed me entrenaba bien o no. Le llam\u00e9, le dije que s\u00ed y entonces \u00e9l decidi\u00f3 que deb\u00eda llevarme y darme una oportunidad.<\/p>\n<p>P.- Hola Alejandro. Enhorabuena por tu medalla de plata, \u00bfcrees que podr\u00eda haber sido de oro en caso de no haberte degastado en la escapada que formaste con Perdiguero, Pereiro, Bettini etc. ? Mucha suerte.<\/p>\n<p>R.- Gracias. No s\u00e9.. A lo mejor habr\u00eda estado un poco m\u00e1s entero. Fue un trabajo de mucho desgaste. Estaba Bettini y decid\u00ed ir ah\u00ed porque la escapada podr\u00eda valer. De no hacer ese esfuerzo quiz\u00e1 hubiera estado m\u00e1s cerca del oro.<\/p>\n<p>P.- Hola, soy murciano como t\u00fa. \u00bfQu\u00e9 futuro le ves a nuestro paisano Rojas? \u00bfEs tan bueno como su hermano?<\/p>\n<p>R.- No s\u00e9 si es tan bueno. S\u00e9 que Joaqu\u00edn Rojas es muy bueno y lo est\u00e1 demostrando en cada categor\u00eda. El a\u00f1o pr\u00f3ximo ya ser\u00e1 profesional. Se lo merece. Va a ser un gran corredor.<\/p>\n<p>P.- Enhorabuena, campe\u00f3n, cuales son tus objetivos para la pr\u00f3xima temporada ciclista: Tour, Vuelta, Giro, cl\u00e1sicas, Mundial ?<\/p>\n<p>R.- El a\u00f1o que viene el principal objetivo va a ser el Tour de Francia. Y luego, hacer bien las cl\u00e1sicas y el Mundial. M\u00e1s o menos como este a\u00f1o, pero empezando un poco m\u00e1s tarde la temporada.<\/p>\n<p>P.- Enhorabuena Alejandro. Eres grande como ciclista y como persona. \u00bfVas a cambiar tu preparaci\u00f3n el a\u00f1o que viene para atacar grandes vueltas de 3 semanas? Saludos<\/p>\n<p>R.- Voy sobre todo a empezar m\u00e1s tarde. Lo dem\u00e1s ser\u00e1 muy similar, porque lo que he hecho me ha salido bien este a\u00f1o y no hay que cambiar.<\/p>\n<p>P.- Hola crack. Viendo el podio de ayer, copado de j\u00f3venes, y adem\u00e1s con la retirada de Armstrong, \u00bfcrees que ya es un hecho el relevo generacional con gente como t\u00fa, Cunego o Popovych?<\/p>\n<p>R.- S\u00ed, creo que no s\u00f3lo Armstrong&#8230; Vamos llegando otros corredores m\u00e1s j\u00f3venes a tomar el relevo. Ha llegado la hora del relevo.<\/p>\n<p>P.- Enhorabuena Valverde, eres todo un campe\u00f3n para los espa\u00f1oles!!! La pregunta es si con la marcha de Paco Mancebo al Ag2r, no va a sufrir demasiada presi\u00f3n el a\u00f1o que viene al quedar como \u00fanico jefe de filas de equipo, a pesar del fichaje de Oscar Pereiro?<\/p>\n<p>R.- No creo. Esta situaci\u00f3n la tuve en Kelme con la marcha de Sevilla. No habr\u00e1 m\u00e1s presi\u00f3n. Puedo hacer las cosas igual, tranquilo. La misma presi\u00f3n.<\/p>\n<p>P.- enhorabuena por tu madalla de plata y tu palmares. \u00bfCrees que ayer debiste arrancar m\u00e1s tarde en el sprint ?<\/p>\n<p>R.- Gracias. A lo mejor si hubiera arrancado m\u00e1s tarde habr\u00eda conseguido el oro. Yo vi el momento que me pareci\u00f3 el id\u00f3neo y ya no se puede hacer nada. Consegu\u00ed la plata, que est\u00e1 bien.<\/p>\n<p>P.- Felcidades &#8220;Balaverde&#8221; \u00bfCuando te metiste en el corte con Perdi, no crees que hubiera sido mejor guardar a uno de los dos por si se produc\u00eda un eventual esprint sin los grandes velocistas, como finalmente se produjo?<\/p>\n<p>R.- A lo mejor s\u00ed. Pero en ese momento quer\u00edamos tirar para adelante y hacer hueco. Atr\u00e1s se organizaron bien otras selecciones y nos cogieron.<\/p>\n<p>P.- Felicidades!!! Estuvimos en la Dehesa de la Villa y nos parecio que si Espa\u00f1a hubiera tensado la carrera un poco antes se pudiera haber ganado el oro contigo o con Perdi, que te parece? o con ese circuito era imposible romper la carrera? Un saludo y gracias por la foto que nos sacamos el viernes a la noche a la puerta del hotel. Fran<\/p>\n<p>R.- Tensando antes la carrera se habr\u00eda roto m\u00e1s, porque al final se rompi\u00f3. La carrera se plante\u00f3 bien y se desarroll\u00f3 bien.<\/p>\n<p>P.- Hay quien te compara con Jalabert e incluso con Mercx, \u00bferes consciente de que eres la gran esperanza del ciclismo espa\u00f1ol para la \u00e9poca post liberalizaci\u00f3n del Tour de Amstrong? \u00bfqu\u00e9 retos te has propuesto? \u00bfmantendr\u00e1s los pies en el suelo?<\/p>\n<p>R.- S\u00ed, siempre hay que tener los pies en el suelo. S\u00f3lo pienso en trabajar y en conseguir lo que vaya vieniendo, no me pongo objetivos tan concretos.<\/p>\n<p>P.- A pesar de que tu prepraci\u00f3n para la pr\u00f3xima temporada va a ir encaminada al Tour, \u00bfvas a intentar brillar en las cl\u00e1sicas de primavera?. Yo creo que Lieja se adapta muy bien a tus caracter\u00edsticas y ser\u00eda muy bonito ver a un espa\u00f1ol escribiendo, por fin, su nombre en el palmar\u00e9s de la prueba decana del ciclismo. Muchas gracias y suerte.<\/p>\n<p>R.- Yo creo que el objetivo clave es el Tour, pero las cl\u00e1sicas me gustar\u00eda prepararlas y hacerlo bien. Una de las m\u00e1s importantes es la Lieja y claro que me gustar\u00eda ganarla.<\/p>\n<p>P.- Felicidades por tu trayectoria \u00bfCu\u00e1l es la prueba de un d\u00eda que m\u00e1s te gusta?<\/p>\n<p>R.- Lieja-Bastogne-Lieja.<\/p>\n<p>P.- Hola Alejandro. Creo que eres el futuro del ciclismo espa\u00f1ol de cara al Tour de Francia. Sin embargo creo que tu punto m\u00e1s d\u00e9bil es la contrareloj \u00bfC\u00f3mo va tu progresi\u00f3n en esta especialidad?. Enhorabuena por la medalla de plata.<\/p>\n<p>R.- Tienes raz\u00f3n, es mi punto d\u00e9bil. Pero hay que ir trabajando y hacer buena labor en el gimnasio para conseguir hacer mejores cronos el a\u00f1o que viene.<\/p>\n<p>P.- En el alto de Courchevel, o en la recta de meta de Madrid \u00bfD\u00f3nde est\u00e1s m\u00e1s a gusto? \u00bfIr\u00e1s a por el Tour, a por las cl\u00e1sicas, o, con tu esp\u00edritu de ganador, probar\u00e1s en ambas?<\/p>\n<p>R.- Diferentes sensaciones. Las dos tienen su emoci\u00f3n y producen ilusi\u00f3n. No sabr\u00eda destacar una u otra. Son diferentes sensaciones, pero muy especiales las dos.<\/p>\n<p>P.- Muchas felicidades campe\u00f3n y gracias por haber seguido entrenando para poder competir en el mundial ante la afici\u00f3n. Por curiosidad \u00bfcuantos kilometros lleva hechos esta temporada hasta la cita mundialista incluidos entrenamientos?<\/p>\n<p>R.- Aproximadamente unos 22.000 kil\u00f3metros.<\/p>\n<p>P.- Felicidades campe\u00f3n, eres el mejor aunque hayas quedado 2\u00ba!!! Crees que si hubieras tenido mas d\u00edas de competici\u00f3n en las piernas podr\u00edas haber ganado el sprint a Boonen?<\/p>\n<p>R.- No se puede saber. Lo importante es que llegu\u00e9 entero, aunque no pude ganar. Al final se hizo segundo puesto y estoy contento por ello.<\/p>\n<p>P.- Hola y enhorabuena, ante todo! qu\u00e9 le dir\u00edas a la gente que piensa que el ciclismo est\u00e1 de capa ca\u00edda por el famoso &#8220;fantasma del dopping&#8221;???recu\u00e9rd anos por qu\u00e9 has elegido el ciclismo para vivir tu vida como deportista&#8230; PMM<\/p>\n<p>R.- Lo del doping son cosas que se comentan demasiado. Mejor dejarlas. Me dediqu\u00e9 al ciclismo porque es lo que me gusta, me ense\u00f1aron mi padre y mi hermano y es lo que m\u00e1s me sigue gustando.<\/p>\n<p>P.- Felicitaciones ante todo. \u00bfNo crees que la medalla de plata deber\u00eda lucirla toda la selecci\u00f3n en vez de \u00fanicamente el componente que sube al podio (sin desprestigiar tu trabajo), ya que todos ellos trabajan durante toda la carrera?<\/p>\n<p>R.- Creo que est\u00e1 m\u00e1s que contestado. Siempre he dicho que el trabajo de la selecci\u00f3n es fundamental. Tambi\u00e9n en cualquier equipo pasa igual.<\/p>\n<p>P.- Hola Alejandro. Enhorabuena. Te van a hacer alg\u00fan homenaje en Murcia? Cu\u00e1ndo vuelves a tu tierra?<\/p>\n<p>R.- Voy de camino. De homenajes no s\u00e9 nada. Ma\u00f1ana me recibe el presidente y es un orgullo para m\u00ed.<\/p>\n<p>P.- \u00bfqui\u00e9n es tu ciclista favorito?<\/p>\n<p>R.- Para m\u00ed fue Indurain. De ahora, me quedo con Tino Zaballa, como corredor y como compa\u00f1ero.<\/p>\n<p>P.- \u00bfQu\u00e9 opinas del nuevo campe\u00f3n Tom Bonnen?<\/p>\n<p>R.- Es un grand\u00edsimo corredor, como demuestra todos estos a\u00f1os. Muy completo para cl\u00e1sicas, mundiales y todo tipo de pruebas de un d\u00eda.<\/p>\n<p>P.- Felicidades Alejandro!! El a\u00f1o que viene te ves capacitado para ganar la Milan-San Remo, o te queda con una preparacion demasiada corta?<\/p>\n<p>R.- San Remo quiz\u00e1 no se me adapte al cien por cien. No es mi tipo de carrera, aunque es muy bonita. Muchos sprinters en la llegada.<\/p>\n<p>P.- felicidades campe\u00f3n! \u00bfle hubiera gustado que lance se quedara un a\u00f1ito mas, por aquello que tendria mucho mayor valor todo lo que hiciera? y piensa centrarse solo en el tour o se va a dedicar a alguna clasica?gracias<\/p>\n<p>R.- Me gustar\u00eda que siguiera para correr otra vez con \u00e9l. Este a\u00f1o me hizo mucha ilusi\u00f3n.<\/p>\n<p>P.- No te parece que la gente se ha acostumbrando mucho a las medallas cuando hace apenas 12 a\u00f1os si gan\u00e1bamos una, del color que fuera, era un triunfo nacional?<\/p>\n<p>R.- S\u00ed, es el momento de disfrutar. Llegar\u00e1n momentos peores, hay que disfrutar este presente.<\/p>\n<p>P.- Hola Campe\u00f3n. Una curiosidad. \u00bfqu\u00e9 desarrollo llevabas en el sprint?<\/p>\n<p>R.- Llevaba 53 x 11.<\/p>\n<p>P.- Enhorabuena Crack por la plata y por los momentos que nos has hehco vivir y espero que sigas haciendolos. Con que Victoria, momento especial te quedas, aquel en que digas que todo el esfuerzo ha valido la pena?<\/p>\n<p>R.- Me quedo con todas las victorias, que significa un trabajo que merece la pena. De todas, me quedo con la del Tour y tambi\u00e9n con las medallas de los dos mundiales.<\/p>\n<p>P.- Hola, Alejandro. M\u00f3jate, por favor: \u00bfqu\u00e9 opinas del UCI ProTour? Muchas felicidades por la medalla.<\/p>\n<p>R.- El UCI ProTour es una cosa que a\u00fan no se sabe si es para mejor o para peor. Personalmente no me llama mucho la atenci\u00f3n, pero esto est\u00e1 montado as\u00ed y esperemos que siga mejorando.<\/p>\n<p>P.- Enhorabuena, eres un crack, \u00bfSentiste los gritos de animo del publico tanto durante la carrera como despues en el podio?<\/p>\n<p>R.- S\u00ed, claro. Y aprovecho para dar las gracias. Me impresion\u00f3 como gritaban mi nombre en todo el circuito y luego en el podio. \u00a1Qu\u00e9 bonito!<\/p>\n<p>P.- \u00bfC\u00f3mo consegu\u00eds trabajar a\u00f1o tras a\u00f1o como un equipo, ya sea para Freire, Astarloa o t\u00fa mismo, y que no se impongan las ambiciones de cada uno como ocurre en otras selecciones?<\/p>\n<p>R.- Eso es un m\u00e9rito de Paco Antequera, un seleccionador que sabe elegir a los corredores que no van a fallar, aunque en ese momento quiz\u00e1 no sean los m\u00e1s fuertes. Es lo mejor del seleccionador.<\/p>\n","protected":false},"excerpt":{"rendered":"<p>La medalla de plata en la prueba en ruta del Mundial de Madrid, ha confirmado la recuperaci\u00f3n de Alejandro Valverde despu\u00e9s de tener que abandonar el \u00faltimo Tour de Francia.<\/p>\n","protected":false},"author":1,"featured_media":0,"comment_status":"open","ping_status":"open","sticky":false,"template":"","format":"standard","meta":{"footnotes":""},"categories":[],"tags":[],"class_list":["post-6382","post","type-post","status-publish","format-standard","hentry"],"_links":{"self":[{"href":"https:\/\/intervius.com\/index.html\/wp-json\/wp\/v2\/posts\/6382","targetHints":{"allow":["GET"]}}],"collection":[{"href":"https:\/\/intervius.com\/index.html\/wp-json\/wp\/v2\/posts"}],"about":[{"href":"https:\/\/intervius.com\/index.html\/wp-json\/wp\/v2\/types\/post"}],"author":[{"embeddable":true,"href":"https:\/\/intervius.com\/index.html\/wp-json\/wp\/v2\/users\/1"}],"replies":[{"embeddable":true,"href":"https:\/\/intervius.com\/index.html\/wp-json\/wp\/v2\/comments?post=6382"}],"version-history":[{"count":0,"href":"https:\/\/intervius.com\/index.html\/wp-json\/wp\/v2\/posts\/6382\/revisions"}],"wp:attachment":[{"href":"https:\/\/intervius.com\/index.html\/wp-json\/wp\/v2\/media?parent=6382"}],"wp:term":[{"taxonomy":"category","embeddable":true,"href":"https:\/\/intervius.com\/index.html\/wp-json\/wp\/v2\/categories?post=6382"},{"taxonomy":"post_tag","embeddable":true,"href":"https:\/\/intervius.com\/index.html\/wp-json\/wp\/v2\/tags?post=6382"}],"curies":[{"name":"wp","href":"https:\/\/api.w.org\/{rel}","templated":true}]}}