{"id":6377,"date":"2000-07-12T00:00:00","date_gmt":"2006-11-06T00:00:00","guid":{"rendered":"https:\/\/intervius.com\/index.html\/?p=6377"},"modified":"2006-11-06T00:00:00","modified_gmt":"2006-11-06T00:00:00","slug":"Sebastian_Alvaro_Y_Alfredo_Merino6377","status":"publish","type":"post","link":"https:\/\/intervius.com\/index.html\/Sebastian_Alvaro_Y_Alfredo_Merino6377\/","title":{"rendered":"Sebastian Alvaro Y Alfredo Merino"},"content":{"rendered":"<p>Pregunta.- \u00bfExisten los Yetis?<\/p>\n<p>Respuesta.- En mi opini\u00f3n, tal y como se conoce en la tradicci\u00f3n occidental, es que no existen. Son seres mitol\u00f3gicos que no existen en la realidad, de la misma forma que tampoco existen los centauros ni los unicornios. Sin embargo hay gente que mantiene dos teor\u00edas: la de un descendiente de alguna rama de un gran simio o, como mantiene Messner en su \u00faltimo libro, la de una especie de oso del Himalaya, en una remota regi\u00f3n del Tibet. Ese oso, si le hemos visto hace dos a\u00f1os en el ca\u00f1\u00f3n del Yarlung Ysangpo, a casi 6.000 metros.<\/p>\n<p>P.- \u00bfCu\u00e1l es la sensaci\u00f3n m\u00e1s fuerte que han vivido ustedes en el Everest?<\/p>\n<p>R.- La bajada terrorifica del d\u00eda 20 de mayo. No se nos olvidar\u00e1 en mucho tiempo.<\/p>\n<p>P.- \u00bfQui\u00e9n lleg\u00f3 antes a la cima: Hillary o Mallory?<\/p>\n<p>R.- En mi opini\u00f3n es posible que alg\u00fan d\u00eda se cambie la historia oficial. Creo que Mallory tuvo serias posibilidades de haber alcanzado la cima en 1924.<\/p>\n<p>P.- Sebastian, \u00bfno le parece excesiva la explotaci\u00f3n medi\u00e1tica que se ha hecho este a\u00f1o en el Everest?<\/p>\n<p>R.- Me parece que cada uno debe responder por lo que ha hecho. Creo que nuestra expedici\u00f3n ha hecho un seguimiento correcto de la historia del Everest. Ni morboso ni truculento. Creo que ahora hay m\u00e1s gente que sabe quien era Irvine y Mallory y que diferencias hay entre subir con o sin ox\u00edgeno.<br \/>\nDel resto, de las otras casi cuarenta expediciones que hab\u00eda por todas las vertientes, tienen que responder ellos. Supongo que habr\u00e1 de todo, bueno y malo, de la misma forma que ocurre en otros deportes. PERO EL MERO HECHO DE INFORMAR NO PUEDE CALIFICARSE DE NEGATIVO.<\/p>\n<p>P.- \u00bfQu\u00e9 tal se hace el amor sobre las nubes?<\/p>\n<p>R.- Pues la verdad es que lo prob\u00e9 en un avi\u00f3n comercial y las azafatas casi me echan en pleno vuelo. Si te refieres al Everest, si tengo noticias de un polvo echado este a\u00f1o a 7.900 metros. Pero hay que confirmarlo porque los alpinistas son como los pescadores.<\/p>\n<p>P.- \u00bfMe podeis contar pq a tanta altura se tarda 30 minutos en ponerse unas botas?<\/p>\n<p>R.- Porque se tarda mucho en hacer cualquier cosa, no porque seamos unos torpes con los cordones. Por encima de los seis o siete mil metros la concierncia y los reflejos funcionan como a c\u00e1mara lenta.<\/p>\n<p>P.- Alfredo, \u00bfno resulta frustrante estar dos meses en el Everest y saber que nunca subir\u00e1s a la cumbre?<\/p>\n<p>R.- Bastante, sobre todo si eres alpinista, aunque muymalo como es mi caso. De todas maneras convivir con las fieras con las que fu\u00ed fue una experiencia que me hizo olvidar esa frusta\u00b4ci\u00f3n<\/p>\n<p>P.- Cuanto me costar\u00eda deshacerme de mi marido enviandole al Everets?<\/p>\n<p>R.- A ti te lo podemos dejar barato. Eso si tu te vienes con nosotros porque estamos necesitados de ejemplares del g\u00e9nero femenino.<\/p>\n<p>P.- Con tanta expedici\u00f3n como ha habido este a\u00f1o, \u00bfno est\u00e1bais los aventureros un poco apretados en el Everest?<\/p>\n<p>R.- Pues no. No hab\u00eda atascos en el Everest, como se ha titulado, y ha sido de las expediciones en las que menos vida social hemos hecho. Hay que tener en cuenta que la cara norte y el lugar donde se monta el campo base tiene unas dimensiones enormes. Y no hab\u00eda tanta gente: unas 200 personas, que en aquellos lugares es muy poco. \u00bfAlguien dir\u00eda que en una playa de 80 kil\u00f3metros de larga hay aglomeraciones por el hecho de que hubiese 50 personas?<\/p>\n<p>P.- \u00bfos habeis encontrado con tibetanos huyendo de China?<\/p>\n<p>R.- No. Y creo que en este momento no hay muchas situaciones de este tipo. Otra cosa es que si pudiesen lo har\u00edan.<\/p>\n<p>P.- Tal como lo contabais en la radio y la prensa, daban hasta ganas de ir al Everest \u00bfrealmente merece la pena?<\/p>\n<p>R.- Siempre merece la pena ver la monta\u00f1a m\u00e1s alta del mundo y yo te lo recomiendo.<\/p>\n<p>P.- \u00bfEs interesant llevar ropa interior sexy o la l\u00edbido no responde a esa altura?<\/p>\n<p>R.- Pues la verdad es que mi l\u00edvido si funciona. Y bastante. Recuerdo que hace a\u00f1os, en la expedici\u00f3n al K2 de 1983, un m\u00e9dico nos dec\u00eda que el ritmo de masturbarse y el comer eran los mejores s\u00edntomas de perfecta aclimataci\u00f3n. Creo que este a\u00f1o he llegado al ritmo de aquella magn\u00edfica expedici\u00f3n. Por cierto, le dire a mi compa\u00f1ero de tienda que se cambie los calzoncillos m\u00e1s a menudo. Gracias por la sugerencia.<\/p>\n<p>P.- \u00bfCuesta mucho tomar la decisi\u00f3n de bajar cuando las condiciones no acompa\u00f1an?<\/p>\n<p>R.- No cuesta nada, porque sino te quedas all\u00ed. En estos casos y trabajando con la materia que lo hacemos hay que ser muy juicioso porque un error se paga muy caro. Por eso no s\u00f3lo no me ha costado volverme sino que ademas me parece de las mejores decisiones que tomamos. Por eso ahora tenemos la oportunidad de volver al a\u00f1o que viene.<\/p>\n<p>P.- \u00bfQu\u00e9 lesiones hab\u00e9is sufrido durante el viaje?<\/p>\n<p>R.- Graves ninguna. De las otras alg\u00fan d\u00eda nos enteraremos: artrosis en las rodillas, lesiones en la cabeza, y, lo que es peor, una vida que no hay quien la arregle.<br \/>\nEstuviimos haciendonos una revsi\u00f3n en la el Hospital MAZ de Zaragoza y ni las congelaciones de Juanito ni la neumon\u00eda de \u00d3scar, es nada importante y ya se ghab\u00edan curado.<\/p>\n<p>P.- \u00bfUn sue\u00f1o culinario para calmar el des\u00e1nimo?<\/p>\n<p>R.- Un cogote de merluza en el fronton acompa\u00f1ado de una chica que yo me conozco y regado con una de las botellas de rioja que nos mandaron a la vuelta del polo.<\/p>\n<p>P.- \u00bfC\u00f3mo se que me estais respondiendo vosotros?<\/p>\n<p>R.- Te puedo dar mis medidas, o decirte que hoy me voy a comer con unos amigos. Pero voy a darte un dato que puedes comprobar f\u00e1cilmente y que muy poca gente sabe. En Madrid hay una calle con mi nombre, en honor de mi abuelo, que fundo Campamento. Miralo en la guia, est\u00e1 al lado de la calle Ceferino \u00c1vila y la calle del Cien. \u00bfSatisfecho?<\/p>\n<p>P.- \u00bfCuantas calor\u00edas consum\u00eds trabajando a esas alturas?<\/p>\n<p>R.- No puedo contestarte con exactitud. En el Polo Norte unas 6400, en el Himalaya bastante menos. Pero si tienes inter\u00e9s podr\u00eda enterarme.<\/p>\n<p>P.- \u00bfCuanto cad\u00e1veres congelados se encuentra uno en el ascenso?<\/p>\n<p>R.- Nosotros s\u00f3lo hemos visto dos: uno cerca del campo tres y otro en el descenso fuera de la ruta. La cara norte, al ser muy fr\u00eda y venteada, hace posible que se vean m\u00e1s los cuerpos que en la cara sur que se cubre de nieve. De todas formas s\u00f3lo en la zona donde se encontr\u00f3 el cuerpo de Mallory el a\u00f1o pasado se encontraron veinte cuerpos m\u00e1s.<\/p>\n<p>P.- \u00bfes verdad que la base del Everest es un vertedero de basura?<\/p>\n<p>R.- Pues no. Puede decirse que el campo base de la cara norte podr\u00eda estar m\u00e1s limpio, pero al llegar camiones hasta all\u00ed hace posible que se limpie y retiren las basuras. Adem\u00e1s los chinos han hecho un lugar para acumularlas y letrinas para el uso de todos los que van hasta el campo base. Este a\u00f1o yo he visto tres veces limpiar el campo base. Es otro de los muchos mitos equivocados del Everest. Por la cara sur supongo que ser\u00e1 distinto.<\/p>\n<p>P.- \u00bfUn deseo para la vuelta a casa?<\/p>\n<p>R.- M\u00e1s que de vuelta de salida porque pasado ma\u00f1ana me vuelvo a escalar otra monta\u00f1a. En este caso el Chogolisa en el Karakorum. Un deseo?: haberme podido quedar m\u00e1s d\u00edas en casa.<\/p>\n<p>P.- \u00bfTan aburridos estabais por aqu\u00ed que tuvisteis que iros al Everest?<\/p>\n<p>R.- Mi vida puede ser cualquier cosa menos aburrida. Y aqu\u00ed tampoco, pero la vida y mi trabajo es ahora hacer documentales en lugares apartados y salvajes. Quiz\u00e1s dentro de algunos a\u00f1os haya que cambiar pero ahora es una exigencia para honor al t\u00edtulo del programa. Y, as\u00ed entre nosotros, mis jefes no me firman los programas que les he propuesto para ir al Caribe a hacer un programa sobre mulatas y afines. Otra vez ser\u00e1.<\/p>\n<p>P.- Alfredo, \u00bfC\u00f3mo es la competencia entre periodistas a m\u00e1s de 8.000 metros?<\/p>\n<p>R.- Feroz y sin piedad&#8230; No, en serio, no hubo ninguna competencia entre los tres enviados especiales, sino todo lo contrario. Tanto Roberto, de Marca, como Ana, de As, fueron unos compa\u00f1eros excepcionales, de los que recib\u00ed ayuda y apoyo cuando lo necesit\u00e9. Espero que puedan decir ellos lo mismo. No hubo competencia, como tampoco la debe haber entre varios periodistas que cubren alg\u00fan acontecimiento deportivo. Los tiempos de &#8220;Primera Plana&#8221; de Wilder, por fortuna no se reproducen en el campo base del Everest.<\/p>\n<p>P.- Sebasti\u00e1n, \u00bfHa sido esta expedici\u00f3n la m\u00e1s dura de cuantas hab\u00e9is vivido?<\/p>\n<p>R.- No, pero me estoy haciendo mayor. Por eso est\u00e1 me ha resultado muy dura. Quiz\u00e1s, no lo s\u00e9, de verdad lo haya sido.<\/p>\n<p>P.- Sebasti\u00e1n, no crees que ahora mismo el everest tiene m\u00e1s de espect\u00e1culo que de aventura<\/p>\n<p>R.- AQhora hay parte de espect\u00e1culo porque los medios de comunicaci\u00f3n pueden frivolizar cualquier cosa. Pero hay que recordar que se ha retransmitido desde la luna y no desde el Everest. Y la aventura se lleva encima. Yo no he visto, como afirma Rosa MOntero, a millonarios que hacen del Everest un &#8220;destino tur\u00edstico de lujo&#8221; para milonarios. Y si alguien quiere responder a la pregunta de si es posible la aventura en el Everest, s\u00f3lo tiene que intentar subir sin Ox\u00edgeno, o escalar la sudoeste. Y luego hablamos. Quedarse con los millonarios o las basuras no s\u00f3lo es frivolizar un tema serio, es sobre todo demostrar ignorancia.<\/p>\n<p>P.- \u00bfQue comeis ahi arriba?<\/p>\n<p>R.- De todo, cuando Juanito nos deja. Porque este a\u00f1o se subi\u00f3 toda la comida que le hab\u00edan envasado al campo base avanzado y nos quedamos comiendo arroz, pasta y poca cosa m\u00e1s. Otras veces comemos mejor&#8230; y muchas otras mucho peor. Por ejemplo ahora en Pakist\u00e1n seguro que volver\u00e9 a adelgazar.<\/p>\n<p>P.- \u00bfcuando estais de expedici\u00f3n&#8230; que pasa con vuestros trabajos e ingresos?<\/p>\n<p>R.- Pues afortunadamente nos siguen pagando, porque estamos trabajando. Eso si, no nos pagan mucho&#8230;ESpero que los jefes esten conectados y se estiren.<\/p>\n<p>P.- Sebasti\u00e1n, enhorabuena po las decisiones tomadas. \u00bfFecha concreta de la emisi\u00f3n del docu en Al filo&#8230;?<\/p>\n<p>R.- Queremos, pero ya sabr\u00e1s que esa no es una de nuestras competencias, emitir en la \u00faltima quincena de septiembre. Pero seguro que el Mundo dar\u00e1 cumplida cuenta de ello.<\/p>\n<p>P.- \u00bfQu\u00e9 se necesita para subir al Everest?<\/p>\n<p>R.- Muchas ganas. Luego algo de preparaci\u00f3n, experiencia en cumbres altas y algo de dinero. No tanto como algunos periodicos dicen.<\/p>\n<p>P.- Y despu\u00e9s del Everest, \u00bfqu\u00e9?<\/p>\n<p>R.- Me voy pasado ma\u00f1ana al Karakorum. En septiembre a cruzar el desierto de Taklamakan y en noviembre a la Antartida.<br \/>\nSiempre Al filo&#8230;<\/p>\n<p>P.- \u00bfQue tal funciona un ordenador portatil en esas condiciones?<\/p>\n<p>R.- El mio perfectamente. Nos lo proporciona IBM, es un Think Pad, y con \u00e9l podemos no s\u00f3lonseguri trabajando y escribiendo normalmente sino que ademas nos podemos conectar con el mundo.<\/p>\n<p>P.- Alfredo: \u00bfnos puedes contar algo del tinglado tecnol\u00f3gico necesario para enviar las cr\u00f3nicas d\u00eda a d\u00eda desde la cima del mundo?<\/p>\n<p>R.- Complejo, muy complejo. Primero esperar que se produjesen las noticias, algo que no fue muy abundante, debido a los prolongados periodos de mal\u00edsimo tiempo que sufrimos.<br \/>\nLuego darle forma en el ordenador port\u00e1til (por cierto se nos rompieron media docena de ellos). Una vez escrito, se transmit\u00eda por medio de un tel\u00e9fno sat\u00e9lite (por cierto, se nos rompieron tres). El sat\u00e9lite geostacionario la enviaba al peri\u00f3dico.<br \/>\nEso siempre que funcionaran los generadores el\u00e9ctrico, y siempre que los cargadores no se hubieran quedmado por la diferencia de potencial que se produc\u00edan.<br \/>\nMuchas dificultades, pero al final, nuestros lectores se enteron puntualmente de todo cuanto pas\u00f3 en el techo del mundo.<\/p>\n<p>P.- \u00bfque coches teneis?<\/p>\n<p>R.- Alfredo una motocicleta Velosolex, de 195Y Sebas una VTR 1000, de color amarillo, de la que dicen las malas lenguas, se han bajado acojonados los alpiistas m\u00e1s valientes de Espa\u00f1a.<\/p>\n<p>P.- \u00bfC\u00f3mo seleccion\u00e1is a los miembros de la expedici\u00f3n?<\/p>\n<p>R.- Con mucho cuidado. Tenemso 20 a\u00f1os de experiencia y por tasnto no nosd resulta muy dif\u00edcil saber quienes son los mejores himalayistas y est\u00e1n en su mejor momento. Hay algunos a los que seguimos durante a\u00f1os. Es el caso del malogrado Pepe Chavarri, muertyo recientemente en los Alpes, y al que pens\u00e1bamos incorporarn en breve a alguna de nuestras expediciones. Un dato: de los siete alpinistas cuatro ya hab\u00edan subido a la cumbre del Everest, con botellas deox\u00edgeno, y entre los siete ten\u00edan 35 cumbres de m\u00e1s de ocho mil metros.<\/p>\n<p>P.- He leido algunos libros donde se te menciona (14 ochomiles de Juanito, Cita con la cumbre). Quisiera entender mejor, con m\u00e1s profundidad, c\u00f3mo a pesar de perder amigos, se sigue queriendo ir para arriba. \u00bfNo hay miedo? Si lo hay, \u00bfc\u00f3mo lo superas?<\/p>\n<p>R.- No estoy seguro que lo superemos. A mi no se me han olvidado todos los amigos que he perdido en este negocio, pero sin sigo en ello es precisamente por lo que ellos me ense\u00f1aron. Y miedo siempre existe, no estoy tampoco seguro de poder vencerlo porque siempre es diferente. S\u00f3lo espero que si me llega un d\u00eda el momento pueda encararlo con dignidad; con miedo pero con dignidad<\/p>\n<p>P.- \u00bfEn que se piensa m\u00e1s para motivarse y seguir ascendiendo ?<\/p>\n<p>R.- En la gente que quieres, en lo dif\u00edcil que ser\u00e1 que vuelvas, en las ganas que TENIAS (antes de estar all\u00ed) de escalar el Everest, en todas esas razones que un d\u00eda ten\u00edas y que ahora hay que esforzarse por recordar.<\/p>\n<p>P.- ALFREDO, \u00bfTe volver\u00edas a ir al Everest?. Despu\u00e9s de la experiencia, \u00bfse la recomendar\u00edas a alg\u00fan colega tuyo?<\/p>\n<p>R.- Bueno, es un poco pronto para contestar. adem\u00e1s me temo que mi familia esta vigilando lo que escribo en esta p\u00e1gina&#8230; De todas maneras, ir al Everest, es algo muy recomendable no solo para los alpinistas, sino para todo el mundo: se trata de uno de los lugares m\u00e1s recomendables y exclusivos del mundo. Particularmente me acordar\u00e9 siempre de las jornadas que viv\u00ed en el glaciar de Rongbuck.<br \/>\nNo se lo recomendar\u00eda jam\u00e1s a ning\u00fan colega, no sea que hiciera su trabajo mejor que yo. tal vez s\u00ed que lo hiciera a alg\u00fan que otro de mis jefes&#8230;<\/p>\n<p>P.- \u00bfsolo motos?, la verdad es que me parece el medio mas inseguro pero viniendo de vosotros me parece el adecuado.<\/p>\n<p>R.- Pues si. En casa tambi\u00e9n hay coche pero en la vida diaria yo solo motos. \u00bfO se puede andar por esta ciudad sin moto?<\/p>\n<p>P.- ALFREDO, \u00bfPiensas deleitarnos en un futuro con la publicaci\u00f3n de un libro tuyo sobre la experiencia?<\/p>\n<p>R.- Muchas gracias amigo, por lo del &#8220;deleite&#8221;, la verdad es que no fue para tanto. Escribir un libro estar\u00eda bien, pero encontrar un editor que acepte publicar un libro en el que no se cuentan tragedias ni dramas es un asunto imposible. Me conformo con haber podido enviar, d\u00eda a d\u00eda, las cr\u00f3nicas de una aventura tan bonita como la que protagonizaron los chicos de &#8220;Al filo&#8230;&#8221;<\/p>\n<p>P.- ALFREDO, fue la convivencia entre vosotros al m\u00e1s puro estilo Big Brother?<\/p>\n<p>R.- Hubo momentos en que el productor me quit\u00f3 del plato los escasos nuddles (espaguettis incomibles chinos) y casi estalla la tragedia&#8230;<br \/>\nSi despu\u00e9s de convivir durante casi tres meses con un grupo cerrado de personas, en un ambiente tan hostil y riguroso como el Rongbuck, dices que no hubo momentos de tensi\u00f3n, mientes como un bellaco.<br \/>\nPor supuesto que hubo alg\u00fan que otro momento duro, pero la cosa nunca pas\u00f3 a mayores. La verdad es que el equipo de nuestra expedici\u00f3n era gente muy preparada para superar estas situaciones.<\/p>\n<p>P.- \u00bfQu\u00e9 hay que hacer para trabajar con &#8220;Al filo de lo imposible&#8221;?<\/p>\n<p>R.- Pues estar as\u00ed como nosotros, un poco m\u00e1s all\u00e1. Ahora en serio, ser un especialista de las cosas que hacemos o un buen profesional de la c\u00e1mara, el sonido, el gui\u00f3n etc<\/p>\n","protected":false},"excerpt":{"rendered":"<p>Sebas y Alfredo os env\u00edan muchos saludos y os agradecen vuestra participaci\u00f3n: \u00abUn abrazo, \u00a1siempre Al filo de lo imposible!\u00bb. <\/p>\n","protected":false},"author":1,"featured_media":0,"comment_status":"open","ping_status":"open","sticky":false,"template":"","format":"standard","meta":{"footnotes":""},"categories":[],"tags":[],"class_list":["post-6377","post","type-post","status-publish","format-standard","hentry"],"_links":{"self":[{"href":"https:\/\/intervius.com\/index.html\/wp-json\/wp\/v2\/posts\/6377","targetHints":{"allow":["GET"]}}],"collection":[{"href":"https:\/\/intervius.com\/index.html\/wp-json\/wp\/v2\/posts"}],"about":[{"href":"https:\/\/intervius.com\/index.html\/wp-json\/wp\/v2\/types\/post"}],"author":[{"embeddable":true,"href":"https:\/\/intervius.com\/index.html\/wp-json\/wp\/v2\/users\/1"}],"replies":[{"embeddable":true,"href":"https:\/\/intervius.com\/index.html\/wp-json\/wp\/v2\/comments?post=6377"}],"version-history":[{"count":0,"href":"https:\/\/intervius.com\/index.html\/wp-json\/wp\/v2\/posts\/6377\/revisions"}],"wp:attachment":[{"href":"https:\/\/intervius.com\/index.html\/wp-json\/wp\/v2\/media?parent=6377"}],"wp:term":[{"taxonomy":"category","embeddable":true,"href":"https:\/\/intervius.com\/index.html\/wp-json\/wp\/v2\/categories?post=6377"},{"taxonomy":"post_tag","embeddable":true,"href":"https:\/\/intervius.com\/index.html\/wp-json\/wp\/v2\/tags?post=6377"}],"curies":[{"name":"wp","href":"https:\/\/api.w.org\/{rel}","templated":true}]}}