{"id":6096,"date":"2004-04-22T00:00:00","date_gmt":"2006-11-06T00:00:00","guid":{"rendered":"https:\/\/intervius.com\/index.html\/?p=6096"},"modified":"2006-11-06T00:00:00","modified_gmt":"2006-11-06T00:00:00","slug":"Chus_Lago6096","status":"publish","type":"post","link":"https:\/\/intervius.com\/index.html\/Chus_Lago6096\/","title":{"rendered":"Chus Lago"},"content":{"rendered":"<p>Pregunta.- Hola Chus. Te admiro por subir al Everest sin ox\u00edgeno, muy pocos lo han hecho y muchos lo han intentado.. Qu\u00e9 se siente estar all\u00e1 arriba, en el punto m\u00e1s alto de la tierra ? En qu\u00e9 piensas ? Cambia tu forma de ver al ser humano ? Gracias y enhorabuena por tu libro.<\/p>\n<p>Respuesta.- Ser consciente de que est\u00e1s en el punto m\u00e1s alto de la Tierra es en s\u00ed mismo muy emocionante. Al haber superado un mont\u00f3n de obst\u00e1culos el significado de la cima es mayor tambi\u00e9n. Por eso, fue un momento muy especial y recuerdo que sent\u00ed una satisfacci\u00f3n enorme y a la vez un poquito de tristeza porque mi sue\u00f1o se hab\u00eda acabado. Sobre mi opini\u00f3n del ser humano, eres m\u00e1s consiente de las limitaciones f\u00edsicas que tenemos las personas y de lo que puede la mente y la determinaci\u00f3n. Gracias y espero que te guste el libro. <\/p>\n<p>P.- \u00bfQu\u00e9 preparaci\u00f3n ha debido llevar a cabo para alcanzar la cima y cu\u00e1nto tiempo ha tardado en culminarla?<\/p>\n<p>R.- Antes de salir la expedieci\u00f3n llevaba trabajando en el gimnasio 15 a\u00f1os dando cinco horas diarias de aerobic. Adem\u00e1s, hac\u00eda dos horas espec\u00edficas de entrenamiento, sin contar las salidas al monte. Entre el campamento III y la cima, tard\u00e9 diez horas y media. De nuevo el regreso a ese campamento transcurrieron 16,5 horas en total. <\/p>\n<p>P.- \u00bfCu\u00e1l ha sido la parte m\u00e1s dura de la ascensi\u00f3n?<\/p>\n<p>R.- Cuando me encontr\u00e9 el primer cadaver, a la altura de 8.600 metros me impresion\u00f3 el tener que pasar por encima de sus piernas y seguir avanzando. <\/p>\n<p>P.- Cuando empezaste a entrenar para subir monta\u00f1as? \u00bfCrees que es posible empezar cuando ya tienes 30 a\u00f1os y una vida sedentaria, con esfuerzo y buena salud? Enhorabuena por tus \u00e9xitos!!<\/p>\n<p>R.- Por supuesto que s\u00ed que puedes. Lo digo con conocimiento de causa, porque trabajo en un gimnasio y he visto gente de esta edad que ha cambiado radicalmente su aspecto y su actitud y porque hay muchos tipos de monta\u00f1as con muchas caracter\u00edsticas. Unas son largas, otras dif\u00edciles, hay para todos los gustos. <\/p>\n<p>P.- he oido que existe machismo entre los monta\u00f1eros hasta que punto que tal es como compa\u00f1ero juanito oyarzabal<\/p>\n<p>R.- Gente incompleta hay en todos los deportes y en todas las situaciones, no lo podemos evitar. No se como es de compa\u00f1ero Juanito Oyarz\u00e1bal porque nunca lo he tenido, casi siempre realizado expedieciones sola o con un compa\u00f1ero. <\/p>\n<p>P.- \u00bfA qu\u00e9 se dedica usted habitualmente? \u00bfO se puede vivir de la escalada?<\/p>\n<p>R.- Yo trabajo en un gimnasio, aunque ahora estoy de excedencia, dedicada a los libros, a escribir y a las conferencias. De la monta\u00f1a no vivo directa, pero s\u00ed indirectamente. <\/p>\n<p>P.- Varios alpinistas con los que he charlado se quejan de la masificaci\u00f3n de la senda del Everest y de la suciedad que encuentran en un paisaje tan id\u00edlico \u00bfUsted tambi\u00e9n lo ha notado? \u00bfQu\u00e9 piensa de que cualquier persona con dinero pueda subir a una cumbre, independientemente de su amor por la naturaleza?<\/p>\n<p>R.- Esto ocurre en la ruta sur del Everest y es cierto. POr eso yo eleg\u00ed la ruta norte: m\u00e1s econ\u00f3mica, m\u00e1s solitaria y m\u00e1s larga. Las razones por las que una persona decide ascender una monta\u00f1a pueden ser diferentes de las m\u00edas y quiz\u00e1s, en ocasiones, no sean muy \u00e9ticas. Es cierto que el dinero da acceso a la masificaci\u00f3n, a que haya m\u00e1s gente haciendo alpinismo e incluso gente que no est\u00e1 muy preparada, lo que puede tener consecuencias negativas, en cuanto a la ecolog\u00eda y a la seguridad.<\/p>\n<p>P.- Acabamos de estrenar Ministra de Medio Ambiente \u00bfQu\u00e9 le pedir\u00edas para conservar nuestros bosques y monata\u00f1as, cada vez m\u00e1s degradados?<\/p>\n<p>R.- Pues que se respeten los bosques aut\u00f3ctonos, que sea un sacrilegio absoluto cortar un \u00e1rbol, que se tenga mano dura en los vertidos contaminantes, que se conciencie a la gente, que no se hagan cordilleras indiscriminadamente a trav\u00e9s de las sierras&#8230;.<\/p>\n<p>P.- \u00bfCua\u00b4l fue el primer pensamiento que pas\u00f3 por su cabeza al llegar a la cumbre?<\/p>\n<p>R.- Fue una sensaci\u00f3n ambigua. Creo que de tanto imaginarme ese momento me dio la sensaci\u00f3n de que ya hab\u00eda estado all\u00ed antes. Pisar la cima y decirte ya est\u00e1 es un momento intransferible. Pero como he dicho antes, a la vez sent\u00ed que lo perd\u00eda. LLevaba mucho tiempo so\u00f1\u00e1ndolo, dese\u00e1ndolo y trabajando muy duro para conseguirlo.<\/p>\n<p>P.- desde que edad escala y hace enderismo?<\/p>\n<p>R.- Desde la edad que uno quiera. He visto desde ni\u00f1os que iban a la espalda de sus padres en la mochila hasta gente mayor que si no la ves no puedes creer hasta donde pueden llegar. <\/p>\n<p>P.- POR QU\u00c9 CREE QUE HAY M\u00c1S MONTA\u00d1EROS VASCOS Y NAVARROS QUE DE NINGUNA OTRA COMUNIDAD?<\/p>\n<p>R.- Porque tiene monta\u00f1as altas m\u00e1s cerca y m\u00e1s tradici\u00f3n. Es logico que en el sur o en Galicia no haya tantos, porque no hay monta\u00f1as altas.<\/p>\n<p>P.- Bajar del Everest ser\u00e0 facil no? al fin y al cabo es cuesta abajo<\/p>\n<p>R.- La cara norte es una arista de tres kil\u00f3metros en horizontal, caminas a unos 100 metros la hora, tu mismo.<\/p>\n<p>P.- Madrid ha sido escenario este a\u00f1o de numerosos accidentes de monta\u00f1a con consecuencias mortales \u00bfQu\u00e9 consejo les dar\u00eda a quienes salen a la monta\u00f1a como si fueran a dar un paseo por el parque de su barrio?<\/p>\n<p>R.- Mucho respeto a la monta\u00f1a, aunque sea aqu\u00ed en casa, porque para matarte basta con estar a dos metros del suelo. ya sabemos que nuestras sierras tambi\u00e9n son escenario de avalanchas y tenemos tradici\u00f3n en accidentes mortales, no hay que olvidarlo. Hay que estar informados sobre la zona, las condiciones atmosf\u00e9ricas de los d\u00edas en los que se va a estar en ella y del estado de la nieve. <\/p>\n<p>P.- pensaste en alg\u00fan momento que no lo conseguir\u00edas? en que momento? que pensaste para remontar fuerzas?<\/p>\n<p>R.- Realamente, cuando ya estaba subiendo, me aferraba a la idea de que s\u00ed pod\u00eda hacerlo, pero si fue muy desmoralizante cuando todav\u00eda estaba en el campamento base y ve\u00eda que el tiempo no mejoraba. Algunas expediciones se daban la vuelta y tuve que hacer un esfuerzo muy grande para recuperar la ilusi\u00f3n y no desmotivarme.<\/p>\n<p>P.- es verdad, como se dice, que en el camino hacia la cumbre hay tantos desperdicios y alg\u00fan que otro cad\u00e1ver?<\/p>\n<p>R.- En el a\u00f1o 98 no encontr\u00e9 nada, porque todo estaba sepultado bajo la nieve, pero seis meses despu\u00e9s, en el a\u00f1o 99, encontr\u00e9 botellas de ox\u00edgeno abandonadas y siete cad\u00e1veres. <\/p>\n<p>P.- como definiria esa fuerza que lleva al alpinista a seguir hacia arriba, a ese respeto y admirancion por las monta\u00f1as?<\/p>\n<p>R.- Lo llamar\u00eda determinaci\u00f3n y en cuanto a la admiraci\u00f3n, es pasi\u00f3n. La suma de ambas cosas es lo que justifica el esfuerzo y el riesgo que corres. <\/p>\n<p>P.- hay antecedentes en su familia de alpinistas?<\/p>\n<p>R.- No, pero mi padre hizo paracaidismo \u00bfsirve?<\/p>\n<p>P.- \u00bfCu\u00e1l ser\u00e1 su pr\u00f3ximo reto?<\/p>\n<p>R.- Subir al pico Korgenevskaya y al pico Somoni, en la cordillera del Pamir, y quiero ir a la Ant\u00e1rtida. <\/p>\n<p>P.- en que momento se ha sentido m\u00e1s proxima a la muerte?<\/p>\n<p>R.- Este verano pasado. Estaba en una arista a 7.000 metros, llevaba 24 horas de exposici\u00f3n a la intemperie despu\u00e9s de una noche sin saco y sin tienda, completamente deshidratada y confieso que no ten\u00eda claro que pudiese bajar de esa monta\u00f1a. <\/p>\n<p>P.- un alpnista piensa en algun momento que esa puede ser su \u00faltima ascensi\u00f3n?<\/p>\n<p>R.- Yo no pienso esas cosas !eh\u00a1, al contraio, pienso en lo siguiente que har\u00e9. <\/p>\n<p>P.- imagino que subir a una cumbre de tal calibre no debe resultar barato. Cu\u00e1l es, aproximadamente, el coste de una expedici\u00f3n? Gracias y enhorabuena<\/p>\n<p>R.- Una expedici\u00f3n puede costar casi lo que tu quieras. Tiene un coste m\u00ednimo, que es el permiso, los gastos de viajes, alimentaci\u00f3n y material. Puedes ir con todas las comodidades y llevar hasta caviar o ir m\u00e1s justillo. Mi expedici\u00f3n fue muy baratita, lo que m\u00e1s caro me sali\u00f3 fueron los dos porteadores, uno se me averi\u00f3, el ox\u00edgeno de estos y sus mascarillas. Gast\u00e9 algo m\u00e1s de 18.000 euros y me sobraron 600 euros para imprevistos. A\u00fan as\u00ed, me qued\u00e9 empe\u00f1ada en el banco. <\/p>\n<p>P.- \u00bfHacia donde crees que evolucionara el alpinismo?<\/p>\n<p>R.- Hacia donde evoluciona la sociedad en general, hacia el \u00e9xito r\u00e1pido, hacia lo medi\u00e1tico, a esperar un reconocimiento social y una aprobaci\u00f3n y como siempre habr\u00e1 gente que sepa mantenerse al margen, que son los alpinistas de verdad. <\/p>\n<p>P.- es m\u00e1s f\u00e1cil subir o bajar? Es m\u00e1s peligroso subir o bajar? D\u00f3nde se producen m\u00e1s accidentes, subiendo o bajando?<\/p>\n<p>R.- \u00bfD\u00f3nde crees que puedes caerte con m\u00e1s facilidad subiendo o bajando una escalera? Verdad que bajando, pues en la monta\u00f1a es igual. Y adem\u00e1s, despu\u00e9s de haber conseguido tu objetivo, uno suele tender a relajarse y suele adem\u00e1s gastar toda su energ\u00eda en lograrlo, olvid\u00e1ndose de que el regreso est\u00e1 todav\u00eda por concluir. <\/p>\n<p>P.- \u00bfCu\u00e1l ha sido la ascenci\u00f3n que m\u00e1s satisfacci\u00f3n la ha producido? \u00bfPor qu\u00e9?<\/p>\n<p>R.- De verdad hay muchas, me es dif\u00edcil. Por eso, voy a escoger una que no tiene cima: el Everest en el a\u00f1o 9Solitario, sin gente, sin marcas en la nieve. Era en oto\u00f1o y el color del cielo era precioso. Entend\u00ed lo que hab\u00edan sentido los primeros escaladores en el Himalaya o los primeros \u00e9xploradores de la \u00e9poca victoriana. <\/p>\n<p>P.- nuca se ha planteado la espeleolog\u00eda?no le llaman las cuevas y el mundo subterraneo??podria ser un buen complemento<\/p>\n<p>R.- Yo empec\u00e9 tambi\u00e9n haciendo cuevas. Ahora que lo dices, con 14 a\u00f1os, fui la primera mujer en bajar a la cueva m\u00e1s profunda de Galicia. Unos 160 metros de nada, pero me hizo mucha ilusi\u00f3n. <\/p>\n<p>P.- \u00bfHay seres vivos en la cima?<\/p>\n<p>R.- En la cima del Everests, no, salvo los alpinistas que llegan, que parecen esp\u00edritus. <\/p>\n<p>P.- hola buenos dias y enhorabuena \u00bfque es lo que mas recordaras de ese fabuloso paisaje ?y gracias<\/p>\n<p>R.- Estaba en el campamento I , a 7.000 metros, una noche completamente despejada, se pod\u00eda apreciar perfectamente la V\u00eda Lactea, hab\u00eda lluvia de estrellas y adem\u00e1s estaba sola. Parec\u00eda que estaba viendo una nave espacial gigantesca, era impresionante.<\/p>\n<p>P.- Como mujer, tu exito es un referente y un orgullo para todas, \u00bfHace falta tener una excelente preparaci\u00f3n f\u00edsica y una mente disciplinada para lograr lo que tu, o crees que en un futuro muchas lo conseguiran?<\/p>\n<p>R.- Si creo que hay que tener una preparaci\u00f3n f\u00edsica para hacerlo y una mente disciplinada, pero lo que yo he hecho es superable y alguien lo har\u00e1 mejor. Habr\u00e1 mujeres que nos sorprendan a niveles deportivos en la monta\u00f1a, vamos, no lo dudo. <\/p>\n<p>P.- en que momento escribias en el diario durante las ascensiones??<\/p>\n<p>R.- Casi siempre en el campamento base, en los d\u00edas de descanso, pero tambi\u00e9n me suelo llevar un peque\u00f1o block y un l\u00e1piz para escribir lo que se me ocurra. <\/p>\n<p>P.- ha escrito usted el libro?<\/p>\n<p>R.- S\u00ed, por supuesto. Siempre me ha apasionado escribir. <\/p>\n<p>P.- como se compgina la escalada con a familia y la pareja?<\/p>\n<p>R.- Ha sido complicado conseguir un equilibrio entre esto y el trabajo. Estoy viviendo un momento en el que de verdad empiezo a disfrutar de este equilibrio.<\/p>\n","protected":false},"excerpt":{"rendered":"<p>Chus Lago es la primera mujer espa\u00f1ola que ha llegado a la cima del Everest sin ayuda de ox\u00edgeno. Con s\u00f3lo 37 a\u00f1os se ha convertido en una deportista c\u00e9lebre cuya experiencia queda reflejada en su libro: \u2018Una mujer en la cumbre\u2019 (Plaza &#038; Jan\u00e9s),la autobiograf\u00eda donde la autora relata sus viajes y su amor por el mundo que le rodea.<\/p>\n","protected":false},"author":1,"featured_media":0,"comment_status":"open","ping_status":"open","sticky":false,"template":"","format":"standard","meta":{"footnotes":""},"categories":[],"tags":[],"class_list":["post-6096","post","type-post","status-publish","format-standard","hentry"],"_links":{"self":[{"href":"https:\/\/intervius.com\/index.html\/wp-json\/wp\/v2\/posts\/6096","targetHints":{"allow":["GET"]}}],"collection":[{"href":"https:\/\/intervius.com\/index.html\/wp-json\/wp\/v2\/posts"}],"about":[{"href":"https:\/\/intervius.com\/index.html\/wp-json\/wp\/v2\/types\/post"}],"author":[{"embeddable":true,"href":"https:\/\/intervius.com\/index.html\/wp-json\/wp\/v2\/users\/1"}],"replies":[{"embeddable":true,"href":"https:\/\/intervius.com\/index.html\/wp-json\/wp\/v2\/comments?post=6096"}],"version-history":[{"count":0,"href":"https:\/\/intervius.com\/index.html\/wp-json\/wp\/v2\/posts\/6096\/revisions"}],"wp:attachment":[{"href":"https:\/\/intervius.com\/index.html\/wp-json\/wp\/v2\/media?parent=6096"}],"wp:term":[{"taxonomy":"category","embeddable":true,"href":"https:\/\/intervius.com\/index.html\/wp-json\/wp\/v2\/categories?post=6096"},{"taxonomy":"post_tag","embeddable":true,"href":"https:\/\/intervius.com\/index.html\/wp-json\/wp\/v2\/tags?post=6096"}],"curies":[{"name":"wp","href":"https:\/\/api.w.org\/{rel}","templated":true}]}}